{"id":8444,"date":"2025-06-25T15:33:04","date_gmt":"2025-06-25T18:33:04","guid":{"rendered":"https:\/\/autosdelpodio.com\/autos\/?p=8444"},"modified":"2025-06-25T17:08:28","modified_gmt":"2025-06-25T20:08:28","slug":"8444-2","status":"publish","type":"post","link":"http:\/\/autosdelpodio.com\/autos\/8444-2\/","title":{"rendered":"El sexto elemento: Mercedes Benz incursionar\u00e1 en el TC a partir de 2026"},"content":{"rendered":"\n<p>Mediante un comunicado oficial de la entidad tcista se confirm\u00f3 que la firma alemana competir\u00e1 en la m\u00e1xima categor\u00eda del automovilismo argentino.<br><strong><em>\u00abUna de las empresas m\u00e1s importantes del mundo decidi\u00f3 participar en el campeonato del Turismo Carretera\u00bb<\/em><\/strong><br>El comunicado, que no detalla el modelo, alineaci\u00f3n de pilotos y bajo la atenci\u00f3n de que equipo incursionar\u00e1 durante el 2026 (se esperan mayores precisiones en las pr\u00f3ximas semanas) inform\u00f3 lo siguiente: <\/p>\n\n\n\n<p><em>El Turismo Carretera, la categor\u00eda m\u00e1s antigua reconocida por el R\u00e9cord Guinness, le da la bienvenida a una de las empresas m\u00e1s importantes del mundo: Mercedes-Benz. La marca alemana, que tiene un equipo en la F\u00f3rmula 1, y que es part\u00edcipe de las categor\u00edas m\u00e1s prestigiosas de la tierra, confirm\u00f3 su presencia en el Turismo Carretera.<\/em><\/p>\n\n\n\n<p><em>En el primer campeonato del Turismo Carretera, en 1937, Luis Brosutti tripul\u00f3 un Mercedes-Benz y fue subcampe\u00f3n de aquel primer certamen que dio el puntapi\u00e9 para que hoy, 88 a\u00f1os despu\u00e9s, la categor\u00eda contin\u00fae escribiendo en las p\u00e1ginas m\u00e1s ricas de su historia.<\/em><\/p>\n\n\n\n<p><em>En los pr\u00f3ximos d\u00edas, se confirmar\u00e1 qu\u00e9 equipos ser\u00e1n parte de este nuevo proyecto y qu\u00e9 modelo de auto participar\u00e1 de la m\u00e1xima categor\u00eda a nivel nacional<strong>.<\/strong>\u00a0Esta incorporaci\u00f3n refleja el crecimiento constante del Turismo Carretera, su poder de convocatoria y el compromiso de la instituci\u00f3n por evolucionar a\u00f1o tras a\u00f1o.<\/em><\/p>\n","protected":false},"excerpt":{"rendered":"<p>Mediante un comunicado oficial de la entidad tcista se confirm\u00f3 que la firma alemana competir\u00e1 en la m\u00e1xima categor\u00eda del<\/p>\n","protected":false},"author":3,"featured_media":2139,"comment_status":"open","ping_status":"open","sticky":false,"template":"","format":"standard","meta":{"colormag_page_container_layout":"default_layout","colormag_page_sidebar_layout":"default_layout","footnotes":""},"categories":[6,5],"tags":[143,816,233,86,835,35],"class_list":["post-8444","post","type-post","status-publish","format-standard","has-post-thumbnail","hentry","category-newsflash","category-latest-news","tag-actc","tag-daniel-herrero","tag-mercedes-benz","tag-pilotos-y-categorias","tag-prestige-auto","tag-republica-argentina"],"yoast_head":"<!-- This site is optimized with the Yoast SEO plugin v27.5 - https:\/\/yoast.com\/product\/yoast-seo-wordpress\/ -->\n<title>Autos del Podio | El sexto elemento: Mercedes Benz incursionar\u00e1 en el TC a partir de 2026<\/title>\n<meta name=\"description\" content=\"Autos del Podio Mercedes-Benz ser\u00e1 la 6\u00aa marca en Turismo Carretera\" \/>\n<meta name=\"robots\" content=\"index, follow, max-snippet:-1, max-image-preview:large, max-video-preview:-1\" \/>\n<link rel=\"canonical\" href=\"http:\/\/autosdelpodio.com\/autos\/8444-2\/\" \/>\n<meta property=\"og:locale\" content=\"es_ES\" \/>\n<meta property=\"og:type\" content=\"article\" \/>\n<meta property=\"og:title\" content=\"Mercedes Benz al TC\" \/>\n<meta property=\"og:description\" content=\"Mercedes-Benz ser\u00e1 la 6\u00aa marca en Turismo Carretera\" \/>\n<meta property=\"og:url\" content=\"http:\/\/autosdelpodio.com\/autos\/8444-2\/\" \/>\n<meta property=\"og:site_name\" content=\"Autos del Podio\" \/>\n<meta property=\"article:publisher\" content=\"https:\/\/www.facebook.com\/profile.php?id=100057192590976&amp;amp%3bamp%3bamp%3bamp%3bamp%3bamp%3bamp%3bamp%3bamp%3bamp%3bamp%3bamp%3bamp%3bamp%3bamp%3bamp%3bamp%3bamp%3bref=ts\" \/>\n<meta property=\"article:published_time\" content=\"2025-06-25T18:33:04+00:00\" \/>\n<meta property=\"article:modified_time\" content=\"2025-06-25T20:08:28+00:00\" \/>\n<meta property=\"og:image\" content=\"http:\/\/autosdelpodio.com\/autos\/wp-content\/uploads\/2020\/05\/Logo_Mercedes_Benz.jpg\" \/>\n\t<meta property=\"og:image:width\" content=\"300\" \/>\n\t<meta property=\"og:image:height\" content=\"240\" \/>\n\t<meta property=\"og:image:type\" content=\"image\/jpeg\" \/>\n<meta name=\"author\" content=\"autosdelpodio\" \/>\n<meta name=\"twitter:card\" content=\"summary_large_image\" \/>\n<meta name=\"twitter:creator\" content=\"@autosdelpodio\" \/>\n<meta name=\"twitter:site\" content=\"@autosdelpodio\" \/>\n<meta name=\"twitter:label1\" content=\"Escrito por\" \/>\n\t<meta name=\"twitter:data1\" content=\"autosdelpodio\" \/>\n\t<meta name=\"twitter:label2\" content=\"Tiempo de lectura\" \/>\n\t<meta name=\"twitter:data2\" content=\"2 minutos\" \/>\n<script type=\"application\/ld+json\" class=\"yoast-schema-graph\">{\"@context\":\"https:\\\/\\\/schema.org\",\"@graph\":[{\"@type\":\"Article\",\"@id\":\"http:\\\/\\\/autosdelpodio.com\\\/autos\\\/8444-2\\\/#article\",\"isPartOf\":{\"@id\":\"http:\\\/\\\/autosdelpodio.com\\\/autos\\\/8444-2\\\/\"},\"author\":{\"name\":\"autosdelpodio\",\"@id\":\"http:\\\/\\\/autosdelpodio.com\\\/autos\\\/#\\\/schema\\\/person\\\/993527a4d01c3acdd3d6bce3770bc942\"},\"headline\":\"El sexto elemento: Mercedes Benz incursionar\u00e1 en el TC a partir de 2026\",\"datePublished\":\"2025-06-25T18:33:04+00:00\",\"dateModified\":\"2025-06-25T20:08:28+00:00\",\"mainEntityOfPage\":{\"@id\":\"http:\\\/\\\/autosdelpodio.com\\\/autos\\\/8444-2\\\/\"},\"wordCount\":258,\"commentCount\":1,\"publisher\":{\"@id\":\"http:\\\/\\\/autosdelpodio.com\\\/autos\\\/#organization\"},\"image\":{\"@id\":\"http:\\\/\\\/autosdelpodio.com\\\/autos\\\/8444-2\\\/#primaryimage\"},\"thumbnailUrl\":\"http:\\\/\\\/autosdelpodio.com\\\/autos\\\/wp-content\\\/uploads\\\/2020\\\/05\\\/Logo_Mercedes_Benz.jpg\",\"keywords\":[\"ACTC\",\"Daniel Herrero\",\"Mercedes Benz\",\"Pilotos y Categorias\",\"Prestige Auto\",\"Republica Argentina\"],\"articleSection\":[\"Destacado\",\"\u00daltimas noticias\"],\"inLanguage\":\"es\",\"potentialAction\":[{\"@type\":\"CommentAction\",\"name\":\"Comment\",\"target\":[\"http:\\\/\\\/autosdelpodio.com\\\/autos\\\/8444-2\\\/#respond\"]}]},{\"@type\":\"WebPage\",\"@id\":\"http:\\\/\\\/autosdelpodio.com\\\/autos\\\/8444-2\\\/\",\"url\":\"http:\\\/\\\/autosdelpodio.com\\\/autos\\\/8444-2\\\/\",\"name\":\"Autos del Podio | El sexto elemento: Mercedes Benz incursionar\u00e1 en el TC a partir de 2026\",\"isPartOf\":{\"@id\":\"http:\\\/\\\/autosdelpodio.com\\\/autos\\\/#website\"},\"primaryImageOfPage\":{\"@id\":\"http:\\\/\\\/autosdelpodio.com\\\/autos\\\/8444-2\\\/#primaryimage\"},\"image\":{\"@id\":\"http:\\\/\\\/autosdelpodio.com\\\/autos\\\/8444-2\\\/#primaryimage\"},\"thumbnailUrl\":\"http:\\\/\\\/autosdelpodio.com\\\/autos\\\/wp-content\\\/uploads\\\/2020\\\/05\\\/Logo_Mercedes_Benz.jpg\",\"datePublished\":\"2025-06-25T18:33:04+00:00\",\"dateModified\":\"2025-06-25T20:08:28+00:00\",\"description\":\"Autos del Podio Mercedes-Benz ser\u00e1 la 6\u00aa marca en Turismo Carretera\",\"breadcrumb\":{\"@id\":\"http:\\\/\\\/autosdelpodio.com\\\/autos\\\/8444-2\\\/#breadcrumb\"},\"inLanguage\":\"es\",\"potentialAction\":[{\"@type\":\"ReadAction\",\"target\":[\"http:\\\/\\\/autosdelpodio.com\\\/autos\\\/8444-2\\\/\"]}]},{\"@type\":\"ImageObject\",\"inLanguage\":\"es\",\"@id\":\"http:\\\/\\\/autosdelpodio.com\\\/autos\\\/8444-2\\\/#primaryimage\",\"url\":\"http:\\\/\\\/autosdelpodio.com\\\/autos\\\/wp-content\\\/uploads\\\/2020\\\/05\\\/Logo_Mercedes_Benz.jpg\",\"contentUrl\":\"http:\\\/\\\/autosdelpodio.com\\\/autos\\\/wp-content\\\/uploads\\\/2020\\\/05\\\/Logo_Mercedes_Benz.jpg\",\"width\":300,\"height\":240},{\"@type\":\"BreadcrumbList\",\"@id\":\"http:\\\/\\\/autosdelpodio.com\\\/autos\\\/8444-2\\\/#breadcrumb\",\"itemListElement\":[{\"@type\":\"ListItem\",\"position\":1,\"name\":\"Portada\",\"item\":\"http:\\\/\\\/autosdelpodio.com\\\/autos\\\/\"},{\"@type\":\"ListItem\",\"position\":2,\"name\":\"El sexto elemento: Mercedes Benz incursionar\u00e1 en el TC a partir de 2026\"}]},{\"@type\":\"WebSite\",\"@id\":\"http:\\\/\\\/autosdelpodio.com\\\/autos\\\/#website\",\"url\":\"http:\\\/\\\/autosdelpodio.com\\\/autos\\\/\",\"name\":\"Autos del Podio\",\"description\":\"La sexta del deporte motor\",\"publisher\":{\"@id\":\"http:\\\/\\\/autosdelpodio.com\\\/autos\\\/#organization\"},\"potentialAction\":[{\"@type\":\"SearchAction\",\"target\":{\"@type\":\"EntryPoint\",\"urlTemplate\":\"http:\\\/\\\/autosdelpodio.com\\\/autos\\\/?s={search_term_string}\"},\"query-input\":{\"@type\":\"PropertyValueSpecification\",\"valueRequired\":true,\"valueName\":\"search_term_string\"}}],\"inLanguage\":\"es\"},{\"@type\":\"Organization\",\"@id\":\"http:\\\/\\\/autosdelpodio.com\\\/autos\\\/#organization\",\"name\":\"Autos del Podio\",\"url\":\"http:\\\/\\\/autosdelpodio.com\\\/autos\\\/\",\"logo\":{\"@type\":\"ImageObject\",\"inLanguage\":\"es\",\"@id\":\"http:\\\/\\\/autosdelpodio.com\\\/autos\\\/#\\\/schema\\\/logo\\\/image\\\/\",\"url\":\"http:\\\/\\\/autosdelpodio.com\\\/autos\\\/wp-content\\\/uploads\\\/2020\\\/08\\\/Logo_AR.jpg\",\"contentUrl\":\"http:\\\/\\\/autosdelpodio.com\\\/autos\\\/wp-content\\\/uploads\\\/2020\\\/08\\\/Logo_AR.jpg\",\"width\":1038,\"height\":1044,\"caption\":\"Autos del Podio\"},\"image\":{\"@id\":\"http:\\\/\\\/autosdelpodio.com\\\/autos\\\/#\\\/schema\\\/logo\\\/image\\\/\"},\"sameAs\":[\"https:\\\/\\\/www.facebook.com\\\/profile.php?id=100057192590976&amp;amp;amp;amp;amp;amp;amp;amp;amp;amp;amp;amp;amp;amp;amp;amp;amp;amp;ref=ts\",\"https:\\\/\\\/x.com\\\/autosdelpodio\",\"https:\\\/\\\/www.youtube.com\\\/user\\\/AutosdelPodio\"]},{\"@type\":\"Person\",\"@id\":\"http:\\\/\\\/autosdelpodio.com\\\/autos\\\/#\\\/schema\\\/person\\\/993527a4d01c3acdd3d6bce3770bc942\",\"name\":\"autosdelpodio\",\"image\":{\"@type\":\"ImageObject\",\"inLanguage\":\"es\",\"@id\":\"http:\\\/\\\/autosdelpodio.com\\\/autos\\\/wp-content\\\/litespeed\\\/avatar\\\/aa8f65cd201a80f6b844f63278aa84af.jpg?ver=1777403005\",\"url\":\"http:\\\/\\\/autosdelpodio.com\\\/autos\\\/wp-content\\\/litespeed\\\/avatar\\\/aa8f65cd201a80f6b844f63278aa84af.jpg?ver=1777403005\",\"contentUrl\":\"http:\\\/\\\/autosdelpodio.com\\\/autos\\\/wp-content\\\/litespeed\\\/avatar\\\/aa8f65cd201a80f6b844f63278aa84af.jpg?ver=1777403005\",\"caption\":\"autosdelpodio\"}}]}<\/script>\n<!-- \/ Yoast SEO plugin. -->","yoast_head_json":{"title":"Autos del Podio | El sexto elemento: Mercedes Benz incursionar\u00e1 en el TC a partir de 2026","description":"Autos del Podio Mercedes-Benz ser\u00e1 la 6\u00aa marca en Turismo Carretera","robots":{"index":"index","follow":"follow","max-snippet":"max-snippet:-1","max-image-preview":"max-image-preview:large","max-video-preview":"max-video-preview:-1"},"canonical":"http:\/\/autosdelpodio.com\/autos\/8444-2\/","og_locale":"es_ES","og_type":"article","og_title":"Mercedes Benz al TC","og_description":"Mercedes-Benz ser\u00e1 la 6\u00aa marca en Turismo Carretera","og_url":"http:\/\/autosdelpodio.com\/autos\/8444-2\/","og_site_name":"Autos del Podio","article_publisher":"https:\/\/www.facebook.com\/profile.php?id=100057192590976&amp%3bamp%3bamp%3bamp%3bamp%3bamp%3bamp%3bamp%3bamp%3bamp%3bamp%3bamp%3bamp%3bamp%3bamp%3bamp%3bamp%3bamp%3bref=ts","article_published_time":"2025-06-25T18:33:04+00:00","article_modified_time":"2025-06-25T20:08:28+00:00","og_image":[{"width":300,"height":240,"url":"http:\/\/autosdelpodio.com\/autos\/wp-content\/uploads\/2020\/05\/Logo_Mercedes_Benz.jpg","type":"image\/jpeg"}],"author":"autosdelpodio","twitter_card":"summary_large_image","twitter_creator":"@autosdelpodio","twitter_site":"@autosdelpodio","twitter_misc":{"Escrito por":"autosdelpodio","Tiempo de lectura":"2 minutos"},"schema":{"@context":"https:\/\/schema.org","@graph":[{"@type":"Article","@id":"http:\/\/autosdelpodio.com\/autos\/8444-2\/#article","isPartOf":{"@id":"http:\/\/autosdelpodio.com\/autos\/8444-2\/"},"author":{"name":"autosdelpodio","@id":"http:\/\/autosdelpodio.com\/autos\/#\/schema\/person\/993527a4d01c3acdd3d6bce3770bc942"},"headline":"El sexto elemento: Mercedes Benz incursionar\u00e1 en el TC a partir de 2026","datePublished":"2025-06-25T18:33:04+00:00","dateModified":"2025-06-25T20:08:28+00:00","mainEntityOfPage":{"@id":"http:\/\/autosdelpodio.com\/autos\/8444-2\/"},"wordCount":258,"commentCount":1,"publisher":{"@id":"http:\/\/autosdelpodio.com\/autos\/#organization"},"image":{"@id":"http:\/\/autosdelpodio.com\/autos\/8444-2\/#primaryimage"},"thumbnailUrl":"http:\/\/autosdelpodio.com\/autos\/wp-content\/uploads\/2020\/05\/Logo_Mercedes_Benz.jpg","keywords":["ACTC","Daniel Herrero","Mercedes Benz","Pilotos y Categorias","Prestige Auto","Republica Argentina"],"articleSection":["Destacado","\u00daltimas noticias"],"inLanguage":"es","potentialAction":[{"@type":"CommentAction","name":"Comment","target":["http:\/\/autosdelpodio.com\/autos\/8444-2\/#respond"]}]},{"@type":"WebPage","@id":"http:\/\/autosdelpodio.com\/autos\/8444-2\/","url":"http:\/\/autosdelpodio.com\/autos\/8444-2\/","name":"Autos del Podio | El sexto elemento: Mercedes Benz incursionar\u00e1 en el TC a partir de 2026","isPartOf":{"@id":"http:\/\/autosdelpodio.com\/autos\/#website"},"primaryImageOfPage":{"@id":"http:\/\/autosdelpodio.com\/autos\/8444-2\/#primaryimage"},"image":{"@id":"http:\/\/autosdelpodio.com\/autos\/8444-2\/#primaryimage"},"thumbnailUrl":"http:\/\/autosdelpodio.com\/autos\/wp-content\/uploads\/2020\/05\/Logo_Mercedes_Benz.jpg","datePublished":"2025-06-25T18:33:04+00:00","dateModified":"2025-06-25T20:08:28+00:00","description":"Autos del Podio Mercedes-Benz ser\u00e1 la 6\u00aa marca en Turismo Carretera","breadcrumb":{"@id":"http:\/\/autosdelpodio.com\/autos\/8444-2\/#breadcrumb"},"inLanguage":"es","potentialAction":[{"@type":"ReadAction","target":["http:\/\/autosdelpodio.com\/autos\/8444-2\/"]}]},{"@type":"ImageObject","inLanguage":"es","@id":"http:\/\/autosdelpodio.com\/autos\/8444-2\/#primaryimage","url":"http:\/\/autosdelpodio.com\/autos\/wp-content\/uploads\/2020\/05\/Logo_Mercedes_Benz.jpg","contentUrl":"http:\/\/autosdelpodio.com\/autos\/wp-content\/uploads\/2020\/05\/Logo_Mercedes_Benz.jpg","width":300,"height":240},{"@type":"BreadcrumbList","@id":"http:\/\/autosdelpodio.com\/autos\/8444-2\/#breadcrumb","itemListElement":[{"@type":"ListItem","position":1,"name":"Portada","item":"http:\/\/autosdelpodio.com\/autos\/"},{"@type":"ListItem","position":2,"name":"El sexto elemento: Mercedes Benz incursionar\u00e1 en el TC a partir de 2026"}]},{"@type":"WebSite","@id":"http:\/\/autosdelpodio.com\/autos\/#website","url":"http:\/\/autosdelpodio.com\/autos\/","name":"Autos del Podio","description":"La sexta del deporte motor","publisher":{"@id":"http:\/\/autosdelpodio.com\/autos\/#organization"},"potentialAction":[{"@type":"SearchAction","target":{"@type":"EntryPoint","urlTemplate":"http:\/\/autosdelpodio.com\/autos\/?s={search_term_string}"},"query-input":{"@type":"PropertyValueSpecification","valueRequired":true,"valueName":"search_term_string"}}],"inLanguage":"es"},{"@type":"Organization","@id":"http:\/\/autosdelpodio.com\/autos\/#organization","name":"Autos del Podio","url":"http:\/\/autosdelpodio.com\/autos\/","logo":{"@type":"ImageObject","inLanguage":"es","@id":"http:\/\/autosdelpodio.com\/autos\/#\/schema\/logo\/image\/","url":"http:\/\/autosdelpodio.com\/autos\/wp-content\/uploads\/2020\/08\/Logo_AR.jpg","contentUrl":"http:\/\/autosdelpodio.com\/autos\/wp-content\/uploads\/2020\/08\/Logo_AR.jpg","width":1038,"height":1044,"caption":"Autos del Podio"},"image":{"@id":"http:\/\/autosdelpodio.com\/autos\/#\/schema\/logo\/image\/"},"sameAs":["https:\/\/www.facebook.com\/profile.php?id=100057192590976&amp;amp;amp;amp;amp;amp;amp;amp;amp;amp;amp;amp;amp;amp;amp;amp;amp;amp;ref=ts","https:\/\/x.com\/autosdelpodio","https:\/\/www.youtube.com\/user\/AutosdelPodio"]},{"@type":"Person","@id":"http:\/\/autosdelpodio.com\/autos\/#\/schema\/person\/993527a4d01c3acdd3d6bce3770bc942","name":"autosdelpodio","image":{"@type":"ImageObject","inLanguage":"es","@id":"http:\/\/autosdelpodio.com\/autos\/wp-content\/litespeed\/avatar\/aa8f65cd201a80f6b844f63278aa84af.jpg?ver=1777403005","url":"http:\/\/autosdelpodio.com\/autos\/wp-content\/litespeed\/avatar\/aa8f65cd201a80f6b844f63278aa84af.jpg?ver=1777403005","contentUrl":"http:\/\/autosdelpodio.com\/autos\/wp-content\/litespeed\/avatar\/aa8f65cd201a80f6b844f63278aa84af.jpg?ver=1777403005","caption":"autosdelpodio"}}]}},"views":528,"_links":{"self":[{"href":"http:\/\/autosdelpodio.com\/autos\/wp-json\/wp\/v2\/posts\/8444","targetHints":{"allow":["GET"]}}],"collection":[{"href":"http:\/\/autosdelpodio.com\/autos\/wp-json\/wp\/v2\/posts"}],"about":[{"href":"http:\/\/autosdelpodio.com\/autos\/wp-json\/wp\/v2\/types\/post"}],"author":[{"embeddable":true,"href":"http:\/\/autosdelpodio.com\/autos\/wp-json\/wp\/v2\/users\/3"}],"replies":[{"embeddable":true,"href":"http:\/\/autosdelpodio.com\/autos\/wp-json\/wp\/v2\/comments?post=8444"}],"version-history":[{"count":3,"href":"http:\/\/autosdelpodio.com\/autos\/wp-json\/wp\/v2\/posts\/8444\/revisions"}],"predecessor-version":[{"id":8447,"href":"http:\/\/autosdelpodio.com\/autos\/wp-json\/wp\/v2\/posts\/8444\/revisions\/8447"}],"wp:featuredmedia":[{"embeddable":true,"href":"http:\/\/autosdelpodio.com\/autos\/wp-json\/wp\/v2\/media\/2139"}],"wp:attachment":[{"href":"http:\/\/autosdelpodio.com\/autos\/wp-json\/wp\/v2\/media?parent=8444"}],"wp:term":[{"taxonomy":"category","embeddable":true,"href":"http:\/\/autosdelpodio.com\/autos\/wp-json\/wp\/v2\/categories?post=8444"},{"taxonomy":"post_tag","embeddable":true,"href":"http:\/\/autosdelpodio.com\/autos\/wp-json\/wp\/v2\/tags?post=8444"}],"curies":[{"name":"wp","href":"https:\/\/api.w.org\/{rel}","templated":true}]}}