{"id":8516,"date":"2025-07-27T15:30:22","date_gmt":"2025-07-27T18:30:22","guid":{"rendered":"https:\/\/autosdelpodio.com\/autos\/?p=8516"},"modified":"2025-07-27T15:30:23","modified_gmt":"2025-07-27T18:30:23","slug":"piastri-norris-la-formula-invencible","status":"publish","type":"post","link":"http:\/\/autosdelpodio.com\/autos\/piastri-norris-la-formula-invencible\/","title":{"rendered":"Piastri &#8211; Norris, la formula invencible"},"content":{"rendered":"\n<p>El nuevo 1-2 de Mc Laren en el circuito veloz de Spa le otorg\u00f3 un nuevo triunfo a Oscar Piastri quien encabeza el campeonato. Franco Colapinto con el Alpine #43 arrib\u00f3 19\u00ba.<br>El podio en B\u00e9lgica lo completaron Lando Norris y el monegasco Charles Leclerc (Ferrari).En el mundial de pilotos Piastri sigue al frente con 266 puntos, 16 por delante de su compa\u00f1ero Norris y 81 por encima del actual monarca Max Verstappen.<br>La semana fecha se correr\u00e1 del 1 al 3 de Agosto en el circuito de Hungaroring en el marco del GP de Hungr\u00eda.<\/p>\n\n\n\n<p><strong><em>Final F1 &#8211; Belgica<\/em><\/strong><\/p>\n\n\n\n<figure class=\"wp-block-table\"><table class=\"has-fixed-layout\"><tbody><tr><td>1<\/td><td>81<\/td><td>Oscar&nbsp;Piastri<\/td><td>McLaren<\/td><td>44<\/td><td>1:25:22.601<\/td><\/tr><tr><td>2<\/td><td>4<\/td><td>Lando&nbsp;Norris<\/td><td>McLaren<\/td><td>44<\/td><td>3.415<\/td><\/tr><tr><td>3<\/td><td>16<\/td><td>Charles&nbsp;Leclerc<\/td><td>Ferrari<\/td><td>44<\/td><td>20.185<\/td><\/tr><tr><td>4<\/td><td>1<\/td><td>Max&nbsp;Verstappen<\/td><td>Red Bull Racing<\/td><td>44<\/td><td>21.731<\/td><\/tr><tr><td>5<\/td><td>63<\/td><td>George&nbsp;Russell<\/td><td>Mercedes<\/td><td>44<\/td><td>34.863<\/td><\/tr><tr><td>6<\/td><td>23<\/td><td>Alexander&nbsp;Albon<\/td><td>Williams<\/td><td>44<\/td><td>39.926<\/td><\/tr><tr><td>7<\/td><td>44<\/td><td>Lewis&nbsp;Hamilton<\/td><td>Ferrari<\/td><td>44<\/td><td>40.679<\/td><\/tr><tr><td>8<\/td><td>30<\/td><td>Liam&nbsp;Lawson<\/td><td>Racing Bulls<\/td><td>44<\/td><td>52.033<\/td><\/tr><tr><td>9<\/td><td>5<\/td><td>Gabriel&nbsp;Bortoleto<\/td><td>Kick Sauber<\/td><td>44<\/td><td>56.434<\/td><\/tr><tr><td>10<\/td><td>10<\/td><td>Pierre&nbsp;Gasly<\/td><td>Alpine<\/td><td>44<\/td><td>1:12.714<\/td><\/tr><tr><td>11<\/td><td>87<\/td><td>Oliver&nbsp;Bearman<\/td><td>Haas<\/td><td>44<\/td><td>1:13.145<\/td><\/tr><tr><td>12<\/td><td>27<\/td><td>Nico&nbsp;Hulkenberg<\/td><td>Kick Sauber<\/td><td>44<\/td><td>1:13.628<\/td><\/tr><tr><td>13<\/td><td>22<\/td><td>Yuki&nbsp;Tsunoda<\/td><td>Red Bull Racing<\/td><td>44<\/td><td>1:15.395<\/td><\/tr><tr><td>14<\/td><td>18<\/td><td>Lance&nbsp;Stroll<\/td><td>Aston Martin<\/td><td>44<\/td><td>1:19.831<\/td><\/tr><tr><td>15<\/td><td>31<\/td><td>Esteban&nbsp;Ocon<\/td><td>Haas<\/td><td>44<\/td><td>1:26.063<\/td><\/tr><tr><td>16<\/td><td>12<\/td><td>Kimi&nbsp;Antonelli<\/td><td>Mercedes<\/td><td>44<\/td><td>1:26.721<\/td><\/tr><tr><td>17<\/td><td>14<\/td><td>Fernando&nbsp;Alonso<\/td><td>Aston Martin<\/td><td>44<\/td><td>1:27.924<\/td><\/tr><tr><td>18<\/td><td>55<\/td><td>Carlos&nbsp;Sainz<\/td><td>Williams<\/td><td>44<\/td><td>1:32.024<\/td><\/tr><tr><td><strong>19<\/strong><\/td><td><strong>43<\/strong><\/td><td><strong>Franco&nbsp;Colapinto<\/strong><\/td><td><strong>Alpine<\/strong><\/td><td><strong>44<\/strong><\/td><td><strong>1:35.250<\/strong><\/td><\/tr><tr><td>20<\/td><td>6<\/td><td>Isack&nbsp;Hadjar<\/td><td>Racing Bulls<\/td><td>43<\/td><td>a 1 vta.<\/td><\/tr><\/tbody><\/table><\/figure>\n","protected":false},"excerpt":{"rendered":"<p>El nuevo 1-2 de Mc Laren en el circuito veloz de Spa le otorg\u00f3 un nuevo triunfo a Oscar Piastri<\/p>\n","protected":false},"author":3,"featured_media":1751,"comment_status":"open","ping_status":"open","sticky":false,"template":"","format":"standard","meta":{"colormag_page_container_layout":"default_layout","colormag_page_sidebar_layout":"default_layout","footnotes":""},"categories":[6,5],"tags":[75,553,342,205,807,206],"class_list":["post-8516","post","type-post","status-publish","format-standard","has-post-thumbnail","hentry","category-newsflash","category-latest-news","tag-formula-1","tag-franco-colapinto","tag-gp-belgica","tag-mc-laren","tag-oscar-piastri","tag-spa"],"yoast_head":"<!-- This site is optimized with the Yoast SEO plugin v27.4 - https:\/\/yoast.com\/product\/yoast-seo-wordpress\/ -->\n<title>Autos del Podio | Piastri - Norris, la formula invencible<\/title>\n<meta name=\"description\" content=\"Autos del Podio Oscar Piastri gan\u00f3 en Belgica en otro 1-2 de Mc Laren\" \/>\n<meta name=\"robots\" content=\"index, follow, max-snippet:-1, max-image-preview:large, max-video-preview:-1\" \/>\n<link rel=\"canonical\" href=\"http:\/\/autosdelpodio.com\/autos\/piastri-norris-la-formula-invencible\/\" \/>\n<meta property=\"og:locale\" content=\"es_ES\" \/>\n<meta property=\"og:type\" content=\"article\" \/>\n<meta property=\"og:title\" content=\"Formula 1\" \/>\n<meta property=\"og:description\" content=\"Oscar Piastri gan\u00f3 en Belgica en otro 1-2 de Mc Laren\" \/>\n<meta property=\"og:url\" content=\"http:\/\/autosdelpodio.com\/autos\/piastri-norris-la-formula-invencible\/\" \/>\n<meta property=\"og:site_name\" content=\"Autos del Podio\" \/>\n<meta property=\"article:publisher\" content=\"https:\/\/www.facebook.com\/profile.php?id=100057192590976&amp;amp%3bamp%3bamp%3bamp%3bamp%3bamp%3bamp%3bamp%3bamp%3bamp%3bamp%3bamp%3bamp%3bamp%3bamp%3bamp%3bamp%3bamp%3bref=ts\" \/>\n<meta property=\"article:published_time\" content=\"2025-07-27T18:30:22+00:00\" \/>\n<meta property=\"article:modified_time\" content=\"2025-07-27T18:30:23+00:00\" \/>\n<meta property=\"og:image\" content=\"http:\/\/autosdelpodio.com\/autos\/wp-content\/uploads\/2020\/04\/Logo_F1_-e1621029352226.jpg\" \/>\n\t<meta property=\"og:image:width\" content=\"500\" \/>\n\t<meta property=\"og:image:height\" content=\"278\" \/>\n\t<meta property=\"og:image:type\" content=\"image\/jpeg\" \/>\n<meta name=\"author\" content=\"autosdelpodio\" \/>\n<meta name=\"twitter:card\" content=\"summary_large_image\" \/>\n<meta name=\"twitter:creator\" content=\"@autosdelpodio\" \/>\n<meta name=\"twitter:site\" content=\"@autosdelpodio\" \/>\n<meta name=\"twitter:label1\" content=\"Escrito por\" \/>\n\t<meta name=\"twitter:data1\" content=\"autosdelpodio\" \/>\n\t<meta name=\"twitter:label2\" content=\"Tiempo de lectura\" \/>\n\t<meta name=\"twitter:data2\" content=\"2 minutos\" \/>\n<script type=\"application\/ld+json\" class=\"yoast-schema-graph\">{\"@context\":\"https:\\\/\\\/schema.org\",\"@graph\":[{\"@type\":\"Article\",\"@id\":\"http:\\\/\\\/autosdelpodio.com\\\/autos\\\/piastri-norris-la-formula-invencible\\\/#article\",\"isPartOf\":{\"@id\":\"http:\\\/\\\/autosdelpodio.com\\\/autos\\\/piastri-norris-la-formula-invencible\\\/\"},\"author\":{\"name\":\"autosdelpodio\",\"@id\":\"http:\\\/\\\/autosdelpodio.com\\\/autos\\\/#\\\/schema\\\/person\\\/993527a4d01c3acdd3d6bce3770bc942\"},\"headline\":\"Piastri &#8211; Norris, la formula invencible\",\"datePublished\":\"2025-07-27T18:30:22+00:00\",\"dateModified\":\"2025-07-27T18:30:23+00:00\",\"mainEntityOfPage\":{\"@id\":\"http:\\\/\\\/autosdelpodio.com\\\/autos\\\/piastri-norris-la-formula-invencible\\\/\"},\"wordCount\":195,\"commentCount\":1,\"publisher\":{\"@id\":\"http:\\\/\\\/autosdelpodio.com\\\/autos\\\/#organization\"},\"image\":{\"@id\":\"http:\\\/\\\/autosdelpodio.com\\\/autos\\\/piastri-norris-la-formula-invencible\\\/#primaryimage\"},\"thumbnailUrl\":\"http:\\\/\\\/autosdelpodio.com\\\/autos\\\/wp-content\\\/uploads\\\/2020\\\/04\\\/Logo_F1_-e1621029352226.jpg\",\"keywords\":[\"Formula 1\",\"Franco Colapinto\",\"GP Belgica\",\"Mc Laren\",\"Oscar Piastri\",\"Spa\"],\"articleSection\":[\"Destacado\",\"\u00daltimas noticias\"],\"inLanguage\":\"es\",\"potentialAction\":[{\"@type\":\"CommentAction\",\"name\":\"Comment\",\"target\":[\"http:\\\/\\\/autosdelpodio.com\\\/autos\\\/piastri-norris-la-formula-invencible\\\/#respond\"]}]},{\"@type\":\"WebPage\",\"@id\":\"http:\\\/\\\/autosdelpodio.com\\\/autos\\\/piastri-norris-la-formula-invencible\\\/\",\"url\":\"http:\\\/\\\/autosdelpodio.com\\\/autos\\\/piastri-norris-la-formula-invencible\\\/\",\"name\":\"Autos del Podio | Piastri - Norris, la formula invencible\",\"isPartOf\":{\"@id\":\"http:\\\/\\\/autosdelpodio.com\\\/autos\\\/#website\"},\"primaryImageOfPage\":{\"@id\":\"http:\\\/\\\/autosdelpodio.com\\\/autos\\\/piastri-norris-la-formula-invencible\\\/#primaryimage\"},\"image\":{\"@id\":\"http:\\\/\\\/autosdelpodio.com\\\/autos\\\/piastri-norris-la-formula-invencible\\\/#primaryimage\"},\"thumbnailUrl\":\"http:\\\/\\\/autosdelpodio.com\\\/autos\\\/wp-content\\\/uploads\\\/2020\\\/04\\\/Logo_F1_-e1621029352226.jpg\",\"datePublished\":\"2025-07-27T18:30:22+00:00\",\"dateModified\":\"2025-07-27T18:30:23+00:00\",\"description\":\"Autos del Podio Oscar Piastri gan\u00f3 en Belgica en otro 1-2 de Mc Laren\",\"breadcrumb\":{\"@id\":\"http:\\\/\\\/autosdelpodio.com\\\/autos\\\/piastri-norris-la-formula-invencible\\\/#breadcrumb\"},\"inLanguage\":\"es\",\"potentialAction\":[{\"@type\":\"ReadAction\",\"target\":[\"http:\\\/\\\/autosdelpodio.com\\\/autos\\\/piastri-norris-la-formula-invencible\\\/\"]}]},{\"@type\":\"ImageObject\",\"inLanguage\":\"es\",\"@id\":\"http:\\\/\\\/autosdelpodio.com\\\/autos\\\/piastri-norris-la-formula-invencible\\\/#primaryimage\",\"url\":\"http:\\\/\\\/autosdelpodio.com\\\/autos\\\/wp-content\\\/uploads\\\/2020\\\/04\\\/Logo_F1_-e1621029352226.jpg\",\"contentUrl\":\"http:\\\/\\\/autosdelpodio.com\\\/autos\\\/wp-content\\\/uploads\\\/2020\\\/04\\\/Logo_F1_-e1621029352226.jpg\",\"width\":500,\"height\":278},{\"@type\":\"BreadcrumbList\",\"@id\":\"http:\\\/\\\/autosdelpodio.com\\\/autos\\\/piastri-norris-la-formula-invencible\\\/#breadcrumb\",\"itemListElement\":[{\"@type\":\"ListItem\",\"position\":1,\"name\":\"Portada\",\"item\":\"http:\\\/\\\/autosdelpodio.com\\\/autos\\\/\"},{\"@type\":\"ListItem\",\"position\":2,\"name\":\"Piastri &#8211; Norris, la formula invencible\"}]},{\"@type\":\"WebSite\",\"@id\":\"http:\\\/\\\/autosdelpodio.com\\\/autos\\\/#website\",\"url\":\"http:\\\/\\\/autosdelpodio.com\\\/autos\\\/\",\"name\":\"Autos del Podio\",\"description\":\"La sexta del deporte motor\",\"publisher\":{\"@id\":\"http:\\\/\\\/autosdelpodio.com\\\/autos\\\/#organization\"},\"potentialAction\":[{\"@type\":\"SearchAction\",\"target\":{\"@type\":\"EntryPoint\",\"urlTemplate\":\"http:\\\/\\\/autosdelpodio.com\\\/autos\\\/?s={search_term_string}\"},\"query-input\":{\"@type\":\"PropertyValueSpecification\",\"valueRequired\":true,\"valueName\":\"search_term_string\"}}],\"inLanguage\":\"es\"},{\"@type\":\"Organization\",\"@id\":\"http:\\\/\\\/autosdelpodio.com\\\/autos\\\/#organization\",\"name\":\"Autos del Podio\",\"url\":\"http:\\\/\\\/autosdelpodio.com\\\/autos\\\/\",\"logo\":{\"@type\":\"ImageObject\",\"inLanguage\":\"es\",\"@id\":\"http:\\\/\\\/autosdelpodio.com\\\/autos\\\/#\\\/schema\\\/logo\\\/image\\\/\",\"url\":\"http:\\\/\\\/autosdelpodio.com\\\/autos\\\/wp-content\\\/uploads\\\/2020\\\/08\\\/Logo_AR.jpg\",\"contentUrl\":\"http:\\\/\\\/autosdelpodio.com\\\/autos\\\/wp-content\\\/uploads\\\/2020\\\/08\\\/Logo_AR.jpg\",\"width\":1038,\"height\":1044,\"caption\":\"Autos del Podio\"},\"image\":{\"@id\":\"http:\\\/\\\/autosdelpodio.com\\\/autos\\\/#\\\/schema\\\/logo\\\/image\\\/\"},\"sameAs\":[\"https:\\\/\\\/www.facebook.com\\\/profile.php?id=100057192590976&amp;amp;amp;amp;amp;amp;amp;amp;amp;amp;amp;amp;amp;amp;amp;amp;amp;amp;ref=ts\",\"https:\\\/\\\/x.com\\\/autosdelpodio\",\"https:\\\/\\\/www.youtube.com\\\/user\\\/AutosdelPodio\"]},{\"@type\":\"Person\",\"@id\":\"http:\\\/\\\/autosdelpodio.com\\\/autos\\\/#\\\/schema\\\/person\\\/993527a4d01c3acdd3d6bce3770bc942\",\"name\":\"autosdelpodio\",\"image\":{\"@type\":\"ImageObject\",\"inLanguage\":\"es\",\"@id\":\"http:\\\/\\\/autosdelpodio.com\\\/autos\\\/wp-content\\\/litespeed\\\/avatar\\\/aa8f65cd201a80f6b844f63278aa84af.jpg?ver=1776798175\",\"url\":\"http:\\\/\\\/autosdelpodio.com\\\/autos\\\/wp-content\\\/litespeed\\\/avatar\\\/aa8f65cd201a80f6b844f63278aa84af.jpg?ver=1776798175\",\"contentUrl\":\"http:\\\/\\\/autosdelpodio.com\\\/autos\\\/wp-content\\\/litespeed\\\/avatar\\\/aa8f65cd201a80f6b844f63278aa84af.jpg?ver=1776798175\",\"caption\":\"autosdelpodio\"}}]}<\/script>\n<!-- \/ Yoast SEO plugin. -->","yoast_head_json":{"title":"Autos del Podio | Piastri - Norris, la formula invencible","description":"Autos del Podio Oscar Piastri gan\u00f3 en Belgica en otro 1-2 de Mc Laren","robots":{"index":"index","follow":"follow","max-snippet":"max-snippet:-1","max-image-preview":"max-image-preview:large","max-video-preview":"max-video-preview:-1"},"canonical":"http:\/\/autosdelpodio.com\/autos\/piastri-norris-la-formula-invencible\/","og_locale":"es_ES","og_type":"article","og_title":"Formula 1","og_description":"Oscar Piastri gan\u00f3 en Belgica en otro 1-2 de Mc Laren","og_url":"http:\/\/autosdelpodio.com\/autos\/piastri-norris-la-formula-invencible\/","og_site_name":"Autos del Podio","article_publisher":"https:\/\/www.facebook.com\/profile.php?id=100057192590976&amp%3bamp%3bamp%3bamp%3bamp%3bamp%3bamp%3bamp%3bamp%3bamp%3bamp%3bamp%3bamp%3bamp%3bamp%3bamp%3bamp%3bamp%3bref=ts","article_published_time":"2025-07-27T18:30:22+00:00","article_modified_time":"2025-07-27T18:30:23+00:00","og_image":[{"width":500,"height":278,"url":"http:\/\/autosdelpodio.com\/autos\/wp-content\/uploads\/2020\/04\/Logo_F1_-e1621029352226.jpg","type":"image\/jpeg"}],"author":"autosdelpodio","twitter_card":"summary_large_image","twitter_creator":"@autosdelpodio","twitter_site":"@autosdelpodio","twitter_misc":{"Escrito por":"autosdelpodio","Tiempo de lectura":"2 minutos"},"schema":{"@context":"https:\/\/schema.org","@graph":[{"@type":"Article","@id":"http:\/\/autosdelpodio.com\/autos\/piastri-norris-la-formula-invencible\/#article","isPartOf":{"@id":"http:\/\/autosdelpodio.com\/autos\/piastri-norris-la-formula-invencible\/"},"author":{"name":"autosdelpodio","@id":"http:\/\/autosdelpodio.com\/autos\/#\/schema\/person\/993527a4d01c3acdd3d6bce3770bc942"},"headline":"Piastri &#8211; Norris, la formula invencible","datePublished":"2025-07-27T18:30:22+00:00","dateModified":"2025-07-27T18:30:23+00:00","mainEntityOfPage":{"@id":"http:\/\/autosdelpodio.com\/autos\/piastri-norris-la-formula-invencible\/"},"wordCount":195,"commentCount":1,"publisher":{"@id":"http:\/\/autosdelpodio.com\/autos\/#organization"},"image":{"@id":"http:\/\/autosdelpodio.com\/autos\/piastri-norris-la-formula-invencible\/#primaryimage"},"thumbnailUrl":"http:\/\/autosdelpodio.com\/autos\/wp-content\/uploads\/2020\/04\/Logo_F1_-e1621029352226.jpg","keywords":["Formula 1","Franco Colapinto","GP Belgica","Mc Laren","Oscar Piastri","Spa"],"articleSection":["Destacado","\u00daltimas noticias"],"inLanguage":"es","potentialAction":[{"@type":"CommentAction","name":"Comment","target":["http:\/\/autosdelpodio.com\/autos\/piastri-norris-la-formula-invencible\/#respond"]}]},{"@type":"WebPage","@id":"http:\/\/autosdelpodio.com\/autos\/piastri-norris-la-formula-invencible\/","url":"http:\/\/autosdelpodio.com\/autos\/piastri-norris-la-formula-invencible\/","name":"Autos del Podio | Piastri - Norris, la formula invencible","isPartOf":{"@id":"http:\/\/autosdelpodio.com\/autos\/#website"},"primaryImageOfPage":{"@id":"http:\/\/autosdelpodio.com\/autos\/piastri-norris-la-formula-invencible\/#primaryimage"},"image":{"@id":"http:\/\/autosdelpodio.com\/autos\/piastri-norris-la-formula-invencible\/#primaryimage"},"thumbnailUrl":"http:\/\/autosdelpodio.com\/autos\/wp-content\/uploads\/2020\/04\/Logo_F1_-e1621029352226.jpg","datePublished":"2025-07-27T18:30:22+00:00","dateModified":"2025-07-27T18:30:23+00:00","description":"Autos del Podio Oscar Piastri gan\u00f3 en Belgica en otro 1-2 de Mc Laren","breadcrumb":{"@id":"http:\/\/autosdelpodio.com\/autos\/piastri-norris-la-formula-invencible\/#breadcrumb"},"inLanguage":"es","potentialAction":[{"@type":"ReadAction","target":["http:\/\/autosdelpodio.com\/autos\/piastri-norris-la-formula-invencible\/"]}]},{"@type":"ImageObject","inLanguage":"es","@id":"http:\/\/autosdelpodio.com\/autos\/piastri-norris-la-formula-invencible\/#primaryimage","url":"http:\/\/autosdelpodio.com\/autos\/wp-content\/uploads\/2020\/04\/Logo_F1_-e1621029352226.jpg","contentUrl":"http:\/\/autosdelpodio.com\/autos\/wp-content\/uploads\/2020\/04\/Logo_F1_-e1621029352226.jpg","width":500,"height":278},{"@type":"BreadcrumbList","@id":"http:\/\/autosdelpodio.com\/autos\/piastri-norris-la-formula-invencible\/#breadcrumb","itemListElement":[{"@type":"ListItem","position":1,"name":"Portada","item":"http:\/\/autosdelpodio.com\/autos\/"},{"@type":"ListItem","position":2,"name":"Piastri &#8211; Norris, la formula invencible"}]},{"@type":"WebSite","@id":"http:\/\/autosdelpodio.com\/autos\/#website","url":"http:\/\/autosdelpodio.com\/autos\/","name":"Autos del Podio","description":"La sexta del deporte motor","publisher":{"@id":"http:\/\/autosdelpodio.com\/autos\/#organization"},"potentialAction":[{"@type":"SearchAction","target":{"@type":"EntryPoint","urlTemplate":"http:\/\/autosdelpodio.com\/autos\/?s={search_term_string}"},"query-input":{"@type":"PropertyValueSpecification","valueRequired":true,"valueName":"search_term_string"}}],"inLanguage":"es"},{"@type":"Organization","@id":"http:\/\/autosdelpodio.com\/autos\/#organization","name":"Autos del Podio","url":"http:\/\/autosdelpodio.com\/autos\/","logo":{"@type":"ImageObject","inLanguage":"es","@id":"http:\/\/autosdelpodio.com\/autos\/#\/schema\/logo\/image\/","url":"http:\/\/autosdelpodio.com\/autos\/wp-content\/uploads\/2020\/08\/Logo_AR.jpg","contentUrl":"http:\/\/autosdelpodio.com\/autos\/wp-content\/uploads\/2020\/08\/Logo_AR.jpg","width":1038,"height":1044,"caption":"Autos del Podio"},"image":{"@id":"http:\/\/autosdelpodio.com\/autos\/#\/schema\/logo\/image\/"},"sameAs":["https:\/\/www.facebook.com\/profile.php?id=100057192590976&amp;amp;amp;amp;amp;amp;amp;amp;amp;amp;amp;amp;amp;amp;amp;amp;amp;amp;ref=ts","https:\/\/x.com\/autosdelpodio","https:\/\/www.youtube.com\/user\/AutosdelPodio"]},{"@type":"Person","@id":"http:\/\/autosdelpodio.com\/autos\/#\/schema\/person\/993527a4d01c3acdd3d6bce3770bc942","name":"autosdelpodio","image":{"@type":"ImageObject","inLanguage":"es","@id":"http:\/\/autosdelpodio.com\/autos\/wp-content\/litespeed\/avatar\/aa8f65cd201a80f6b844f63278aa84af.jpg?ver=1776798175","url":"http:\/\/autosdelpodio.com\/autos\/wp-content\/litespeed\/avatar\/aa8f65cd201a80f6b844f63278aa84af.jpg?ver=1776798175","contentUrl":"http:\/\/autosdelpodio.com\/autos\/wp-content\/litespeed\/avatar\/aa8f65cd201a80f6b844f63278aa84af.jpg?ver=1776798175","caption":"autosdelpodio"}}]}},"views":561,"_links":{"self":[{"href":"http:\/\/autosdelpodio.com\/autos\/wp-json\/wp\/v2\/posts\/8516","targetHints":{"allow":["GET"]}}],"collection":[{"href":"http:\/\/autosdelpodio.com\/autos\/wp-json\/wp\/v2\/posts"}],"about":[{"href":"http:\/\/autosdelpodio.com\/autos\/wp-json\/wp\/v2\/types\/post"}],"author":[{"embeddable":true,"href":"http:\/\/autosdelpodio.com\/autos\/wp-json\/wp\/v2\/users\/3"}],"replies":[{"embeddable":true,"href":"http:\/\/autosdelpodio.com\/autos\/wp-json\/wp\/v2\/comments?post=8516"}],"version-history":[{"count":1,"href":"http:\/\/autosdelpodio.com\/autos\/wp-json\/wp\/v2\/posts\/8516\/revisions"}],"predecessor-version":[{"id":8517,"href":"http:\/\/autosdelpodio.com\/autos\/wp-json\/wp\/v2\/posts\/8516\/revisions\/8517"}],"wp:featuredmedia":[{"embeddable":true,"href":"http:\/\/autosdelpodio.com\/autos\/wp-json\/wp\/v2\/media\/1751"}],"wp:attachment":[{"href":"http:\/\/autosdelpodio.com\/autos\/wp-json\/wp\/v2\/media?parent=8516"}],"wp:term":[{"taxonomy":"category","embeddable":true,"href":"http:\/\/autosdelpodio.com\/autos\/wp-json\/wp\/v2\/categories?post=8516"},{"taxonomy":"post_tag","embeddable":true,"href":"http:\/\/autosdelpodio.com\/autos\/wp-json\/wp\/v2\/tags?post=8516"}],"curies":[{"name":"wp","href":"https:\/\/api.w.org\/{rel}","templated":true}]}}