{"id":8536,"date":"2025-08-10T20:23:15","date_gmt":"2025-08-10T23:23:15","guid":{"rendered":"https:\/\/autosdelpodio.com\/autos\/?p=8536"},"modified":"2025-08-10T20:40:12","modified_gmt":"2025-08-10T23:40:12","slug":"victoria-primeriza-de-martin-vazquez-en-el-tc","status":"publish","type":"post","link":"http:\/\/autosdelpodio.com\/autos\/victoria-primeriza-de-martin-vazquez-en-el-tc\/","title":{"rendered":"Victoria primeriza de Martin Vazquez en el TC"},"content":{"rendered":"\n<p>En el marco del Desafio de las Estrellas del Turismo Carretera, Martin V\u00e1zquez obtuvo su primer triunfo en la categor\u00eda al mando de su Dodge Challenger con atenci\u00f3n propia. Facundo Chapur (Torino NG) y Juan Jos\u00e9 Ebarlin (Chevrolet Camaro) completaron el podio de El Villicum sanjuanino.<br>La final a 50 vuelta vueltas tuvo orden de largada por sorteo el d\u00eda previo, y a partir de una largada con autos en teor\u00eda mas lentos por estar rankeados en los \u00faltimos puestos de la Fase Regular tuvo varios matices fruto de las diferentes estrategias en las 2 detenciones obligatorias en boxes para recarga de combustibles y cambio de neum\u00e1ticos. Adem\u00e1s de varios protagonistas tales como Manu Urcera o Mauricio Lambiris que desertaron tempranamente .<br>A falta de una fecha para el cierre que definir\u00e1 los 12 integrantes de la Copa de Oro ya hay 5 clasificados a la misma. Ellos son: Juli\u00e1n Santero, Marcelo Agrelo, Lambiris, Juan Martin Trucco y <a href=\"https:\/\/autosdelpodio.com\/autos\/todo-para-canapa\/\" target=\"_blank\" rel=\"noreferrer noopener\">el ganador de la fecha pasada Agust\u00edn Canapino.<\/a><br>La pr\u00f3xima fecha ser\u00e1 el 23 y 24 de agosto en el aut\u00f3dromo Oscar y Juan Galvez de Buenos Aires.<\/p>\n\n\n\n<p><em><strong>Final de TC en San Juan &#8211; Fecha 9<\/strong><\/em><\/p>\n\n\n\n<figure class=\"wp-block-table\"><table class=\"has-fixed-layout\"><tbody><tr><td>1\u00ba<\/td><td>V\u00c1ZQUEZ MART\u00cdN<\/td><td>DODGE (CHALLENGER)<\/td><td>1;31;06.064<\/td><\/tr><tr><td>2\u00ba<\/td><td>CHAPUR FACUNDO<\/td><td>TORINO (TORINO NG)<\/td><td>0.925<\/td><\/tr><tr><td>3\u00ba<\/td><td>EBARL\u00cdN JUAN JOS\u00c9<\/td><td>CHEVROLET (CAMARO)<\/td><td>1.324<\/td><\/tr><tr><td>4\u00ba<\/td><td>AGUIRRE VALENT\u00cdN<\/td><td>CHEVROLET (CAMARO)<\/td><td>9.179<\/td><\/tr><tr><td>5\u00ba<\/td><td>TODINO GERM\u00c1N<\/td><td>FORD (MUSTANG)<\/td><td>18.888<\/td><\/tr><tr><td>6\u00ba<\/td><td>CANAPINO MAT\u00cdAS<\/td><td>CHEVROLET (CAMARO)<\/td><td>19.631<\/td><\/tr><tr><td>7\u00ba<\/td><td>DE BENEDICTIS JUAN B.<\/td><td>FORD (MUSTANG)<\/td><td>19.982<\/td><\/tr><tr><td>8\u00ba<\/td><td>TRUCCO JUAN MART\u00cdN<\/td><td>DODGE (CHALLENGER)<\/td><td>25.486<\/td><\/tr><tr><td>9\u00ba<\/td><td>AGRELO MARCELO<\/td><td>TOYOTA<\/td><td>26.350<\/td><\/tr><tr><td>10\u00ba<\/td><td>LEDESMA CHRISTIAN<\/td><td>CHEVROLET (CAMARO)<\/td><td>29.770<\/td><\/tr><tr><td>11\u00ba<\/td><td>JAKOS ANDR\u00c9S<\/td><td>TOYOTA<\/td><td>31.004<\/td><\/tr><tr><td>12\u00ba<\/td><td>SANTERO JULI\u00c1N<\/td><td>FORD (MUSTANG)<\/td><td>31.361<\/td><\/tr><tr><td>13\u00ba<\/td><td>OLMEDO JEREM\u00cdAS<\/td><td>FORD (MUSTANG)<\/td><td>32.796<\/td><\/tr><tr><td>14\u00ba<\/td><td>IMPIOMBATO NICOL\u00c1S<\/td><td>CHEVROLET (CAMARO)<\/td><td>51.510<\/td><\/tr><tr><td>15\u00ba<\/td><td>MANGONI SANTIAGO<\/td><td>CHEVROLET (CAMARO)<\/td><td>53.265<\/td><\/tr><tr><td>16\u00ba<\/td><td>CARINELLI AUGUSTO<\/td><td>FORD (MUSTANG)<\/td><td>54.381<\/td><\/tr><tr><td>17\u00ba<\/td><td>\u00c1LVAREZ SANTIAGO<\/td><td>CHEVROLET (CAMARO)<\/td><td>1;01.946<\/td><\/tr><tr><td>18\u00ba<\/td><td>SPATARO EMILIANO<\/td><td>FORD (MUSTANG)<\/td><td>1;03.108<\/td><\/tr><tr><td>19\u00ba<\/td><td>DOMENECH ALFONSO<\/td><td>DODGE (CHALLENGER)<\/td><td>1;19.546<\/td><\/tr><tr><td>20\u00ba<\/td><td>FRITZLER OTTO<\/td><td>TOYOTA<\/td><td>1;24.543<\/td><\/tr><tr><td>21\u00ba<\/td><td>CANAPINO AGUST\u00cdN<\/td><td>CHEVROLET (CAMARO)<\/td><td>1;37.556<\/td><\/tr><tr><td>22\u00ba<\/td><td>DE CARLO DIEGO<\/td><td>CHEVROLET (CAMARO)<\/td><td>1 VTA<\/td><\/tr><tr><td>23\u00ba<\/td><td>SERRANO MART\u00cdN<\/td><td>CHEVROLET (CAMARO)<\/td><td>1 VTA<\/td><\/tr><tr><td>24\u00ba<\/td><td>FERRANTE GAST\u00d3N<\/td><td>TOYOTA<\/td><td>1 VTA<\/td><\/tr><tr><td>25\u00ba<\/td><td>FONTANA NORBERTO<\/td><td>CHEVROLET (CAMARO)<\/td><td>2 VTAS<\/td><\/tr><tr><td>26\u00ba<\/td><td>MAZZACANE GAST\u00d3N<\/td><td>CHEVROLET (CAMARO)<\/td><td>2 VTAS<\/td><\/tr><tr><td>27\u00ba<\/td><td>BONELLI NICOL\u00c1S<\/td><td>FORD (MUSTANG)<\/td><td>2 VTAS<\/td><\/tr><tr><td>28\u00ba<\/td><td>LANDA MARCOS<\/td><td>CHEVROLET (CAMARO)<\/td><td>3 VTAS<\/td><\/tr><tr><td>29\u00ba<\/td><td>WERNER MARIANO<\/td><td>FORD (MUSTANG)<\/td><td>3 VTAS<\/td><\/tr><tr><td>30\u00ba<\/td><td>DE LA IGLESIA LAUTARO<\/td><td>DODGE (CHALLENGER)<\/td><td>4 VTAS<\/td><\/tr><tr><td>31\u00ba<\/td><td>TROSSET NICOL\u00c1S<\/td><td>FORD (MUSTANG)<\/td><td>6 VTAS<\/td><\/tr><tr><td>32\u00ba<\/td><td>SCIALCHI JEREM\u00cdAS<\/td><td>FORD (MUSTANG)<\/td><td>6 VTAS<\/td><\/tr><tr><td>33\u00ba<\/td><td>FA\u00cdN IGNACIO<\/td><td>TORINO (TORINO NG)<\/td><td>7 VTAS<\/td><\/tr><tr><td>34\u00ba<\/td><td>TETI JER\u00d3NIMO<\/td><td>FORD (MUSTANG)<\/td><td>18 VTAS<\/td><\/tr><tr><td>35\u00ba<\/td><td>ROSSI MAT\u00cdAS<\/td><td>TOYOTA<\/td><td>20 VTAS<\/td><\/tr><tr><td>36\u00ba<\/td><td>AZAR DIEGO<\/td><td>TOYOTA<\/td><td>20 VTAS<\/td><\/tr><tr><td>37\u00ba<\/td><td>CANDELA KEVIN<\/td><td>TORINO (TORINO NG)<\/td><td>22 VTAS<\/td><\/tr><tr><td>38\u00ba<\/td><td>ARDUSSO FACUNDO<\/td><td>CHEVROLET (CAMARO)<\/td><td>29 VTAS<\/td><\/tr><tr><td>39\u00ba<\/td><td>PALAZZO HERN\u00c1N<\/td><td>TOYOTA<\/td><td>35 VTAS<\/td><\/tr><tr><td>40\u00ba<\/td><td>JALAF MAT\u00cdAS<\/td><td>FORD (MUSTANG)<\/td><td>38 VTAS<\/td><\/tr><tr><td>41\u00ba<\/td><td>DI PALMA LUIS JOS\u00c9<\/td><td>CHEVROLET (CAMARO)<\/td><td>39 VTAS<\/td><\/tr><tr><td>42\u00ba<\/td><td>QUIJADA MARCOS<\/td><td>CHEVROLET (CAMARO)<\/td><td>40 VTAS<\/td><\/tr><tr><td>43\u00ba<\/td><td>BENVENUTI JUAN CRUZ<\/td><td>CHEVROLET (CAMARO)<\/td><td>43 VTAS<\/td><\/tr><tr><td>44\u00ba<\/td><td>CRAPARO ELIO<\/td><td>DODGE (CHALLENGER)<\/td><td>44 VTAS<\/td><\/tr><tr><td>45\u00ba<\/td><td>CASTELLANO JONATAN<\/td><td>DODGE (CHALLENGER)<\/td><td>45 VTAS<\/td><\/tr><tr><td>46\u00ba<\/td><td>MART\u00cdNEZ TOB\u00cdAS<\/td><td>TOYOTA<\/td><td>46 VTAS<\/td><\/tr><tr><td>47\u00ba<\/td><td>LAMBIRIS MAURICIO<\/td><td>FORD (MUSTANG)<\/td><td>47 VTAS<\/td><\/tr><tr><td>48\u00ba<\/td><td>URCERA JOS\u00c9 MANUEL<\/td><td>FORD (MUSTANG)<\/td><td>49 VTAS<\/td><\/tr><\/tbody><\/table><\/figure>\n\n\n\n<p><strong>PROMEDIO:&nbsp;<\/strong>140,086 km\/h.&nbsp;<strong>RECORD DE VUELTA:&nbsp;<\/strong>Mangoni en la vta. 14 en 1:41.714 a 150,563 km\/h.&nbsp;<strong>RECARGOS<\/strong>: 19s0 para Santero (hab\u00eda terminado 5\u00ba) por maniobra peligrosa a Fritzler, y 30s para Bonelli (hab\u00eda sido 26\u00ba) por ingresar a boxes en una vuelta que no le correspond\u00eda.&nbsp;<strong>APERCIBIDOS<\/strong>: Ardusso, porque sus mec\u00e1nicos salieron del box; Aguirre, por maniobra peligrosa a Craparo; Teti, por maniobra peligrosa a De Carlo.<\/p>\n","protected":false},"excerpt":{"rendered":"<p>En el marco del Desafio de las Estrellas del Turismo Carretera, Martin V\u00e1zquez obtuvo su primer triunfo en la categor\u00eda<\/p>\n","protected":false},"author":3,"featured_media":2651,"comment_status":"open","ping_status":"open","sticky":false,"template":"","format":"standard","meta":{"colormag_page_container_layout":"default_layout","colormag_page_sidebar_layout":"default_layout","footnotes":""},"categories":[6,5],"tags":[812,316,840,314,39],"class_list":["post-8536","post","type-post","status-publish","format-standard","has-post-thumbnail","hentry","category-newsflash","category-latest-news","tag-dodge-challenger","tag-el-villicum","tag-martin-vazquez","tag-san-juan","tag-turismo-carretera"],"yoast_head":"<!-- This site is optimized with the Yoast SEO plugin v27.5 - https:\/\/yoast.com\/product\/yoast-seo-wordpress\/ -->\n<title>Autos del Podio | Victoria primeriza de Martin Vazquez en el TC<\/title>\n<meta name=\"description\" content=\"Autos del Podio Mart\u00edn V\u00e1zquez se llev\u00f3 la 9\u00aa edici\u00f3n del \u201cDesaf\u00edo de las Estrellas\u201d del Turismo Carretera\" \/>\n<meta name=\"robots\" content=\"index, follow, max-snippet:-1, max-image-preview:large, max-video-preview:-1\" \/>\n<link rel=\"canonical\" href=\"https:\/\/autosdelpodio.com\/autos\/victoria-primeriza-de-martin-vazquez-en-el-tc\/\" \/>\n<meta property=\"og:locale\" content=\"es_ES\" \/>\n<meta property=\"og:type\" content=\"article\" \/>\n<meta property=\"og:title\" content=\"TC en San Juan\" \/>\n<meta property=\"og:description\" content=\"Mart\u00edn V\u00e1zquez se llev\u00f3 la 9\u00aa edici\u00f3n del \u201cDesaf\u00edo de las Estrellas\u201d del Turismo Carretera\" \/>\n<meta property=\"og:url\" content=\"https:\/\/autosdelpodio.com\/autos\/victoria-primeriza-de-martin-vazquez-en-el-tc\/\" \/>\n<meta property=\"og:site_name\" content=\"Autos del Podio\" \/>\n<meta property=\"article:publisher\" content=\"https:\/\/www.facebook.com\/profile.php?id=100057192590976&amp;amp%3bamp%3bamp%3bamp%3bamp%3bamp%3bamp%3bamp%3bamp%3bamp%3bamp%3bamp%3bamp%3bamp%3bamp%3bamp%3bamp%3bamp%3bref=ts\" \/>\n<meta property=\"article:published_time\" content=\"2025-08-10T23:23:15+00:00\" \/>\n<meta property=\"article:modified_time\" content=\"2025-08-10T23:40:12+00:00\" \/>\n<meta property=\"og:image\" content=\"https:\/\/autosdelpodio.com\/autos\/wp-content\/uploads\/2020\/09\/Logo_Dodge.jpg\" \/>\n\t<meta property=\"og:image:width\" content=\"563\" \/>\n\t<meta property=\"og:image:height\" content=\"419\" \/>\n\t<meta property=\"og:image:type\" content=\"image\/jpeg\" \/>\n<meta name=\"author\" content=\"autosdelpodio\" \/>\n<meta name=\"twitter:card\" content=\"summary_large_image\" \/>\n<meta name=\"twitter:creator\" content=\"@autosdelpodio\" \/>\n<meta name=\"twitter:site\" content=\"@autosdelpodio\" \/>\n<meta name=\"twitter:label1\" content=\"Escrito por\" \/>\n\t<meta name=\"twitter:data1\" content=\"autosdelpodio\" \/>\n\t<meta name=\"twitter:label2\" content=\"Tiempo de lectura\" \/>\n\t<meta name=\"twitter:data2\" content=\"3 minutos\" \/>\n<script type=\"application\/ld+json\" class=\"yoast-schema-graph\">{\"@context\":\"https:\\\/\\\/schema.org\",\"@graph\":[{\"@type\":\"Article\",\"@id\":\"https:\\\/\\\/autosdelpodio.com\\\/autos\\\/victoria-primeriza-de-martin-vazquez-en-el-tc\\\/#article\",\"isPartOf\":{\"@id\":\"https:\\\/\\\/autosdelpodio.com\\\/autos\\\/victoria-primeriza-de-martin-vazquez-en-el-tc\\\/\"},\"author\":{\"name\":\"autosdelpodio\",\"@id\":\"http:\\\/\\\/autosdelpodio.com\\\/autos\\\/#\\\/schema\\\/person\\\/993527a4d01c3acdd3d6bce3770bc942\"},\"headline\":\"Victoria primeriza de Martin Vazquez en el TC\",\"datePublished\":\"2025-08-10T23:23:15+00:00\",\"dateModified\":\"2025-08-10T23:40:12+00:00\",\"mainEntityOfPage\":{\"@id\":\"https:\\\/\\\/autosdelpodio.com\\\/autos\\\/victoria-primeriza-de-martin-vazquez-en-el-tc\\\/\"},\"wordCount\":528,\"commentCount\":0,\"publisher\":{\"@id\":\"http:\\\/\\\/autosdelpodio.com\\\/autos\\\/#organization\"},\"image\":{\"@id\":\"https:\\\/\\\/autosdelpodio.com\\\/autos\\\/victoria-primeriza-de-martin-vazquez-en-el-tc\\\/#primaryimage\"},\"thumbnailUrl\":\"http:\\\/\\\/autosdelpodio.com\\\/autos\\\/wp-content\\\/uploads\\\/2020\\\/09\\\/Logo_Dodge.jpg\",\"keywords\":[\"Dodge Challenger\",\"El Villicum\",\"Martin Vazquez\",\"San Juan\",\"Turismo Carretera\"],\"articleSection\":[\"Destacado\",\"\u00daltimas noticias\"],\"inLanguage\":\"es\",\"potentialAction\":[{\"@type\":\"CommentAction\",\"name\":\"Comment\",\"target\":[\"https:\\\/\\\/autosdelpodio.com\\\/autos\\\/victoria-primeriza-de-martin-vazquez-en-el-tc\\\/#respond\"]}]},{\"@type\":\"WebPage\",\"@id\":\"https:\\\/\\\/autosdelpodio.com\\\/autos\\\/victoria-primeriza-de-martin-vazquez-en-el-tc\\\/\",\"url\":\"https:\\\/\\\/autosdelpodio.com\\\/autos\\\/victoria-primeriza-de-martin-vazquez-en-el-tc\\\/\",\"name\":\"Autos del Podio | Victoria primeriza de Martin Vazquez en el TC\",\"isPartOf\":{\"@id\":\"http:\\\/\\\/autosdelpodio.com\\\/autos\\\/#website\"},\"primaryImageOfPage\":{\"@id\":\"https:\\\/\\\/autosdelpodio.com\\\/autos\\\/victoria-primeriza-de-martin-vazquez-en-el-tc\\\/#primaryimage\"},\"image\":{\"@id\":\"https:\\\/\\\/autosdelpodio.com\\\/autos\\\/victoria-primeriza-de-martin-vazquez-en-el-tc\\\/#primaryimage\"},\"thumbnailUrl\":\"http:\\\/\\\/autosdelpodio.com\\\/autos\\\/wp-content\\\/uploads\\\/2020\\\/09\\\/Logo_Dodge.jpg\",\"datePublished\":\"2025-08-10T23:23:15+00:00\",\"dateModified\":\"2025-08-10T23:40:12+00:00\",\"description\":\"Autos del Podio Mart\u00edn V\u00e1zquez se llev\u00f3 la 9\u00aa edici\u00f3n del \u201cDesaf\u00edo de las Estrellas\u201d del Turismo Carretera\",\"breadcrumb\":{\"@id\":\"https:\\\/\\\/autosdelpodio.com\\\/autos\\\/victoria-primeriza-de-martin-vazquez-en-el-tc\\\/#breadcrumb\"},\"inLanguage\":\"es\",\"potentialAction\":[{\"@type\":\"ReadAction\",\"target\":[\"https:\\\/\\\/autosdelpodio.com\\\/autos\\\/victoria-primeriza-de-martin-vazquez-en-el-tc\\\/\"]}]},{\"@type\":\"ImageObject\",\"inLanguage\":\"es\",\"@id\":\"https:\\\/\\\/autosdelpodio.com\\\/autos\\\/victoria-primeriza-de-martin-vazquez-en-el-tc\\\/#primaryimage\",\"url\":\"http:\\\/\\\/autosdelpodio.com\\\/autos\\\/wp-content\\\/uploads\\\/2020\\\/09\\\/Logo_Dodge.jpg\",\"contentUrl\":\"http:\\\/\\\/autosdelpodio.com\\\/autos\\\/wp-content\\\/uploads\\\/2020\\\/09\\\/Logo_Dodge.jpg\",\"width\":563,\"height\":419},{\"@type\":\"BreadcrumbList\",\"@id\":\"https:\\\/\\\/autosdelpodio.com\\\/autos\\\/victoria-primeriza-de-martin-vazquez-en-el-tc\\\/#breadcrumb\",\"itemListElement\":[{\"@type\":\"ListItem\",\"position\":1,\"name\":\"Portada\",\"item\":\"http:\\\/\\\/autosdelpodio.com\\\/autos\\\/\"},{\"@type\":\"ListItem\",\"position\":2,\"name\":\"Victoria primeriza de Martin Vazquez en el TC\"}]},{\"@type\":\"WebSite\",\"@id\":\"http:\\\/\\\/autosdelpodio.com\\\/autos\\\/#website\",\"url\":\"http:\\\/\\\/autosdelpodio.com\\\/autos\\\/\",\"name\":\"Autos del Podio\",\"description\":\"La sexta del deporte motor\",\"publisher\":{\"@id\":\"http:\\\/\\\/autosdelpodio.com\\\/autos\\\/#organization\"},\"potentialAction\":[{\"@type\":\"SearchAction\",\"target\":{\"@type\":\"EntryPoint\",\"urlTemplate\":\"http:\\\/\\\/autosdelpodio.com\\\/autos\\\/?s={search_term_string}\"},\"query-input\":{\"@type\":\"PropertyValueSpecification\",\"valueRequired\":true,\"valueName\":\"search_term_string\"}}],\"inLanguage\":\"es\"},{\"@type\":\"Organization\",\"@id\":\"http:\\\/\\\/autosdelpodio.com\\\/autos\\\/#organization\",\"name\":\"Autos del Podio\",\"url\":\"http:\\\/\\\/autosdelpodio.com\\\/autos\\\/\",\"logo\":{\"@type\":\"ImageObject\",\"inLanguage\":\"es\",\"@id\":\"http:\\\/\\\/autosdelpodio.com\\\/autos\\\/#\\\/schema\\\/logo\\\/image\\\/\",\"url\":\"http:\\\/\\\/autosdelpodio.com\\\/autos\\\/wp-content\\\/uploads\\\/2020\\\/08\\\/Logo_AR.jpg\",\"contentUrl\":\"http:\\\/\\\/autosdelpodio.com\\\/autos\\\/wp-content\\\/uploads\\\/2020\\\/08\\\/Logo_AR.jpg\",\"width\":1038,\"height\":1044,\"caption\":\"Autos del Podio\"},\"image\":{\"@id\":\"http:\\\/\\\/autosdelpodio.com\\\/autos\\\/#\\\/schema\\\/logo\\\/image\\\/\"},\"sameAs\":[\"https:\\\/\\\/www.facebook.com\\\/profile.php?id=100057192590976&amp;amp;amp;amp;amp;amp;amp;amp;amp;amp;amp;amp;amp;amp;amp;amp;amp;amp;ref=ts\",\"https:\\\/\\\/x.com\\\/autosdelpodio\",\"https:\\\/\\\/www.youtube.com\\\/user\\\/AutosdelPodio\"]},{\"@type\":\"Person\",\"@id\":\"http:\\\/\\\/autosdelpodio.com\\\/autos\\\/#\\\/schema\\\/person\\\/993527a4d01c3acdd3d6bce3770bc942\",\"name\":\"autosdelpodio\",\"image\":{\"@type\":\"ImageObject\",\"inLanguage\":\"es\",\"@id\":\"http:\\\/\\\/autosdelpodio.com\\\/autos\\\/wp-content\\\/litespeed\\\/avatar\\\/aa8f65cd201a80f6b844f63278aa84af.jpg?ver=1777403005\",\"url\":\"http:\\\/\\\/autosdelpodio.com\\\/autos\\\/wp-content\\\/litespeed\\\/avatar\\\/aa8f65cd201a80f6b844f63278aa84af.jpg?ver=1777403005\",\"contentUrl\":\"http:\\\/\\\/autosdelpodio.com\\\/autos\\\/wp-content\\\/litespeed\\\/avatar\\\/aa8f65cd201a80f6b844f63278aa84af.jpg?ver=1777403005\",\"caption\":\"autosdelpodio\"}}]}<\/script>\n<!-- \/ Yoast SEO plugin. -->","yoast_head_json":{"title":"Autos del Podio | Victoria primeriza de Martin Vazquez en el TC","description":"Autos del Podio Mart\u00edn V\u00e1zquez se llev\u00f3 la 9\u00aa edici\u00f3n del \u201cDesaf\u00edo de las Estrellas\u201d del Turismo Carretera","robots":{"index":"index","follow":"follow","max-snippet":"max-snippet:-1","max-image-preview":"max-image-preview:large","max-video-preview":"max-video-preview:-1"},"canonical":"https:\/\/autosdelpodio.com\/autos\/victoria-primeriza-de-martin-vazquez-en-el-tc\/","og_locale":"es_ES","og_type":"article","og_title":"TC en San Juan","og_description":"Mart\u00edn V\u00e1zquez se llev\u00f3 la 9\u00aa edici\u00f3n del \u201cDesaf\u00edo de las Estrellas\u201d del Turismo Carretera","og_url":"https:\/\/autosdelpodio.com\/autos\/victoria-primeriza-de-martin-vazquez-en-el-tc\/","og_site_name":"Autos del Podio","article_publisher":"https:\/\/www.facebook.com\/profile.php?id=100057192590976&amp%3bamp%3bamp%3bamp%3bamp%3bamp%3bamp%3bamp%3bamp%3bamp%3bamp%3bamp%3bamp%3bamp%3bamp%3bamp%3bamp%3bamp%3bref=ts","article_published_time":"2025-08-10T23:23:15+00:00","article_modified_time":"2025-08-10T23:40:12+00:00","og_image":[{"width":563,"height":419,"url":"https:\/\/autosdelpodio.com\/autos\/wp-content\/uploads\/2020\/09\/Logo_Dodge.jpg","type":"image\/jpeg"}],"author":"autosdelpodio","twitter_card":"summary_large_image","twitter_creator":"@autosdelpodio","twitter_site":"@autosdelpodio","twitter_misc":{"Escrito por":"autosdelpodio","Tiempo de lectura":"3 minutos"},"schema":{"@context":"https:\/\/schema.org","@graph":[{"@type":"Article","@id":"https:\/\/autosdelpodio.com\/autos\/victoria-primeriza-de-martin-vazquez-en-el-tc\/#article","isPartOf":{"@id":"https:\/\/autosdelpodio.com\/autos\/victoria-primeriza-de-martin-vazquez-en-el-tc\/"},"author":{"name":"autosdelpodio","@id":"http:\/\/autosdelpodio.com\/autos\/#\/schema\/person\/993527a4d01c3acdd3d6bce3770bc942"},"headline":"Victoria primeriza de Martin Vazquez en el TC","datePublished":"2025-08-10T23:23:15+00:00","dateModified":"2025-08-10T23:40:12+00:00","mainEntityOfPage":{"@id":"https:\/\/autosdelpodio.com\/autos\/victoria-primeriza-de-martin-vazquez-en-el-tc\/"},"wordCount":528,"commentCount":0,"publisher":{"@id":"http:\/\/autosdelpodio.com\/autos\/#organization"},"image":{"@id":"https:\/\/autosdelpodio.com\/autos\/victoria-primeriza-de-martin-vazquez-en-el-tc\/#primaryimage"},"thumbnailUrl":"http:\/\/autosdelpodio.com\/autos\/wp-content\/uploads\/2020\/09\/Logo_Dodge.jpg","keywords":["Dodge Challenger","El Villicum","Martin Vazquez","San Juan","Turismo Carretera"],"articleSection":["Destacado","\u00daltimas noticias"],"inLanguage":"es","potentialAction":[{"@type":"CommentAction","name":"Comment","target":["https:\/\/autosdelpodio.com\/autos\/victoria-primeriza-de-martin-vazquez-en-el-tc\/#respond"]}]},{"@type":"WebPage","@id":"https:\/\/autosdelpodio.com\/autos\/victoria-primeriza-de-martin-vazquez-en-el-tc\/","url":"https:\/\/autosdelpodio.com\/autos\/victoria-primeriza-de-martin-vazquez-en-el-tc\/","name":"Autos del Podio | Victoria primeriza de Martin Vazquez en el TC","isPartOf":{"@id":"http:\/\/autosdelpodio.com\/autos\/#website"},"primaryImageOfPage":{"@id":"https:\/\/autosdelpodio.com\/autos\/victoria-primeriza-de-martin-vazquez-en-el-tc\/#primaryimage"},"image":{"@id":"https:\/\/autosdelpodio.com\/autos\/victoria-primeriza-de-martin-vazquez-en-el-tc\/#primaryimage"},"thumbnailUrl":"http:\/\/autosdelpodio.com\/autos\/wp-content\/uploads\/2020\/09\/Logo_Dodge.jpg","datePublished":"2025-08-10T23:23:15+00:00","dateModified":"2025-08-10T23:40:12+00:00","description":"Autos del Podio Mart\u00edn V\u00e1zquez se llev\u00f3 la 9\u00aa edici\u00f3n del \u201cDesaf\u00edo de las Estrellas\u201d del Turismo Carretera","breadcrumb":{"@id":"https:\/\/autosdelpodio.com\/autos\/victoria-primeriza-de-martin-vazquez-en-el-tc\/#breadcrumb"},"inLanguage":"es","potentialAction":[{"@type":"ReadAction","target":["https:\/\/autosdelpodio.com\/autos\/victoria-primeriza-de-martin-vazquez-en-el-tc\/"]}]},{"@type":"ImageObject","inLanguage":"es","@id":"https:\/\/autosdelpodio.com\/autos\/victoria-primeriza-de-martin-vazquez-en-el-tc\/#primaryimage","url":"http:\/\/autosdelpodio.com\/autos\/wp-content\/uploads\/2020\/09\/Logo_Dodge.jpg","contentUrl":"http:\/\/autosdelpodio.com\/autos\/wp-content\/uploads\/2020\/09\/Logo_Dodge.jpg","width":563,"height":419},{"@type":"BreadcrumbList","@id":"https:\/\/autosdelpodio.com\/autos\/victoria-primeriza-de-martin-vazquez-en-el-tc\/#breadcrumb","itemListElement":[{"@type":"ListItem","position":1,"name":"Portada","item":"http:\/\/autosdelpodio.com\/autos\/"},{"@type":"ListItem","position":2,"name":"Victoria primeriza de Martin Vazquez en el TC"}]},{"@type":"WebSite","@id":"http:\/\/autosdelpodio.com\/autos\/#website","url":"http:\/\/autosdelpodio.com\/autos\/","name":"Autos del Podio","description":"La sexta del deporte motor","publisher":{"@id":"http:\/\/autosdelpodio.com\/autos\/#organization"},"potentialAction":[{"@type":"SearchAction","target":{"@type":"EntryPoint","urlTemplate":"http:\/\/autosdelpodio.com\/autos\/?s={search_term_string}"},"query-input":{"@type":"PropertyValueSpecification","valueRequired":true,"valueName":"search_term_string"}}],"inLanguage":"es"},{"@type":"Organization","@id":"http:\/\/autosdelpodio.com\/autos\/#organization","name":"Autos del Podio","url":"http:\/\/autosdelpodio.com\/autos\/","logo":{"@type":"ImageObject","inLanguage":"es","@id":"http:\/\/autosdelpodio.com\/autos\/#\/schema\/logo\/image\/","url":"http:\/\/autosdelpodio.com\/autos\/wp-content\/uploads\/2020\/08\/Logo_AR.jpg","contentUrl":"http:\/\/autosdelpodio.com\/autos\/wp-content\/uploads\/2020\/08\/Logo_AR.jpg","width":1038,"height":1044,"caption":"Autos del Podio"},"image":{"@id":"http:\/\/autosdelpodio.com\/autos\/#\/schema\/logo\/image\/"},"sameAs":["https:\/\/www.facebook.com\/profile.php?id=100057192590976&amp;amp;amp;amp;amp;amp;amp;amp;amp;amp;amp;amp;amp;amp;amp;amp;amp;amp;ref=ts","https:\/\/x.com\/autosdelpodio","https:\/\/www.youtube.com\/user\/AutosdelPodio"]},{"@type":"Person","@id":"http:\/\/autosdelpodio.com\/autos\/#\/schema\/person\/993527a4d01c3acdd3d6bce3770bc942","name":"autosdelpodio","image":{"@type":"ImageObject","inLanguage":"es","@id":"http:\/\/autosdelpodio.com\/autos\/wp-content\/litespeed\/avatar\/aa8f65cd201a80f6b844f63278aa84af.jpg?ver=1777403005","url":"http:\/\/autosdelpodio.com\/autos\/wp-content\/litespeed\/avatar\/aa8f65cd201a80f6b844f63278aa84af.jpg?ver=1777403005","contentUrl":"http:\/\/autosdelpodio.com\/autos\/wp-content\/litespeed\/avatar\/aa8f65cd201a80f6b844f63278aa84af.jpg?ver=1777403005","caption":"autosdelpodio"}}]}},"views":605,"_links":{"self":[{"href":"http:\/\/autosdelpodio.com\/autos\/wp-json\/wp\/v2\/posts\/8536","targetHints":{"allow":["GET"]}}],"collection":[{"href":"http:\/\/autosdelpodio.com\/autos\/wp-json\/wp\/v2\/posts"}],"about":[{"href":"http:\/\/autosdelpodio.com\/autos\/wp-json\/wp\/v2\/types\/post"}],"author":[{"embeddable":true,"href":"http:\/\/autosdelpodio.com\/autos\/wp-json\/wp\/v2\/users\/3"}],"replies":[{"embeddable":true,"href":"http:\/\/autosdelpodio.com\/autos\/wp-json\/wp\/v2\/comments?post=8536"}],"version-history":[{"count":6,"href":"http:\/\/autosdelpodio.com\/autos\/wp-json\/wp\/v2\/posts\/8536\/revisions"}],"predecessor-version":[{"id":8543,"href":"http:\/\/autosdelpodio.com\/autos\/wp-json\/wp\/v2\/posts\/8536\/revisions\/8543"}],"wp:featuredmedia":[{"embeddable":true,"href":"http:\/\/autosdelpodio.com\/autos\/wp-json\/wp\/v2\/media\/2651"}],"wp:attachment":[{"href":"http:\/\/autosdelpodio.com\/autos\/wp-json\/wp\/v2\/media?parent=8536"}],"wp:term":[{"taxonomy":"category","embeddable":true,"href":"http:\/\/autosdelpodio.com\/autos\/wp-json\/wp\/v2\/categories?post=8536"},{"taxonomy":"post_tag","embeddable":true,"href":"http:\/\/autosdelpodio.com\/autos\/wp-json\/wp\/v2\/tags?post=8536"}],"curies":[{"name":"wp","href":"https:\/\/api.w.org\/{rel}","templated":true}]}}