{"id":8587,"date":"2025-09-07T19:12:44","date_gmt":"2025-09-07T22:12:44","guid":{"rendered":"https:\/\/autosdelpodio.com\/autos\/?p=8587"},"modified":"2025-09-07T19:12:45","modified_gmt":"2025-09-07T22:12:45","slug":"exitosa-tercera-edicion-de-la-carrera-de-los-200-pilotos-del-tn","status":"publish","type":"post","link":"http:\/\/autosdelpodio.com\/autos\/exitosa-tercera-edicion-de-la-carrera-de-los-200-pilotos-del-tn\/","title":{"rendered":"Exitosa tercera edici\u00f2n de la carrera de los 200 pilotos del TN"},"content":{"rendered":"\n<p>Rodrigo Lugon impuso condiciones en la novena fecha de la Clase 3 en el Autodromo Oscar y Juan Galvez. Lucas Vicino y Ever Franetovich completaron el podio.<br>Una verdadera jornada festiva se vivi\u00f3 a lo largo de todo el fin de semana en el evento del a\u00f1o del Turismo Nacional. A la tradicional Clase 2 que lo acompa\u00f1a se le sum\u00f3 el flamante Turismo Carretera 2000; y una previa con la final de invitados en la C3 con victoria de Antonino Garc\u00eda al mando del Focus #88 del Poleman Facundo Marques.<br>Entrada general gratuita, una movida solidaria, mini recital en vivo de Banda XXI y el himno nacional a cargo de Juan Carlos Baglietto en la voz y Lito Vitale en la m\u00fasica fueron claves para ofrecer una propuesta tan simple como efectiva: show durante la jornada y espect\u00e1culo en pista, uno tras otro que traccion\u00f3 considerablemente el publico a las tribunas del escenario porte\u00f1o.<br>La pr\u00f3xima fecha ser\u00e1 del 10 al 12 de Octubre el Aut\u00f3dromo santafesino Juan Manuel Fangio de la ciudad de Rosario.<\/p>\n\n\n\n<p><strong><em>Final titulares Clase 3 del TN &#8211; Fecha 9<\/em><\/strong><\/p>\n\n\n\n<figure class=\"wp-block-table\"><table class=\"has-fixed-layout\"><tbody><tr><td>1\u00ba<\/td><td>LUGON, RODRIGO<\/td><td>VIRTUS<\/td><td>28;34.320<\/td><\/tr><tr><td>2\u00ba<\/td><td>VICINO, LUCAS<\/td><td>COROLLA<\/td><td>1.900<\/td><\/tr><tr><td>3\u00ba<\/td><td>FRANETOVICH, EVER<\/td><td>FOCUS<\/td><td>6.539<\/td><\/tr><tr><td>4\u00ba<\/td><td>GASSMANN, JOEL<\/td><td>CHEVROLET CRUZE<\/td><td>6.802<\/td><\/tr><tr><td>5\u00ba<\/td><td>YANNANTUONI, FABIAN<\/td><td>FOCUS<\/td><td>7.567<\/td><\/tr><tr><td>6\u00ba<\/td><td>RISATTI, RICARDO<\/td><td>COROLLA<\/td><td>7.704<\/td><\/tr><tr><td>7\u00ba<\/td><td>OKULOVICH, CARLOS<\/td><td>VENTO<\/td><td>9.248<\/td><\/tr><tr><td>8\u00ba<\/td><td>CASTELLANO, JONATAN<\/td><td>CHEVROLET CRUZE<\/td><td>9.283<\/td><\/tr><tr><td>9\u00ba<\/td><td>URCERA, JOSE MANUEL<\/td><td>FOCUS<\/td><td>19.094<\/td><\/tr><tr><td>10\u00ba<\/td><td>LARRAURI, LEONEL<\/td><td>CIVIC<\/td><td>19.302<\/td><\/tr><tr><td>11\u00ba<\/td><td>SANTERO, JULIAN<\/td><td>COROLLA<\/td><td>20.538<\/td><\/tr><tr><td>12\u00ba<\/td><td>QUEVEDO, BRAIAN<\/td><td>COROLLA<\/td><td>21.210<\/td><\/tr><tr><td>13\u00ba<\/td><td>BASTIDAS, EXEQUIEL<\/td><td>FOCUS<\/td><td>21.211<\/td><\/tr><tr><td>14\u00ba<\/td><td>IANSA, GASTON<\/td><td>TIPO<\/td><td>27.951<\/td><\/tr><tr><td>15\u00ba<\/td><td>COHEN, MATIAS<\/td><td>FOCUS<\/td><td>28.730<\/td><\/tr><tr><td>16\u00ba<\/td><td>TEDESCHI, LUCAS<\/td><td>FOCUS<\/td><td>29.119<\/td><\/tr><tr><td>17\u00ba<\/td><td>TETI, JERONIMO<\/td><td>CHEVROLET CRUZE<\/td><td>40.927<\/td><\/tr><tr><td>18\u00ba<\/td><td>CHAPUR, FACUNDO<\/td><td>C-ELYSEE<\/td><td>4 VTAS<\/td><\/tr><tr><td>19\u00ba<\/td><td>MALLO, MANUEL<\/td><td>CHEVROLET CRUZE<\/td><td>5 VTAS<\/td><\/tr><tr><td>20\u00ba<\/td><td>DOMENECH, ALFONSO<\/td><td>VIRTUS<\/td><td>6 VTAS<\/td><\/tr><tr><td>21\u00ba<\/td><td>MARTINEZ, THIAGO<\/td><td>COROLLA<\/td><td>12 VTAS<\/td><\/tr><tr><td>22\u00ba<\/td><td>BARRIO, JORGE<\/td><td>CHEVROLET CRUZE<\/td><td>12 VTAS<\/td><\/tr><tr><td>23\u00ba<\/td><td>IRIBARNE, FEDERICO<\/td><td>COROLLA<\/td><td>13 VTAS<\/td><\/tr><tr><td>24\u00ba<\/td><td>CARDUCCI, LEANDRO<\/td><td>FOCUS<\/td><td>14 VTAS<\/td><\/tr><tr><td>25\u00ba<\/td><td>SEFCHEK, BLAS<\/td><td>VENTO<\/td><td>16 VTAS<\/td><\/tr><tr><td>26\u00ba<\/td><td>MALLO, SANTIAGO<\/td><td>CHEVROLET CRUZE<\/td><td>16 VTAS<\/td><\/tr><tr><td>27\u00ba<\/td><td>MARQUES, FACUNDO<\/td><td>FOCUS<\/td><td>17 VTAS<\/td><\/tr><\/tbody><\/table><\/figure>\n\n\n\n<p><strong>Promedio del 1\u00ba:&nbsp;<\/strong>140,185 km\/h.&nbsp;<strong>R\u00e9cord de vuelta:<\/strong>&nbsp;Risatti en la vuelta 2 con 1:24.912 a 141,512 km\/h.&nbsp;<strong>Excluido:&nbsp;<\/strong>Mat\u00edas Mu\u00f1oz Marchesi (Honda Civic), por maniobra peligrosa a Barrio y a Teti.&nbsp;<strong>Apercibido:&nbsp;<\/strong>Marques, por maniobra peligrosa a Teti.&nbsp;<strong>Recargado:&nbsp;<\/strong>Bastidas, por maniobra peligrosa a Quevedo.<\/p>\n","protected":false},"excerpt":{"rendered":"<p>Rodrigo Lugon impuso condiciones en la novena fecha de la Clase 3 en el Autodromo Oscar y Juan Galvez. Lucas<\/p>\n","protected":false},"author":3,"featured_media":8530,"comment_status":"open","ping_status":"open","sticky":false,"template":"","format":"standard","meta":{"colormag_page_container_layout":"default_layout","colormag_page_sidebar_layout":"default_layout","footnotes":""},"categories":[6,5],"tags":[845,142,512,829,839,822],"class_list":["post-8587","post","type-post","status-publish","format-standard","has-post-thumbnail","hentry","category-newsflash","category-latest-news","tag-200-pilotos","tag-autodromo-ba","tag-clase-3","tag-rodrigo-lugon","tag-tn-apat","tag-vw-virtus"],"yoast_head":"<!-- This site is optimized with the Yoast SEO plugin v27.5 - https:\/\/yoast.com\/product\/yoast-seo-wordpress\/ -->\n<title>Autos del Podio | Exitosa tercera edici\u00f2n de la carrera de los 200 pilotos del TN<\/title>\n<meta name=\"description\" content=\"Autos del Podio Una verdadera jornada festiva se vivi\u00f3 a lo largo de todo el fin de semana en el evento del a\u00f1o del TN\" \/>\n<meta name=\"robots\" content=\"index, follow, max-snippet:-1, max-image-preview:large, max-video-preview:-1\" \/>\n<link rel=\"canonical\" href=\"http:\/\/autosdelpodio.com\/autos\/exitosa-tercera-edicion-de-la-carrera-de-los-200-pilotos-del-tn\/\" \/>\n<meta property=\"og:locale\" content=\"es_ES\" \/>\n<meta property=\"og:type\" content=\"article\" \/>\n<meta property=\"og:title\" content=\"TN APAT\" \/>\n<meta property=\"og:description\" content=\"Una verdadera jornada festiva se vivi\u00f3 a lo largo de todo el fin de semana en el evento del a\u00f1o del TN\" \/>\n<meta property=\"og:url\" content=\"http:\/\/autosdelpodio.com\/autos\/exitosa-tercera-edicion-de-la-carrera-de-los-200-pilotos-del-tn\/\" \/>\n<meta property=\"og:site_name\" content=\"Autos del Podio\" \/>\n<meta property=\"article:publisher\" content=\"https:\/\/www.facebook.com\/profile.php?id=100057192590976&amp;amp%3bamp%3bamp%3bamp%3bamp%3bamp%3bamp%3bamp%3bamp%3bamp%3bamp%3bamp%3bamp%3bamp%3bamp%3bamp%3bamp%3bamp%3bref=ts\" \/>\n<meta property=\"article:published_time\" content=\"2025-09-07T22:12:44+00:00\" \/>\n<meta property=\"article:modified_time\" content=\"2025-09-07T22:12:45+00:00\" \/>\n<meta property=\"og:image\" content=\"http:\/\/autosdelpodio.com\/autos\/wp-content\/uploads\/2025\/08\/logo_APAT_TN.jpg\" \/>\n\t<meta property=\"og:image:width\" content=\"500\" \/>\n\t<meta property=\"og:image:height\" content=\"275\" \/>\n\t<meta property=\"og:image:type\" content=\"image\/jpeg\" \/>\n<meta name=\"author\" content=\"autosdelpodio\" \/>\n<meta name=\"twitter:card\" content=\"summary_large_image\" \/>\n<meta name=\"twitter:creator\" content=\"@autosdelpodio\" \/>\n<meta name=\"twitter:site\" content=\"@autosdelpodio\" \/>\n<meta name=\"twitter:label1\" content=\"Escrito por\" \/>\n\t<meta name=\"twitter:data1\" content=\"autosdelpodio\" \/>\n\t<meta name=\"twitter:label2\" content=\"Tiempo de lectura\" \/>\n\t<meta name=\"twitter:data2\" content=\"2 minutos\" \/>\n<script type=\"application\/ld+json\" class=\"yoast-schema-graph\">{\"@context\":\"https:\\\/\\\/schema.org\",\"@graph\":[{\"@type\":\"Article\",\"@id\":\"http:\\\/\\\/autosdelpodio.com\\\/autos\\\/exitosa-tercera-edicion-de-la-carrera-de-los-200-pilotos-del-tn\\\/#article\",\"isPartOf\":{\"@id\":\"http:\\\/\\\/autosdelpodio.com\\\/autos\\\/exitosa-tercera-edicion-de-la-carrera-de-los-200-pilotos-del-tn\\\/\"},\"author\":{\"name\":\"autosdelpodio\",\"@id\":\"http:\\\/\\\/autosdelpodio.com\\\/autos\\\/#\\\/schema\\\/person\\\/993527a4d01c3acdd3d6bce3770bc942\"},\"headline\":\"Exitosa tercera edici\u00f2n de la carrera de los 200 pilotos del TN\",\"datePublished\":\"2025-09-07T22:12:44+00:00\",\"dateModified\":\"2025-09-07T22:12:45+00:00\",\"mainEntityOfPage\":{\"@id\":\"http:\\\/\\\/autosdelpodio.com\\\/autos\\\/exitosa-tercera-edicion-de-la-carrera-de-los-200-pilotos-del-tn\\\/\"},\"wordCount\":350,\"commentCount\":0,\"publisher\":{\"@id\":\"http:\\\/\\\/autosdelpodio.com\\\/autos\\\/#organization\"},\"image\":{\"@id\":\"http:\\\/\\\/autosdelpodio.com\\\/autos\\\/exitosa-tercera-edicion-de-la-carrera-de-los-200-pilotos-del-tn\\\/#primaryimage\"},\"thumbnailUrl\":\"http:\\\/\\\/autosdelpodio.com\\\/autos\\\/wp-content\\\/uploads\\\/2025\\\/08\\\/logo_APAT_TN.jpg\",\"keywords\":[\"200 pilotos\",\"Autodromo BA\",\"Clase 3\",\"Rodrigo Lugon\",\"TN APAT\",\"VW Virtus\"],\"articleSection\":[\"Destacado\",\"\u00daltimas noticias\"],\"inLanguage\":\"es\",\"potentialAction\":[{\"@type\":\"CommentAction\",\"name\":\"Comment\",\"target\":[\"http:\\\/\\\/autosdelpodio.com\\\/autos\\\/exitosa-tercera-edicion-de-la-carrera-de-los-200-pilotos-del-tn\\\/#respond\"]}]},{\"@type\":\"WebPage\",\"@id\":\"http:\\\/\\\/autosdelpodio.com\\\/autos\\\/exitosa-tercera-edicion-de-la-carrera-de-los-200-pilotos-del-tn\\\/\",\"url\":\"http:\\\/\\\/autosdelpodio.com\\\/autos\\\/exitosa-tercera-edicion-de-la-carrera-de-los-200-pilotos-del-tn\\\/\",\"name\":\"Autos del Podio | Exitosa tercera edici\u00f2n de la carrera de los 200 pilotos del TN\",\"isPartOf\":{\"@id\":\"http:\\\/\\\/autosdelpodio.com\\\/autos\\\/#website\"},\"primaryImageOfPage\":{\"@id\":\"http:\\\/\\\/autosdelpodio.com\\\/autos\\\/exitosa-tercera-edicion-de-la-carrera-de-los-200-pilotos-del-tn\\\/#primaryimage\"},\"image\":{\"@id\":\"http:\\\/\\\/autosdelpodio.com\\\/autos\\\/exitosa-tercera-edicion-de-la-carrera-de-los-200-pilotos-del-tn\\\/#primaryimage\"},\"thumbnailUrl\":\"http:\\\/\\\/autosdelpodio.com\\\/autos\\\/wp-content\\\/uploads\\\/2025\\\/08\\\/logo_APAT_TN.jpg\",\"datePublished\":\"2025-09-07T22:12:44+00:00\",\"dateModified\":\"2025-09-07T22:12:45+00:00\",\"description\":\"Autos del Podio Una verdadera jornada festiva se vivi\u00f3 a lo largo de todo el fin de semana en el evento del a\u00f1o del TN\",\"breadcrumb\":{\"@id\":\"http:\\\/\\\/autosdelpodio.com\\\/autos\\\/exitosa-tercera-edicion-de-la-carrera-de-los-200-pilotos-del-tn\\\/#breadcrumb\"},\"inLanguage\":\"es\",\"potentialAction\":[{\"@type\":\"ReadAction\",\"target\":[\"http:\\\/\\\/autosdelpodio.com\\\/autos\\\/exitosa-tercera-edicion-de-la-carrera-de-los-200-pilotos-del-tn\\\/\"]}]},{\"@type\":\"ImageObject\",\"inLanguage\":\"es\",\"@id\":\"http:\\\/\\\/autosdelpodio.com\\\/autos\\\/exitosa-tercera-edicion-de-la-carrera-de-los-200-pilotos-del-tn\\\/#primaryimage\",\"url\":\"http:\\\/\\\/autosdelpodio.com\\\/autos\\\/wp-content\\\/uploads\\\/2025\\\/08\\\/logo_APAT_TN.jpg\",\"contentUrl\":\"http:\\\/\\\/autosdelpodio.com\\\/autos\\\/wp-content\\\/uploads\\\/2025\\\/08\\\/logo_APAT_TN.jpg\",\"width\":500,\"height\":275},{\"@type\":\"BreadcrumbList\",\"@id\":\"http:\\\/\\\/autosdelpodio.com\\\/autos\\\/exitosa-tercera-edicion-de-la-carrera-de-los-200-pilotos-del-tn\\\/#breadcrumb\",\"itemListElement\":[{\"@type\":\"ListItem\",\"position\":1,\"name\":\"Portada\",\"item\":\"http:\\\/\\\/autosdelpodio.com\\\/autos\\\/\"},{\"@type\":\"ListItem\",\"position\":2,\"name\":\"Exitosa tercera edici\u00f2n de la carrera de los 200 pilotos del TN\"}]},{\"@type\":\"WebSite\",\"@id\":\"http:\\\/\\\/autosdelpodio.com\\\/autos\\\/#website\",\"url\":\"http:\\\/\\\/autosdelpodio.com\\\/autos\\\/\",\"name\":\"Autos del Podio\",\"description\":\"La sexta del deporte motor\",\"publisher\":{\"@id\":\"http:\\\/\\\/autosdelpodio.com\\\/autos\\\/#organization\"},\"potentialAction\":[{\"@type\":\"SearchAction\",\"target\":{\"@type\":\"EntryPoint\",\"urlTemplate\":\"http:\\\/\\\/autosdelpodio.com\\\/autos\\\/?s={search_term_string}\"},\"query-input\":{\"@type\":\"PropertyValueSpecification\",\"valueRequired\":true,\"valueName\":\"search_term_string\"}}],\"inLanguage\":\"es\"},{\"@type\":\"Organization\",\"@id\":\"http:\\\/\\\/autosdelpodio.com\\\/autos\\\/#organization\",\"name\":\"Autos del Podio\",\"url\":\"http:\\\/\\\/autosdelpodio.com\\\/autos\\\/\",\"logo\":{\"@type\":\"ImageObject\",\"inLanguage\":\"es\",\"@id\":\"http:\\\/\\\/autosdelpodio.com\\\/autos\\\/#\\\/schema\\\/logo\\\/image\\\/\",\"url\":\"http:\\\/\\\/autosdelpodio.com\\\/autos\\\/wp-content\\\/uploads\\\/2020\\\/08\\\/Logo_AR.jpg\",\"contentUrl\":\"http:\\\/\\\/autosdelpodio.com\\\/autos\\\/wp-content\\\/uploads\\\/2020\\\/08\\\/Logo_AR.jpg\",\"width\":1038,\"height\":1044,\"caption\":\"Autos del Podio\"},\"image\":{\"@id\":\"http:\\\/\\\/autosdelpodio.com\\\/autos\\\/#\\\/schema\\\/logo\\\/image\\\/\"},\"sameAs\":[\"https:\\\/\\\/www.facebook.com\\\/profile.php?id=100057192590976&amp;amp;amp;amp;amp;amp;amp;amp;amp;amp;amp;amp;amp;amp;amp;amp;amp;amp;ref=ts\",\"https:\\\/\\\/x.com\\\/autosdelpodio\",\"https:\\\/\\\/www.youtube.com\\\/user\\\/AutosdelPodio\"]},{\"@type\":\"Person\",\"@id\":\"http:\\\/\\\/autosdelpodio.com\\\/autos\\\/#\\\/schema\\\/person\\\/993527a4d01c3acdd3d6bce3770bc942\",\"name\":\"autosdelpodio\",\"image\":{\"@type\":\"ImageObject\",\"inLanguage\":\"es\",\"@id\":\"http:\\\/\\\/autosdelpodio.com\\\/autos\\\/wp-content\\\/litespeed\\\/avatar\\\/aa8f65cd201a80f6b844f63278aa84af.jpg?ver=1777403005\",\"url\":\"http:\\\/\\\/autosdelpodio.com\\\/autos\\\/wp-content\\\/litespeed\\\/avatar\\\/aa8f65cd201a80f6b844f63278aa84af.jpg?ver=1777403005\",\"contentUrl\":\"http:\\\/\\\/autosdelpodio.com\\\/autos\\\/wp-content\\\/litespeed\\\/avatar\\\/aa8f65cd201a80f6b844f63278aa84af.jpg?ver=1777403005\",\"caption\":\"autosdelpodio\"}}]}<\/script>\n<!-- \/ Yoast SEO plugin. -->","yoast_head_json":{"title":"Autos del Podio | Exitosa tercera edici\u00f2n de la carrera de los 200 pilotos del TN","description":"Autos del Podio Una verdadera jornada festiva se vivi\u00f3 a lo largo de todo el fin de semana en el evento del a\u00f1o del TN","robots":{"index":"index","follow":"follow","max-snippet":"max-snippet:-1","max-image-preview":"max-image-preview:large","max-video-preview":"max-video-preview:-1"},"canonical":"http:\/\/autosdelpodio.com\/autos\/exitosa-tercera-edicion-de-la-carrera-de-los-200-pilotos-del-tn\/","og_locale":"es_ES","og_type":"article","og_title":"TN APAT","og_description":"Una verdadera jornada festiva se vivi\u00f3 a lo largo de todo el fin de semana en el evento del a\u00f1o del TN","og_url":"http:\/\/autosdelpodio.com\/autos\/exitosa-tercera-edicion-de-la-carrera-de-los-200-pilotos-del-tn\/","og_site_name":"Autos del Podio","article_publisher":"https:\/\/www.facebook.com\/profile.php?id=100057192590976&amp%3bamp%3bamp%3bamp%3bamp%3bamp%3bamp%3bamp%3bamp%3bamp%3bamp%3bamp%3bamp%3bamp%3bamp%3bamp%3bamp%3bamp%3bref=ts","article_published_time":"2025-09-07T22:12:44+00:00","article_modified_time":"2025-09-07T22:12:45+00:00","og_image":[{"width":500,"height":275,"url":"http:\/\/autosdelpodio.com\/autos\/wp-content\/uploads\/2025\/08\/logo_APAT_TN.jpg","type":"image\/jpeg"}],"author":"autosdelpodio","twitter_card":"summary_large_image","twitter_creator":"@autosdelpodio","twitter_site":"@autosdelpodio","twitter_misc":{"Escrito por":"autosdelpodio","Tiempo de lectura":"2 minutos"},"schema":{"@context":"https:\/\/schema.org","@graph":[{"@type":"Article","@id":"http:\/\/autosdelpodio.com\/autos\/exitosa-tercera-edicion-de-la-carrera-de-los-200-pilotos-del-tn\/#article","isPartOf":{"@id":"http:\/\/autosdelpodio.com\/autos\/exitosa-tercera-edicion-de-la-carrera-de-los-200-pilotos-del-tn\/"},"author":{"name":"autosdelpodio","@id":"http:\/\/autosdelpodio.com\/autos\/#\/schema\/person\/993527a4d01c3acdd3d6bce3770bc942"},"headline":"Exitosa tercera edici\u00f2n de la carrera de los 200 pilotos del TN","datePublished":"2025-09-07T22:12:44+00:00","dateModified":"2025-09-07T22:12:45+00:00","mainEntityOfPage":{"@id":"http:\/\/autosdelpodio.com\/autos\/exitosa-tercera-edicion-de-la-carrera-de-los-200-pilotos-del-tn\/"},"wordCount":350,"commentCount":0,"publisher":{"@id":"http:\/\/autosdelpodio.com\/autos\/#organization"},"image":{"@id":"http:\/\/autosdelpodio.com\/autos\/exitosa-tercera-edicion-de-la-carrera-de-los-200-pilotos-del-tn\/#primaryimage"},"thumbnailUrl":"http:\/\/autosdelpodio.com\/autos\/wp-content\/uploads\/2025\/08\/logo_APAT_TN.jpg","keywords":["200 pilotos","Autodromo BA","Clase 3","Rodrigo Lugon","TN APAT","VW Virtus"],"articleSection":["Destacado","\u00daltimas noticias"],"inLanguage":"es","potentialAction":[{"@type":"CommentAction","name":"Comment","target":["http:\/\/autosdelpodio.com\/autos\/exitosa-tercera-edicion-de-la-carrera-de-los-200-pilotos-del-tn\/#respond"]}]},{"@type":"WebPage","@id":"http:\/\/autosdelpodio.com\/autos\/exitosa-tercera-edicion-de-la-carrera-de-los-200-pilotos-del-tn\/","url":"http:\/\/autosdelpodio.com\/autos\/exitosa-tercera-edicion-de-la-carrera-de-los-200-pilotos-del-tn\/","name":"Autos del Podio | Exitosa tercera edici\u00f2n de la carrera de los 200 pilotos del TN","isPartOf":{"@id":"http:\/\/autosdelpodio.com\/autos\/#website"},"primaryImageOfPage":{"@id":"http:\/\/autosdelpodio.com\/autos\/exitosa-tercera-edicion-de-la-carrera-de-los-200-pilotos-del-tn\/#primaryimage"},"image":{"@id":"http:\/\/autosdelpodio.com\/autos\/exitosa-tercera-edicion-de-la-carrera-de-los-200-pilotos-del-tn\/#primaryimage"},"thumbnailUrl":"http:\/\/autosdelpodio.com\/autos\/wp-content\/uploads\/2025\/08\/logo_APAT_TN.jpg","datePublished":"2025-09-07T22:12:44+00:00","dateModified":"2025-09-07T22:12:45+00:00","description":"Autos del Podio Una verdadera jornada festiva se vivi\u00f3 a lo largo de todo el fin de semana en el evento del a\u00f1o del TN","breadcrumb":{"@id":"http:\/\/autosdelpodio.com\/autos\/exitosa-tercera-edicion-de-la-carrera-de-los-200-pilotos-del-tn\/#breadcrumb"},"inLanguage":"es","potentialAction":[{"@type":"ReadAction","target":["http:\/\/autosdelpodio.com\/autos\/exitosa-tercera-edicion-de-la-carrera-de-los-200-pilotos-del-tn\/"]}]},{"@type":"ImageObject","inLanguage":"es","@id":"http:\/\/autosdelpodio.com\/autos\/exitosa-tercera-edicion-de-la-carrera-de-los-200-pilotos-del-tn\/#primaryimage","url":"http:\/\/autosdelpodio.com\/autos\/wp-content\/uploads\/2025\/08\/logo_APAT_TN.jpg","contentUrl":"http:\/\/autosdelpodio.com\/autos\/wp-content\/uploads\/2025\/08\/logo_APAT_TN.jpg","width":500,"height":275},{"@type":"BreadcrumbList","@id":"http:\/\/autosdelpodio.com\/autos\/exitosa-tercera-edicion-de-la-carrera-de-los-200-pilotos-del-tn\/#breadcrumb","itemListElement":[{"@type":"ListItem","position":1,"name":"Portada","item":"http:\/\/autosdelpodio.com\/autos\/"},{"@type":"ListItem","position":2,"name":"Exitosa tercera edici\u00f2n de la carrera de los 200 pilotos del TN"}]},{"@type":"WebSite","@id":"http:\/\/autosdelpodio.com\/autos\/#website","url":"http:\/\/autosdelpodio.com\/autos\/","name":"Autos del Podio","description":"La sexta del deporte motor","publisher":{"@id":"http:\/\/autosdelpodio.com\/autos\/#organization"},"potentialAction":[{"@type":"SearchAction","target":{"@type":"EntryPoint","urlTemplate":"http:\/\/autosdelpodio.com\/autos\/?s={search_term_string}"},"query-input":{"@type":"PropertyValueSpecification","valueRequired":true,"valueName":"search_term_string"}}],"inLanguage":"es"},{"@type":"Organization","@id":"http:\/\/autosdelpodio.com\/autos\/#organization","name":"Autos del Podio","url":"http:\/\/autosdelpodio.com\/autos\/","logo":{"@type":"ImageObject","inLanguage":"es","@id":"http:\/\/autosdelpodio.com\/autos\/#\/schema\/logo\/image\/","url":"http:\/\/autosdelpodio.com\/autos\/wp-content\/uploads\/2020\/08\/Logo_AR.jpg","contentUrl":"http:\/\/autosdelpodio.com\/autos\/wp-content\/uploads\/2020\/08\/Logo_AR.jpg","width":1038,"height":1044,"caption":"Autos del Podio"},"image":{"@id":"http:\/\/autosdelpodio.com\/autos\/#\/schema\/logo\/image\/"},"sameAs":["https:\/\/www.facebook.com\/profile.php?id=100057192590976&amp;amp;amp;amp;amp;amp;amp;amp;amp;amp;amp;amp;amp;amp;amp;amp;amp;amp;ref=ts","https:\/\/x.com\/autosdelpodio","https:\/\/www.youtube.com\/user\/AutosdelPodio"]},{"@type":"Person","@id":"http:\/\/autosdelpodio.com\/autos\/#\/schema\/person\/993527a4d01c3acdd3d6bce3770bc942","name":"autosdelpodio","image":{"@type":"ImageObject","inLanguage":"es","@id":"http:\/\/autosdelpodio.com\/autos\/wp-content\/litespeed\/avatar\/aa8f65cd201a80f6b844f63278aa84af.jpg?ver=1777403005","url":"http:\/\/autosdelpodio.com\/autos\/wp-content\/litespeed\/avatar\/aa8f65cd201a80f6b844f63278aa84af.jpg?ver=1777403005","contentUrl":"http:\/\/autosdelpodio.com\/autos\/wp-content\/litespeed\/avatar\/aa8f65cd201a80f6b844f63278aa84af.jpg?ver=1777403005","caption":"autosdelpodio"}}]}},"views":392,"_links":{"self":[{"href":"http:\/\/autosdelpodio.com\/autos\/wp-json\/wp\/v2\/posts\/8587","targetHints":{"allow":["GET"]}}],"collection":[{"href":"http:\/\/autosdelpodio.com\/autos\/wp-json\/wp\/v2\/posts"}],"about":[{"href":"http:\/\/autosdelpodio.com\/autos\/wp-json\/wp\/v2\/types\/post"}],"author":[{"embeddable":true,"href":"http:\/\/autosdelpodio.com\/autos\/wp-json\/wp\/v2\/users\/3"}],"replies":[{"embeddable":true,"href":"http:\/\/autosdelpodio.com\/autos\/wp-json\/wp\/v2\/comments?post=8587"}],"version-history":[{"count":2,"href":"http:\/\/autosdelpodio.com\/autos\/wp-json\/wp\/v2\/posts\/8587\/revisions"}],"predecessor-version":[{"id":8589,"href":"http:\/\/autosdelpodio.com\/autos\/wp-json\/wp\/v2\/posts\/8587\/revisions\/8589"}],"wp:featuredmedia":[{"embeddable":true,"href":"http:\/\/autosdelpodio.com\/autos\/wp-json\/wp\/v2\/media\/8530"}],"wp:attachment":[{"href":"http:\/\/autosdelpodio.com\/autos\/wp-json\/wp\/v2\/media?parent=8587"}],"wp:term":[{"taxonomy":"category","embeddable":true,"href":"http:\/\/autosdelpodio.com\/autos\/wp-json\/wp\/v2\/categories?post=8587"},{"taxonomy":"post_tag","embeddable":true,"href":"http:\/\/autosdelpodio.com\/autos\/wp-json\/wp\/v2\/tags?post=8587"}],"curies":[{"name":"wp","href":"https:\/\/api.w.org\/{rel}","templated":true}]}}