{"id":8590,"date":"2025-09-07T19:30:50","date_gmt":"2025-09-07T22:30:50","guid":{"rendered":"https:\/\/autosdelpodio.com\/autos\/?p=8590"},"modified":"2025-09-07T19:34:13","modified_gmt":"2025-09-07T22:34:13","slug":"nunca-descarten-a-vers","status":"publish","type":"post","link":"http:\/\/autosdelpodio.com\/autos\/nunca-descarten-a-vers\/","title":{"rendered":"Nunca descarten a Vers"},"content":{"rendered":"\n<p>Max Verstappen volvi\u00f3 con todo a ganar en la Formula Uno nada menos que en el Gran Premio de Monza por delante de Lando Norris y Oscar Piastri. Franco Colapinto pudo finalizar en el puesto 17 con Alpine.<br>Mas all\u00e1 del triunfo del monarca con Red Bull, el campeonato lo sigue encabezando Piastri con 324 puntos, 29 por delante de su compa\u00f1ero en Mc Laren Norris y a 94 unidades del vencedor Verstappen.<br>La continuidad del calendario se mudar\u00e1 al continente asi\u00e1tico del 19 al 21 de septiembre en el circuito callejero de Bak\u00fa, correspondiente al Gran Premio de Azerbaiy\u00e1n.<\/p>\n\n\n\n<p><strong><em>Final a 53 vueltas &#8211; GP de Italia II<\/em><\/strong><\/p>\n\n\n\n<figure class=\"wp-block-table\"><table class=\"has-fixed-layout\"><tbody><tr><td>1<\/td><td>1<\/td><td>Max&nbsp;Verstappen<\/td><td>Red Bull Racing<\/td><td>53<\/td><td>1:13:24.325<\/td><\/tr><tr><td>2<\/td><td>4<\/td><td>Lando&nbsp;Norris<\/td><td>McLaren<\/td><td>53<\/td><td>19.207<\/td><\/tr><tr><td>3<\/td><td>81<\/td><td>Oscar&nbsp;Piastri<\/td><td>McLaren<\/td><td>53<\/td><td>21.351<\/td><\/tr><tr><td>4<\/td><td>16<\/td><td>Charles&nbsp;Leclerc<\/td><td>Ferrari<\/td><td>53<\/td><td>25.624<\/td><\/tr><tr><td>5<\/td><td>63<\/td><td>George&nbsp;Russell<\/td><td>Mercedes<\/td><td>53<\/td><td>32.881<\/td><\/tr><tr><td>6<\/td><td>44<\/td><td>Lewis&nbsp;Hamilton<\/td><td>Ferrari<\/td><td>53<\/td><td>37.449<\/td><\/tr><tr><td>7<\/td><td>23<\/td><td>Alexander&nbsp;Albon<\/td><td>Williams<\/td><td>53<\/td><td>50.537<\/td><\/tr><tr><td>8<\/td><td>5<\/td><td>Gabriel&nbsp;Bortoleto<\/td><td>Kick Sauber<\/td><td>53<\/td><td>58.484<\/td><\/tr><tr><td>9<\/td><td>12<\/td><td>Kimi&nbsp;Antonelli*<\/td><td>Mercedes<\/td><td>53<\/td><td>59.762<\/td><\/tr><tr><td>10<\/td><td>6<\/td><td>Isack&nbsp;Hadjar<\/td><td>Racing Bulls<\/td><td>53<\/td><td>1:03.891<\/td><\/tr><tr><td>11<\/td><td>55<\/td><td>Carlos&nbsp;Sainz<\/td><td>Williams<\/td><td>53<\/td><td>1:04.469<\/td><\/tr><tr><td>12<\/td><td>87<\/td><td>Oliver&nbsp;Bearman**<\/td><td>Haas<\/td><td>53<\/td><td>1:19.288<\/td><\/tr><tr><td>13<\/td><td>22<\/td><td>Yuki&nbsp;Tsunoda<\/td><td>Red Bull Racing<\/td><td>53<\/td><td>1:20.701<\/td><\/tr><tr><td>14<\/td><td>30<\/td><td>Liam&nbsp;Lawson<\/td><td>Racing Bulls<\/td><td>53<\/td><td>1:22.351<\/td><\/tr><tr><td>15<\/td><td>31<\/td><td>Esteban&nbsp;Ocon***<\/td><td>Haas<\/td><td>52<\/td><td>-1 vta<\/td><\/tr><tr><td>16<\/td><td>10<\/td><td>Pierre&nbsp;Gasly<\/td><td>Alpine<\/td><td>52<\/td><td>-1 vta<\/td><\/tr><tr><td><strong>17<\/strong><\/td><td><strong>43<\/strong><\/td><td><strong>Franco&nbsp;Colapinto<\/strong><\/td><td><strong>Alpine<\/strong><\/td><td><strong>52<\/strong><\/td><td><strong>-1 vta<\/strong><\/td><\/tr><tr><td>18<\/td><td>18<\/td><td>Lance&nbsp;Stroll<\/td><td>Aston Martin<\/td><td>52<\/td><td>-1 vta<\/td><\/tr><tr><td>NC<\/td><td>14<\/td><td>Fernando&nbsp;Alonso<\/td><td>Aston Martin<\/td><td>24<\/td><td>\u2013<\/td><\/tr><tr><td>NC<\/td><td>27<\/td><td>Nico&nbsp;Hulkenberg<\/td><td>Kick Sauber<\/td><td>0<\/td><td>\u2013<\/td><\/tr><tr><td colspan=\"6\">PROMEDIO: 250,959 Km\/h.<\/td><\/tr><tr><td colspan=\"6\">R\u00c9CORD DE VUELTA: NORRIS \u2013 1m20s901 a 257,782 Km\/h.<\/td><\/tr><tr><td colspan=\"6\">*ANTONELLI FUE SANCIONADO CON 5 SEGUNDOS POR CONDUCCI\u00d3N RIESGOSA<\/td><\/tr><tr><td colspan=\"6\">**BEARMAN FUE SANCIONADO CON 10 SEGUNDOS POR CAUSAR COLISI\u00d3N<\/td><\/tr><tr><td colspan=\"6\">***OCON FUE SANCIONADO CON 5 SEGUNDOS POR MANIOBRA PELIGROSA SOBRE STROLL<\/td><\/tr><\/tbody><\/table><\/figure>\n","protected":false},"excerpt":{"rendered":"<p>Max Verstappen volvi\u00f3 con todo a ganar en la Formula Uno nada menos que en el Gran Premio de Monza<\/p>\n","protected":false},"author":3,"featured_media":1751,"comment_status":"open","ping_status":"open","sticky":false,"template":"","format":"standard","meta":{"colormag_page_container_layout":"default_layout","colormag_page_sidebar_layout":"default_layout","footnotes":""},"categories":[6,5],"tags":[75,612,47,310,311],"class_list":["post-8590","post","type-post","status-publish","format-standard","has-post-thumbnail","hentry","category-newsflash","category-latest-news","tag-formula-1","tag-gp-monza","tag-italia","tag-max-verstappen","tag-red-bull"],"yoast_head":"<!-- This site is optimized with the Yoast SEO plugin v27.5 - https:\/\/yoast.com\/product\/yoast-seo-wordpress\/ -->\n<title>Autos del Podio | Nunca descarten a Vers<\/title>\n<meta name=\"description\" content=\"Autos del Podio El tetracampe\u00f3n Max Verstappen celebr\u00f3 su 66\u00aa victoria en el GP de Monza de Formula 1\" \/>\n<meta name=\"robots\" content=\"index, follow, max-snippet:-1, max-image-preview:large, max-video-preview:-1\" \/>\n<link rel=\"canonical\" href=\"https:\/\/autosdelpodio.com\/autos\/nunca-descarten-a-vers\/\" \/>\n<meta property=\"og:locale\" content=\"es_ES\" \/>\n<meta property=\"og:type\" content=\"article\" \/>\n<meta property=\"og:title\" content=\"GP de Monza de Formula 1\" \/>\n<meta property=\"og:description\" content=\"El tetracampe\u00f3n Max Verstappen celebr\u00f3 su 66\u00aa victoria en el GP de Monza de Formula 1\" \/>\n<meta property=\"og:url\" content=\"https:\/\/autosdelpodio.com\/autos\/nunca-descarten-a-vers\/\" \/>\n<meta property=\"og:site_name\" content=\"Autos del Podio\" \/>\n<meta property=\"article:publisher\" content=\"https:\/\/www.facebook.com\/profile.php?id=100057192590976&amp;amp%3bamp%3bamp%3bamp%3bamp%3bamp%3bamp%3bamp%3bamp%3bamp%3bamp%3bamp%3bamp%3bamp%3bamp%3bamp%3bamp%3bamp%3bref=ts\" \/>\n<meta property=\"article:published_time\" content=\"2025-09-07T22:30:50+00:00\" \/>\n<meta property=\"article:modified_time\" content=\"2025-09-07T22:34:13+00:00\" \/>\n<meta property=\"og:image\" content=\"https:\/\/autosdelpodio.com\/autos\/wp-content\/uploads\/2020\/04\/Logo_F1_-e1621029352226.jpg\" \/>\n\t<meta property=\"og:image:width\" content=\"500\" \/>\n\t<meta property=\"og:image:height\" content=\"278\" \/>\n\t<meta property=\"og:image:type\" content=\"image\/jpeg\" \/>\n<meta name=\"author\" content=\"autosdelpodio\" \/>\n<meta name=\"twitter:card\" content=\"summary_large_image\" \/>\n<meta name=\"twitter:creator\" content=\"@autosdelpodio\" \/>\n<meta name=\"twitter:site\" content=\"@autosdelpodio\" \/>\n<meta name=\"twitter:label1\" content=\"Escrito por\" \/>\n\t<meta name=\"twitter:data1\" content=\"autosdelpodio\" \/>\n\t<meta name=\"twitter:label2\" content=\"Tiempo de lectura\" \/>\n\t<meta name=\"twitter:data2\" content=\"2 minutos\" \/>\n<script type=\"application\/ld+json\" class=\"yoast-schema-graph\">{\"@context\":\"https:\\\/\\\/schema.org\",\"@graph\":[{\"@type\":\"Article\",\"@id\":\"https:\\\/\\\/autosdelpodio.com\\\/autos\\\/nunca-descarten-a-vers\\\/#article\",\"isPartOf\":{\"@id\":\"https:\\\/\\\/autosdelpodio.com\\\/autos\\\/nunca-descarten-a-vers\\\/\"},\"author\":{\"name\":\"autosdelpodio\",\"@id\":\"http:\\\/\\\/autosdelpodio.com\\\/autos\\\/#\\\/schema\\\/person\\\/993527a4d01c3acdd3d6bce3770bc942\"},\"headline\":\"Nunca descarten a Vers\",\"datePublished\":\"2025-09-07T22:30:50+00:00\",\"dateModified\":\"2025-09-07T22:34:13+00:00\",\"mainEntityOfPage\":{\"@id\":\"https:\\\/\\\/autosdelpodio.com\\\/autos\\\/nunca-descarten-a-vers\\\/\"},\"wordCount\":250,\"commentCount\":1,\"publisher\":{\"@id\":\"http:\\\/\\\/autosdelpodio.com\\\/autos\\\/#organization\"},\"image\":{\"@id\":\"https:\\\/\\\/autosdelpodio.com\\\/autos\\\/nunca-descarten-a-vers\\\/#primaryimage\"},\"thumbnailUrl\":\"http:\\\/\\\/autosdelpodio.com\\\/autos\\\/wp-content\\\/uploads\\\/2020\\\/04\\\/Logo_F1_-e1621029352226.jpg\",\"keywords\":[\"Formula 1\",\"GP Monza\",\"Italia\",\"Max Verstappen\",\"Red Bull\"],\"articleSection\":[\"Destacado\",\"\u00daltimas noticias\"],\"inLanguage\":\"es\",\"potentialAction\":[{\"@type\":\"CommentAction\",\"name\":\"Comment\",\"target\":[\"https:\\\/\\\/autosdelpodio.com\\\/autos\\\/nunca-descarten-a-vers\\\/#respond\"]}]},{\"@type\":\"WebPage\",\"@id\":\"https:\\\/\\\/autosdelpodio.com\\\/autos\\\/nunca-descarten-a-vers\\\/\",\"url\":\"https:\\\/\\\/autosdelpodio.com\\\/autos\\\/nunca-descarten-a-vers\\\/\",\"name\":\"Autos del Podio | Nunca descarten a Vers\",\"isPartOf\":{\"@id\":\"http:\\\/\\\/autosdelpodio.com\\\/autos\\\/#website\"},\"primaryImageOfPage\":{\"@id\":\"https:\\\/\\\/autosdelpodio.com\\\/autos\\\/nunca-descarten-a-vers\\\/#primaryimage\"},\"image\":{\"@id\":\"https:\\\/\\\/autosdelpodio.com\\\/autos\\\/nunca-descarten-a-vers\\\/#primaryimage\"},\"thumbnailUrl\":\"http:\\\/\\\/autosdelpodio.com\\\/autos\\\/wp-content\\\/uploads\\\/2020\\\/04\\\/Logo_F1_-e1621029352226.jpg\",\"datePublished\":\"2025-09-07T22:30:50+00:00\",\"dateModified\":\"2025-09-07T22:34:13+00:00\",\"description\":\"Autos del Podio El tetracampe\u00f3n Max Verstappen celebr\u00f3 su 66\u00aa victoria en el GP de Monza de Formula 1\",\"breadcrumb\":{\"@id\":\"https:\\\/\\\/autosdelpodio.com\\\/autos\\\/nunca-descarten-a-vers\\\/#breadcrumb\"},\"inLanguage\":\"es\",\"potentialAction\":[{\"@type\":\"ReadAction\",\"target\":[\"https:\\\/\\\/autosdelpodio.com\\\/autos\\\/nunca-descarten-a-vers\\\/\"]}]},{\"@type\":\"ImageObject\",\"inLanguage\":\"es\",\"@id\":\"https:\\\/\\\/autosdelpodio.com\\\/autos\\\/nunca-descarten-a-vers\\\/#primaryimage\",\"url\":\"http:\\\/\\\/autosdelpodio.com\\\/autos\\\/wp-content\\\/uploads\\\/2020\\\/04\\\/Logo_F1_-e1621029352226.jpg\",\"contentUrl\":\"http:\\\/\\\/autosdelpodio.com\\\/autos\\\/wp-content\\\/uploads\\\/2020\\\/04\\\/Logo_F1_-e1621029352226.jpg\",\"width\":500,\"height\":278},{\"@type\":\"BreadcrumbList\",\"@id\":\"https:\\\/\\\/autosdelpodio.com\\\/autos\\\/nunca-descarten-a-vers\\\/#breadcrumb\",\"itemListElement\":[{\"@type\":\"ListItem\",\"position\":1,\"name\":\"Portada\",\"item\":\"http:\\\/\\\/autosdelpodio.com\\\/autos\\\/\"},{\"@type\":\"ListItem\",\"position\":2,\"name\":\"Nunca descarten a Vers\"}]},{\"@type\":\"WebSite\",\"@id\":\"http:\\\/\\\/autosdelpodio.com\\\/autos\\\/#website\",\"url\":\"http:\\\/\\\/autosdelpodio.com\\\/autos\\\/\",\"name\":\"Autos del Podio\",\"description\":\"La sexta del deporte motor\",\"publisher\":{\"@id\":\"http:\\\/\\\/autosdelpodio.com\\\/autos\\\/#organization\"},\"potentialAction\":[{\"@type\":\"SearchAction\",\"target\":{\"@type\":\"EntryPoint\",\"urlTemplate\":\"http:\\\/\\\/autosdelpodio.com\\\/autos\\\/?s={search_term_string}\"},\"query-input\":{\"@type\":\"PropertyValueSpecification\",\"valueRequired\":true,\"valueName\":\"search_term_string\"}}],\"inLanguage\":\"es\"},{\"@type\":\"Organization\",\"@id\":\"http:\\\/\\\/autosdelpodio.com\\\/autos\\\/#organization\",\"name\":\"Autos del Podio\",\"url\":\"http:\\\/\\\/autosdelpodio.com\\\/autos\\\/\",\"logo\":{\"@type\":\"ImageObject\",\"inLanguage\":\"es\",\"@id\":\"http:\\\/\\\/autosdelpodio.com\\\/autos\\\/#\\\/schema\\\/logo\\\/image\\\/\",\"url\":\"http:\\\/\\\/autosdelpodio.com\\\/autos\\\/wp-content\\\/uploads\\\/2020\\\/08\\\/Logo_AR.jpg\",\"contentUrl\":\"http:\\\/\\\/autosdelpodio.com\\\/autos\\\/wp-content\\\/uploads\\\/2020\\\/08\\\/Logo_AR.jpg\",\"width\":1038,\"height\":1044,\"caption\":\"Autos del Podio\"},\"image\":{\"@id\":\"http:\\\/\\\/autosdelpodio.com\\\/autos\\\/#\\\/schema\\\/logo\\\/image\\\/\"},\"sameAs\":[\"https:\\\/\\\/www.facebook.com\\\/profile.php?id=100057192590976&amp;amp;amp;amp;amp;amp;amp;amp;amp;amp;amp;amp;amp;amp;amp;amp;amp;amp;ref=ts\",\"https:\\\/\\\/x.com\\\/autosdelpodio\",\"https:\\\/\\\/www.youtube.com\\\/user\\\/AutosdelPodio\"]},{\"@type\":\"Person\",\"@id\":\"http:\\\/\\\/autosdelpodio.com\\\/autos\\\/#\\\/schema\\\/person\\\/993527a4d01c3acdd3d6bce3770bc942\",\"name\":\"autosdelpodio\",\"image\":{\"@type\":\"ImageObject\",\"inLanguage\":\"es\",\"@id\":\"http:\\\/\\\/autosdelpodio.com\\\/autos\\\/wp-content\\\/litespeed\\\/avatar\\\/aa8f65cd201a80f6b844f63278aa84af.jpg?ver=1777403005\",\"url\":\"http:\\\/\\\/autosdelpodio.com\\\/autos\\\/wp-content\\\/litespeed\\\/avatar\\\/aa8f65cd201a80f6b844f63278aa84af.jpg?ver=1777403005\",\"contentUrl\":\"http:\\\/\\\/autosdelpodio.com\\\/autos\\\/wp-content\\\/litespeed\\\/avatar\\\/aa8f65cd201a80f6b844f63278aa84af.jpg?ver=1777403005\",\"caption\":\"autosdelpodio\"}}]}<\/script>\n<!-- \/ Yoast SEO plugin. -->","yoast_head_json":{"title":"Autos del Podio | Nunca descarten a Vers","description":"Autos del Podio El tetracampe\u00f3n Max Verstappen celebr\u00f3 su 66\u00aa victoria en el GP de Monza de Formula 1","robots":{"index":"index","follow":"follow","max-snippet":"max-snippet:-1","max-image-preview":"max-image-preview:large","max-video-preview":"max-video-preview:-1"},"canonical":"https:\/\/autosdelpodio.com\/autos\/nunca-descarten-a-vers\/","og_locale":"es_ES","og_type":"article","og_title":"GP de Monza de Formula 1","og_description":"El tetracampe\u00f3n Max Verstappen celebr\u00f3 su 66\u00aa victoria en el GP de Monza de Formula 1","og_url":"https:\/\/autosdelpodio.com\/autos\/nunca-descarten-a-vers\/","og_site_name":"Autos del Podio","article_publisher":"https:\/\/www.facebook.com\/profile.php?id=100057192590976&amp%3bamp%3bamp%3bamp%3bamp%3bamp%3bamp%3bamp%3bamp%3bamp%3bamp%3bamp%3bamp%3bamp%3bamp%3bamp%3bamp%3bamp%3bref=ts","article_published_time":"2025-09-07T22:30:50+00:00","article_modified_time":"2025-09-07T22:34:13+00:00","og_image":[{"width":500,"height":278,"url":"https:\/\/autosdelpodio.com\/autos\/wp-content\/uploads\/2020\/04\/Logo_F1_-e1621029352226.jpg","type":"image\/jpeg"}],"author":"autosdelpodio","twitter_card":"summary_large_image","twitter_creator":"@autosdelpodio","twitter_site":"@autosdelpodio","twitter_misc":{"Escrito por":"autosdelpodio","Tiempo de lectura":"2 minutos"},"schema":{"@context":"https:\/\/schema.org","@graph":[{"@type":"Article","@id":"https:\/\/autosdelpodio.com\/autos\/nunca-descarten-a-vers\/#article","isPartOf":{"@id":"https:\/\/autosdelpodio.com\/autos\/nunca-descarten-a-vers\/"},"author":{"name":"autosdelpodio","@id":"http:\/\/autosdelpodio.com\/autos\/#\/schema\/person\/993527a4d01c3acdd3d6bce3770bc942"},"headline":"Nunca descarten a Vers","datePublished":"2025-09-07T22:30:50+00:00","dateModified":"2025-09-07T22:34:13+00:00","mainEntityOfPage":{"@id":"https:\/\/autosdelpodio.com\/autos\/nunca-descarten-a-vers\/"},"wordCount":250,"commentCount":1,"publisher":{"@id":"http:\/\/autosdelpodio.com\/autos\/#organization"},"image":{"@id":"https:\/\/autosdelpodio.com\/autos\/nunca-descarten-a-vers\/#primaryimage"},"thumbnailUrl":"http:\/\/autosdelpodio.com\/autos\/wp-content\/uploads\/2020\/04\/Logo_F1_-e1621029352226.jpg","keywords":["Formula 1","GP Monza","Italia","Max Verstappen","Red Bull"],"articleSection":["Destacado","\u00daltimas noticias"],"inLanguage":"es","potentialAction":[{"@type":"CommentAction","name":"Comment","target":["https:\/\/autosdelpodio.com\/autos\/nunca-descarten-a-vers\/#respond"]}]},{"@type":"WebPage","@id":"https:\/\/autosdelpodio.com\/autos\/nunca-descarten-a-vers\/","url":"https:\/\/autosdelpodio.com\/autos\/nunca-descarten-a-vers\/","name":"Autos del Podio | Nunca descarten a Vers","isPartOf":{"@id":"http:\/\/autosdelpodio.com\/autos\/#website"},"primaryImageOfPage":{"@id":"https:\/\/autosdelpodio.com\/autos\/nunca-descarten-a-vers\/#primaryimage"},"image":{"@id":"https:\/\/autosdelpodio.com\/autos\/nunca-descarten-a-vers\/#primaryimage"},"thumbnailUrl":"http:\/\/autosdelpodio.com\/autos\/wp-content\/uploads\/2020\/04\/Logo_F1_-e1621029352226.jpg","datePublished":"2025-09-07T22:30:50+00:00","dateModified":"2025-09-07T22:34:13+00:00","description":"Autos del Podio El tetracampe\u00f3n Max Verstappen celebr\u00f3 su 66\u00aa victoria en el GP de Monza de Formula 1","breadcrumb":{"@id":"https:\/\/autosdelpodio.com\/autos\/nunca-descarten-a-vers\/#breadcrumb"},"inLanguage":"es","potentialAction":[{"@type":"ReadAction","target":["https:\/\/autosdelpodio.com\/autos\/nunca-descarten-a-vers\/"]}]},{"@type":"ImageObject","inLanguage":"es","@id":"https:\/\/autosdelpodio.com\/autos\/nunca-descarten-a-vers\/#primaryimage","url":"http:\/\/autosdelpodio.com\/autos\/wp-content\/uploads\/2020\/04\/Logo_F1_-e1621029352226.jpg","contentUrl":"http:\/\/autosdelpodio.com\/autos\/wp-content\/uploads\/2020\/04\/Logo_F1_-e1621029352226.jpg","width":500,"height":278},{"@type":"BreadcrumbList","@id":"https:\/\/autosdelpodio.com\/autos\/nunca-descarten-a-vers\/#breadcrumb","itemListElement":[{"@type":"ListItem","position":1,"name":"Portada","item":"http:\/\/autosdelpodio.com\/autos\/"},{"@type":"ListItem","position":2,"name":"Nunca descarten a Vers"}]},{"@type":"WebSite","@id":"http:\/\/autosdelpodio.com\/autos\/#website","url":"http:\/\/autosdelpodio.com\/autos\/","name":"Autos del Podio","description":"La sexta del deporte motor","publisher":{"@id":"http:\/\/autosdelpodio.com\/autos\/#organization"},"potentialAction":[{"@type":"SearchAction","target":{"@type":"EntryPoint","urlTemplate":"http:\/\/autosdelpodio.com\/autos\/?s={search_term_string}"},"query-input":{"@type":"PropertyValueSpecification","valueRequired":true,"valueName":"search_term_string"}}],"inLanguage":"es"},{"@type":"Organization","@id":"http:\/\/autosdelpodio.com\/autos\/#organization","name":"Autos del Podio","url":"http:\/\/autosdelpodio.com\/autos\/","logo":{"@type":"ImageObject","inLanguage":"es","@id":"http:\/\/autosdelpodio.com\/autos\/#\/schema\/logo\/image\/","url":"http:\/\/autosdelpodio.com\/autos\/wp-content\/uploads\/2020\/08\/Logo_AR.jpg","contentUrl":"http:\/\/autosdelpodio.com\/autos\/wp-content\/uploads\/2020\/08\/Logo_AR.jpg","width":1038,"height":1044,"caption":"Autos del Podio"},"image":{"@id":"http:\/\/autosdelpodio.com\/autos\/#\/schema\/logo\/image\/"},"sameAs":["https:\/\/www.facebook.com\/profile.php?id=100057192590976&amp;amp;amp;amp;amp;amp;amp;amp;amp;amp;amp;amp;amp;amp;amp;amp;amp;amp;ref=ts","https:\/\/x.com\/autosdelpodio","https:\/\/www.youtube.com\/user\/AutosdelPodio"]},{"@type":"Person","@id":"http:\/\/autosdelpodio.com\/autos\/#\/schema\/person\/993527a4d01c3acdd3d6bce3770bc942","name":"autosdelpodio","image":{"@type":"ImageObject","inLanguage":"es","@id":"http:\/\/autosdelpodio.com\/autos\/wp-content\/litespeed\/avatar\/aa8f65cd201a80f6b844f63278aa84af.jpg?ver=1777403005","url":"http:\/\/autosdelpodio.com\/autos\/wp-content\/litespeed\/avatar\/aa8f65cd201a80f6b844f63278aa84af.jpg?ver=1777403005","contentUrl":"http:\/\/autosdelpodio.com\/autos\/wp-content\/litespeed\/avatar\/aa8f65cd201a80f6b844f63278aa84af.jpg?ver=1777403005","caption":"autosdelpodio"}}]}},"views":193,"_links":{"self":[{"href":"http:\/\/autosdelpodio.com\/autos\/wp-json\/wp\/v2\/posts\/8590","targetHints":{"allow":["GET"]}}],"collection":[{"href":"http:\/\/autosdelpodio.com\/autos\/wp-json\/wp\/v2\/posts"}],"about":[{"href":"http:\/\/autosdelpodio.com\/autos\/wp-json\/wp\/v2\/types\/post"}],"author":[{"embeddable":true,"href":"http:\/\/autosdelpodio.com\/autos\/wp-json\/wp\/v2\/users\/3"}],"replies":[{"embeddable":true,"href":"http:\/\/autosdelpodio.com\/autos\/wp-json\/wp\/v2\/comments?post=8590"}],"version-history":[{"count":1,"href":"http:\/\/autosdelpodio.com\/autos\/wp-json\/wp\/v2\/posts\/8590\/revisions"}],"predecessor-version":[{"id":8591,"href":"http:\/\/autosdelpodio.com\/autos\/wp-json\/wp\/v2\/posts\/8590\/revisions\/8591"}],"wp:featuredmedia":[{"embeddable":true,"href":"http:\/\/autosdelpodio.com\/autos\/wp-json\/wp\/v2\/media\/1751"}],"wp:attachment":[{"href":"http:\/\/autosdelpodio.com\/autos\/wp-json\/wp\/v2\/media?parent=8590"}],"wp:term":[{"taxonomy":"category","embeddable":true,"href":"http:\/\/autosdelpodio.com\/autos\/wp-json\/wp\/v2\/categories?post=8590"},{"taxonomy":"post_tag","embeddable":true,"href":"http:\/\/autosdelpodio.com\/autos\/wp-json\/wp\/v2\/tags?post=8590"}],"curies":[{"name":"wp","href":"https:\/\/api.w.org\/{rel}","templated":true}]}}