{"id":8606,"date":"2025-09-14T15:01:50","date_gmt":"2025-09-14T18:01:50","guid":{"rendered":"https:\/\/autosdelpodio.com\/autos\/?p=8606"},"modified":"2025-09-14T15:01:51","modified_gmt":"2025-09-14T18:01:51","slug":"copado-en-san-luis","status":"publish","type":"post","link":"http:\/\/autosdelpodio.com\/autos\/copado-en-san-luis\/","title":{"rendered":"Copado en San Luis"},"content":{"rendered":"\n<p>Agust\u00edn Canapino arranc\u00f3 con todo el inicio de la Copa de Oro del Turismo Carretera en el Aut\u00f3dromo Rosendo Hern\u00e1ndez. El puntero del campeonato fue escoltado por Juli\u00e1n Santero y Santiago Mangoni.<br>Tremendo momento deportivo para el tetra campe\u00f3n de TC,<a href=\"https:\/\/autosdelpodio.com\/autos\/titan-de-buenos-aires\/\" target=\"_blank\" rel=\"noreferrer noopener\"> que venia de ganar sobre el cierre de la Etapa Regular en el Galvez<\/a>, y fruto de un nuevo lauro encabeza las posiciones con 61 puntos. En segundo lugar lo sigue Juli\u00e1n Santero con 44 y en la tercera colocaci\u00f3n con 43.<br>La pr\u00f3xima fecha ser\u00e1 en el circuito Juan Maria Traverso de San Nicol\u00e1s, el 4 y 5 de octubre.<\/p>\n\n\n\n<p><strong><em>Final del TC a 25 Vueltas &#8211; Fecha 11<\/em><\/strong><\/p>\n\n\n\n<figure class=\"wp-block-table\"><table class=\"has-fixed-layout\"><tbody><tr><td>1\u00ba<\/td><td>CANAPINO AGUST\u00cdN<\/td><td>CHEVROLET (CAMARO)<\/td><td>39;36.125<\/td><\/tr><tr><td>2\u00ba<\/td><td>SANTERO JULI\u00c1N<\/td><td>FORD (MUSTANG)<\/td><td>1.610<\/td><\/tr><tr><td>3\u00ba<\/td><td>MANGONI SANTIAGO<\/td><td>CHEVROLET (CAMARO)<\/td><td>1.903<\/td><\/tr><tr><td>4\u00ba<\/td><td>LAMBIRIS MAURICIO<\/td><td>FORD (MUSTANG)<\/td><td>3.098<\/td><\/tr><tr><td>5\u00ba<\/td><td>FRITZLER OTTO<\/td><td>TOYOTA<\/td><td>3.524<\/td><\/tr><tr><td>6\u00ba<\/td><td>LEDESMA CHRISTIAN<\/td><td>CHEVROLET (CAMARO)<\/td><td>4.223<\/td><\/tr><tr><td>7\u00ba<\/td><td>MART\u00cdNEZ AGUST\u00cdN<\/td><td>FORD (MUSTANG)<\/td><td>5.600<\/td><\/tr><tr><td>8\u00ba<\/td><td>ROSSI MAT\u00cdAS<\/td><td>TOYOTA<\/td><td>8.472<\/td><\/tr><tr><td>9\u00ba<\/td><td>LANDA MARCOS<\/td><td>CHEVROLET (CAMARO)<\/td><td>9.838<\/td><\/tr><tr><td>10\u00ba<\/td><td>TRUCCO JUAN MART\u00cdN<\/td><td>DODGE (CHALLENGER)<\/td><td>10.592<\/td><\/tr><tr><td>11\u00ba<\/td><td>JAKOS ANDR\u00c9S<\/td><td>TOYOTA<\/td><td>11.687<\/td><\/tr><tr><td>12\u00ba<\/td><td>FA\u00cdN IGNACIO<\/td><td>TORINO (TORINO NG)<\/td><td>12.236<\/td><\/tr><tr><td>13\u00ba<\/td><td>TODINO GERM\u00c1N<\/td><td>FORD (MUSTANG)<\/td><td>12.891<\/td><\/tr><tr><td>14\u00ba<\/td><td>SPATARO EMILIANO<\/td><td>FORD (MUSTANG)<\/td><td>17.480<\/td><\/tr><tr><td>15\u00ba<\/td><td>URCERA JOS\u00c9 MANUEL<\/td><td>FORD (MUSTANG)<\/td><td>19.512<\/td><\/tr><tr><td>16\u00ba<\/td><td>OLMEDO JEREM\u00cdAS<\/td><td>FORD (MUSTANG)<\/td><td>19.828<\/td><\/tr><tr><td>17\u00ba<\/td><td>CASTELLANO JONATAN<\/td><td>DODGE (CHALLENGER)<\/td><td>21.179<\/td><\/tr><tr><td>18\u00ba<\/td><td>DE BENEDICTIS JUAN B.<\/td><td>FORD (MUSTANG)<\/td><td>21.426<\/td><\/tr><tr><td>19\u00ba<\/td><td>QUIJADA MARCOS<\/td><td>CHEVROLET (CAMARO)<\/td><td>21.579<\/td><\/tr><tr><td>20\u00ba<\/td><td>PALAZZO HERN\u00c1N<\/td><td>TOYOTA<\/td><td>22.475<\/td><\/tr><tr><td>21\u00ba<\/td><td>CHAPUR FACUNDO<\/td><td>TORINO (TORINO NG)<\/td><td>24.752<\/td><\/tr><tr><td>22\u00ba<\/td><td>BONELLI NICOL\u00c1S<\/td><td>FORD (MUSTANG)<\/td><td>25.128<\/td><\/tr><tr><td>23\u00ba<\/td><td>EBARL\u00cdN JUAN JOS\u00c9<\/td><td>CHEVROLET (CAMARO)<\/td><td>26.251<\/td><\/tr><tr><td>24\u00ba<\/td><td>DOMENECH ALFONSO<\/td><td>DODGE (CHALLENGER)<\/td><td>30.077<\/td><\/tr><tr><td>25\u00ba<\/td><td>FONTANA NORBERTO<\/td><td>CHEVROLET (CAMARO)<\/td><td>30.380<\/td><\/tr><tr><td>26\u00ba<\/td><td>TROSSET NICOL\u00c1S<\/td><td>FORD (MUSTANG)<\/td><td>30.810<\/td><\/tr><tr><td>27\u00ba<\/td><td>CANDELA KEVIN<\/td><td>TORINO (TORINO NG)<\/td><td>30.900<\/td><\/tr><tr><td>28\u00ba<\/td><td>AZAR DIEGO<\/td><td>TOYOTA<\/td><td>32.741<\/td><\/tr><tr><td>29\u00ba<\/td><td>DI PALMA LUIS JOS\u00c9<\/td><td>CHEVROLET (CAMARO)<\/td><td>32.932<\/td><\/tr><tr><td>30\u00ba<\/td><td>FERRANTE GAST\u00d3N<\/td><td>TOYOTA<\/td><td>33.209<\/td><\/tr><tr><td>31\u00ba<\/td><td>ARDUSSO FACUNDO<\/td><td>CHEVROLET (CAMARO)<\/td><td>34.479<\/td><\/tr><tr><td>32\u00ba<\/td><td>DE LA IGLESIA LAUTARO<\/td><td>DODGE (CHALLENGER)<\/td><td>34.870<\/td><\/tr><tr><td>33\u00ba<\/td><td>CARINELLI AUGUSTO<\/td><td>FORD (MUSTANG)<\/td><td>47.811<\/td><\/tr><tr><td>34\u00ba<\/td><td>AGRELO MARCELO<\/td><td>TOYOTA<\/td><td>48.536<\/td><\/tr><tr><td>35\u00ba<\/td><td>TETI JER\u00d3NIMO<\/td><td>FORD (MUSTANG)<\/td><td>52.929<\/td><\/tr><tr><td>36\u00ba<\/td><td>MAZZACANE GAST\u00d3N<\/td><td>CHEVROLET (CAMARO)<\/td><td>56.919<\/td><\/tr><tr><td>37\u00ba<\/td><td>CANAPINO MAT\u00cdAS<\/td><td>CHEVROLET (CAMARO)<\/td><td>1 VTA<\/td><\/tr><tr><td>38\u00ba<\/td><td>\u00c1LVAREZ SANTIAGO<\/td><td>CHEVROLET (CAMARO)<\/td><td>3 VTAS<\/td><\/tr><tr><td>39\u00ba<\/td><td>V\u00c1ZQUEZ MART\u00cdN<\/td><td>DODGE (CHALLENGER)<\/td><td>6 VTAS<\/td><\/tr><tr><td>40\u00ba<\/td><td>AGUIRRE VALENT\u00cdN<\/td><td>CHEVROLET (CAMARO)<\/td><td>10 VTAS<\/td><\/tr><tr><td>41\u00ba<\/td><td>JALAF MAT\u00cdAS<\/td><td>FORD (MUSTANG)<\/td><td>11 VTAS<\/td><\/tr><tr><td>42\u00ba<\/td><td>DE CARLO DIEGO<\/td><td>CHEVROLET (CAMARO)<\/td><td>16 VTAS<\/td><\/tr><tr><td>43\u00ba<\/td><td>MART\u00cdNEZ TOB\u00cdAS<\/td><td>TOYOTA<\/td><td>16 VTAS<\/td><\/tr><tr><td>44\u00ba<\/td><td>WERNER MARIANO<\/td><td>FORD (MUSTANG)<\/td><td>16 VTAS<\/td><\/tr><tr><td>45\u00ba<\/td><td>CRAPARO ELIO<\/td><td>DODGE (CHALLENGER)<\/td><td>16 VTAS<\/td><\/tr><tr><td>46\u00ba<\/td><td>BENVENUTI JUAN CRUZ<\/td><td>CHEVROLET (CAMARO)<\/td><td>19 VTAS<\/td><\/tr><tr><td>47\u00ba<\/td><td>IMPIOMBATO NICOL\u00c1S<\/td><td>CHEVROLET (CAMARO)<\/td><td>23 VTAS<\/td><\/tr><\/tbody><\/table><\/figure>\n\n\n\n<p><strong>PROMEDIO:&nbsp;<\/strong>170,446 km\/h.&nbsp;<strong>RECORD DE VUELTA:&nbsp;<\/strong>Mangoni en la vta. 16 en 1:28.113 a 183,855 km\/h.<\/p>\n","protected":false},"excerpt":{"rendered":"<p>Agust\u00edn Canapino arranc\u00f3 con todo el inicio de la Copa de Oro del Turismo Carretera en el Aut\u00f3dromo Rosendo Hern\u00e1ndez.<\/p>\n","protected":false},"author":3,"featured_media":920,"comment_status":"open","ping_status":"open","sticky":false,"template":"","format":"standard","meta":{"colormag_page_container_layout":"default_layout","colormag_page_sidebar_layout":"default_layout","footnotes":""},"categories":[6,5],"tags":[367,809,402,615,408,39],"class_list":["post-8606","post","type-post","status-publish","format-standard","has-post-thumbnail","hentry","category-newsflash","category-latest-news","tag-agustin-canapino","tag-camaro","tag-copa-de-oro","tag-rosendo-hernandez","tag-san-luis","tag-turismo-carretera"],"yoast_head":"<!-- This site is optimized with the Yoast SEO plugin v27.5 - https:\/\/yoast.com\/product\/yoast-seo-wordpress\/ -->\n<title>Autos del Podio | Copado en San Luis<\/title>\n<meta name=\"description\" content=\"Autos del Podio Agust\u00edn Canapino sum\u00f3 su 3\u00aa victoria del a\u00f1o en el TC con el Camaro #86\" \/>\n<meta name=\"robots\" content=\"index, follow, max-snippet:-1, max-image-preview:large, max-video-preview:-1\" \/>\n<link rel=\"canonical\" href=\"http:\/\/autosdelpodio.com\/autos\/copado-en-san-luis\/\" \/>\n<meta property=\"og:locale\" content=\"es_ES\" \/>\n<meta property=\"og:type\" content=\"article\" \/>\n<meta property=\"og:title\" content=\"TC en San Luis\" \/>\n<meta property=\"og:description\" content=\"Agust\u00edn Canapino sum\u00f3 su 3\u00aa victoria del a\u00f1o en el TC con el Camaro #86\" \/>\n<meta property=\"og:url\" content=\"http:\/\/autosdelpodio.com\/autos\/copado-en-san-luis\/\" \/>\n<meta property=\"og:site_name\" content=\"Autos del Podio\" \/>\n<meta property=\"article:publisher\" content=\"https:\/\/www.facebook.com\/profile.php?id=100057192590976&amp;amp%3bamp%3bamp%3bamp%3bamp%3bamp%3bamp%3bamp%3bamp%3bamp%3bamp%3bamp%3bamp%3bamp%3bamp%3bamp%3bamp%3bamp%3bref=ts\" \/>\n<meta property=\"article:published_time\" content=\"2025-09-14T18:01:50+00:00\" \/>\n<meta property=\"article:modified_time\" content=\"2025-09-14T18:01:51+00:00\" \/>\n<meta property=\"og:image\" content=\"http:\/\/autosdelpodio.com\/autos\/wp-content\/uploads\/2014\/01\/chevrolet_logo-e1626033178135.jpg\" \/>\n\t<meta property=\"og:image:width\" content=\"500\" \/>\n\t<meta property=\"og:image:height\" content=\"255\" \/>\n\t<meta property=\"og:image:type\" content=\"image\/jpeg\" \/>\n<meta name=\"author\" content=\"autosdelpodio\" \/>\n<meta name=\"twitter:card\" content=\"summary_large_image\" \/>\n<meta name=\"twitter:creator\" content=\"@autosdelpodio\" \/>\n<meta name=\"twitter:site\" content=\"@autosdelpodio\" \/>\n<meta name=\"twitter:label1\" content=\"Escrito por\" \/>\n\t<meta name=\"twitter:data1\" content=\"autosdelpodio\" \/>\n\t<meta name=\"twitter:label2\" content=\"Tiempo de lectura\" \/>\n\t<meta name=\"twitter:data2\" content=\"3 minutos\" \/>\n<script type=\"application\/ld+json\" class=\"yoast-schema-graph\">{\"@context\":\"https:\\\/\\\/schema.org\",\"@graph\":[{\"@type\":\"Article\",\"@id\":\"http:\\\/\\\/autosdelpodio.com\\\/autos\\\/copado-en-san-luis\\\/#article\",\"isPartOf\":{\"@id\":\"http:\\\/\\\/autosdelpodio.com\\\/autos\\\/copado-en-san-luis\\\/\"},\"author\":{\"name\":\"autosdelpodio\",\"@id\":\"http:\\\/\\\/autosdelpodio.com\\\/autos\\\/#\\\/schema\\\/person\\\/993527a4d01c3acdd3d6bce3770bc942\"},\"headline\":\"Copado en San Luis\",\"datePublished\":\"2025-09-14T18:01:50+00:00\",\"dateModified\":\"2025-09-14T18:01:51+00:00\",\"mainEntityOfPage\":{\"@id\":\"http:\\\/\\\/autosdelpodio.com\\\/autos\\\/copado-en-san-luis\\\/\"},\"wordCount\":364,\"commentCount\":1,\"publisher\":{\"@id\":\"http:\\\/\\\/autosdelpodio.com\\\/autos\\\/#organization\"},\"image\":{\"@id\":\"http:\\\/\\\/autosdelpodio.com\\\/autos\\\/copado-en-san-luis\\\/#primaryimage\"},\"thumbnailUrl\":\"http:\\\/\\\/autosdelpodio.com\\\/autos\\\/wp-content\\\/uploads\\\/2014\\\/01\\\/chevrolet_logo-e1626033178135.jpg\",\"keywords\":[\"Agustin Canapino\",\"Camaro\",\"Copa de Oro\",\"Rosendo Hernandez\",\"San Luis\",\"Turismo Carretera\"],\"articleSection\":[\"Destacado\",\"\u00daltimas noticias\"],\"inLanguage\":\"es\",\"potentialAction\":[{\"@type\":\"CommentAction\",\"name\":\"Comment\",\"target\":[\"http:\\\/\\\/autosdelpodio.com\\\/autos\\\/copado-en-san-luis\\\/#respond\"]}]},{\"@type\":\"WebPage\",\"@id\":\"http:\\\/\\\/autosdelpodio.com\\\/autos\\\/copado-en-san-luis\\\/\",\"url\":\"http:\\\/\\\/autosdelpodio.com\\\/autos\\\/copado-en-san-luis\\\/\",\"name\":\"Autos del Podio | Copado en San Luis\",\"isPartOf\":{\"@id\":\"http:\\\/\\\/autosdelpodio.com\\\/autos\\\/#website\"},\"primaryImageOfPage\":{\"@id\":\"http:\\\/\\\/autosdelpodio.com\\\/autos\\\/copado-en-san-luis\\\/#primaryimage\"},\"image\":{\"@id\":\"http:\\\/\\\/autosdelpodio.com\\\/autos\\\/copado-en-san-luis\\\/#primaryimage\"},\"thumbnailUrl\":\"http:\\\/\\\/autosdelpodio.com\\\/autos\\\/wp-content\\\/uploads\\\/2014\\\/01\\\/chevrolet_logo-e1626033178135.jpg\",\"datePublished\":\"2025-09-14T18:01:50+00:00\",\"dateModified\":\"2025-09-14T18:01:51+00:00\",\"description\":\"Autos del Podio Agust\u00edn Canapino sum\u00f3 su 3\u00aa victoria del a\u00f1o en el TC con el Camaro #86\",\"breadcrumb\":{\"@id\":\"http:\\\/\\\/autosdelpodio.com\\\/autos\\\/copado-en-san-luis\\\/#breadcrumb\"},\"inLanguage\":\"es\",\"potentialAction\":[{\"@type\":\"ReadAction\",\"target\":[\"http:\\\/\\\/autosdelpodio.com\\\/autos\\\/copado-en-san-luis\\\/\"]}]},{\"@type\":\"ImageObject\",\"inLanguage\":\"es\",\"@id\":\"http:\\\/\\\/autosdelpodio.com\\\/autos\\\/copado-en-san-luis\\\/#primaryimage\",\"url\":\"http:\\\/\\\/autosdelpodio.com\\\/autos\\\/wp-content\\\/uploads\\\/2014\\\/01\\\/chevrolet_logo-e1626033178135.jpg\",\"contentUrl\":\"http:\\\/\\\/autosdelpodio.com\\\/autos\\\/wp-content\\\/uploads\\\/2014\\\/01\\\/chevrolet_logo-e1626033178135.jpg\",\"width\":500,\"height\":255},{\"@type\":\"BreadcrumbList\",\"@id\":\"http:\\\/\\\/autosdelpodio.com\\\/autos\\\/copado-en-san-luis\\\/#breadcrumb\",\"itemListElement\":[{\"@type\":\"ListItem\",\"position\":1,\"name\":\"Portada\",\"item\":\"http:\\\/\\\/autosdelpodio.com\\\/autos\\\/\"},{\"@type\":\"ListItem\",\"position\":2,\"name\":\"Copado en San Luis\"}]},{\"@type\":\"WebSite\",\"@id\":\"http:\\\/\\\/autosdelpodio.com\\\/autos\\\/#website\",\"url\":\"http:\\\/\\\/autosdelpodio.com\\\/autos\\\/\",\"name\":\"Autos del Podio\",\"description\":\"La sexta del deporte motor\",\"publisher\":{\"@id\":\"http:\\\/\\\/autosdelpodio.com\\\/autos\\\/#organization\"},\"potentialAction\":[{\"@type\":\"SearchAction\",\"target\":{\"@type\":\"EntryPoint\",\"urlTemplate\":\"http:\\\/\\\/autosdelpodio.com\\\/autos\\\/?s={search_term_string}\"},\"query-input\":{\"@type\":\"PropertyValueSpecification\",\"valueRequired\":true,\"valueName\":\"search_term_string\"}}],\"inLanguage\":\"es\"},{\"@type\":\"Organization\",\"@id\":\"http:\\\/\\\/autosdelpodio.com\\\/autos\\\/#organization\",\"name\":\"Autos del Podio\",\"url\":\"http:\\\/\\\/autosdelpodio.com\\\/autos\\\/\",\"logo\":{\"@type\":\"ImageObject\",\"inLanguage\":\"es\",\"@id\":\"http:\\\/\\\/autosdelpodio.com\\\/autos\\\/#\\\/schema\\\/logo\\\/image\\\/\",\"url\":\"http:\\\/\\\/autosdelpodio.com\\\/autos\\\/wp-content\\\/uploads\\\/2020\\\/08\\\/Logo_AR.jpg\",\"contentUrl\":\"http:\\\/\\\/autosdelpodio.com\\\/autos\\\/wp-content\\\/uploads\\\/2020\\\/08\\\/Logo_AR.jpg\",\"width\":1038,\"height\":1044,\"caption\":\"Autos del Podio\"},\"image\":{\"@id\":\"http:\\\/\\\/autosdelpodio.com\\\/autos\\\/#\\\/schema\\\/logo\\\/image\\\/\"},\"sameAs\":[\"https:\\\/\\\/www.facebook.com\\\/profile.php?id=100057192590976&amp;amp;amp;amp;amp;amp;amp;amp;amp;amp;amp;amp;amp;amp;amp;amp;amp;amp;ref=ts\",\"https:\\\/\\\/x.com\\\/autosdelpodio\",\"https:\\\/\\\/www.youtube.com\\\/user\\\/AutosdelPodio\"]},{\"@type\":\"Person\",\"@id\":\"http:\\\/\\\/autosdelpodio.com\\\/autos\\\/#\\\/schema\\\/person\\\/993527a4d01c3acdd3d6bce3770bc942\",\"name\":\"autosdelpodio\",\"image\":{\"@type\":\"ImageObject\",\"inLanguage\":\"es\",\"@id\":\"http:\\\/\\\/autosdelpodio.com\\\/autos\\\/wp-content\\\/litespeed\\\/avatar\\\/aa8f65cd201a80f6b844f63278aa84af.jpg?ver=1777403005\",\"url\":\"http:\\\/\\\/autosdelpodio.com\\\/autos\\\/wp-content\\\/litespeed\\\/avatar\\\/aa8f65cd201a80f6b844f63278aa84af.jpg?ver=1777403005\",\"contentUrl\":\"http:\\\/\\\/autosdelpodio.com\\\/autos\\\/wp-content\\\/litespeed\\\/avatar\\\/aa8f65cd201a80f6b844f63278aa84af.jpg?ver=1777403005\",\"caption\":\"autosdelpodio\"}}]}<\/script>\n<!-- \/ Yoast SEO plugin. -->","yoast_head_json":{"title":"Autos del Podio | Copado en San Luis","description":"Autos del Podio Agust\u00edn Canapino sum\u00f3 su 3\u00aa victoria del a\u00f1o en el TC con el Camaro #86","robots":{"index":"index","follow":"follow","max-snippet":"max-snippet:-1","max-image-preview":"max-image-preview:large","max-video-preview":"max-video-preview:-1"},"canonical":"http:\/\/autosdelpodio.com\/autos\/copado-en-san-luis\/","og_locale":"es_ES","og_type":"article","og_title":"TC en San Luis","og_description":"Agust\u00edn Canapino sum\u00f3 su 3\u00aa victoria del a\u00f1o en el TC con el Camaro #86","og_url":"http:\/\/autosdelpodio.com\/autos\/copado-en-san-luis\/","og_site_name":"Autos del Podio","article_publisher":"https:\/\/www.facebook.com\/profile.php?id=100057192590976&amp%3bamp%3bamp%3bamp%3bamp%3bamp%3bamp%3bamp%3bamp%3bamp%3bamp%3bamp%3bamp%3bamp%3bamp%3bamp%3bamp%3bamp%3bref=ts","article_published_time":"2025-09-14T18:01:50+00:00","article_modified_time":"2025-09-14T18:01:51+00:00","og_image":[{"width":500,"height":255,"url":"http:\/\/autosdelpodio.com\/autos\/wp-content\/uploads\/2014\/01\/chevrolet_logo-e1626033178135.jpg","type":"image\/jpeg"}],"author":"autosdelpodio","twitter_card":"summary_large_image","twitter_creator":"@autosdelpodio","twitter_site":"@autosdelpodio","twitter_misc":{"Escrito por":"autosdelpodio","Tiempo de lectura":"3 minutos"},"schema":{"@context":"https:\/\/schema.org","@graph":[{"@type":"Article","@id":"http:\/\/autosdelpodio.com\/autos\/copado-en-san-luis\/#article","isPartOf":{"@id":"http:\/\/autosdelpodio.com\/autos\/copado-en-san-luis\/"},"author":{"name":"autosdelpodio","@id":"http:\/\/autosdelpodio.com\/autos\/#\/schema\/person\/993527a4d01c3acdd3d6bce3770bc942"},"headline":"Copado en San Luis","datePublished":"2025-09-14T18:01:50+00:00","dateModified":"2025-09-14T18:01:51+00:00","mainEntityOfPage":{"@id":"http:\/\/autosdelpodio.com\/autos\/copado-en-san-luis\/"},"wordCount":364,"commentCount":1,"publisher":{"@id":"http:\/\/autosdelpodio.com\/autos\/#organization"},"image":{"@id":"http:\/\/autosdelpodio.com\/autos\/copado-en-san-luis\/#primaryimage"},"thumbnailUrl":"http:\/\/autosdelpodio.com\/autos\/wp-content\/uploads\/2014\/01\/chevrolet_logo-e1626033178135.jpg","keywords":["Agustin Canapino","Camaro","Copa de Oro","Rosendo Hernandez","San Luis","Turismo Carretera"],"articleSection":["Destacado","\u00daltimas noticias"],"inLanguage":"es","potentialAction":[{"@type":"CommentAction","name":"Comment","target":["http:\/\/autosdelpodio.com\/autos\/copado-en-san-luis\/#respond"]}]},{"@type":"WebPage","@id":"http:\/\/autosdelpodio.com\/autos\/copado-en-san-luis\/","url":"http:\/\/autosdelpodio.com\/autos\/copado-en-san-luis\/","name":"Autos del Podio | Copado en San Luis","isPartOf":{"@id":"http:\/\/autosdelpodio.com\/autos\/#website"},"primaryImageOfPage":{"@id":"http:\/\/autosdelpodio.com\/autos\/copado-en-san-luis\/#primaryimage"},"image":{"@id":"http:\/\/autosdelpodio.com\/autos\/copado-en-san-luis\/#primaryimage"},"thumbnailUrl":"http:\/\/autosdelpodio.com\/autos\/wp-content\/uploads\/2014\/01\/chevrolet_logo-e1626033178135.jpg","datePublished":"2025-09-14T18:01:50+00:00","dateModified":"2025-09-14T18:01:51+00:00","description":"Autos del Podio Agust\u00edn Canapino sum\u00f3 su 3\u00aa victoria del a\u00f1o en el TC con el Camaro #86","breadcrumb":{"@id":"http:\/\/autosdelpodio.com\/autos\/copado-en-san-luis\/#breadcrumb"},"inLanguage":"es","potentialAction":[{"@type":"ReadAction","target":["http:\/\/autosdelpodio.com\/autos\/copado-en-san-luis\/"]}]},{"@type":"ImageObject","inLanguage":"es","@id":"http:\/\/autosdelpodio.com\/autos\/copado-en-san-luis\/#primaryimage","url":"http:\/\/autosdelpodio.com\/autos\/wp-content\/uploads\/2014\/01\/chevrolet_logo-e1626033178135.jpg","contentUrl":"http:\/\/autosdelpodio.com\/autos\/wp-content\/uploads\/2014\/01\/chevrolet_logo-e1626033178135.jpg","width":500,"height":255},{"@type":"BreadcrumbList","@id":"http:\/\/autosdelpodio.com\/autos\/copado-en-san-luis\/#breadcrumb","itemListElement":[{"@type":"ListItem","position":1,"name":"Portada","item":"http:\/\/autosdelpodio.com\/autos\/"},{"@type":"ListItem","position":2,"name":"Copado en San Luis"}]},{"@type":"WebSite","@id":"http:\/\/autosdelpodio.com\/autos\/#website","url":"http:\/\/autosdelpodio.com\/autos\/","name":"Autos del Podio","description":"La sexta del deporte motor","publisher":{"@id":"http:\/\/autosdelpodio.com\/autos\/#organization"},"potentialAction":[{"@type":"SearchAction","target":{"@type":"EntryPoint","urlTemplate":"http:\/\/autosdelpodio.com\/autos\/?s={search_term_string}"},"query-input":{"@type":"PropertyValueSpecification","valueRequired":true,"valueName":"search_term_string"}}],"inLanguage":"es"},{"@type":"Organization","@id":"http:\/\/autosdelpodio.com\/autos\/#organization","name":"Autos del Podio","url":"http:\/\/autosdelpodio.com\/autos\/","logo":{"@type":"ImageObject","inLanguage":"es","@id":"http:\/\/autosdelpodio.com\/autos\/#\/schema\/logo\/image\/","url":"http:\/\/autosdelpodio.com\/autos\/wp-content\/uploads\/2020\/08\/Logo_AR.jpg","contentUrl":"http:\/\/autosdelpodio.com\/autos\/wp-content\/uploads\/2020\/08\/Logo_AR.jpg","width":1038,"height":1044,"caption":"Autos del Podio"},"image":{"@id":"http:\/\/autosdelpodio.com\/autos\/#\/schema\/logo\/image\/"},"sameAs":["https:\/\/www.facebook.com\/profile.php?id=100057192590976&amp;amp;amp;amp;amp;amp;amp;amp;amp;amp;amp;amp;amp;amp;amp;amp;amp;amp;ref=ts","https:\/\/x.com\/autosdelpodio","https:\/\/www.youtube.com\/user\/AutosdelPodio"]},{"@type":"Person","@id":"http:\/\/autosdelpodio.com\/autos\/#\/schema\/person\/993527a4d01c3acdd3d6bce3770bc942","name":"autosdelpodio","image":{"@type":"ImageObject","inLanguage":"es","@id":"http:\/\/autosdelpodio.com\/autos\/wp-content\/litespeed\/avatar\/aa8f65cd201a80f6b844f63278aa84af.jpg?ver=1777403005","url":"http:\/\/autosdelpodio.com\/autos\/wp-content\/litespeed\/avatar\/aa8f65cd201a80f6b844f63278aa84af.jpg?ver=1777403005","contentUrl":"http:\/\/autosdelpodio.com\/autos\/wp-content\/litespeed\/avatar\/aa8f65cd201a80f6b844f63278aa84af.jpg?ver=1777403005","caption":"autosdelpodio"}}]}},"views":412,"_links":{"self":[{"href":"http:\/\/autosdelpodio.com\/autos\/wp-json\/wp\/v2\/posts\/8606","targetHints":{"allow":["GET"]}}],"collection":[{"href":"http:\/\/autosdelpodio.com\/autos\/wp-json\/wp\/v2\/posts"}],"about":[{"href":"http:\/\/autosdelpodio.com\/autos\/wp-json\/wp\/v2\/types\/post"}],"author":[{"embeddable":true,"href":"http:\/\/autosdelpodio.com\/autos\/wp-json\/wp\/v2\/users\/3"}],"replies":[{"embeddable":true,"href":"http:\/\/autosdelpodio.com\/autos\/wp-json\/wp\/v2\/comments?post=8606"}],"version-history":[{"count":1,"href":"http:\/\/autosdelpodio.com\/autos\/wp-json\/wp\/v2\/posts\/8606\/revisions"}],"predecessor-version":[{"id":8607,"href":"http:\/\/autosdelpodio.com\/autos\/wp-json\/wp\/v2\/posts\/8606\/revisions\/8607"}],"wp:featuredmedia":[{"embeddable":true,"href":"http:\/\/autosdelpodio.com\/autos\/wp-json\/wp\/v2\/media\/920"}],"wp:attachment":[{"href":"http:\/\/autosdelpodio.com\/autos\/wp-json\/wp\/v2\/media?parent=8606"}],"wp:term":[{"taxonomy":"category","embeddable":true,"href":"http:\/\/autosdelpodio.com\/autos\/wp-json\/wp\/v2\/categories?post=8606"},{"taxonomy":"post_tag","embeddable":true,"href":"http:\/\/autosdelpodio.com\/autos\/wp-json\/wp\/v2\/tags?post=8606"}],"curies":[{"name":"wp","href":"https:\/\/api.w.org\/{rel}","templated":true}]}}