{"id":8614,"date":"2025-09-17T21:14:59","date_gmt":"2025-09-18T00:14:59","guid":{"rendered":"https:\/\/autosdelpodio.com\/autos\/?p=8614"},"modified":"2025-09-17T21:15:00","modified_gmt":"2025-09-18T00:15:00","slug":"leo-pernia-podra-volver-al-tc-el-ano-que-viene","status":"publish","type":"post","link":"http:\/\/autosdelpodio.com\/autos\/leo-pernia-podra-volver-al-tc-el-ano-que-viene\/","title":{"rendered":"Leo Pern\u00eda podr\u00e1 volver al TC el a\u00f1o que viene"},"content":{"rendered":"\n<p>El actual campe\u00f3n de TC2000 podr\u00e1 volver al Turismo Carretera en 2026<\/p>\n\n\n\n<p>La Comisi\u00f3n Directiva de la Asociaci\u00f3n Corredores Turismo Carretera revis\u00f3 el fallo inicial que afectaba a Leonel Pern\u00eda y reducci\u00f3n mediante podr\u00e1 correr en TC a partir de la temporada 2026.<\/p>\n\n\n\n<p>La entidad con sede en el barrio de Caballito En el \u00a0uso de facultades estatutarias el comit\u00e9 ejecutivo analiz\u00f3 <a href=\"https:\/\/autosdelpodio.com\/autos\/leo-pernia-duramente-sancionado-y-castigado-por-la-actc\/\">nuevamente la sanci\u00f3n que hab\u00eda recibido el piloto<\/a> y decidi\u00f3 levant\u00e1rsela exclusivamente para dicha categor\u00eda.<\/p>\n","protected":false},"excerpt":{"rendered":"<p>El actual campe\u00f3n de TC2000 podr\u00e1 volver al Turismo Carretera en 2026 La Comisi\u00f3n Directiva de la Asociaci\u00f3n Corredores Turismo<\/p>\n","protected":false},"author":3,"featured_media":7199,"comment_status":"open","ping_status":"open","sticky":false,"template":"","format":"standard","meta":{"colormag_page_container_layout":"default_layout","colormag_page_sidebar_layout":"default_layout","footnotes":""},"categories":[16,5],"tags":[143,515,86,39],"class_list":["post-8614","post","type-post","status-publish","format-standard","has-post-thumbnail","hentry","category-recta-principal","category-latest-news","tag-actc","tag-leonel-pernia","tag-pilotos-y-categorias","tag-turismo-carretera"],"yoast_head":"<!-- This site is optimized with the Yoast SEO plugin v27.4 - https:\/\/yoast.com\/product\/yoast-seo-wordpress\/ -->\n<title>Autos del Podio | Leo Pern\u00eda podr\u00e1 volver al TC el a\u00f1o que viene<\/title>\n<meta name=\"description\" content=\"Autos del Podio El actual campe\u00f3n de TC2000 podr\u00e1 volver al Turismo Carretera en 2026\" \/>\n<meta name=\"robots\" content=\"index, follow, max-snippet:-1, max-image-preview:large, max-video-preview:-1\" \/>\n<link rel=\"canonical\" href=\"http:\/\/autosdelpodio.com\/autos\/leo-pernia-podra-volver-al-tc-el-ano-que-viene\/\" \/>\n<meta property=\"og:locale\" content=\"es_ES\" \/>\n<meta property=\"og:type\" content=\"article\" \/>\n<meta property=\"og:title\" content=\"Le levantaron la suspensi\u00f3n a Leonel Pernia y podr\u00e0 correr en el TC\" \/>\n<meta property=\"og:description\" content=\"El actual campe\u00f3n de TC2000 podr\u00e1 volver al Turismo Carretera en 2026\" \/>\n<meta property=\"og:url\" content=\"http:\/\/autosdelpodio.com\/autos\/leo-pernia-podra-volver-al-tc-el-ano-que-viene\/\" \/>\n<meta property=\"og:site_name\" content=\"Autos del Podio\" \/>\n<meta property=\"article:publisher\" content=\"https:\/\/www.facebook.com\/profile.php?id=100057192590976&amp;amp%3bamp%3bamp%3bamp%3bamp%3bamp%3bamp%3bamp%3bamp%3bamp%3bamp%3bamp%3bamp%3bamp%3bamp%3bamp%3bamp%3bamp%3bref=ts\" \/>\n<meta property=\"article:published_time\" content=\"2025-09-18T00:14:59+00:00\" \/>\n<meta property=\"article:modified_time\" content=\"2025-09-18T00:15:00+00:00\" \/>\n<meta property=\"og:image\" content=\"http:\/\/autosdelpodio.com\/autos\/wp-content\/uploads\/2023\/10\/Pernia_Campeon_2023.jpg\" \/>\n\t<meta property=\"og:image:width\" content=\"500\" \/>\n\t<meta property=\"og:image:height\" content=\"325\" \/>\n\t<meta property=\"og:image:type\" content=\"image\/jpeg\" \/>\n<meta name=\"author\" content=\"autosdelpodio\" \/>\n<meta name=\"twitter:card\" content=\"summary_large_image\" \/>\n<meta name=\"twitter:creator\" content=\"@autosdelpodio\" \/>\n<meta name=\"twitter:site\" content=\"@autosdelpodio\" \/>\n<meta name=\"twitter:label1\" content=\"Escrito por\" \/>\n\t<meta name=\"twitter:data1\" content=\"autosdelpodio\" \/>\n\t<meta name=\"twitter:label2\" content=\"Tiempo de lectura\" \/>\n\t<meta name=\"twitter:data2\" content=\"1 minuto\" \/>\n<script type=\"application\/ld+json\" class=\"yoast-schema-graph\">{\"@context\":\"https:\\\/\\\/schema.org\",\"@graph\":[{\"@type\":\"Article\",\"@id\":\"http:\\\/\\\/autosdelpodio.com\\\/autos\\\/leo-pernia-podra-volver-al-tc-el-ano-que-viene\\\/#article\",\"isPartOf\":{\"@id\":\"http:\\\/\\\/autosdelpodio.com\\\/autos\\\/leo-pernia-podra-volver-al-tc-el-ano-que-viene\\\/\"},\"author\":{\"name\":\"autosdelpodio\",\"@id\":\"http:\\\/\\\/autosdelpodio.com\\\/autos\\\/#\\\/schema\\\/person\\\/993527a4d01c3acdd3d6bce3770bc942\"},\"headline\":\"Leo Pern\u00eda podr\u00e1 volver al TC el a\u00f1o que viene\",\"datePublished\":\"2025-09-18T00:14:59+00:00\",\"dateModified\":\"2025-09-18T00:15:00+00:00\",\"mainEntityOfPage\":{\"@id\":\"http:\\\/\\\/autosdelpodio.com\\\/autos\\\/leo-pernia-podra-volver-al-tc-el-ano-que-viene\\\/\"},\"wordCount\":96,\"commentCount\":0,\"publisher\":{\"@id\":\"http:\\\/\\\/autosdelpodio.com\\\/autos\\\/#organization\"},\"image\":{\"@id\":\"http:\\\/\\\/autosdelpodio.com\\\/autos\\\/leo-pernia-podra-volver-al-tc-el-ano-que-viene\\\/#primaryimage\"},\"thumbnailUrl\":\"http:\\\/\\\/autosdelpodio.com\\\/autos\\\/wp-content\\\/uploads\\\/2023\\\/10\\\/Pernia_Campeon_2023.jpg\",\"keywords\":[\"ACTC\",\"Leonel Pernia\",\"Pilotos y Categorias\",\"Turismo Carretera\"],\"articleSection\":[\"Recta Principal\",\"\u00daltimas noticias\"],\"inLanguage\":\"es\",\"potentialAction\":[{\"@type\":\"CommentAction\",\"name\":\"Comment\",\"target\":[\"http:\\\/\\\/autosdelpodio.com\\\/autos\\\/leo-pernia-podra-volver-al-tc-el-ano-que-viene\\\/#respond\"]}]},{\"@type\":\"WebPage\",\"@id\":\"http:\\\/\\\/autosdelpodio.com\\\/autos\\\/leo-pernia-podra-volver-al-tc-el-ano-que-viene\\\/\",\"url\":\"http:\\\/\\\/autosdelpodio.com\\\/autos\\\/leo-pernia-podra-volver-al-tc-el-ano-que-viene\\\/\",\"name\":\"Autos del Podio | Leo Pern\u00eda podr\u00e1 volver al TC el a\u00f1o que viene\",\"isPartOf\":{\"@id\":\"http:\\\/\\\/autosdelpodio.com\\\/autos\\\/#website\"},\"primaryImageOfPage\":{\"@id\":\"http:\\\/\\\/autosdelpodio.com\\\/autos\\\/leo-pernia-podra-volver-al-tc-el-ano-que-viene\\\/#primaryimage\"},\"image\":{\"@id\":\"http:\\\/\\\/autosdelpodio.com\\\/autos\\\/leo-pernia-podra-volver-al-tc-el-ano-que-viene\\\/#primaryimage\"},\"thumbnailUrl\":\"http:\\\/\\\/autosdelpodio.com\\\/autos\\\/wp-content\\\/uploads\\\/2023\\\/10\\\/Pernia_Campeon_2023.jpg\",\"datePublished\":\"2025-09-18T00:14:59+00:00\",\"dateModified\":\"2025-09-18T00:15:00+00:00\",\"description\":\"Autos del Podio El actual campe\u00f3n de TC2000 podr\u00e1 volver al Turismo Carretera en 2026\",\"breadcrumb\":{\"@id\":\"http:\\\/\\\/autosdelpodio.com\\\/autos\\\/leo-pernia-podra-volver-al-tc-el-ano-que-viene\\\/#breadcrumb\"},\"inLanguage\":\"es\",\"potentialAction\":[{\"@type\":\"ReadAction\",\"target\":[\"http:\\\/\\\/autosdelpodio.com\\\/autos\\\/leo-pernia-podra-volver-al-tc-el-ano-que-viene\\\/\"]}]},{\"@type\":\"ImageObject\",\"inLanguage\":\"es\",\"@id\":\"http:\\\/\\\/autosdelpodio.com\\\/autos\\\/leo-pernia-podra-volver-al-tc-el-ano-que-viene\\\/#primaryimage\",\"url\":\"http:\\\/\\\/autosdelpodio.com\\\/autos\\\/wp-content\\\/uploads\\\/2023\\\/10\\\/Pernia_Campeon_2023.jpg\",\"contentUrl\":\"http:\\\/\\\/autosdelpodio.com\\\/autos\\\/wp-content\\\/uploads\\\/2023\\\/10\\\/Pernia_Campeon_2023.jpg\",\"width\":500,\"height\":325},{\"@type\":\"BreadcrumbList\",\"@id\":\"http:\\\/\\\/autosdelpodio.com\\\/autos\\\/leo-pernia-podra-volver-al-tc-el-ano-que-viene\\\/#breadcrumb\",\"itemListElement\":[{\"@type\":\"ListItem\",\"position\":1,\"name\":\"Portada\",\"item\":\"http:\\\/\\\/autosdelpodio.com\\\/autos\\\/\"},{\"@type\":\"ListItem\",\"position\":2,\"name\":\"Leo Pern\u00eda podr\u00e1 volver al TC el a\u00f1o que viene\"}]},{\"@type\":\"WebSite\",\"@id\":\"http:\\\/\\\/autosdelpodio.com\\\/autos\\\/#website\",\"url\":\"http:\\\/\\\/autosdelpodio.com\\\/autos\\\/\",\"name\":\"Autos del Podio\",\"description\":\"La sexta del deporte motor\",\"publisher\":{\"@id\":\"http:\\\/\\\/autosdelpodio.com\\\/autos\\\/#organization\"},\"potentialAction\":[{\"@type\":\"SearchAction\",\"target\":{\"@type\":\"EntryPoint\",\"urlTemplate\":\"http:\\\/\\\/autosdelpodio.com\\\/autos\\\/?s={search_term_string}\"},\"query-input\":{\"@type\":\"PropertyValueSpecification\",\"valueRequired\":true,\"valueName\":\"search_term_string\"}}],\"inLanguage\":\"es\"},{\"@type\":\"Organization\",\"@id\":\"http:\\\/\\\/autosdelpodio.com\\\/autos\\\/#organization\",\"name\":\"Autos del Podio\",\"url\":\"http:\\\/\\\/autosdelpodio.com\\\/autos\\\/\",\"logo\":{\"@type\":\"ImageObject\",\"inLanguage\":\"es\",\"@id\":\"http:\\\/\\\/autosdelpodio.com\\\/autos\\\/#\\\/schema\\\/logo\\\/image\\\/\",\"url\":\"http:\\\/\\\/autosdelpodio.com\\\/autos\\\/wp-content\\\/uploads\\\/2020\\\/08\\\/Logo_AR.jpg\",\"contentUrl\":\"http:\\\/\\\/autosdelpodio.com\\\/autos\\\/wp-content\\\/uploads\\\/2020\\\/08\\\/Logo_AR.jpg\",\"width\":1038,\"height\":1044,\"caption\":\"Autos del Podio\"},\"image\":{\"@id\":\"http:\\\/\\\/autosdelpodio.com\\\/autos\\\/#\\\/schema\\\/logo\\\/image\\\/\"},\"sameAs\":[\"https:\\\/\\\/www.facebook.com\\\/profile.php?id=100057192590976&amp;amp;amp;amp;amp;amp;amp;amp;amp;amp;amp;amp;amp;amp;amp;amp;amp;amp;ref=ts\",\"https:\\\/\\\/x.com\\\/autosdelpodio\",\"https:\\\/\\\/www.youtube.com\\\/user\\\/AutosdelPodio\"]},{\"@type\":\"Person\",\"@id\":\"http:\\\/\\\/autosdelpodio.com\\\/autos\\\/#\\\/schema\\\/person\\\/993527a4d01c3acdd3d6bce3770bc942\",\"name\":\"autosdelpodio\",\"image\":{\"@type\":\"ImageObject\",\"inLanguage\":\"es\",\"@id\":\"http:\\\/\\\/autosdelpodio.com\\\/autos\\\/wp-content\\\/litespeed\\\/avatar\\\/aa8f65cd201a80f6b844f63278aa84af.jpg?ver=1776798175\",\"url\":\"http:\\\/\\\/autosdelpodio.com\\\/autos\\\/wp-content\\\/litespeed\\\/avatar\\\/aa8f65cd201a80f6b844f63278aa84af.jpg?ver=1776798175\",\"contentUrl\":\"http:\\\/\\\/autosdelpodio.com\\\/autos\\\/wp-content\\\/litespeed\\\/avatar\\\/aa8f65cd201a80f6b844f63278aa84af.jpg?ver=1776798175\",\"caption\":\"autosdelpodio\"}}]}<\/script>\n<!-- \/ Yoast SEO plugin. -->","yoast_head_json":{"title":"Autos del Podio | Leo Pern\u00eda podr\u00e1 volver al TC el a\u00f1o que viene","description":"Autos del Podio El actual campe\u00f3n de TC2000 podr\u00e1 volver al Turismo Carretera en 2026","robots":{"index":"index","follow":"follow","max-snippet":"max-snippet:-1","max-image-preview":"max-image-preview:large","max-video-preview":"max-video-preview:-1"},"canonical":"http:\/\/autosdelpodio.com\/autos\/leo-pernia-podra-volver-al-tc-el-ano-que-viene\/","og_locale":"es_ES","og_type":"article","og_title":"Le levantaron la suspensi\u00f3n a Leonel Pernia y podr\u00e0 correr en el TC","og_description":"El actual campe\u00f3n de TC2000 podr\u00e1 volver al Turismo Carretera en 2026","og_url":"http:\/\/autosdelpodio.com\/autos\/leo-pernia-podra-volver-al-tc-el-ano-que-viene\/","og_site_name":"Autos del Podio","article_publisher":"https:\/\/www.facebook.com\/profile.php?id=100057192590976&amp%3bamp%3bamp%3bamp%3bamp%3bamp%3bamp%3bamp%3bamp%3bamp%3bamp%3bamp%3bamp%3bamp%3bamp%3bamp%3bamp%3bamp%3bref=ts","article_published_time":"2025-09-18T00:14:59+00:00","article_modified_time":"2025-09-18T00:15:00+00:00","og_image":[{"width":500,"height":325,"url":"http:\/\/autosdelpodio.com\/autos\/wp-content\/uploads\/2023\/10\/Pernia_Campeon_2023.jpg","type":"image\/jpeg"}],"author":"autosdelpodio","twitter_card":"summary_large_image","twitter_creator":"@autosdelpodio","twitter_site":"@autosdelpodio","twitter_misc":{"Escrito por":"autosdelpodio","Tiempo de lectura":"1 minuto"},"schema":{"@context":"https:\/\/schema.org","@graph":[{"@type":"Article","@id":"http:\/\/autosdelpodio.com\/autos\/leo-pernia-podra-volver-al-tc-el-ano-que-viene\/#article","isPartOf":{"@id":"http:\/\/autosdelpodio.com\/autos\/leo-pernia-podra-volver-al-tc-el-ano-que-viene\/"},"author":{"name":"autosdelpodio","@id":"http:\/\/autosdelpodio.com\/autos\/#\/schema\/person\/993527a4d01c3acdd3d6bce3770bc942"},"headline":"Leo Pern\u00eda podr\u00e1 volver al TC el a\u00f1o que viene","datePublished":"2025-09-18T00:14:59+00:00","dateModified":"2025-09-18T00:15:00+00:00","mainEntityOfPage":{"@id":"http:\/\/autosdelpodio.com\/autos\/leo-pernia-podra-volver-al-tc-el-ano-que-viene\/"},"wordCount":96,"commentCount":0,"publisher":{"@id":"http:\/\/autosdelpodio.com\/autos\/#organization"},"image":{"@id":"http:\/\/autosdelpodio.com\/autos\/leo-pernia-podra-volver-al-tc-el-ano-que-viene\/#primaryimage"},"thumbnailUrl":"http:\/\/autosdelpodio.com\/autos\/wp-content\/uploads\/2023\/10\/Pernia_Campeon_2023.jpg","keywords":["ACTC","Leonel Pernia","Pilotos y Categorias","Turismo Carretera"],"articleSection":["Recta Principal","\u00daltimas noticias"],"inLanguage":"es","potentialAction":[{"@type":"CommentAction","name":"Comment","target":["http:\/\/autosdelpodio.com\/autos\/leo-pernia-podra-volver-al-tc-el-ano-que-viene\/#respond"]}]},{"@type":"WebPage","@id":"http:\/\/autosdelpodio.com\/autos\/leo-pernia-podra-volver-al-tc-el-ano-que-viene\/","url":"http:\/\/autosdelpodio.com\/autos\/leo-pernia-podra-volver-al-tc-el-ano-que-viene\/","name":"Autos del Podio | Leo Pern\u00eda podr\u00e1 volver al TC el a\u00f1o que viene","isPartOf":{"@id":"http:\/\/autosdelpodio.com\/autos\/#website"},"primaryImageOfPage":{"@id":"http:\/\/autosdelpodio.com\/autos\/leo-pernia-podra-volver-al-tc-el-ano-que-viene\/#primaryimage"},"image":{"@id":"http:\/\/autosdelpodio.com\/autos\/leo-pernia-podra-volver-al-tc-el-ano-que-viene\/#primaryimage"},"thumbnailUrl":"http:\/\/autosdelpodio.com\/autos\/wp-content\/uploads\/2023\/10\/Pernia_Campeon_2023.jpg","datePublished":"2025-09-18T00:14:59+00:00","dateModified":"2025-09-18T00:15:00+00:00","description":"Autos del Podio El actual campe\u00f3n de TC2000 podr\u00e1 volver al Turismo Carretera en 2026","breadcrumb":{"@id":"http:\/\/autosdelpodio.com\/autos\/leo-pernia-podra-volver-al-tc-el-ano-que-viene\/#breadcrumb"},"inLanguage":"es","potentialAction":[{"@type":"ReadAction","target":["http:\/\/autosdelpodio.com\/autos\/leo-pernia-podra-volver-al-tc-el-ano-que-viene\/"]}]},{"@type":"ImageObject","inLanguage":"es","@id":"http:\/\/autosdelpodio.com\/autos\/leo-pernia-podra-volver-al-tc-el-ano-que-viene\/#primaryimage","url":"http:\/\/autosdelpodio.com\/autos\/wp-content\/uploads\/2023\/10\/Pernia_Campeon_2023.jpg","contentUrl":"http:\/\/autosdelpodio.com\/autos\/wp-content\/uploads\/2023\/10\/Pernia_Campeon_2023.jpg","width":500,"height":325},{"@type":"BreadcrumbList","@id":"http:\/\/autosdelpodio.com\/autos\/leo-pernia-podra-volver-al-tc-el-ano-que-viene\/#breadcrumb","itemListElement":[{"@type":"ListItem","position":1,"name":"Portada","item":"http:\/\/autosdelpodio.com\/autos\/"},{"@type":"ListItem","position":2,"name":"Leo Pern\u00eda podr\u00e1 volver al TC el a\u00f1o que viene"}]},{"@type":"WebSite","@id":"http:\/\/autosdelpodio.com\/autos\/#website","url":"http:\/\/autosdelpodio.com\/autos\/","name":"Autos del Podio","description":"La sexta del deporte motor","publisher":{"@id":"http:\/\/autosdelpodio.com\/autos\/#organization"},"potentialAction":[{"@type":"SearchAction","target":{"@type":"EntryPoint","urlTemplate":"http:\/\/autosdelpodio.com\/autos\/?s={search_term_string}"},"query-input":{"@type":"PropertyValueSpecification","valueRequired":true,"valueName":"search_term_string"}}],"inLanguage":"es"},{"@type":"Organization","@id":"http:\/\/autosdelpodio.com\/autos\/#organization","name":"Autos del Podio","url":"http:\/\/autosdelpodio.com\/autos\/","logo":{"@type":"ImageObject","inLanguage":"es","@id":"http:\/\/autosdelpodio.com\/autos\/#\/schema\/logo\/image\/","url":"http:\/\/autosdelpodio.com\/autos\/wp-content\/uploads\/2020\/08\/Logo_AR.jpg","contentUrl":"http:\/\/autosdelpodio.com\/autos\/wp-content\/uploads\/2020\/08\/Logo_AR.jpg","width":1038,"height":1044,"caption":"Autos del Podio"},"image":{"@id":"http:\/\/autosdelpodio.com\/autos\/#\/schema\/logo\/image\/"},"sameAs":["https:\/\/www.facebook.com\/profile.php?id=100057192590976&amp;amp;amp;amp;amp;amp;amp;amp;amp;amp;amp;amp;amp;amp;amp;amp;amp;amp;ref=ts","https:\/\/x.com\/autosdelpodio","https:\/\/www.youtube.com\/user\/AutosdelPodio"]},{"@type":"Person","@id":"http:\/\/autosdelpodio.com\/autos\/#\/schema\/person\/993527a4d01c3acdd3d6bce3770bc942","name":"autosdelpodio","image":{"@type":"ImageObject","inLanguage":"es","@id":"http:\/\/autosdelpodio.com\/autos\/wp-content\/litespeed\/avatar\/aa8f65cd201a80f6b844f63278aa84af.jpg?ver=1776798175","url":"http:\/\/autosdelpodio.com\/autos\/wp-content\/litespeed\/avatar\/aa8f65cd201a80f6b844f63278aa84af.jpg?ver=1776798175","contentUrl":"http:\/\/autosdelpodio.com\/autos\/wp-content\/litespeed\/avatar\/aa8f65cd201a80f6b844f63278aa84af.jpg?ver=1776798175","caption":"autosdelpodio"}}]}},"views":547,"_links":{"self":[{"href":"http:\/\/autosdelpodio.com\/autos\/wp-json\/wp\/v2\/posts\/8614","targetHints":{"allow":["GET"]}}],"collection":[{"href":"http:\/\/autosdelpodio.com\/autos\/wp-json\/wp\/v2\/posts"}],"about":[{"href":"http:\/\/autosdelpodio.com\/autos\/wp-json\/wp\/v2\/types\/post"}],"author":[{"embeddable":true,"href":"http:\/\/autosdelpodio.com\/autos\/wp-json\/wp\/v2\/users\/3"}],"replies":[{"embeddable":true,"href":"http:\/\/autosdelpodio.com\/autos\/wp-json\/wp\/v2\/comments?post=8614"}],"version-history":[{"count":1,"href":"http:\/\/autosdelpodio.com\/autos\/wp-json\/wp\/v2\/posts\/8614\/revisions"}],"predecessor-version":[{"id":8615,"href":"http:\/\/autosdelpodio.com\/autos\/wp-json\/wp\/v2\/posts\/8614\/revisions\/8615"}],"wp:featuredmedia":[{"embeddable":true,"href":"http:\/\/autosdelpodio.com\/autos\/wp-json\/wp\/v2\/media\/7199"}],"wp:attachment":[{"href":"http:\/\/autosdelpodio.com\/autos\/wp-json\/wp\/v2\/media?parent=8614"}],"wp:term":[{"taxonomy":"category","embeddable":true,"href":"http:\/\/autosdelpodio.com\/autos\/wp-json\/wp\/v2\/categories?post=8614"},{"taxonomy":"post_tag","embeddable":true,"href":"http:\/\/autosdelpodio.com\/autos\/wp-json\/wp\/v2\/tags?post=8614"}],"curies":[{"name":"wp","href":"https:\/\/api.w.org\/{rel}","templated":true}]}}