{"id":8643,"date":"2025-09-28T16:34:09","date_gmt":"2025-09-28T19:34:09","guid":{"rendered":"https:\/\/autosdelpodio.com\/autos\/?p=8643"},"modified":"2025-09-28T16:34:10","modified_gmt":"2025-09-28T19:34:10","slug":"1-2-de-toyota-en-los-200-km-de-buenos-aires","status":"publish","type":"post","link":"http:\/\/autosdelpodio.com\/autos\/1-2-de-toyota-en-los-200-km-de-buenos-aires\/","title":{"rendered":"1-2 de Toyota en los 200 Km de Buenos Aires"},"content":{"rendered":"\n<p>El binomio Matias Rossi-Santiago Urrutia triunfo en la 19\u00aa edici\u00f3n de los 200 Km. del T2000 el Oscar y Juan Galvez. Emiliano Stang-Antonino Garcia y Franco Vivian- Rafael Morgenstern completaron el podio.<br>L<a href=\"https:\/\/autosdelpodio.com\/autos\/un-invitado-que-no-te-falla\/\" target=\"_blank\" rel=\"noreferrer noopener\">a dupla del Toyota #117 ratific\u00f2 su andar en la primer final del fin de semana<\/a>, que se complement\u00f3 el Domingo con apenas 5 veh\u00edculos que arribaron con el total de vueltas. Y eso que por problemas de performance de los motores la categor\u00eda opt\u00f3 por utilizar el circuito 8 en reemplazo del 9, pero esto y mucho mas ser\u00e1 cuesti\u00f3n de an\u00e1lisis profundo entre semana.<br>La pr\u00f3xima ronda ser\u00e1 en <a href=\"https:\/\/autosdelpodio.com\/autos\/regreso-confirmado-del-tc2000-al-zonda-de-san-juan\/\" target=\"_blank\" rel=\"noreferrer noopener\">el aut\u00f3dromo \u00abEl Zonda \u2013 Eduardo Copello\u00bb de San Juan<\/a> del 10 al 12 de octubre.<\/p>\n\n\n\n<p><strong><em>Final TC2000 &#8211; 200KMBA<\/em><\/strong><\/p>\n\n\n\n<p>1 \u2013 Mat\u00edas Rossi \/ Santiago Urrutia (57:43.241)<\/p>\n\n\n\n<p>2 \u2013 Emiiliano Stang \/ Antonino Garc\u00eda (+1.219)<\/p>\n\n\n\n<p>3 \u2013 Franco Vivian \/ Rafael Morgenstern (+1.516)<\/p>\n\n\n\n<p>4 \u2013 Emmanuel P\u00e9rez Bravo \/ Pablo Collazo (H) (+5.962)<\/p>\n\n\n\n<p>5 \u2013 Franco Morillo \/ Rodrigo Aramendia (+42.563)<\/p>\n","protected":false},"excerpt":{"rendered":"<p>El binomio Matias Rossi-Santiago Urrutia triunfo en la 19\u00aa edici\u00f3n de los 200 Km. del T2000 el Oscar y Juan<\/p>\n","protected":false},"author":3,"featured_media":8644,"comment_status":"open","ping_status":"open","sticky":false,"template":"","format":"standard","meta":{"colormag_page_container_layout":"default_layout","colormag_page_sidebar_layout":"default_layout","footnotes":""},"categories":[6,5],"tags":[584,142,366,603,369,217,326],"class_list":["post-8643","post","type-post","status-publish","format-standard","has-post-thumbnail","hentry","category-newsflash","category-latest-news","tag-200-kmba","tag-autodromo-ba","tag-matias-rossi","tag-santiago-urrutia","tag-suv","tag-tc2000","tag-toyota"],"yoast_head":"<!-- This site is optimized with the Yoast SEO plugin v27.5 - https:\/\/yoast.com\/product\/yoast-seo-wordpress\/ -->\n<title>Autos del Podio | 1-2 de Toyota en los 200 Km de Buenos Aires<\/title>\n<meta name=\"description\" content=\"Autos del Podio La dupla Rossi-Urrutia del Toyota Gazoo Racing se qued\u00f3 con la 19\u00b0 edici\u00f3n de los 200KMBA del TC2000\" \/>\n<meta name=\"robots\" content=\"index, follow, max-snippet:-1, max-image-preview:large, max-video-preview:-1\" \/>\n<link rel=\"canonical\" href=\"https:\/\/autosdelpodio.com\/autos\/1-2-de-toyota-en-los-200-km-de-buenos-aires\/\" \/>\n<meta property=\"og:locale\" content=\"es_ES\" \/>\n<meta property=\"og:type\" content=\"article\" \/>\n<meta property=\"og:title\" content=\"200KMBA del TC2000\" \/>\n<meta property=\"og:description\" content=\"La dupla Rossi-Urrutia del Toyota Gazoo Racing se qued\u00f3 con la 19\u00b0 edici\u00f3n de los 200KMBA del TC2000\" \/>\n<meta property=\"og:url\" content=\"https:\/\/autosdelpodio.com\/autos\/1-2-de-toyota-en-los-200-km-de-buenos-aires\/\" \/>\n<meta property=\"og:site_name\" content=\"Autos del Podio\" \/>\n<meta property=\"article:publisher\" content=\"https:\/\/www.facebook.com\/profile.php?id=100057192590976&amp;amp%3bamp%3bamp%3bamp%3bamp%3bamp%3bamp%3bamp%3bamp%3bamp%3bamp%3bamp%3bamp%3bamp%3bamp%3bamp%3bamp%3bamp%3bref=ts\" \/>\n<meta property=\"article:published_time\" content=\"2025-09-28T19:34:09+00:00\" \/>\n<meta property=\"article:modified_time\" content=\"2025-09-28T19:34:10+00:00\" \/>\n<meta property=\"og:image\" content=\"https:\/\/autosdelpodio.com\/autos\/wp-content\/uploads\/2025\/09\/Matias_Rossi_200kmba_25.jpg\" \/>\n\t<meta property=\"og:image:width\" content=\"500\" \/>\n\t<meta property=\"og:image:height\" content=\"325\" \/>\n\t<meta property=\"og:image:type\" content=\"image\/jpeg\" \/>\n<meta name=\"author\" content=\"autosdelpodio\" \/>\n<meta name=\"twitter:card\" content=\"summary_large_image\" \/>\n<meta name=\"twitter:creator\" content=\"@autosdelpodio\" \/>\n<meta name=\"twitter:site\" content=\"@autosdelpodio\" \/>\n<meta name=\"twitter:label1\" content=\"Escrito por\" \/>\n\t<meta name=\"twitter:data1\" content=\"autosdelpodio\" \/>\n\t<meta name=\"twitter:label2\" content=\"Tiempo de lectura\" \/>\n\t<meta name=\"twitter:data2\" content=\"1 minuto\" \/>\n<script type=\"application\/ld+json\" class=\"yoast-schema-graph\">{\"@context\":\"https:\\\/\\\/schema.org\",\"@graph\":[{\"@type\":\"Article\",\"@id\":\"https:\\\/\\\/autosdelpodio.com\\\/autos\\\/1-2-de-toyota-en-los-200-km-de-buenos-aires\\\/#article\",\"isPartOf\":{\"@id\":\"https:\\\/\\\/autosdelpodio.com\\\/autos\\\/1-2-de-toyota-en-los-200-km-de-buenos-aires\\\/\"},\"author\":{\"name\":\"autosdelpodio\",\"@id\":\"http:\\\/\\\/autosdelpodio.com\\\/autos\\\/#\\\/schema\\\/person\\\/993527a4d01c3acdd3d6bce3770bc942\"},\"headline\":\"1-2 de Toyota en los 200 Km de Buenos Aires\",\"datePublished\":\"2025-09-28T19:34:09+00:00\",\"dateModified\":\"2025-09-28T19:34:10+00:00\",\"mainEntityOfPage\":{\"@id\":\"https:\\\/\\\/autosdelpodio.com\\\/autos\\\/1-2-de-toyota-en-los-200-km-de-buenos-aires\\\/\"},\"wordCount\":155,\"commentCount\":0,\"publisher\":{\"@id\":\"http:\\\/\\\/autosdelpodio.com\\\/autos\\\/#organization\"},\"image\":{\"@id\":\"https:\\\/\\\/autosdelpodio.com\\\/autos\\\/1-2-de-toyota-en-los-200-km-de-buenos-aires\\\/#primaryimage\"},\"thumbnailUrl\":\"http:\\\/\\\/autosdelpodio.com\\\/autos\\\/wp-content\\\/uploads\\\/2025\\\/09\\\/Matias_Rossi_200kmba_25.jpg\",\"keywords\":[\"200 KmBA\",\"Autodromo BA\",\"Matias Rossi\",\"Santiago Urrutia\",\"SUV\",\"TC2000\",\"Toyota\"],\"articleSection\":[\"Destacado\",\"\u00daltimas noticias\"],\"inLanguage\":\"es\",\"potentialAction\":[{\"@type\":\"CommentAction\",\"name\":\"Comment\",\"target\":[\"https:\\\/\\\/autosdelpodio.com\\\/autos\\\/1-2-de-toyota-en-los-200-km-de-buenos-aires\\\/#respond\"]}]},{\"@type\":\"WebPage\",\"@id\":\"https:\\\/\\\/autosdelpodio.com\\\/autos\\\/1-2-de-toyota-en-los-200-km-de-buenos-aires\\\/\",\"url\":\"https:\\\/\\\/autosdelpodio.com\\\/autos\\\/1-2-de-toyota-en-los-200-km-de-buenos-aires\\\/\",\"name\":\"Autos del Podio | 1-2 de Toyota en los 200 Km de Buenos Aires\",\"isPartOf\":{\"@id\":\"http:\\\/\\\/autosdelpodio.com\\\/autos\\\/#website\"},\"primaryImageOfPage\":{\"@id\":\"https:\\\/\\\/autosdelpodio.com\\\/autos\\\/1-2-de-toyota-en-los-200-km-de-buenos-aires\\\/#primaryimage\"},\"image\":{\"@id\":\"https:\\\/\\\/autosdelpodio.com\\\/autos\\\/1-2-de-toyota-en-los-200-km-de-buenos-aires\\\/#primaryimage\"},\"thumbnailUrl\":\"http:\\\/\\\/autosdelpodio.com\\\/autos\\\/wp-content\\\/uploads\\\/2025\\\/09\\\/Matias_Rossi_200kmba_25.jpg\",\"datePublished\":\"2025-09-28T19:34:09+00:00\",\"dateModified\":\"2025-09-28T19:34:10+00:00\",\"description\":\"Autos del Podio La dupla Rossi-Urrutia del Toyota Gazoo Racing se qued\u00f3 con la 19\u00b0 edici\u00f3n de los 200KMBA del TC2000\",\"breadcrumb\":{\"@id\":\"https:\\\/\\\/autosdelpodio.com\\\/autos\\\/1-2-de-toyota-en-los-200-km-de-buenos-aires\\\/#breadcrumb\"},\"inLanguage\":\"es\",\"potentialAction\":[{\"@type\":\"ReadAction\",\"target\":[\"https:\\\/\\\/autosdelpodio.com\\\/autos\\\/1-2-de-toyota-en-los-200-km-de-buenos-aires\\\/\"]}]},{\"@type\":\"ImageObject\",\"inLanguage\":\"es\",\"@id\":\"https:\\\/\\\/autosdelpodio.com\\\/autos\\\/1-2-de-toyota-en-los-200-km-de-buenos-aires\\\/#primaryimage\",\"url\":\"http:\\\/\\\/autosdelpodio.com\\\/autos\\\/wp-content\\\/uploads\\\/2025\\\/09\\\/Matias_Rossi_200kmba_25.jpg\",\"contentUrl\":\"http:\\\/\\\/autosdelpodio.com\\\/autos\\\/wp-content\\\/uploads\\\/2025\\\/09\\\/Matias_Rossi_200kmba_25.jpg\",\"width\":500,\"height\":325},{\"@type\":\"BreadcrumbList\",\"@id\":\"https:\\\/\\\/autosdelpodio.com\\\/autos\\\/1-2-de-toyota-en-los-200-km-de-buenos-aires\\\/#breadcrumb\",\"itemListElement\":[{\"@type\":\"ListItem\",\"position\":1,\"name\":\"Portada\",\"item\":\"http:\\\/\\\/autosdelpodio.com\\\/autos\\\/\"},{\"@type\":\"ListItem\",\"position\":2,\"name\":\"1-2 de Toyota en los 200 Km de Buenos Aires\"}]},{\"@type\":\"WebSite\",\"@id\":\"http:\\\/\\\/autosdelpodio.com\\\/autos\\\/#website\",\"url\":\"http:\\\/\\\/autosdelpodio.com\\\/autos\\\/\",\"name\":\"Autos del Podio\",\"description\":\"La sexta del deporte motor\",\"publisher\":{\"@id\":\"http:\\\/\\\/autosdelpodio.com\\\/autos\\\/#organization\"},\"potentialAction\":[{\"@type\":\"SearchAction\",\"target\":{\"@type\":\"EntryPoint\",\"urlTemplate\":\"http:\\\/\\\/autosdelpodio.com\\\/autos\\\/?s={search_term_string}\"},\"query-input\":{\"@type\":\"PropertyValueSpecification\",\"valueRequired\":true,\"valueName\":\"search_term_string\"}}],\"inLanguage\":\"es\"},{\"@type\":\"Organization\",\"@id\":\"http:\\\/\\\/autosdelpodio.com\\\/autos\\\/#organization\",\"name\":\"Autos del Podio\",\"url\":\"http:\\\/\\\/autosdelpodio.com\\\/autos\\\/\",\"logo\":{\"@type\":\"ImageObject\",\"inLanguage\":\"es\",\"@id\":\"http:\\\/\\\/autosdelpodio.com\\\/autos\\\/#\\\/schema\\\/logo\\\/image\\\/\",\"url\":\"http:\\\/\\\/autosdelpodio.com\\\/autos\\\/wp-content\\\/uploads\\\/2020\\\/08\\\/Logo_AR.jpg\",\"contentUrl\":\"http:\\\/\\\/autosdelpodio.com\\\/autos\\\/wp-content\\\/uploads\\\/2020\\\/08\\\/Logo_AR.jpg\",\"width\":1038,\"height\":1044,\"caption\":\"Autos del Podio\"},\"image\":{\"@id\":\"http:\\\/\\\/autosdelpodio.com\\\/autos\\\/#\\\/schema\\\/logo\\\/image\\\/\"},\"sameAs\":[\"https:\\\/\\\/www.facebook.com\\\/profile.php?id=100057192590976&amp;amp;amp;amp;amp;amp;amp;amp;amp;amp;amp;amp;amp;amp;amp;amp;amp;amp;ref=ts\",\"https:\\\/\\\/x.com\\\/autosdelpodio\",\"https:\\\/\\\/www.youtube.com\\\/user\\\/AutosdelPodio\"]},{\"@type\":\"Person\",\"@id\":\"http:\\\/\\\/autosdelpodio.com\\\/autos\\\/#\\\/schema\\\/person\\\/993527a4d01c3acdd3d6bce3770bc942\",\"name\":\"autosdelpodio\",\"image\":{\"@type\":\"ImageObject\",\"inLanguage\":\"es\",\"@id\":\"http:\\\/\\\/autosdelpodio.com\\\/autos\\\/wp-content\\\/litespeed\\\/avatar\\\/aa8f65cd201a80f6b844f63278aa84af.jpg?ver=1777403005\",\"url\":\"http:\\\/\\\/autosdelpodio.com\\\/autos\\\/wp-content\\\/litespeed\\\/avatar\\\/aa8f65cd201a80f6b844f63278aa84af.jpg?ver=1777403005\",\"contentUrl\":\"http:\\\/\\\/autosdelpodio.com\\\/autos\\\/wp-content\\\/litespeed\\\/avatar\\\/aa8f65cd201a80f6b844f63278aa84af.jpg?ver=1777403005\",\"caption\":\"autosdelpodio\"}}]}<\/script>\n<!-- \/ Yoast SEO plugin. -->","yoast_head_json":{"title":"Autos del Podio | 1-2 de Toyota en los 200 Km de Buenos Aires","description":"Autos del Podio La dupla Rossi-Urrutia del Toyota Gazoo Racing se qued\u00f3 con la 19\u00b0 edici\u00f3n de los 200KMBA del TC2000","robots":{"index":"index","follow":"follow","max-snippet":"max-snippet:-1","max-image-preview":"max-image-preview:large","max-video-preview":"max-video-preview:-1"},"canonical":"https:\/\/autosdelpodio.com\/autos\/1-2-de-toyota-en-los-200-km-de-buenos-aires\/","og_locale":"es_ES","og_type":"article","og_title":"200KMBA del TC2000","og_description":"La dupla Rossi-Urrutia del Toyota Gazoo Racing se qued\u00f3 con la 19\u00b0 edici\u00f3n de los 200KMBA del TC2000","og_url":"https:\/\/autosdelpodio.com\/autos\/1-2-de-toyota-en-los-200-km-de-buenos-aires\/","og_site_name":"Autos del Podio","article_publisher":"https:\/\/www.facebook.com\/profile.php?id=100057192590976&amp%3bamp%3bamp%3bamp%3bamp%3bamp%3bamp%3bamp%3bamp%3bamp%3bamp%3bamp%3bamp%3bamp%3bamp%3bamp%3bamp%3bamp%3bref=ts","article_published_time":"2025-09-28T19:34:09+00:00","article_modified_time":"2025-09-28T19:34:10+00:00","og_image":[{"width":500,"height":325,"url":"https:\/\/autosdelpodio.com\/autos\/wp-content\/uploads\/2025\/09\/Matias_Rossi_200kmba_25.jpg","type":"image\/jpeg"}],"author":"autosdelpodio","twitter_card":"summary_large_image","twitter_creator":"@autosdelpodio","twitter_site":"@autosdelpodio","twitter_misc":{"Escrito por":"autosdelpodio","Tiempo de lectura":"1 minuto"},"schema":{"@context":"https:\/\/schema.org","@graph":[{"@type":"Article","@id":"https:\/\/autosdelpodio.com\/autos\/1-2-de-toyota-en-los-200-km-de-buenos-aires\/#article","isPartOf":{"@id":"https:\/\/autosdelpodio.com\/autos\/1-2-de-toyota-en-los-200-km-de-buenos-aires\/"},"author":{"name":"autosdelpodio","@id":"http:\/\/autosdelpodio.com\/autos\/#\/schema\/person\/993527a4d01c3acdd3d6bce3770bc942"},"headline":"1-2 de Toyota en los 200 Km de Buenos Aires","datePublished":"2025-09-28T19:34:09+00:00","dateModified":"2025-09-28T19:34:10+00:00","mainEntityOfPage":{"@id":"https:\/\/autosdelpodio.com\/autos\/1-2-de-toyota-en-los-200-km-de-buenos-aires\/"},"wordCount":155,"commentCount":0,"publisher":{"@id":"http:\/\/autosdelpodio.com\/autos\/#organization"},"image":{"@id":"https:\/\/autosdelpodio.com\/autos\/1-2-de-toyota-en-los-200-km-de-buenos-aires\/#primaryimage"},"thumbnailUrl":"http:\/\/autosdelpodio.com\/autos\/wp-content\/uploads\/2025\/09\/Matias_Rossi_200kmba_25.jpg","keywords":["200 KmBA","Autodromo BA","Matias Rossi","Santiago Urrutia","SUV","TC2000","Toyota"],"articleSection":["Destacado","\u00daltimas noticias"],"inLanguage":"es","potentialAction":[{"@type":"CommentAction","name":"Comment","target":["https:\/\/autosdelpodio.com\/autos\/1-2-de-toyota-en-los-200-km-de-buenos-aires\/#respond"]}]},{"@type":"WebPage","@id":"https:\/\/autosdelpodio.com\/autos\/1-2-de-toyota-en-los-200-km-de-buenos-aires\/","url":"https:\/\/autosdelpodio.com\/autos\/1-2-de-toyota-en-los-200-km-de-buenos-aires\/","name":"Autos del Podio | 1-2 de Toyota en los 200 Km de Buenos Aires","isPartOf":{"@id":"http:\/\/autosdelpodio.com\/autos\/#website"},"primaryImageOfPage":{"@id":"https:\/\/autosdelpodio.com\/autos\/1-2-de-toyota-en-los-200-km-de-buenos-aires\/#primaryimage"},"image":{"@id":"https:\/\/autosdelpodio.com\/autos\/1-2-de-toyota-en-los-200-km-de-buenos-aires\/#primaryimage"},"thumbnailUrl":"http:\/\/autosdelpodio.com\/autos\/wp-content\/uploads\/2025\/09\/Matias_Rossi_200kmba_25.jpg","datePublished":"2025-09-28T19:34:09+00:00","dateModified":"2025-09-28T19:34:10+00:00","description":"Autos del Podio La dupla Rossi-Urrutia del Toyota Gazoo Racing se qued\u00f3 con la 19\u00b0 edici\u00f3n de los 200KMBA del TC2000","breadcrumb":{"@id":"https:\/\/autosdelpodio.com\/autos\/1-2-de-toyota-en-los-200-km-de-buenos-aires\/#breadcrumb"},"inLanguage":"es","potentialAction":[{"@type":"ReadAction","target":["https:\/\/autosdelpodio.com\/autos\/1-2-de-toyota-en-los-200-km-de-buenos-aires\/"]}]},{"@type":"ImageObject","inLanguage":"es","@id":"https:\/\/autosdelpodio.com\/autos\/1-2-de-toyota-en-los-200-km-de-buenos-aires\/#primaryimage","url":"http:\/\/autosdelpodio.com\/autos\/wp-content\/uploads\/2025\/09\/Matias_Rossi_200kmba_25.jpg","contentUrl":"http:\/\/autosdelpodio.com\/autos\/wp-content\/uploads\/2025\/09\/Matias_Rossi_200kmba_25.jpg","width":500,"height":325},{"@type":"BreadcrumbList","@id":"https:\/\/autosdelpodio.com\/autos\/1-2-de-toyota-en-los-200-km-de-buenos-aires\/#breadcrumb","itemListElement":[{"@type":"ListItem","position":1,"name":"Portada","item":"http:\/\/autosdelpodio.com\/autos\/"},{"@type":"ListItem","position":2,"name":"1-2 de Toyota en los 200 Km de Buenos Aires"}]},{"@type":"WebSite","@id":"http:\/\/autosdelpodio.com\/autos\/#website","url":"http:\/\/autosdelpodio.com\/autos\/","name":"Autos del Podio","description":"La sexta del deporte motor","publisher":{"@id":"http:\/\/autosdelpodio.com\/autos\/#organization"},"potentialAction":[{"@type":"SearchAction","target":{"@type":"EntryPoint","urlTemplate":"http:\/\/autosdelpodio.com\/autos\/?s={search_term_string}"},"query-input":{"@type":"PropertyValueSpecification","valueRequired":true,"valueName":"search_term_string"}}],"inLanguage":"es"},{"@type":"Organization","@id":"http:\/\/autosdelpodio.com\/autos\/#organization","name":"Autos del Podio","url":"http:\/\/autosdelpodio.com\/autos\/","logo":{"@type":"ImageObject","inLanguage":"es","@id":"http:\/\/autosdelpodio.com\/autos\/#\/schema\/logo\/image\/","url":"http:\/\/autosdelpodio.com\/autos\/wp-content\/uploads\/2020\/08\/Logo_AR.jpg","contentUrl":"http:\/\/autosdelpodio.com\/autos\/wp-content\/uploads\/2020\/08\/Logo_AR.jpg","width":1038,"height":1044,"caption":"Autos del Podio"},"image":{"@id":"http:\/\/autosdelpodio.com\/autos\/#\/schema\/logo\/image\/"},"sameAs":["https:\/\/www.facebook.com\/profile.php?id=100057192590976&amp;amp;amp;amp;amp;amp;amp;amp;amp;amp;amp;amp;amp;amp;amp;amp;amp;amp;ref=ts","https:\/\/x.com\/autosdelpodio","https:\/\/www.youtube.com\/user\/AutosdelPodio"]},{"@type":"Person","@id":"http:\/\/autosdelpodio.com\/autos\/#\/schema\/person\/993527a4d01c3acdd3d6bce3770bc942","name":"autosdelpodio","image":{"@type":"ImageObject","inLanguage":"es","@id":"http:\/\/autosdelpodio.com\/autos\/wp-content\/litespeed\/avatar\/aa8f65cd201a80f6b844f63278aa84af.jpg?ver=1777403005","url":"http:\/\/autosdelpodio.com\/autos\/wp-content\/litespeed\/avatar\/aa8f65cd201a80f6b844f63278aa84af.jpg?ver=1777403005","contentUrl":"http:\/\/autosdelpodio.com\/autos\/wp-content\/litespeed\/avatar\/aa8f65cd201a80f6b844f63278aa84af.jpg?ver=1777403005","caption":"autosdelpodio"}}]}},"views":511,"_links":{"self":[{"href":"http:\/\/autosdelpodio.com\/autos\/wp-json\/wp\/v2\/posts\/8643","targetHints":{"allow":["GET"]}}],"collection":[{"href":"http:\/\/autosdelpodio.com\/autos\/wp-json\/wp\/v2\/posts"}],"about":[{"href":"http:\/\/autosdelpodio.com\/autos\/wp-json\/wp\/v2\/types\/post"}],"author":[{"embeddable":true,"href":"http:\/\/autosdelpodio.com\/autos\/wp-json\/wp\/v2\/users\/3"}],"replies":[{"embeddable":true,"href":"http:\/\/autosdelpodio.com\/autos\/wp-json\/wp\/v2\/comments?post=8643"}],"version-history":[{"count":1,"href":"http:\/\/autosdelpodio.com\/autos\/wp-json\/wp\/v2\/posts\/8643\/revisions"}],"predecessor-version":[{"id":8645,"href":"http:\/\/autosdelpodio.com\/autos\/wp-json\/wp\/v2\/posts\/8643\/revisions\/8645"}],"wp:featuredmedia":[{"embeddable":true,"href":"http:\/\/autosdelpodio.com\/autos\/wp-json\/wp\/v2\/media\/8644"}],"wp:attachment":[{"href":"http:\/\/autosdelpodio.com\/autos\/wp-json\/wp\/v2\/media?parent=8643"}],"wp:term":[{"taxonomy":"category","embeddable":true,"href":"http:\/\/autosdelpodio.com\/autos\/wp-json\/wp\/v2\/categories?post=8643"},{"taxonomy":"post_tag","embeddable":true,"href":"http:\/\/autosdelpodio.com\/autos\/wp-json\/wp\/v2\/tags?post=8643"}],"curies":[{"name":"wp","href":"https:\/\/api.w.org\/{rel}","templated":true}]}}