{"id":8686,"date":"2025-10-19T19:30:00","date_gmt":"2025-10-19T22:30:00","guid":{"rendered":"https:\/\/autosdelpodio.com\/autos\/?p=8686"},"modified":"2025-10-19T19:30:02","modified_gmt":"2025-10-19T22:30:02","slug":"vers-hizo-todo-bien-y-se-impuso-con-comodidad-en-austin","status":"publish","type":"post","link":"http:\/\/autosdelpodio.com\/autos\/vers-hizo-todo-bien-y-se-impuso-con-comodidad-en-austin\/","title":{"rendered":"Vers hizo todo bien y se impuso con comodidad en Austin"},"content":{"rendered":"\n<p>C\u00f3modo triunfo de Max Verstappen en el GP de los Estados Unidos, en el cual los Mc Laren no tuvieron un paso recordable. Franco Colapinto lleg\u00f3 17\u00ba con Alpine.<br>Pese al fin de semana errante Oscar Piastri con 346 puntos se mantiene a la vanguardia del mundial de pilotos, luego figura Lando Norris con 332 y Verstappen con 306.<br>El pr\u00f3ximo fin de semana se corre el mundial de la m\u00e1xima se traslada a la Ciudad de M\u00e9xico, en el aut\u00f3dromo \u00abHermanos Rodr\u00edguez\u00bb<\/p>\n\n\n\n<p><strong><em>Final GP Austin de F1<\/em><\/strong><\/p>\n\n\n\n<figure class=\"wp-block-table\"><table class=\"has-fixed-layout\"><tbody><tr><td>1<\/td><td>1<\/td><td>Max&nbsp;Verstappen<\/td><td>Red Bull Racing<\/td><td>56<\/td><td>1:34:00.161<\/td><\/tr><tr><td>2<\/td><td>4<\/td><td>Lando&nbsp;Norris<\/td><td>McLaren<\/td><td>56<\/td><td>7.959<\/td><\/tr><tr><td>3<\/td><td>16<\/td><td>Charles&nbsp;Leclerc<\/td><td>Ferrari<\/td><td>56<\/td><td>15.373<\/td><\/tr><tr><td>4<\/td><td>44<\/td><td>Lewis&nbsp;Hamilton<\/td><td>Ferrari<\/td><td>56<\/td><td>28.536<\/td><\/tr><tr><td>5<\/td><td>81<\/td><td>Oscar&nbsp;Piastri<\/td><td>McLaren<\/td><td>56<\/td><td>29.678<\/td><\/tr><tr><td>6<\/td><td>63<\/td><td>George&nbsp;Russell<\/td><td>Mercedes<\/td><td>56<\/td><td>33.456<\/td><\/tr><tr><td>7<\/td><td>22<\/td><td>Yuki&nbsp;Tsunoda<\/td><td>Red Bull Racing<\/td><td>56<\/td><td>52.714<\/td><\/tr><tr><td>8<\/td><td>27<\/td><td>Nico&nbsp;Hulkenberg<\/td><td>Kick Sauber<\/td><td>56<\/td><td>57.249<\/td><\/tr><tr><td>9<\/td><td>87<\/td><td>Oliver&nbsp;Bearman<\/td><td>Haas F1 Team<\/td><td>56<\/td><td>1:04.722<\/td><\/tr><tr><td>10<\/td><td>14<\/td><td>Fernando&nbsp;Alonso<\/td><td>Aston Martin<\/td><td>56<\/td><td>1:10.001<\/td><\/tr><tr><td>11<\/td><td>30<\/td><td>Liam&nbsp;Lawson<\/td><td>Racing Bulls<\/td><td>56<\/td><td>1:13.209<\/td><\/tr><tr><td>12<\/td><td>18<\/td><td>Lance&nbsp;Stroll<\/td><td>Aston Martin<\/td><td>56<\/td><td>1:14.778<\/td><\/tr><tr><td>13<\/td><td>12<\/td><td>Kimi&nbsp;Antonelli<\/td><td>Mercedes<\/td><td>56<\/td><td>1:15.746<\/td><\/tr><tr><td>14<\/td><td>23<\/td><td>Alexander&nbsp;Albon<\/td><td>Williams<\/td><td>56<\/td><td>1:20.000<\/td><\/tr><tr><td>15<\/td><td>31<\/td><td>Esteban&nbsp;Ocon<\/td><td>Haas F1 Team<\/td><td>56<\/td><td>1:23.043<\/td><\/tr><tr><td>16<\/td><td>6<\/td><td>Isack&nbsp;Hadjar<\/td><td>Racing Bulls<\/td><td>56<\/td><td>1:32.807<\/td><\/tr><tr><td><strong>17<\/strong><\/td><td><strong>43<\/strong><\/td><td><strong>Franco&nbsp;Colapinto<\/strong><\/td><td><strong>Alpine<\/strong><\/td><td><strong>55<\/strong><\/td><td><strong>-1 VTA<\/strong><\/td><\/tr><tr><td>18<\/td><td>5<\/td><td>Gabriel&nbsp;Bortoleto<\/td><td>Kick Sauber<\/td><td>55<\/td><td>-1 VTA<\/td><\/tr><tr><td>19<\/td><td>10<\/td><td>Pierre&nbsp;Gasly<\/td><td>Alpine<\/td><td>55<\/td><td>-1 VTA<\/td><\/tr><tr><td>NC<\/td><td>55<\/td><td>Carlos&nbsp;Sainz<\/td><td>Williams<\/td><td>5<\/td><td>\u2013<\/td><\/tr><tr><td colspan=\"6\">PROMEDIO: 196.848 Km\/h.<\/td><\/tr><tr><td colspan=\"6\">R\u00c9CORD DE VUELTA: Kimi Antonelli (Mercedes), en 1:37.577, a 203,396 Km\/h.<\/td><\/tr><\/tbody><\/table><\/figure>\n","protected":false},"excerpt":{"rendered":"<p>C\u00f3modo triunfo de Max Verstappen en el GP de los Estados Unidos, en el cual los Mc Laren no tuvieron<\/p>\n","protected":false},"author":3,"featured_media":1751,"comment_status":"open","ping_status":"open","sticky":false,"template":"","format":"standard","meta":{"colormag_page_container_layout":"default_layout","colormag_page_sidebar_layout":"default_layout","footnotes":""},"categories":[6,5],"tags":[75,775,625,310,311],"class_list":["post-8686","post","type-post","status-publish","format-standard","has-post-thumbnail","hentry","category-newsflash","category-latest-news","tag-formula-1","tag-gp-austin","tag-gp-estados-unidos","tag-max-verstappen","tag-red-bull"],"yoast_head":"<!-- This site is optimized with the Yoast SEO plugin v27.5 - https:\/\/yoast.com\/product\/yoast-seo-wordpress\/ -->\n<title>Autos del Podio | Vers hizo todo bien y se impuso con comodidad en Austin<\/title>\n<meta name=\"description\" content=\"Autos del Podio Max Verstappen domin\u00f3 a voluntad el Gran Premio de Estados Unidos en el Circuito de las Am\u00e9ricas\" \/>\n<meta name=\"robots\" content=\"index, follow, max-snippet:-1, max-image-preview:large, max-video-preview:-1\" \/>\n<link rel=\"canonical\" href=\"http:\/\/autosdelpodio.com\/autos\/vers-hizo-todo-bien-y-se-impuso-con-comodidad-en-austin\/\" \/>\n<meta property=\"og:locale\" content=\"es_ES\" \/>\n<meta property=\"og:type\" content=\"article\" \/>\n<meta property=\"og:title\" content=\"Formula 1 en Estados Unidos\" \/>\n<meta property=\"og:description\" content=\"Max Verstappen domin\u00f3 a voluntad el Gran Premio de Estados Unidos en el Circuito de las Am\u00e9ricas\" \/>\n<meta property=\"og:url\" content=\"http:\/\/autosdelpodio.com\/autos\/vers-hizo-todo-bien-y-se-impuso-con-comodidad-en-austin\/\" \/>\n<meta property=\"og:site_name\" content=\"Autos del Podio\" \/>\n<meta property=\"article:publisher\" content=\"https:\/\/www.facebook.com\/profile.php?id=100057192590976&amp;amp%3bamp%3bamp%3bamp%3bamp%3bamp%3bamp%3bamp%3bamp%3bamp%3bamp%3bamp%3bamp%3bamp%3bamp%3bamp%3bamp%3bamp%3bref=ts\" \/>\n<meta property=\"article:published_time\" content=\"2025-10-19T22:30:00+00:00\" \/>\n<meta property=\"article:modified_time\" content=\"2025-10-19T22:30:02+00:00\" \/>\n<meta property=\"og:image\" content=\"http:\/\/autosdelpodio.com\/autos\/wp-content\/uploads\/2020\/04\/Logo_F1_-e1621029352226.jpg\" \/>\n\t<meta property=\"og:image:width\" content=\"500\" \/>\n\t<meta property=\"og:image:height\" content=\"278\" \/>\n\t<meta property=\"og:image:type\" content=\"image\/jpeg\" \/>\n<meta name=\"author\" content=\"autosdelpodio\" \/>\n<meta name=\"twitter:card\" content=\"summary_large_image\" \/>\n<meta name=\"twitter:creator\" content=\"@autosdelpodio\" \/>\n<meta name=\"twitter:site\" content=\"@autosdelpodio\" \/>\n<meta name=\"twitter:label1\" content=\"Escrito por\" \/>\n\t<meta name=\"twitter:data1\" content=\"autosdelpodio\" \/>\n\t<meta name=\"twitter:label2\" content=\"Tiempo de lectura\" \/>\n\t<meta name=\"twitter:data2\" content=\"2 minutos\" \/>\n<script type=\"application\/ld+json\" class=\"yoast-schema-graph\">{\"@context\":\"https:\\\/\\\/schema.org\",\"@graph\":[{\"@type\":\"Article\",\"@id\":\"http:\\\/\\\/autosdelpodio.com\\\/autos\\\/vers-hizo-todo-bien-y-se-impuso-con-comodidad-en-austin\\\/#article\",\"isPartOf\":{\"@id\":\"http:\\\/\\\/autosdelpodio.com\\\/autos\\\/vers-hizo-todo-bien-y-se-impuso-con-comodidad-en-austin\\\/\"},\"author\":{\"name\":\"autosdelpodio\",\"@id\":\"http:\\\/\\\/autosdelpodio.com\\\/autos\\\/#\\\/schema\\\/person\\\/993527a4d01c3acdd3d6bce3770bc942\"},\"headline\":\"Vers hizo todo bien y se impuso con comodidad en Austin\",\"datePublished\":\"2025-10-19T22:30:00+00:00\",\"dateModified\":\"2025-10-19T22:30:02+00:00\",\"mainEntityOfPage\":{\"@id\":\"http:\\\/\\\/autosdelpodio.com\\\/autos\\\/vers-hizo-todo-bien-y-se-impuso-con-comodidad-en-austin\\\/\"},\"wordCount\":216,\"commentCount\":0,\"publisher\":{\"@id\":\"http:\\\/\\\/autosdelpodio.com\\\/autos\\\/#organization\"},\"image\":{\"@id\":\"http:\\\/\\\/autosdelpodio.com\\\/autos\\\/vers-hizo-todo-bien-y-se-impuso-con-comodidad-en-austin\\\/#primaryimage\"},\"thumbnailUrl\":\"http:\\\/\\\/autosdelpodio.com\\\/autos\\\/wp-content\\\/uploads\\\/2020\\\/04\\\/Logo_F1_-e1621029352226.jpg\",\"keywords\":[\"Formula 1\",\"GP Austin\",\"GP Estados Unidos\",\"Max Verstappen\",\"Red Bull\"],\"articleSection\":[\"Destacado\",\"\u00daltimas noticias\"],\"inLanguage\":\"es\",\"potentialAction\":[{\"@type\":\"CommentAction\",\"name\":\"Comment\",\"target\":[\"http:\\\/\\\/autosdelpodio.com\\\/autos\\\/vers-hizo-todo-bien-y-se-impuso-con-comodidad-en-austin\\\/#respond\"]}]},{\"@type\":\"WebPage\",\"@id\":\"http:\\\/\\\/autosdelpodio.com\\\/autos\\\/vers-hizo-todo-bien-y-se-impuso-con-comodidad-en-austin\\\/\",\"url\":\"http:\\\/\\\/autosdelpodio.com\\\/autos\\\/vers-hizo-todo-bien-y-se-impuso-con-comodidad-en-austin\\\/\",\"name\":\"Autos del Podio | Vers hizo todo bien y se impuso con comodidad en Austin\",\"isPartOf\":{\"@id\":\"http:\\\/\\\/autosdelpodio.com\\\/autos\\\/#website\"},\"primaryImageOfPage\":{\"@id\":\"http:\\\/\\\/autosdelpodio.com\\\/autos\\\/vers-hizo-todo-bien-y-se-impuso-con-comodidad-en-austin\\\/#primaryimage\"},\"image\":{\"@id\":\"http:\\\/\\\/autosdelpodio.com\\\/autos\\\/vers-hizo-todo-bien-y-se-impuso-con-comodidad-en-austin\\\/#primaryimage\"},\"thumbnailUrl\":\"http:\\\/\\\/autosdelpodio.com\\\/autos\\\/wp-content\\\/uploads\\\/2020\\\/04\\\/Logo_F1_-e1621029352226.jpg\",\"datePublished\":\"2025-10-19T22:30:00+00:00\",\"dateModified\":\"2025-10-19T22:30:02+00:00\",\"description\":\"Autos del Podio Max Verstappen domin\u00f3 a voluntad el Gran Premio de Estados Unidos en el Circuito de las Am\u00e9ricas\",\"breadcrumb\":{\"@id\":\"http:\\\/\\\/autosdelpodio.com\\\/autos\\\/vers-hizo-todo-bien-y-se-impuso-con-comodidad-en-austin\\\/#breadcrumb\"},\"inLanguage\":\"es\",\"potentialAction\":[{\"@type\":\"ReadAction\",\"target\":[\"http:\\\/\\\/autosdelpodio.com\\\/autos\\\/vers-hizo-todo-bien-y-se-impuso-con-comodidad-en-austin\\\/\"]}]},{\"@type\":\"ImageObject\",\"inLanguage\":\"es\",\"@id\":\"http:\\\/\\\/autosdelpodio.com\\\/autos\\\/vers-hizo-todo-bien-y-se-impuso-con-comodidad-en-austin\\\/#primaryimage\",\"url\":\"http:\\\/\\\/autosdelpodio.com\\\/autos\\\/wp-content\\\/uploads\\\/2020\\\/04\\\/Logo_F1_-e1621029352226.jpg\",\"contentUrl\":\"http:\\\/\\\/autosdelpodio.com\\\/autos\\\/wp-content\\\/uploads\\\/2020\\\/04\\\/Logo_F1_-e1621029352226.jpg\",\"width\":500,\"height\":278},{\"@type\":\"BreadcrumbList\",\"@id\":\"http:\\\/\\\/autosdelpodio.com\\\/autos\\\/vers-hizo-todo-bien-y-se-impuso-con-comodidad-en-austin\\\/#breadcrumb\",\"itemListElement\":[{\"@type\":\"ListItem\",\"position\":1,\"name\":\"Portada\",\"item\":\"http:\\\/\\\/autosdelpodio.com\\\/autos\\\/\"},{\"@type\":\"ListItem\",\"position\":2,\"name\":\"Vers hizo todo bien y se impuso con comodidad en Austin\"}]},{\"@type\":\"WebSite\",\"@id\":\"http:\\\/\\\/autosdelpodio.com\\\/autos\\\/#website\",\"url\":\"http:\\\/\\\/autosdelpodio.com\\\/autos\\\/\",\"name\":\"Autos del Podio\",\"description\":\"La sexta del deporte motor\",\"publisher\":{\"@id\":\"http:\\\/\\\/autosdelpodio.com\\\/autos\\\/#organization\"},\"potentialAction\":[{\"@type\":\"SearchAction\",\"target\":{\"@type\":\"EntryPoint\",\"urlTemplate\":\"http:\\\/\\\/autosdelpodio.com\\\/autos\\\/?s={search_term_string}\"},\"query-input\":{\"@type\":\"PropertyValueSpecification\",\"valueRequired\":true,\"valueName\":\"search_term_string\"}}],\"inLanguage\":\"es\"},{\"@type\":\"Organization\",\"@id\":\"http:\\\/\\\/autosdelpodio.com\\\/autos\\\/#organization\",\"name\":\"Autos del Podio\",\"url\":\"http:\\\/\\\/autosdelpodio.com\\\/autos\\\/\",\"logo\":{\"@type\":\"ImageObject\",\"inLanguage\":\"es\",\"@id\":\"http:\\\/\\\/autosdelpodio.com\\\/autos\\\/#\\\/schema\\\/logo\\\/image\\\/\",\"url\":\"http:\\\/\\\/autosdelpodio.com\\\/autos\\\/wp-content\\\/uploads\\\/2020\\\/08\\\/Logo_AR.jpg\",\"contentUrl\":\"http:\\\/\\\/autosdelpodio.com\\\/autos\\\/wp-content\\\/uploads\\\/2020\\\/08\\\/Logo_AR.jpg\",\"width\":1038,\"height\":1044,\"caption\":\"Autos del Podio\"},\"image\":{\"@id\":\"http:\\\/\\\/autosdelpodio.com\\\/autos\\\/#\\\/schema\\\/logo\\\/image\\\/\"},\"sameAs\":[\"https:\\\/\\\/www.facebook.com\\\/profile.php?id=100057192590976&amp;amp;amp;amp;amp;amp;amp;amp;amp;amp;amp;amp;amp;amp;amp;amp;amp;amp;ref=ts\",\"https:\\\/\\\/x.com\\\/autosdelpodio\",\"https:\\\/\\\/www.youtube.com\\\/user\\\/AutosdelPodio\"]},{\"@type\":\"Person\",\"@id\":\"http:\\\/\\\/autosdelpodio.com\\\/autos\\\/#\\\/schema\\\/person\\\/993527a4d01c3acdd3d6bce3770bc942\",\"name\":\"autosdelpodio\",\"image\":{\"@type\":\"ImageObject\",\"inLanguage\":\"es\",\"@id\":\"http:\\\/\\\/autosdelpodio.com\\\/autos\\\/wp-content\\\/litespeed\\\/avatar\\\/aa8f65cd201a80f6b844f63278aa84af.jpg?ver=1777403005\",\"url\":\"http:\\\/\\\/autosdelpodio.com\\\/autos\\\/wp-content\\\/litespeed\\\/avatar\\\/aa8f65cd201a80f6b844f63278aa84af.jpg?ver=1777403005\",\"contentUrl\":\"http:\\\/\\\/autosdelpodio.com\\\/autos\\\/wp-content\\\/litespeed\\\/avatar\\\/aa8f65cd201a80f6b844f63278aa84af.jpg?ver=1777403005\",\"caption\":\"autosdelpodio\"}}]}<\/script>\n<!-- \/ Yoast SEO plugin. -->","yoast_head_json":{"title":"Autos del Podio | Vers hizo todo bien y se impuso con comodidad en Austin","description":"Autos del Podio Max Verstappen domin\u00f3 a voluntad el Gran Premio de Estados Unidos en el Circuito de las Am\u00e9ricas","robots":{"index":"index","follow":"follow","max-snippet":"max-snippet:-1","max-image-preview":"max-image-preview:large","max-video-preview":"max-video-preview:-1"},"canonical":"http:\/\/autosdelpodio.com\/autos\/vers-hizo-todo-bien-y-se-impuso-con-comodidad-en-austin\/","og_locale":"es_ES","og_type":"article","og_title":"Formula 1 en Estados Unidos","og_description":"Max Verstappen domin\u00f3 a voluntad el Gran Premio de Estados Unidos en el Circuito de las Am\u00e9ricas","og_url":"http:\/\/autosdelpodio.com\/autos\/vers-hizo-todo-bien-y-se-impuso-con-comodidad-en-austin\/","og_site_name":"Autos del Podio","article_publisher":"https:\/\/www.facebook.com\/profile.php?id=100057192590976&amp%3bamp%3bamp%3bamp%3bamp%3bamp%3bamp%3bamp%3bamp%3bamp%3bamp%3bamp%3bamp%3bamp%3bamp%3bamp%3bamp%3bamp%3bref=ts","article_published_time":"2025-10-19T22:30:00+00:00","article_modified_time":"2025-10-19T22:30:02+00:00","og_image":[{"width":500,"height":278,"url":"http:\/\/autosdelpodio.com\/autos\/wp-content\/uploads\/2020\/04\/Logo_F1_-e1621029352226.jpg","type":"image\/jpeg"}],"author":"autosdelpodio","twitter_card":"summary_large_image","twitter_creator":"@autosdelpodio","twitter_site":"@autosdelpodio","twitter_misc":{"Escrito por":"autosdelpodio","Tiempo de lectura":"2 minutos"},"schema":{"@context":"https:\/\/schema.org","@graph":[{"@type":"Article","@id":"http:\/\/autosdelpodio.com\/autos\/vers-hizo-todo-bien-y-se-impuso-con-comodidad-en-austin\/#article","isPartOf":{"@id":"http:\/\/autosdelpodio.com\/autos\/vers-hizo-todo-bien-y-se-impuso-con-comodidad-en-austin\/"},"author":{"name":"autosdelpodio","@id":"http:\/\/autosdelpodio.com\/autos\/#\/schema\/person\/993527a4d01c3acdd3d6bce3770bc942"},"headline":"Vers hizo todo bien y se impuso con comodidad en Austin","datePublished":"2025-10-19T22:30:00+00:00","dateModified":"2025-10-19T22:30:02+00:00","mainEntityOfPage":{"@id":"http:\/\/autosdelpodio.com\/autos\/vers-hizo-todo-bien-y-se-impuso-con-comodidad-en-austin\/"},"wordCount":216,"commentCount":0,"publisher":{"@id":"http:\/\/autosdelpodio.com\/autos\/#organization"},"image":{"@id":"http:\/\/autosdelpodio.com\/autos\/vers-hizo-todo-bien-y-se-impuso-con-comodidad-en-austin\/#primaryimage"},"thumbnailUrl":"http:\/\/autosdelpodio.com\/autos\/wp-content\/uploads\/2020\/04\/Logo_F1_-e1621029352226.jpg","keywords":["Formula 1","GP Austin","GP Estados Unidos","Max Verstappen","Red Bull"],"articleSection":["Destacado","\u00daltimas noticias"],"inLanguage":"es","potentialAction":[{"@type":"CommentAction","name":"Comment","target":["http:\/\/autosdelpodio.com\/autos\/vers-hizo-todo-bien-y-se-impuso-con-comodidad-en-austin\/#respond"]}]},{"@type":"WebPage","@id":"http:\/\/autosdelpodio.com\/autos\/vers-hizo-todo-bien-y-se-impuso-con-comodidad-en-austin\/","url":"http:\/\/autosdelpodio.com\/autos\/vers-hizo-todo-bien-y-se-impuso-con-comodidad-en-austin\/","name":"Autos del Podio | Vers hizo todo bien y se impuso con comodidad en Austin","isPartOf":{"@id":"http:\/\/autosdelpodio.com\/autos\/#website"},"primaryImageOfPage":{"@id":"http:\/\/autosdelpodio.com\/autos\/vers-hizo-todo-bien-y-se-impuso-con-comodidad-en-austin\/#primaryimage"},"image":{"@id":"http:\/\/autosdelpodio.com\/autos\/vers-hizo-todo-bien-y-se-impuso-con-comodidad-en-austin\/#primaryimage"},"thumbnailUrl":"http:\/\/autosdelpodio.com\/autos\/wp-content\/uploads\/2020\/04\/Logo_F1_-e1621029352226.jpg","datePublished":"2025-10-19T22:30:00+00:00","dateModified":"2025-10-19T22:30:02+00:00","description":"Autos del Podio Max Verstappen domin\u00f3 a voluntad el Gran Premio de Estados Unidos en el Circuito de las Am\u00e9ricas","breadcrumb":{"@id":"http:\/\/autosdelpodio.com\/autos\/vers-hizo-todo-bien-y-se-impuso-con-comodidad-en-austin\/#breadcrumb"},"inLanguage":"es","potentialAction":[{"@type":"ReadAction","target":["http:\/\/autosdelpodio.com\/autos\/vers-hizo-todo-bien-y-se-impuso-con-comodidad-en-austin\/"]}]},{"@type":"ImageObject","inLanguage":"es","@id":"http:\/\/autosdelpodio.com\/autos\/vers-hizo-todo-bien-y-se-impuso-con-comodidad-en-austin\/#primaryimage","url":"http:\/\/autosdelpodio.com\/autos\/wp-content\/uploads\/2020\/04\/Logo_F1_-e1621029352226.jpg","contentUrl":"http:\/\/autosdelpodio.com\/autos\/wp-content\/uploads\/2020\/04\/Logo_F1_-e1621029352226.jpg","width":500,"height":278},{"@type":"BreadcrumbList","@id":"http:\/\/autosdelpodio.com\/autos\/vers-hizo-todo-bien-y-se-impuso-con-comodidad-en-austin\/#breadcrumb","itemListElement":[{"@type":"ListItem","position":1,"name":"Portada","item":"http:\/\/autosdelpodio.com\/autos\/"},{"@type":"ListItem","position":2,"name":"Vers hizo todo bien y se impuso con comodidad en Austin"}]},{"@type":"WebSite","@id":"http:\/\/autosdelpodio.com\/autos\/#website","url":"http:\/\/autosdelpodio.com\/autos\/","name":"Autos del Podio","description":"La sexta del deporte motor","publisher":{"@id":"http:\/\/autosdelpodio.com\/autos\/#organization"},"potentialAction":[{"@type":"SearchAction","target":{"@type":"EntryPoint","urlTemplate":"http:\/\/autosdelpodio.com\/autos\/?s={search_term_string}"},"query-input":{"@type":"PropertyValueSpecification","valueRequired":true,"valueName":"search_term_string"}}],"inLanguage":"es"},{"@type":"Organization","@id":"http:\/\/autosdelpodio.com\/autos\/#organization","name":"Autos del Podio","url":"http:\/\/autosdelpodio.com\/autos\/","logo":{"@type":"ImageObject","inLanguage":"es","@id":"http:\/\/autosdelpodio.com\/autos\/#\/schema\/logo\/image\/","url":"http:\/\/autosdelpodio.com\/autos\/wp-content\/uploads\/2020\/08\/Logo_AR.jpg","contentUrl":"http:\/\/autosdelpodio.com\/autos\/wp-content\/uploads\/2020\/08\/Logo_AR.jpg","width":1038,"height":1044,"caption":"Autos del Podio"},"image":{"@id":"http:\/\/autosdelpodio.com\/autos\/#\/schema\/logo\/image\/"},"sameAs":["https:\/\/www.facebook.com\/profile.php?id=100057192590976&amp;amp;amp;amp;amp;amp;amp;amp;amp;amp;amp;amp;amp;amp;amp;amp;amp;amp;ref=ts","https:\/\/x.com\/autosdelpodio","https:\/\/www.youtube.com\/user\/AutosdelPodio"]},{"@type":"Person","@id":"http:\/\/autosdelpodio.com\/autos\/#\/schema\/person\/993527a4d01c3acdd3d6bce3770bc942","name":"autosdelpodio","image":{"@type":"ImageObject","inLanguage":"es","@id":"http:\/\/autosdelpodio.com\/autos\/wp-content\/litespeed\/avatar\/aa8f65cd201a80f6b844f63278aa84af.jpg?ver=1777403005","url":"http:\/\/autosdelpodio.com\/autos\/wp-content\/litespeed\/avatar\/aa8f65cd201a80f6b844f63278aa84af.jpg?ver=1777403005","contentUrl":"http:\/\/autosdelpodio.com\/autos\/wp-content\/litespeed\/avatar\/aa8f65cd201a80f6b844f63278aa84af.jpg?ver=1777403005","caption":"autosdelpodio"}}]}},"views":395,"_links":{"self":[{"href":"http:\/\/autosdelpodio.com\/autos\/wp-json\/wp\/v2\/posts\/8686","targetHints":{"allow":["GET"]}}],"collection":[{"href":"http:\/\/autosdelpodio.com\/autos\/wp-json\/wp\/v2\/posts"}],"about":[{"href":"http:\/\/autosdelpodio.com\/autos\/wp-json\/wp\/v2\/types\/post"}],"author":[{"embeddable":true,"href":"http:\/\/autosdelpodio.com\/autos\/wp-json\/wp\/v2\/users\/3"}],"replies":[{"embeddable":true,"href":"http:\/\/autosdelpodio.com\/autos\/wp-json\/wp\/v2\/comments?post=8686"}],"version-history":[{"count":1,"href":"http:\/\/autosdelpodio.com\/autos\/wp-json\/wp\/v2\/posts\/8686\/revisions"}],"predecessor-version":[{"id":8687,"href":"http:\/\/autosdelpodio.com\/autos\/wp-json\/wp\/v2\/posts\/8686\/revisions\/8687"}],"wp:featuredmedia":[{"embeddable":true,"href":"http:\/\/autosdelpodio.com\/autos\/wp-json\/wp\/v2\/media\/1751"}],"wp:attachment":[{"href":"http:\/\/autosdelpodio.com\/autos\/wp-json\/wp\/v2\/media?parent=8686"}],"wp:term":[{"taxonomy":"category","embeddable":true,"href":"http:\/\/autosdelpodio.com\/autos\/wp-json\/wp\/v2\/categories?post=8686"},{"taxonomy":"post_tag","embeddable":true,"href":"http:\/\/autosdelpodio.com\/autos\/wp-json\/wp\/v2\/tags?post=8686"}],"curies":[{"name":"wp","href":"https:\/\/api.w.org\/{rel}","templated":true}]}}