{"id":8688,"date":"2025-10-20T16:23:56","date_gmt":"2025-10-20T19:23:56","guid":{"rendered":"https:\/\/autosdelpodio.com\/autos\/?p=8688"},"modified":"2025-10-20T16:23:57","modified_gmt":"2025-10-20T19:23:57","slug":"seminario-compactos-norteamericanos-en-argentina-3","status":"publish","type":"post","link":"http:\/\/autosdelpodio.com\/autos\/seminario-compactos-norteamericanos-en-argentina-3\/","title":{"rendered":"Seminario compactos norteamericanos en Argentina"},"content":{"rendered":"\n<p>El pr\u00f3ximo s\u00e1bado 8 de noviembre comienza el seminario \u201cCompactos norteamericanos en Argentina\u201d.<\/p>\n\n\n\n<p>Organizado por el Museo del Autom\u00f3vil de la Ciudad de Buenos Aires y Autohistoria,se desarrollar\u00e1 a lo largo de cuatro clases donde se expondr\u00e1n las caracter\u00edsticas de cada modelo, sus cambios y evoluciones a lo largo de su vida productiva en el pa\u00eds.<\/p>\n\n\n\n<p>El Valiant, el Falcon, los Chevrolet 400-Chevy y el Rambler, emblem\u00e1ticos autom\u00f3viles que las filiales argentinas de Chrysler, Ford, General Motors e IKA pusieron en producci\u00f3n en las d\u00e9cadas de 1960 y 1970, ser\u00e1n los protagonistas de esta propuesta.<\/p>\n\n\n\n<p>Durante la cursada se tendr\u00e1n en cuenta los siguientes ejes tem\u00e1ticos:<\/p>\n\n\n\n<p>\u00b7&nbsp;&nbsp;&nbsp;&nbsp;&nbsp;&nbsp;&nbsp;&nbsp;&nbsp;La aparici\u00f3n de los autos compactos en Estados Unidos en la d\u00e9cada de 1950.<\/p>\n\n\n\n<p>\u00b7&nbsp;&nbsp;&nbsp;&nbsp;&nbsp;&nbsp;&nbsp;&nbsp;&nbsp;Su producci\u00f3n en el pa\u00eds en el marco del proceso de promoci\u00f3n industrial automotriz<\/p>\n\n\n\n<p>\u00b7&nbsp;&nbsp;&nbsp;&nbsp;&nbsp;&nbsp;&nbsp;&nbsp;&nbsp;Evoluci\u00f3n de cada modelo, sus variantes y datos estad\u00edsticos.<\/p>\n\n\n\n<p>\u00b7&nbsp;&nbsp;&nbsp;&nbsp;&nbsp;&nbsp;&nbsp;&nbsp;&nbsp;La participaci\u00f3n en el Turismo Carretera y otras categor\u00edas del automovilismo argentino.<\/p>\n\n\n\n<p>Las clases se dictar\u00e1n los d\u00edas s\u00e1bados de 11 a 13 h en la sede del Museo del Autom\u00f3vil de Buenos Aires, Irigoyen 2265.<\/p>\n\n\n\n<p>La actividad tiene un arancel de $30.000.<br><br>Al finalizar el curso, se entregar\u00e1n diplomas de asistencia.<\/p>\n","protected":false},"excerpt":{"rendered":"<p>El pr\u00f3ximo s\u00e1bado 8 de noviembre comienza el seminario \u201cCompactos norteamericanos en Argentina\u201d. Organizado por el Museo del Autom\u00f3vil de<\/p>\n","protected":false},"author":3,"featured_media":1269,"comment_status":"open","ping_status":"open","sticky":false,"template":"","format":"standard","meta":{"colormag_page_container_layout":"default_layout","colormag_page_sidebar_layout":"default_layout","footnotes":""},"categories":[6,5],"tags":[66,32,403,35,397],"class_list":["post-8688","post","type-post","status-publish","format-standard","has-post-thumbnail","hentry","category-newsflash","category-latest-news","tag-gustavo-feder","tag-industria-automotriz","tag-museo-del-automovil","tag-republica-argentina","tag-seminarios"],"yoast_head":"<!-- This site is optimized with the Yoast SEO plugin v27.5 - https:\/\/yoast.com\/product\/yoast-seo-wordpress\/ -->\n<title>Autos del Podio | Seminario compactos norteamericanos en Argentina<\/title>\n<meta name=\"description\" content=\"Autos del Podio Emblem\u00e1ticos autom\u00f3viles que las filiales argentinas de Chrysler, Ford, General Motors e IKA pusieron en producci\u00f3n en las d\u00e9cadas de 1960 y 1970, ser\u00e1n los protagonistas de esta propuesta.\" \/>\n<meta name=\"robots\" content=\"index, follow, max-snippet:-1, max-image-preview:large, max-video-preview:-1\" \/>\n<link rel=\"canonical\" href=\"http:\/\/autosdelpodio.com\/autos\/seminario-compactos-norteamericanos-en-argentina-3\/\" \/>\n<meta property=\"og:locale\" content=\"es_ES\" \/>\n<meta property=\"og:type\" content=\"article\" \/>\n<meta property=\"og:title\" content=\"La aparici\u00f3n de los autos compactos en Estados Unidos en la d\u00e9cada de 1950.\" \/>\n<meta property=\"og:description\" content=\"Emblem\u00e1ticos autom\u00f3viles que las filiales argentinas de Chrysler, Ford, General Motors e IKA pusieron en producci\u00f3n en las d\u00e9cadas de 1960 y 1970, ser\u00e1n los protagonistas de esta propuesta.\" \/>\n<meta property=\"og:url\" content=\"http:\/\/autosdelpodio.com\/autos\/seminario-compactos-norteamericanos-en-argentina-3\/\" \/>\n<meta property=\"og:site_name\" content=\"Autos del Podio\" \/>\n<meta property=\"article:publisher\" content=\"https:\/\/www.facebook.com\/profile.php?id=100057192590976&amp;amp%3bamp%3bamp%3bamp%3bamp%3bamp%3bamp%3bamp%3bamp%3bamp%3bamp%3bamp%3bamp%3bamp%3bamp%3bamp%3bamp%3bamp%3bref=ts\" \/>\n<meta property=\"article:published_time\" content=\"2025-10-20T19:23:56+00:00\" \/>\n<meta property=\"article:modified_time\" content=\"2025-10-20T19:23:57+00:00\" \/>\n<meta property=\"og:image\" content=\"http:\/\/autosdelpodio.com\/autos\/wp-content\/uploads\/2015\/10\/compactos-norteamericanos.jpg\" \/>\n\t<meta property=\"og:image:width\" content=\"676\" \/>\n\t<meta property=\"og:image:height\" content=\"615\" \/>\n\t<meta property=\"og:image:type\" content=\"image\/jpeg\" \/>\n<meta name=\"author\" content=\"autosdelpodio\" \/>\n<meta name=\"twitter:card\" content=\"summary_large_image\" \/>\n<meta name=\"twitter:creator\" content=\"@autosdelpodio\" \/>\n<meta name=\"twitter:site\" content=\"@autosdelpodio\" \/>\n<meta name=\"twitter:label1\" content=\"Escrito por\" \/>\n\t<meta name=\"twitter:data1\" content=\"autosdelpodio\" \/>\n\t<meta name=\"twitter:label2\" content=\"Tiempo de lectura\" \/>\n\t<meta name=\"twitter:data2\" content=\"2 minutos\" \/>\n<script type=\"application\/ld+json\" class=\"yoast-schema-graph\">{\"@context\":\"https:\\\/\\\/schema.org\",\"@graph\":[{\"@type\":\"Article\",\"@id\":\"http:\\\/\\\/autosdelpodio.com\\\/autos\\\/seminario-compactos-norteamericanos-en-argentina-3\\\/#article\",\"isPartOf\":{\"@id\":\"http:\\\/\\\/autosdelpodio.com\\\/autos\\\/seminario-compactos-norteamericanos-en-argentina-3\\\/\"},\"author\":{\"name\":\"autosdelpodio\",\"@id\":\"http:\\\/\\\/autosdelpodio.com\\\/autos\\\/#\\\/schema\\\/person\\\/993527a4d01c3acdd3d6bce3770bc942\"},\"headline\":\"Seminario compactos norteamericanos en Argentina\",\"datePublished\":\"2025-10-20T19:23:56+00:00\",\"dateModified\":\"2025-10-20T19:23:57+00:00\",\"mainEntityOfPage\":{\"@id\":\"http:\\\/\\\/autosdelpodio.com\\\/autos\\\/seminario-compactos-norteamericanos-en-argentina-3\\\/\"},\"wordCount\":256,\"commentCount\":0,\"publisher\":{\"@id\":\"http:\\\/\\\/autosdelpodio.com\\\/autos\\\/#organization\"},\"image\":{\"@id\":\"http:\\\/\\\/autosdelpodio.com\\\/autos\\\/seminario-compactos-norteamericanos-en-argentina-3\\\/#primaryimage\"},\"thumbnailUrl\":\"http:\\\/\\\/autosdelpodio.com\\\/autos\\\/wp-content\\\/uploads\\\/2015\\\/10\\\/compactos-norteamericanos.jpg\",\"keywords\":[\"Gustavo Feder\",\"Industria Automotriz\",\"Museo del Automovil\",\"Republica Argentina\",\"Seminarios\"],\"articleSection\":[\"Destacado\",\"\u00daltimas noticias\"],\"inLanguage\":\"es\",\"potentialAction\":[{\"@type\":\"CommentAction\",\"name\":\"Comment\",\"target\":[\"http:\\\/\\\/autosdelpodio.com\\\/autos\\\/seminario-compactos-norteamericanos-en-argentina-3\\\/#respond\"]}]},{\"@type\":\"WebPage\",\"@id\":\"http:\\\/\\\/autosdelpodio.com\\\/autos\\\/seminario-compactos-norteamericanos-en-argentina-3\\\/\",\"url\":\"http:\\\/\\\/autosdelpodio.com\\\/autos\\\/seminario-compactos-norteamericanos-en-argentina-3\\\/\",\"name\":\"Autos del Podio | Seminario compactos norteamericanos en Argentina\",\"isPartOf\":{\"@id\":\"http:\\\/\\\/autosdelpodio.com\\\/autos\\\/#website\"},\"primaryImageOfPage\":{\"@id\":\"http:\\\/\\\/autosdelpodio.com\\\/autos\\\/seminario-compactos-norteamericanos-en-argentina-3\\\/#primaryimage\"},\"image\":{\"@id\":\"http:\\\/\\\/autosdelpodio.com\\\/autos\\\/seminario-compactos-norteamericanos-en-argentina-3\\\/#primaryimage\"},\"thumbnailUrl\":\"http:\\\/\\\/autosdelpodio.com\\\/autos\\\/wp-content\\\/uploads\\\/2015\\\/10\\\/compactos-norteamericanos.jpg\",\"datePublished\":\"2025-10-20T19:23:56+00:00\",\"dateModified\":\"2025-10-20T19:23:57+00:00\",\"description\":\"Autos del Podio Emblem\u00e1ticos autom\u00f3viles que las filiales argentinas de Chrysler, Ford, General Motors e IKA pusieron en producci\u00f3n en las d\u00e9cadas de 1960 y 1970, ser\u00e1n los protagonistas de esta propuesta.\",\"breadcrumb\":{\"@id\":\"http:\\\/\\\/autosdelpodio.com\\\/autos\\\/seminario-compactos-norteamericanos-en-argentina-3\\\/#breadcrumb\"},\"inLanguage\":\"es\",\"potentialAction\":[{\"@type\":\"ReadAction\",\"target\":[\"http:\\\/\\\/autosdelpodio.com\\\/autos\\\/seminario-compactos-norteamericanos-en-argentina-3\\\/\"]}]},{\"@type\":\"ImageObject\",\"inLanguage\":\"es\",\"@id\":\"http:\\\/\\\/autosdelpodio.com\\\/autos\\\/seminario-compactos-norteamericanos-en-argentina-3\\\/#primaryimage\",\"url\":\"http:\\\/\\\/autosdelpodio.com\\\/autos\\\/wp-content\\\/uploads\\\/2015\\\/10\\\/compactos-norteamericanos.jpg\",\"contentUrl\":\"http:\\\/\\\/autosdelpodio.com\\\/autos\\\/wp-content\\\/uploads\\\/2015\\\/10\\\/compactos-norteamericanos.jpg\",\"width\":676,\"height\":615},{\"@type\":\"BreadcrumbList\",\"@id\":\"http:\\\/\\\/autosdelpodio.com\\\/autos\\\/seminario-compactos-norteamericanos-en-argentina-3\\\/#breadcrumb\",\"itemListElement\":[{\"@type\":\"ListItem\",\"position\":1,\"name\":\"Portada\",\"item\":\"http:\\\/\\\/autosdelpodio.com\\\/autos\\\/\"},{\"@type\":\"ListItem\",\"position\":2,\"name\":\"Seminario compactos norteamericanos en Argentina\"}]},{\"@type\":\"WebSite\",\"@id\":\"http:\\\/\\\/autosdelpodio.com\\\/autos\\\/#website\",\"url\":\"http:\\\/\\\/autosdelpodio.com\\\/autos\\\/\",\"name\":\"Autos del Podio\",\"description\":\"La sexta del deporte motor\",\"publisher\":{\"@id\":\"http:\\\/\\\/autosdelpodio.com\\\/autos\\\/#organization\"},\"potentialAction\":[{\"@type\":\"SearchAction\",\"target\":{\"@type\":\"EntryPoint\",\"urlTemplate\":\"http:\\\/\\\/autosdelpodio.com\\\/autos\\\/?s={search_term_string}\"},\"query-input\":{\"@type\":\"PropertyValueSpecification\",\"valueRequired\":true,\"valueName\":\"search_term_string\"}}],\"inLanguage\":\"es\"},{\"@type\":\"Organization\",\"@id\":\"http:\\\/\\\/autosdelpodio.com\\\/autos\\\/#organization\",\"name\":\"Autos del Podio\",\"url\":\"http:\\\/\\\/autosdelpodio.com\\\/autos\\\/\",\"logo\":{\"@type\":\"ImageObject\",\"inLanguage\":\"es\",\"@id\":\"http:\\\/\\\/autosdelpodio.com\\\/autos\\\/#\\\/schema\\\/logo\\\/image\\\/\",\"url\":\"http:\\\/\\\/autosdelpodio.com\\\/autos\\\/wp-content\\\/uploads\\\/2020\\\/08\\\/Logo_AR.jpg\",\"contentUrl\":\"http:\\\/\\\/autosdelpodio.com\\\/autos\\\/wp-content\\\/uploads\\\/2020\\\/08\\\/Logo_AR.jpg\",\"width\":1038,\"height\":1044,\"caption\":\"Autos del Podio\"},\"image\":{\"@id\":\"http:\\\/\\\/autosdelpodio.com\\\/autos\\\/#\\\/schema\\\/logo\\\/image\\\/\"},\"sameAs\":[\"https:\\\/\\\/www.facebook.com\\\/profile.php?id=100057192590976&amp;amp;amp;amp;amp;amp;amp;amp;amp;amp;amp;amp;amp;amp;amp;amp;amp;amp;ref=ts\",\"https:\\\/\\\/x.com\\\/autosdelpodio\",\"https:\\\/\\\/www.youtube.com\\\/user\\\/AutosdelPodio\"]},{\"@type\":\"Person\",\"@id\":\"http:\\\/\\\/autosdelpodio.com\\\/autos\\\/#\\\/schema\\\/person\\\/993527a4d01c3acdd3d6bce3770bc942\",\"name\":\"autosdelpodio\",\"image\":{\"@type\":\"ImageObject\",\"inLanguage\":\"es\",\"@id\":\"http:\\\/\\\/autosdelpodio.com\\\/autos\\\/wp-content\\\/litespeed\\\/avatar\\\/aa8f65cd201a80f6b844f63278aa84af.jpg?ver=1777403005\",\"url\":\"http:\\\/\\\/autosdelpodio.com\\\/autos\\\/wp-content\\\/litespeed\\\/avatar\\\/aa8f65cd201a80f6b844f63278aa84af.jpg?ver=1777403005\",\"contentUrl\":\"http:\\\/\\\/autosdelpodio.com\\\/autos\\\/wp-content\\\/litespeed\\\/avatar\\\/aa8f65cd201a80f6b844f63278aa84af.jpg?ver=1777403005\",\"caption\":\"autosdelpodio\"}}]}<\/script>\n<!-- \/ Yoast SEO plugin. -->","yoast_head_json":{"title":"Autos del Podio | Seminario compactos norteamericanos en Argentina","description":"Autos del Podio Emblem\u00e1ticos autom\u00f3viles que las filiales argentinas de Chrysler, Ford, General Motors e IKA pusieron en producci\u00f3n en las d\u00e9cadas de 1960 y 1970, ser\u00e1n los protagonistas de esta propuesta.","robots":{"index":"index","follow":"follow","max-snippet":"max-snippet:-1","max-image-preview":"max-image-preview:large","max-video-preview":"max-video-preview:-1"},"canonical":"http:\/\/autosdelpodio.com\/autos\/seminario-compactos-norteamericanos-en-argentina-3\/","og_locale":"es_ES","og_type":"article","og_title":"La aparici\u00f3n de los autos compactos en Estados Unidos en la d\u00e9cada de 1950.","og_description":"Emblem\u00e1ticos autom\u00f3viles que las filiales argentinas de Chrysler, Ford, General Motors e IKA pusieron en producci\u00f3n en las d\u00e9cadas de 1960 y 1970, ser\u00e1n los protagonistas de esta propuesta.","og_url":"http:\/\/autosdelpodio.com\/autos\/seminario-compactos-norteamericanos-en-argentina-3\/","og_site_name":"Autos del Podio","article_publisher":"https:\/\/www.facebook.com\/profile.php?id=100057192590976&amp%3bamp%3bamp%3bamp%3bamp%3bamp%3bamp%3bamp%3bamp%3bamp%3bamp%3bamp%3bamp%3bamp%3bamp%3bamp%3bamp%3bamp%3bref=ts","article_published_time":"2025-10-20T19:23:56+00:00","article_modified_time":"2025-10-20T19:23:57+00:00","og_image":[{"width":676,"height":615,"url":"http:\/\/autosdelpodio.com\/autos\/wp-content\/uploads\/2015\/10\/compactos-norteamericanos.jpg","type":"image\/jpeg"}],"author":"autosdelpodio","twitter_card":"summary_large_image","twitter_creator":"@autosdelpodio","twitter_site":"@autosdelpodio","twitter_misc":{"Escrito por":"autosdelpodio","Tiempo de lectura":"2 minutos"},"schema":{"@context":"https:\/\/schema.org","@graph":[{"@type":"Article","@id":"http:\/\/autosdelpodio.com\/autos\/seminario-compactos-norteamericanos-en-argentina-3\/#article","isPartOf":{"@id":"http:\/\/autosdelpodio.com\/autos\/seminario-compactos-norteamericanos-en-argentina-3\/"},"author":{"name":"autosdelpodio","@id":"http:\/\/autosdelpodio.com\/autos\/#\/schema\/person\/993527a4d01c3acdd3d6bce3770bc942"},"headline":"Seminario compactos norteamericanos en Argentina","datePublished":"2025-10-20T19:23:56+00:00","dateModified":"2025-10-20T19:23:57+00:00","mainEntityOfPage":{"@id":"http:\/\/autosdelpodio.com\/autos\/seminario-compactos-norteamericanos-en-argentina-3\/"},"wordCount":256,"commentCount":0,"publisher":{"@id":"http:\/\/autosdelpodio.com\/autos\/#organization"},"image":{"@id":"http:\/\/autosdelpodio.com\/autos\/seminario-compactos-norteamericanos-en-argentina-3\/#primaryimage"},"thumbnailUrl":"http:\/\/autosdelpodio.com\/autos\/wp-content\/uploads\/2015\/10\/compactos-norteamericanos.jpg","keywords":["Gustavo Feder","Industria Automotriz","Museo del Automovil","Republica Argentina","Seminarios"],"articleSection":["Destacado","\u00daltimas noticias"],"inLanguage":"es","potentialAction":[{"@type":"CommentAction","name":"Comment","target":["http:\/\/autosdelpodio.com\/autos\/seminario-compactos-norteamericanos-en-argentina-3\/#respond"]}]},{"@type":"WebPage","@id":"http:\/\/autosdelpodio.com\/autos\/seminario-compactos-norteamericanos-en-argentina-3\/","url":"http:\/\/autosdelpodio.com\/autos\/seminario-compactos-norteamericanos-en-argentina-3\/","name":"Autos del Podio | Seminario compactos norteamericanos en Argentina","isPartOf":{"@id":"http:\/\/autosdelpodio.com\/autos\/#website"},"primaryImageOfPage":{"@id":"http:\/\/autosdelpodio.com\/autos\/seminario-compactos-norteamericanos-en-argentina-3\/#primaryimage"},"image":{"@id":"http:\/\/autosdelpodio.com\/autos\/seminario-compactos-norteamericanos-en-argentina-3\/#primaryimage"},"thumbnailUrl":"http:\/\/autosdelpodio.com\/autos\/wp-content\/uploads\/2015\/10\/compactos-norteamericanos.jpg","datePublished":"2025-10-20T19:23:56+00:00","dateModified":"2025-10-20T19:23:57+00:00","description":"Autos del Podio Emblem\u00e1ticos autom\u00f3viles que las filiales argentinas de Chrysler, Ford, General Motors e IKA pusieron en producci\u00f3n en las d\u00e9cadas de 1960 y 1970, ser\u00e1n los protagonistas de esta propuesta.","breadcrumb":{"@id":"http:\/\/autosdelpodio.com\/autos\/seminario-compactos-norteamericanos-en-argentina-3\/#breadcrumb"},"inLanguage":"es","potentialAction":[{"@type":"ReadAction","target":["http:\/\/autosdelpodio.com\/autos\/seminario-compactos-norteamericanos-en-argentina-3\/"]}]},{"@type":"ImageObject","inLanguage":"es","@id":"http:\/\/autosdelpodio.com\/autos\/seminario-compactos-norteamericanos-en-argentina-3\/#primaryimage","url":"http:\/\/autosdelpodio.com\/autos\/wp-content\/uploads\/2015\/10\/compactos-norteamericanos.jpg","contentUrl":"http:\/\/autosdelpodio.com\/autos\/wp-content\/uploads\/2015\/10\/compactos-norteamericanos.jpg","width":676,"height":615},{"@type":"BreadcrumbList","@id":"http:\/\/autosdelpodio.com\/autos\/seminario-compactos-norteamericanos-en-argentina-3\/#breadcrumb","itemListElement":[{"@type":"ListItem","position":1,"name":"Portada","item":"http:\/\/autosdelpodio.com\/autos\/"},{"@type":"ListItem","position":2,"name":"Seminario compactos norteamericanos en Argentina"}]},{"@type":"WebSite","@id":"http:\/\/autosdelpodio.com\/autos\/#website","url":"http:\/\/autosdelpodio.com\/autos\/","name":"Autos del Podio","description":"La sexta del deporte motor","publisher":{"@id":"http:\/\/autosdelpodio.com\/autos\/#organization"},"potentialAction":[{"@type":"SearchAction","target":{"@type":"EntryPoint","urlTemplate":"http:\/\/autosdelpodio.com\/autos\/?s={search_term_string}"},"query-input":{"@type":"PropertyValueSpecification","valueRequired":true,"valueName":"search_term_string"}}],"inLanguage":"es"},{"@type":"Organization","@id":"http:\/\/autosdelpodio.com\/autos\/#organization","name":"Autos del Podio","url":"http:\/\/autosdelpodio.com\/autos\/","logo":{"@type":"ImageObject","inLanguage":"es","@id":"http:\/\/autosdelpodio.com\/autos\/#\/schema\/logo\/image\/","url":"http:\/\/autosdelpodio.com\/autos\/wp-content\/uploads\/2020\/08\/Logo_AR.jpg","contentUrl":"http:\/\/autosdelpodio.com\/autos\/wp-content\/uploads\/2020\/08\/Logo_AR.jpg","width":1038,"height":1044,"caption":"Autos del Podio"},"image":{"@id":"http:\/\/autosdelpodio.com\/autos\/#\/schema\/logo\/image\/"},"sameAs":["https:\/\/www.facebook.com\/profile.php?id=100057192590976&amp;amp;amp;amp;amp;amp;amp;amp;amp;amp;amp;amp;amp;amp;amp;amp;amp;amp;ref=ts","https:\/\/x.com\/autosdelpodio","https:\/\/www.youtube.com\/user\/AutosdelPodio"]},{"@type":"Person","@id":"http:\/\/autosdelpodio.com\/autos\/#\/schema\/person\/993527a4d01c3acdd3d6bce3770bc942","name":"autosdelpodio","image":{"@type":"ImageObject","inLanguage":"es","@id":"http:\/\/autosdelpodio.com\/autos\/wp-content\/litespeed\/avatar\/aa8f65cd201a80f6b844f63278aa84af.jpg?ver=1777403005","url":"http:\/\/autosdelpodio.com\/autos\/wp-content\/litespeed\/avatar\/aa8f65cd201a80f6b844f63278aa84af.jpg?ver=1777403005","contentUrl":"http:\/\/autosdelpodio.com\/autos\/wp-content\/litespeed\/avatar\/aa8f65cd201a80f6b844f63278aa84af.jpg?ver=1777403005","caption":"autosdelpodio"}}]}},"views":410,"_links":{"self":[{"href":"http:\/\/autosdelpodio.com\/autos\/wp-json\/wp\/v2\/posts\/8688","targetHints":{"allow":["GET"]}}],"collection":[{"href":"http:\/\/autosdelpodio.com\/autos\/wp-json\/wp\/v2\/posts"}],"about":[{"href":"http:\/\/autosdelpodio.com\/autos\/wp-json\/wp\/v2\/types\/post"}],"author":[{"embeddable":true,"href":"http:\/\/autosdelpodio.com\/autos\/wp-json\/wp\/v2\/users\/3"}],"replies":[{"embeddable":true,"href":"http:\/\/autosdelpodio.com\/autos\/wp-json\/wp\/v2\/comments?post=8688"}],"version-history":[{"count":1,"href":"http:\/\/autosdelpodio.com\/autos\/wp-json\/wp\/v2\/posts\/8688\/revisions"}],"predecessor-version":[{"id":8689,"href":"http:\/\/autosdelpodio.com\/autos\/wp-json\/wp\/v2\/posts\/8688\/revisions\/8689"}],"wp:featuredmedia":[{"embeddable":true,"href":"http:\/\/autosdelpodio.com\/autos\/wp-json\/wp\/v2\/media\/1269"}],"wp:attachment":[{"href":"http:\/\/autosdelpodio.com\/autos\/wp-json\/wp\/v2\/media?parent=8688"}],"wp:term":[{"taxonomy":"category","embeddable":true,"href":"http:\/\/autosdelpodio.com\/autos\/wp-json\/wp\/v2\/categories?post=8688"},{"taxonomy":"post_tag","embeddable":true,"href":"http:\/\/autosdelpodio.com\/autos\/wp-json\/wp\/v2\/tags?post=8688"}],"curies":[{"name":"wp","href":"https:\/\/api.w.org\/{rel}","templated":true}]}}