{"id":8797,"date":"2025-12-14T16:12:19","date_gmt":"2025-12-14T19:12:19","guid":{"rendered":"https:\/\/autosdelpodio.com\/autos\/?p=8797"},"modified":"2025-12-14T16:17:57","modified_gmt":"2025-12-14T19:17:57","slug":"canapa-en-positivo","status":"publish","type":"post","link":"http:\/\/autosdelpodio.com\/autos\/canapa-en-positivo\/","title":{"rendered":"Canapa en positivo"},"content":{"rendered":"\n<p>En lo que fue triunfo final para Otto Fritzler, Agust\u00edn Canapino pudo consagrarse campe\u00f3n de las TC Pick Up en La Plata. El arrecife\u00f1o se vio prematuramente beneficiado por el toque inicial que result\u00f3 eliminatorio entre los pilotos de Ford Mariano Werner y Juan Pablo Gianini.<br>De este modo<a href=\"https:\/\/autosdelpodio.com\/autos\/canapino-campeon-argentino-de-turismo-carretera\/\" target=\"_blank\" rel=\"noreferrer noopener\"> el Titan de Arrecifes cierra su inolvidable 2025 con tres campeonatos nacionales: Turismo Carretera, Turismo Carretera 2000 y este ultimo de TCPK<\/a>.<br>Pero esta cl\u00e1sica jornada en el Mouras platense arroj\u00f3 dos laureados mas: Lucas Caravajal con Ford en el TC Mouras ( habilitado a correr en TC en 2027 si hace un a\u00f1o en TC Pista) y Juan Pablo Alberti con Chevrolet en el TCPM.<\/p>\n\n\n\n<p><em><strong>Final TCPK &#8211; GP Coronaci\u00f3n<\/strong><\/em><\/p>\n\n\n\n<figure class=\"wp-block-table\"><table class=\"has-fixed-layout\"><tbody><tr><td>1\u00ba<\/td><td>FRITZLER OTTO<\/td><td>FORD<\/td><td>27;18.148<\/td><\/tr><tr><td>2\u00ba<\/td><td>JAKOS ANDR\u00c9S<\/td><td>TOYOTA<\/td><td>0.603<\/td><\/tr><tr><td>3\u00ba<\/td><td>PALAZZO HERN\u00c1N<\/td><td>TOYOTA<\/td><td>1.095<\/td><\/tr><tr><td>4\u00ba<\/td><td>CANAPINO AGUST\u00cdN<\/td><td>CHEV<\/td><td>6.113<\/td><\/tr><tr><td>5\u00ba<\/td><td>EBARL\u00cdN JUAN JOS\u00c9<\/td><td>TOYOTA<\/td><td>9.053<\/td><\/tr><tr><td>6\u00ba<\/td><td>FA\u00cdN IGNACIO<\/td><td>FORD<\/td><td>13.754<\/td><\/tr><tr><td>7\u00ba<\/td><td>JACK JAVIER<\/td><td>RAM<\/td><td>14.400<\/td><\/tr><tr><td>8\u00ba<\/td><td>TODINO GERM\u00c1N<\/td><td>TOYOTA<\/td><td>14.786<\/td><\/tr><tr><td>9\u00ba<\/td><td>MART\u00cdNEZ TOB\u00cdAS<\/td><td>CHEV<\/td><td>20.103<\/td><\/tr><tr><td>10\u00ba<\/td><td>GIANINI JUAN PABLO<\/td><td>FORD<\/td><td>20.562<\/td><\/tr><tr><td>11\u00ba<\/td><td>ABDALA TOM\u00c1S<\/td><td>FORD<\/td><td>21.310<\/td><\/tr><tr><td>12\u00ba<\/td><td>DE CARLO DIEGO<\/td><td>VW<\/td><td>22.736<\/td><\/tr><tr><td>13\u00ba<\/td><td>IMPIOMBATO NICOL\u00c1S<\/td><td>TOYOTA<\/td><td>25.308<\/td><\/tr><tr><td>14\u00ba<\/td><td>VALLE LUCAS<\/td><td>FORD<\/td><td>25.545<\/td><\/tr><tr><td>15\u00ba<\/td><td>CASTRO MARCOS<\/td><td>TOYOTA<\/td><td>32.784<\/td><\/tr><tr><td>16\u00ba<\/td><td>DE BENEDICTIS FRANCO<\/td><td>FORD<\/td><td>43.529<\/td><\/tr><tr><td>17\u00ba<\/td><td>MAZZACANE GAST\u00d3N<\/td><td>VW<\/td><td>1 vta.<\/td><\/tr><tr><td>18\u00ba<\/td><td>WERNER MARIANO<\/td><td>TOYOTA<\/td><td>Ex.<\/td><\/tr><\/tbody><\/table><\/figure>\n\n\n\n<p><strong>PROMEDIO:<\/strong>&nbsp;168,710 km\/h.&nbsp;<strong>RECORD DE VUELTA:&nbsp;<\/strong>Gianin en la vta. 2 en 1:29.674 a 171,220 km\/h.&nbsp;<strong>EXCLUIDO<\/strong>: Mariano Werner (Toyota Hilux), por maniobra peligrosa a Gianini.<\/p>\n","protected":false},"excerpt":{"rendered":"<p>En lo que fue triunfo final para Otto Fritzler, Agust\u00edn Canapino pudo consagrarse campe\u00f3n de las TC Pick Up en<\/p>\n","protected":false},"author":3,"featured_media":8220,"comment_status":"open","ping_status":"open","sticky":false,"template":"","format":"standard","meta":{"colormag_page_container_layout":"default_layout","colormag_page_sidebar_layout":"default_layout","footnotes":""},"categories":[16,5],"tags":[143,367,302,322,145,323],"class_list":["post-8797","post","type-post","status-publish","format-standard","has-post-thumbnail","hentry","category-recta-principal","category-latest-news","tag-actc","tag-agustin-canapino","tag-la-plata","tag-tc-mouras","tag-tc-pick-up","tag-tcpm"],"yoast_head":"<!-- This site is optimized with the Yoast SEO plugin v27.5 - https:\/\/yoast.com\/product\/yoast-seo-wordpress\/ -->\n<title>Autos del Podio | Canapa en positivo<\/title>\n<meta name=\"description\" content=\"Autos del Podio El Titan de Arrecifes cierra su inolvidable 2025 con tres campeonatos nacionales: Turismo Carretera, Turismo Carretera 2000 y este ultimo de TCPK\" \/>\n<meta name=\"robots\" content=\"index, follow, max-snippet:-1, max-image-preview:large, max-video-preview:-1\" \/>\n<link rel=\"canonical\" href=\"http:\/\/autosdelpodio.com\/autos\/canapa-en-positivo\/\" \/>\n<meta property=\"og:locale\" content=\"es_ES\" \/>\n<meta property=\"og:type\" content=\"article\" \/>\n<meta property=\"og:title\" content=\"Agust\u00edn Canapino campe\u00f3n 2025 de TCPK\" \/>\n<meta property=\"og:description\" content=\"El Titan de Arrecifes cierra su inolvidable 2025 con tres campeonatos nacionales: Turismo Carretera, Turismo Carretera 2000 y este ultimo de TCPK\" \/>\n<meta property=\"og:url\" content=\"http:\/\/autosdelpodio.com\/autos\/canapa-en-positivo\/\" \/>\n<meta property=\"og:site_name\" content=\"Autos del Podio\" \/>\n<meta property=\"article:publisher\" content=\"https:\/\/www.facebook.com\/profile.php?id=100057192590976&amp;amp%3bamp%3bamp%3bamp%3bamp%3bamp%3bamp%3bamp%3bamp%3bamp%3bamp%3bamp%3bamp%3bamp%3bamp%3bamp%3bamp%3bamp%3bref=ts\" \/>\n<meta property=\"article:published_time\" content=\"2025-12-14T19:12:19+00:00\" \/>\n<meta property=\"article:modified_time\" content=\"2025-12-14T19:17:57+00:00\" \/>\n<meta property=\"og:image\" content=\"http:\/\/autosdelpodio.com\/autos\/wp-content\/uploads\/2025\/03\/TCPK_Logo.jpg\" \/>\n\t<meta property=\"og:image:width\" content=\"500\" \/>\n\t<meta property=\"og:image:height\" content=\"225\" \/>\n\t<meta property=\"og:image:type\" content=\"image\/jpeg\" \/>\n<meta name=\"author\" content=\"autosdelpodio\" \/>\n<meta name=\"twitter:card\" content=\"summary_large_image\" \/>\n<meta name=\"twitter:creator\" content=\"@autosdelpodio\" \/>\n<meta name=\"twitter:site\" content=\"@autosdelpodio\" \/>\n<meta name=\"twitter:label1\" content=\"Escrito por\" \/>\n\t<meta name=\"twitter:data1\" content=\"autosdelpodio\" \/>\n\t<meta name=\"twitter:label2\" content=\"Tiempo de lectura\" \/>\n\t<meta name=\"twitter:data2\" content=\"2 minutos\" \/>\n<script type=\"application\/ld+json\" class=\"yoast-schema-graph\">{\"@context\":\"https:\\\/\\\/schema.org\",\"@graph\":[{\"@type\":\"Article\",\"@id\":\"http:\\\/\\\/autosdelpodio.com\\\/autos\\\/canapa-en-positivo\\\/#article\",\"isPartOf\":{\"@id\":\"http:\\\/\\\/autosdelpodio.com\\\/autos\\\/canapa-en-positivo\\\/\"},\"author\":{\"name\":\"autosdelpodio\",\"@id\":\"http:\\\/\\\/autosdelpodio.com\\\/autos\\\/#\\\/schema\\\/person\\\/993527a4d01c3acdd3d6bce3770bc942\"},\"headline\":\"Canapa en positivo\",\"datePublished\":\"2025-12-14T19:12:19+00:00\",\"dateModified\":\"2025-12-14T19:17:57+00:00\",\"mainEntityOfPage\":{\"@id\":\"http:\\\/\\\/autosdelpodio.com\\\/autos\\\/canapa-en-positivo\\\/\"},\"wordCount\":224,\"commentCount\":0,\"publisher\":{\"@id\":\"http:\\\/\\\/autosdelpodio.com\\\/autos\\\/#organization\"},\"image\":{\"@id\":\"http:\\\/\\\/autosdelpodio.com\\\/autos\\\/canapa-en-positivo\\\/#primaryimage\"},\"thumbnailUrl\":\"http:\\\/\\\/autosdelpodio.com\\\/autos\\\/wp-content\\\/uploads\\\/2025\\\/03\\\/TCPK_Logo.jpg\",\"keywords\":[\"ACTC\",\"Agustin Canapino\",\"La Plata\",\"TC Mouras\",\"TC Pick Up\",\"TCPM\"],\"articleSection\":[\"Recta Principal\",\"\u00daltimas noticias\"],\"inLanguage\":\"es\",\"potentialAction\":[{\"@type\":\"CommentAction\",\"name\":\"Comment\",\"target\":[\"http:\\\/\\\/autosdelpodio.com\\\/autos\\\/canapa-en-positivo\\\/#respond\"]}]},{\"@type\":\"WebPage\",\"@id\":\"http:\\\/\\\/autosdelpodio.com\\\/autos\\\/canapa-en-positivo\\\/\",\"url\":\"http:\\\/\\\/autosdelpodio.com\\\/autos\\\/canapa-en-positivo\\\/\",\"name\":\"Autos del Podio | Canapa en positivo\",\"isPartOf\":{\"@id\":\"http:\\\/\\\/autosdelpodio.com\\\/autos\\\/#website\"},\"primaryImageOfPage\":{\"@id\":\"http:\\\/\\\/autosdelpodio.com\\\/autos\\\/canapa-en-positivo\\\/#primaryimage\"},\"image\":{\"@id\":\"http:\\\/\\\/autosdelpodio.com\\\/autos\\\/canapa-en-positivo\\\/#primaryimage\"},\"thumbnailUrl\":\"http:\\\/\\\/autosdelpodio.com\\\/autos\\\/wp-content\\\/uploads\\\/2025\\\/03\\\/TCPK_Logo.jpg\",\"datePublished\":\"2025-12-14T19:12:19+00:00\",\"dateModified\":\"2025-12-14T19:17:57+00:00\",\"description\":\"Autos del Podio El Titan de Arrecifes cierra su inolvidable 2025 con tres campeonatos nacionales: Turismo Carretera, Turismo Carretera 2000 y este ultimo de TCPK\",\"breadcrumb\":{\"@id\":\"http:\\\/\\\/autosdelpodio.com\\\/autos\\\/canapa-en-positivo\\\/#breadcrumb\"},\"inLanguage\":\"es\",\"potentialAction\":[{\"@type\":\"ReadAction\",\"target\":[\"http:\\\/\\\/autosdelpodio.com\\\/autos\\\/canapa-en-positivo\\\/\"]}]},{\"@type\":\"ImageObject\",\"inLanguage\":\"es\",\"@id\":\"http:\\\/\\\/autosdelpodio.com\\\/autos\\\/canapa-en-positivo\\\/#primaryimage\",\"url\":\"http:\\\/\\\/autosdelpodio.com\\\/autos\\\/wp-content\\\/uploads\\\/2025\\\/03\\\/TCPK_Logo.jpg\",\"contentUrl\":\"http:\\\/\\\/autosdelpodio.com\\\/autos\\\/wp-content\\\/uploads\\\/2025\\\/03\\\/TCPK_Logo.jpg\",\"width\":500,\"height\":225},{\"@type\":\"BreadcrumbList\",\"@id\":\"http:\\\/\\\/autosdelpodio.com\\\/autos\\\/canapa-en-positivo\\\/#breadcrumb\",\"itemListElement\":[{\"@type\":\"ListItem\",\"position\":1,\"name\":\"Portada\",\"item\":\"http:\\\/\\\/autosdelpodio.com\\\/autos\\\/\"},{\"@type\":\"ListItem\",\"position\":2,\"name\":\"Canapa en positivo\"}]},{\"@type\":\"WebSite\",\"@id\":\"http:\\\/\\\/autosdelpodio.com\\\/autos\\\/#website\",\"url\":\"http:\\\/\\\/autosdelpodio.com\\\/autos\\\/\",\"name\":\"Autos del Podio\",\"description\":\"La sexta del deporte motor\",\"publisher\":{\"@id\":\"http:\\\/\\\/autosdelpodio.com\\\/autos\\\/#organization\"},\"potentialAction\":[{\"@type\":\"SearchAction\",\"target\":{\"@type\":\"EntryPoint\",\"urlTemplate\":\"http:\\\/\\\/autosdelpodio.com\\\/autos\\\/?s={search_term_string}\"},\"query-input\":{\"@type\":\"PropertyValueSpecification\",\"valueRequired\":true,\"valueName\":\"search_term_string\"}}],\"inLanguage\":\"es\"},{\"@type\":\"Organization\",\"@id\":\"http:\\\/\\\/autosdelpodio.com\\\/autos\\\/#organization\",\"name\":\"Autos del Podio\",\"url\":\"http:\\\/\\\/autosdelpodio.com\\\/autos\\\/\",\"logo\":{\"@type\":\"ImageObject\",\"inLanguage\":\"es\",\"@id\":\"http:\\\/\\\/autosdelpodio.com\\\/autos\\\/#\\\/schema\\\/logo\\\/image\\\/\",\"url\":\"http:\\\/\\\/autosdelpodio.com\\\/autos\\\/wp-content\\\/uploads\\\/2020\\\/08\\\/Logo_AR.jpg\",\"contentUrl\":\"http:\\\/\\\/autosdelpodio.com\\\/autos\\\/wp-content\\\/uploads\\\/2020\\\/08\\\/Logo_AR.jpg\",\"width\":1038,\"height\":1044,\"caption\":\"Autos del Podio\"},\"image\":{\"@id\":\"http:\\\/\\\/autosdelpodio.com\\\/autos\\\/#\\\/schema\\\/logo\\\/image\\\/\"},\"sameAs\":[\"https:\\\/\\\/www.facebook.com\\\/profile.php?id=100057192590976&amp;amp;amp;amp;amp;amp;amp;amp;amp;amp;amp;amp;amp;amp;amp;amp;amp;amp;ref=ts\",\"https:\\\/\\\/x.com\\\/autosdelpodio\",\"https:\\\/\\\/www.youtube.com\\\/user\\\/AutosdelPodio\"]},{\"@type\":\"Person\",\"@id\":\"http:\\\/\\\/autosdelpodio.com\\\/autos\\\/#\\\/schema\\\/person\\\/993527a4d01c3acdd3d6bce3770bc942\",\"name\":\"autosdelpodio\",\"image\":{\"@type\":\"ImageObject\",\"inLanguage\":\"es\",\"@id\":\"http:\\\/\\\/autosdelpodio.com\\\/autos\\\/wp-content\\\/litespeed\\\/avatar\\\/aa8f65cd201a80f6b844f63278aa84af.jpg?ver=1777403005\",\"url\":\"http:\\\/\\\/autosdelpodio.com\\\/autos\\\/wp-content\\\/litespeed\\\/avatar\\\/aa8f65cd201a80f6b844f63278aa84af.jpg?ver=1777403005\",\"contentUrl\":\"http:\\\/\\\/autosdelpodio.com\\\/autos\\\/wp-content\\\/litespeed\\\/avatar\\\/aa8f65cd201a80f6b844f63278aa84af.jpg?ver=1777403005\",\"caption\":\"autosdelpodio\"}}]}<\/script>\n<!-- \/ Yoast SEO plugin. -->","yoast_head_json":{"title":"Autos del Podio | Canapa en positivo","description":"Autos del Podio El Titan de Arrecifes cierra su inolvidable 2025 con tres campeonatos nacionales: Turismo Carretera, Turismo Carretera 2000 y este ultimo de TCPK","robots":{"index":"index","follow":"follow","max-snippet":"max-snippet:-1","max-image-preview":"max-image-preview:large","max-video-preview":"max-video-preview:-1"},"canonical":"http:\/\/autosdelpodio.com\/autos\/canapa-en-positivo\/","og_locale":"es_ES","og_type":"article","og_title":"Agust\u00edn Canapino campe\u00f3n 2025 de TCPK","og_description":"El Titan de Arrecifes cierra su inolvidable 2025 con tres campeonatos nacionales: Turismo Carretera, Turismo Carretera 2000 y este ultimo de TCPK","og_url":"http:\/\/autosdelpodio.com\/autos\/canapa-en-positivo\/","og_site_name":"Autos del Podio","article_publisher":"https:\/\/www.facebook.com\/profile.php?id=100057192590976&amp%3bamp%3bamp%3bamp%3bamp%3bamp%3bamp%3bamp%3bamp%3bamp%3bamp%3bamp%3bamp%3bamp%3bamp%3bamp%3bamp%3bamp%3bref=ts","article_published_time":"2025-12-14T19:12:19+00:00","article_modified_time":"2025-12-14T19:17:57+00:00","og_image":[{"width":500,"height":225,"url":"http:\/\/autosdelpodio.com\/autos\/wp-content\/uploads\/2025\/03\/TCPK_Logo.jpg","type":"image\/jpeg"}],"author":"autosdelpodio","twitter_card":"summary_large_image","twitter_creator":"@autosdelpodio","twitter_site":"@autosdelpodio","twitter_misc":{"Escrito por":"autosdelpodio","Tiempo de lectura":"2 minutos"},"schema":{"@context":"https:\/\/schema.org","@graph":[{"@type":"Article","@id":"http:\/\/autosdelpodio.com\/autos\/canapa-en-positivo\/#article","isPartOf":{"@id":"http:\/\/autosdelpodio.com\/autos\/canapa-en-positivo\/"},"author":{"name":"autosdelpodio","@id":"http:\/\/autosdelpodio.com\/autos\/#\/schema\/person\/993527a4d01c3acdd3d6bce3770bc942"},"headline":"Canapa en positivo","datePublished":"2025-12-14T19:12:19+00:00","dateModified":"2025-12-14T19:17:57+00:00","mainEntityOfPage":{"@id":"http:\/\/autosdelpodio.com\/autos\/canapa-en-positivo\/"},"wordCount":224,"commentCount":0,"publisher":{"@id":"http:\/\/autosdelpodio.com\/autos\/#organization"},"image":{"@id":"http:\/\/autosdelpodio.com\/autos\/canapa-en-positivo\/#primaryimage"},"thumbnailUrl":"http:\/\/autosdelpodio.com\/autos\/wp-content\/uploads\/2025\/03\/TCPK_Logo.jpg","keywords":["ACTC","Agustin Canapino","La Plata","TC Mouras","TC Pick Up","TCPM"],"articleSection":["Recta Principal","\u00daltimas noticias"],"inLanguage":"es","potentialAction":[{"@type":"CommentAction","name":"Comment","target":["http:\/\/autosdelpodio.com\/autos\/canapa-en-positivo\/#respond"]}]},{"@type":"WebPage","@id":"http:\/\/autosdelpodio.com\/autos\/canapa-en-positivo\/","url":"http:\/\/autosdelpodio.com\/autos\/canapa-en-positivo\/","name":"Autos del Podio | Canapa en positivo","isPartOf":{"@id":"http:\/\/autosdelpodio.com\/autos\/#website"},"primaryImageOfPage":{"@id":"http:\/\/autosdelpodio.com\/autos\/canapa-en-positivo\/#primaryimage"},"image":{"@id":"http:\/\/autosdelpodio.com\/autos\/canapa-en-positivo\/#primaryimage"},"thumbnailUrl":"http:\/\/autosdelpodio.com\/autos\/wp-content\/uploads\/2025\/03\/TCPK_Logo.jpg","datePublished":"2025-12-14T19:12:19+00:00","dateModified":"2025-12-14T19:17:57+00:00","description":"Autos del Podio El Titan de Arrecifes cierra su inolvidable 2025 con tres campeonatos nacionales: Turismo Carretera, Turismo Carretera 2000 y este ultimo de TCPK","breadcrumb":{"@id":"http:\/\/autosdelpodio.com\/autos\/canapa-en-positivo\/#breadcrumb"},"inLanguage":"es","potentialAction":[{"@type":"ReadAction","target":["http:\/\/autosdelpodio.com\/autos\/canapa-en-positivo\/"]}]},{"@type":"ImageObject","inLanguage":"es","@id":"http:\/\/autosdelpodio.com\/autos\/canapa-en-positivo\/#primaryimage","url":"http:\/\/autosdelpodio.com\/autos\/wp-content\/uploads\/2025\/03\/TCPK_Logo.jpg","contentUrl":"http:\/\/autosdelpodio.com\/autos\/wp-content\/uploads\/2025\/03\/TCPK_Logo.jpg","width":500,"height":225},{"@type":"BreadcrumbList","@id":"http:\/\/autosdelpodio.com\/autos\/canapa-en-positivo\/#breadcrumb","itemListElement":[{"@type":"ListItem","position":1,"name":"Portada","item":"http:\/\/autosdelpodio.com\/autos\/"},{"@type":"ListItem","position":2,"name":"Canapa en positivo"}]},{"@type":"WebSite","@id":"http:\/\/autosdelpodio.com\/autos\/#website","url":"http:\/\/autosdelpodio.com\/autos\/","name":"Autos del Podio","description":"La sexta del deporte motor","publisher":{"@id":"http:\/\/autosdelpodio.com\/autos\/#organization"},"potentialAction":[{"@type":"SearchAction","target":{"@type":"EntryPoint","urlTemplate":"http:\/\/autosdelpodio.com\/autos\/?s={search_term_string}"},"query-input":{"@type":"PropertyValueSpecification","valueRequired":true,"valueName":"search_term_string"}}],"inLanguage":"es"},{"@type":"Organization","@id":"http:\/\/autosdelpodio.com\/autos\/#organization","name":"Autos del Podio","url":"http:\/\/autosdelpodio.com\/autos\/","logo":{"@type":"ImageObject","inLanguage":"es","@id":"http:\/\/autosdelpodio.com\/autos\/#\/schema\/logo\/image\/","url":"http:\/\/autosdelpodio.com\/autos\/wp-content\/uploads\/2020\/08\/Logo_AR.jpg","contentUrl":"http:\/\/autosdelpodio.com\/autos\/wp-content\/uploads\/2020\/08\/Logo_AR.jpg","width":1038,"height":1044,"caption":"Autos del Podio"},"image":{"@id":"http:\/\/autosdelpodio.com\/autos\/#\/schema\/logo\/image\/"},"sameAs":["https:\/\/www.facebook.com\/profile.php?id=100057192590976&amp;amp;amp;amp;amp;amp;amp;amp;amp;amp;amp;amp;amp;amp;amp;amp;amp;amp;ref=ts","https:\/\/x.com\/autosdelpodio","https:\/\/www.youtube.com\/user\/AutosdelPodio"]},{"@type":"Person","@id":"http:\/\/autosdelpodio.com\/autos\/#\/schema\/person\/993527a4d01c3acdd3d6bce3770bc942","name":"autosdelpodio","image":{"@type":"ImageObject","inLanguage":"es","@id":"http:\/\/autosdelpodio.com\/autos\/wp-content\/litespeed\/avatar\/aa8f65cd201a80f6b844f63278aa84af.jpg?ver=1777403005","url":"http:\/\/autosdelpodio.com\/autos\/wp-content\/litespeed\/avatar\/aa8f65cd201a80f6b844f63278aa84af.jpg?ver=1777403005","contentUrl":"http:\/\/autosdelpodio.com\/autos\/wp-content\/litespeed\/avatar\/aa8f65cd201a80f6b844f63278aa84af.jpg?ver=1777403005","caption":"autosdelpodio"}}]}},"views":347,"_links":{"self":[{"href":"http:\/\/autosdelpodio.com\/autos\/wp-json\/wp\/v2\/posts\/8797","targetHints":{"allow":["GET"]}}],"collection":[{"href":"http:\/\/autosdelpodio.com\/autos\/wp-json\/wp\/v2\/posts"}],"about":[{"href":"http:\/\/autosdelpodio.com\/autos\/wp-json\/wp\/v2\/types\/post"}],"author":[{"embeddable":true,"href":"http:\/\/autosdelpodio.com\/autos\/wp-json\/wp\/v2\/users\/3"}],"replies":[{"embeddable":true,"href":"http:\/\/autosdelpodio.com\/autos\/wp-json\/wp\/v2\/comments?post=8797"}],"version-history":[{"count":2,"href":"http:\/\/autosdelpodio.com\/autos\/wp-json\/wp\/v2\/posts\/8797\/revisions"}],"predecessor-version":[{"id":8799,"href":"http:\/\/autosdelpodio.com\/autos\/wp-json\/wp\/v2\/posts\/8797\/revisions\/8799"}],"wp:featuredmedia":[{"embeddable":true,"href":"http:\/\/autosdelpodio.com\/autos\/wp-json\/wp\/v2\/media\/8220"}],"wp:attachment":[{"href":"http:\/\/autosdelpodio.com\/autos\/wp-json\/wp\/v2\/media?parent=8797"}],"wp:term":[{"taxonomy":"category","embeddable":true,"href":"http:\/\/autosdelpodio.com\/autos\/wp-json\/wp\/v2\/categories?post=8797"},{"taxonomy":"post_tag","embeddable":true,"href":"http:\/\/autosdelpodio.com\/autos\/wp-json\/wp\/v2\/tags?post=8797"}],"curies":[{"name":"wp","href":"https:\/\/api.w.org\/{rel}","templated":true}]}}