{"id":885,"date":"2013-11-23T17:54:21","date_gmt":"2013-11-23T17:54:21","guid":{"rendered":"http:\/\/autosdelpodio.com\/autos\/2013\/11\/23\/mercado-de-pases-tc-2014\/"},"modified":"2013-11-23T17:54:21","modified_gmt":"2013-11-23T17:54:21","slug":"mercado-de-pases-tc-2014","status":"publish","type":"post","link":"http:\/\/autosdelpodio.com\/autos\/mercado-de-pases-tc-2014\/","title":{"rendered":"Mercado de pases TC \u2013 2014"},"content":{"rendered":"<\/p>\n<p style=\"text-align: justify;\">Te ponemos al d\u00eda con los movimientos generados hasta aqu\u00ed de cara a la temporada 2014 de Turismo Carretera.Cambio de pilotos, de marcas y equipos en la popular categor\u00eda. \u00c9ste es el panorama de c\u00f3mo est\u00e1n conformadas las diversas escuadras.<\/p>\n<p style=\"text-align: justify;\"><strong style=\"line-height: 1.3em;\">Jet Racing:<\/strong><span style=\"line-height: 1.3em;\"> Siguen Agust\u00edn Canapino y Christian Ledesma con Chevrolet, llevando la motorizaci\u00f3n de Rodolfo Agut y Fernando Garcia respectivamente, y la atenci\u00f3n en chasis de Alberto Canapino.<\/span><\/p>\n<p style=\"text-align: justify;\"><strong>Lincoln Sport Group:<\/strong> Se incorpora una Dodge con Emiliano Spataro como piloto la estructura de Hugo Cuervo. No siguen ni Mauro Giallommbardo ni Mariano Werner, quien rearmar\u00e1 su propio equipo, el Werner competici\u00f3n.<span style=\"line-height: 1.3em;\">Se desvincula <\/span><span style=\"line-height: 1.3em;\">Juan Bautista de Benedictis y se incorpora Facundo Ardusso (Dodge).<\/span><\/p>\n<p style=\"text-align: justify;\"><span style=\"line-height: 1.3em;\">Christian Avila ser\u00e1 el nuevo Director Deportivo del equipo de manera exclusiva.<\/span><\/p>\n<p style=\"text-align: justify;\"><strong>Las Toscas: <\/strong>en la estructura con base en Canning seguir\u00e1 Norberto Fontana (Torino)\u00a0<span style=\"line-height: 1.3em;\">y Diego de Carlo (Dodge)<\/span><span style=\"line-height: 1.3em;\"> motorizado por Jhonny Laborito.No sigue Ricardo \u201cCaito Rissatti\u201d y Claudio Kohler (Dodge) se baja por razones presupuestarias.La atenci\u00f3n en pista ser\u00e1 otorgada de manera exclusiva por Ricardo Gliemmo y los motores Cherokee tambien bajo esa modalidad por Laborito.<\/span><\/p>\n<p style=\"text-align: justify;\"><strong>Dole Racing:<\/strong> la estructura de los hermanos Jakos va definiendo su plantel.Sigue Leonel Permia\u00a0que vuelve a correr con Chevrolet\u00a0y se incorpora el campe\u00f3n de TC Pista Nicolas Pezzuchi.Sigue Sergio Alaux.Podria retornar Mart\u00edn Basso, tambien con Chevrolet.<\/p>\n<p style=\"text-align: justify;\"><strong>Gur\u00ed Mart\u00ednez Competici\u00f3n:<\/strong> contin\u00faa en actividad Omar Mart\u00ednez y a ultimo momento se baj\u00f3 Gabriel Ponce de Leon por razones economicas.<\/p>\n<p style=\"text-align: justify;\">Se incorpora <span style=\"line-height: 1.3em;\">Mauro Giallombardo que deja los motores de Laborito en su Ford para utilizar los de Fabian Acu\u00f1a.<\/span><\/p>\n<p style=\"text-align: justify;\">Evaluan incorporar un Torino para que lo corra alg\u00fan piloto de la marca.El ingeniero Maximiliano Juarez ser\u00e1 el encargado de atender los autos.<\/p>\n<p style=\"text-align: justify;\"><strong>Juan Martin Trucco: <\/strong>sigue con su estructura propia, con la motorizaci\u00f3n de Marcelo Esteban.<\/p>\n<p style=\"text-align: justify;\"><strong>JP Racing:<\/strong> siguen Guillermo Ortelli y Gast\u00f3n Mazzacane, ambos con Chevrolet.La parte tecnica estar\u00e1 a cargo de Ariel Lucesoli y el motor del auto de Ortelli a cargo de Fabio Martinez.<\/p>\n<p style=\"text-align: justify;\"><strong>Werner Competici\u00f3n:<\/strong> Mariano Werner rearma el equipo propio tal cual lo hizo durante el 2012 con motores de Marcelo Esteban y la asistencia de Adrian Fernandez.<\/p>\n<p style=\"text-align: justify;\"><strong>Castellano Power Team:<\/strong> continuar\u00e1 con Jonatan Castellano, la direccion de Alejandro Venturi y los motores de Pincho Castellano.Se incorpora otra Dodge para Luciano Ventricelli.<\/p>\n<p style=\"text-align: justify;\"><strong>UR Racing:<\/strong> la dupla Daniel Uranga \u2013 Pablo Romera se suma al LSG, manteniendo sus clientes de Dodge Juan Marcos Angelini, Jonatan Castellano, y Nicolas Trosset (subcampeon del TC Pista, quien debutar\u00e1 en la categoria) entre otros.<\/p>\n<p style=\"text-align: justify;\"><strong>Alifraco Sport:<\/strong> Walter Alifraco brindar\u00e1 asesoramiento a Diego Aventin que sigue un a\u00f1o mas en actividad.No siguen Emiliano Spataro (Dodge) y Emanuel Moriatis (Ford).<\/p>\n<p style=\"text-align: justify;\">Atender\u00e1 en su taller los autos de Matias Jalaf (Ford) y Matias Rodriguez (Dodge).<\/p>\n<p style=\"text-align: justify;\"><strong>Emanuel Moriatis: <\/strong>recibir\u00e1 la atencion de Alejandro Garofalo para su Ford.Sigue en el equipo Leonel Sotro (Ford)<\/p>\n<p style=\"text-align: justify;\"><strong>Mariano Altuna: <\/strong>tendr\u00e1 su propia estructura en Loberia. Pedro Viglietti sera el encagado tecnico del <span style=\"line-height: 1.3em;\">Chevrolet motorizado por Claudio Garofalo.<\/span><\/p>\n<p style=\"text-align: justify;\"><strong>MVD Racing:<\/strong> sigue Diego Aventin (Ford). Martin Ponte se incorpora al equipo (luego de varios a\u00f1os en Torino) para manejar la Dodge ex Facundo Ardusso.<\/p>\n<p style=\"text-align: justify;\"><strong>Savino Sport:<\/strong> El equipo estar\u00e1 integrado en el Turismo Carretera por Jos\u00e9 Savino.<\/p>\n<p style=\"text-align: justify;\"><strong>Maquins Parts:<\/strong> Siguen Carlos Okulovich (Torino) y Josito Di Palma tambi\u00e9n con Torino.Se incorpora en la asistencia tecnica Sebastian Mauri\u00f1o, luego de su extenso paso por el LSG.No descartan sumar un Ford.<\/p>\n<p style=\"text-align: justify;\"><strong>Donto Racing: <\/strong>sigue Mat\u00edas Rossi y Laureano Campanera, ambos con Chevrolet.Alcides Piatti ser\u00e1 el encargado de la parte tecnica, en reemplazo de Ricardo Gliemmo.<\/p>\n<p style=\"text-align: justify;\"><strong>Christian Dose:<\/strong> Seguir\u00eda con la asistencia de Walter Alifraco en su Chevrolet.<\/p>\n<p style=\"text-align: justify;\"><strong>Argentina Racing:<\/strong> El equipo que dirige Roberto Argento, contar\u00e1 con el asesoramiento t\u00e9cnico de Maximiliano Ju\u00e1rez en el Torino en el cual encontr\u00f3 a Ricardo Risatti como piloto tras la salida de Mart\u00edn Ponte.<\/p>\n<p style=\"text-align: justify;\"><strong>Di Meglio Motor sport:<\/strong> busca piloto tras la partida de Luciano Ventricelli.<\/p>\n<p style=\"text-align: justify;\"><strong>Catalan Magni Motorsport:<\/strong> seguir\u00e1 Juan Manuel Silva (Ford) y Ariel Pacho (Torino) si reune presupuesto.Se incorpora <span style=\"line-height: 1.3em;\">Juan Bautista de Benedictis (sigue como siempre con los motores de su padre para su Ford)<\/span><\/p>\n<p style=\"text-align: justify;\"><strong>Oil competici\u00f3n:<\/strong> Caido el arribo de\u00a0Leonel Pernia arriba al equipo para ocupar las vacantes que dejaron Jos\u00e9 Mar\u00eda Pechito Lopez (que emigr\u00f3 al WTCC) y Esteban Guerrieri buscan cerrar con al menos un piloto de renombre para conducir una Dodge.En principio solo har\u00e1 TC Pista.<\/p>\n<p style=\"text-align: justify;\"><strong>Ugalde Competici\u00f3n:<\/strong> arranca en principio con un solo Ford, el del propio Lionel Ugalde<span style=\"line-height: 1.3em;\">.<\/span><\/p>\n<p style=\"text-align: justify;\"><strong>WCC:<\/strong> el equipo de Jos\u00e9 Ciantini se retiro de la categor\u00eda a mediados del 2013.<\/p>\n<p style=\"text-align: justify;\"><strong>JPG Racing: Juan Pablo Gianini<\/strong><strong> <\/strong>seguir\u00e1 en la categor\u00eda con estructura propia y la atenci\u00f3n en el chasis de Luciano Monti.<\/p>\n<p style=\"text-align: justify;\"><strong>Schick Racing: <\/strong>no sigue Brian Smith (Torino), quien no participar\u00e1 de la categoria.Aun no anunci\u00f3 su reemplazante.<\/p>\n<p style=\"text-align: justify;\"><strong>Merlo CJ Racing:<\/strong> sigue Maximiliano Juan, con asesoramiento del LSG en el Ford.<\/p>\n<p style=\"text-align: justify;\"><strong>Bonelli Competici\u00f3n:<\/strong> Sigue Prospero junto a su hermano Nicol\u00e1s, ambos con Ford.<\/p>\n<p style=\"text-align: justify;\"><strong>Leandro Mulet:<\/strong> no defini\u00f3 su futuro.<\/p>\n<p style=\"text-align: justify;\"><strong>Rafael Verna <\/strong>probablemente se retire del automovilismo.<\/p>\n<p style=\"text-align: justify;\"><strong>Idi Motor Sport: <\/strong>equipo debutante en TC. La idea es poner en pista 2 Dodge.Martin Serrano, quien se desvincul\u00f3 del Dole Racing, ser\u00eda el primer piloto confirmado.La asistencia tecnica estar\u00e1 a cargo de Dardo Prand.<\/p>\n<p style=\"text-align: justify;\"><strong>GF Team:<\/strong> incursiona en la categor\u00eda con un Torino que manejar\u00e1 el piloto que asciende del TC Pista Santiago Mangoni.<\/p>\n<p style=\"text-align: justify;\"><strong>Adrian Oubi\u00f1a:<\/strong> contar\u00e1 con la asistencia tecnica de Sebastian Mauri\u00f1o y comenzar\u00e1 a utilizar motores de Fabian Acu\u00f1a.<\/p>\n<p style=\"text-align: justify;\"><strong>Emilio Satriano Sport: <\/strong>volver\u00eda al TC, resta definir piloto.Por el momento solo tiene confirmado que seguir\u00e1 en el TC Pista.<\/p>\n","protected":false},"excerpt":{"rendered":"<p>Te ponemos al d\u00eda con los movimientos generados hasta aqu\u00ed de cara a la temporada 2014 de Turismo Carretera.Cambio de<\/p>\n","protected":false},"author":1,"featured_media":884,"comment_status":"open","ping_status":"open","sticky":false,"template":"","format":"standard","meta":{"colormag_page_container_layout":"default_layout","colormag_page_sidebar_layout":"default_layout","footnotes":""},"categories":[6],"tags":[],"class_list":["post-885","post","type-post","status-publish","format-standard","has-post-thumbnail","hentry","category-newsflash"],"yoast_head":"<!-- This site is optimized with the Yoast SEO plugin v27.4 - https:\/\/yoast.com\/product\/yoast-seo-wordpress\/ -->\n<title>Autos del Podio | Mercado de pases TC \u2013 2014<\/title>\n<meta name=\"description\" content=\"Autos del Podio\" \/>\n<meta name=\"robots\" content=\"index, follow, max-snippet:-1, max-image-preview:large, max-video-preview:-1\" \/>\n<link rel=\"canonical\" href=\"https:\/\/autosdelpodio.com\/autos\/mercado-de-pases-tc-2014\/\" \/>\n<meta property=\"og:locale\" content=\"es_ES\" \/>\n<meta property=\"og:type\" content=\"article\" \/>\n<meta property=\"og:title\" content=\"Autos del Podio | Mercado de pases TC \u2013 2014\" \/>\n<meta property=\"og:description\" content=\"Autos del Podio\" \/>\n<meta property=\"og:url\" content=\"https:\/\/autosdelpodio.com\/autos\/mercado-de-pases-tc-2014\/\" \/>\n<meta property=\"og:site_name\" content=\"Autos del Podio\" \/>\n<meta property=\"article:publisher\" content=\"https:\/\/www.facebook.com\/profile.php?id=100057192590976&amp;amp%3bamp%3bamp%3bamp%3bamp%3bamp%3bamp%3bamp%3bamp%3bamp%3bamp%3bamp%3bamp%3bamp%3bamp%3bamp%3bamp%3bamp%3bref=ts\" \/>\n<meta property=\"article:published_time\" content=\"2013-11-23T17:54:21+00:00\" \/>\n<meta property=\"og:image\" content=\"https:\/\/autosdelpodio.com\/autos\/wp-content\/uploads\/2013\/11\/tc_2014.jpg\" \/>\n\t<meta property=\"og:image:width\" content=\"1383\" \/>\n\t<meta property=\"og:image:height\" content=\"781\" \/>\n\t<meta property=\"og:image:type\" content=\"image\/jpeg\" \/>\n<meta name=\"author\" content=\"wi022230\" \/>\n<meta name=\"twitter:card\" content=\"summary_large_image\" \/>\n<meta name=\"twitter:creator\" content=\"@autosdelpodio\" \/>\n<meta name=\"twitter:site\" content=\"@autosdelpodio\" \/>\n<meta name=\"twitter:label1\" content=\"Escrito por\" \/>\n\t<meta name=\"twitter:data1\" content=\"wi022230\" \/>\n\t<meta name=\"twitter:label2\" content=\"Tiempo de lectura\" \/>\n\t<meta name=\"twitter:data2\" content=\"5 minutos\" \/>\n<script type=\"application\/ld+json\" class=\"yoast-schema-graph\">{\"@context\":\"https:\\\/\\\/schema.org\",\"@graph\":[{\"@type\":\"Article\",\"@id\":\"https:\\\/\\\/autosdelpodio.com\\\/autos\\\/mercado-de-pases-tc-2014\\\/#article\",\"isPartOf\":{\"@id\":\"https:\\\/\\\/autosdelpodio.com\\\/autos\\\/mercado-de-pases-tc-2014\\\/\"},\"author\":{\"name\":\"wi022230\",\"@id\":\"http:\\\/\\\/autosdelpodio.com\\\/autos\\\/#\\\/schema\\\/person\\\/e88353cabf768863fdf874e30120f3ba\"},\"headline\":\"Mercado de pases TC \u2013 2014\",\"datePublished\":\"2013-11-23T17:54:21+00:00\",\"mainEntityOfPage\":{\"@id\":\"https:\\\/\\\/autosdelpodio.com\\\/autos\\\/mercado-de-pases-tc-2014\\\/\"},\"wordCount\":979,\"commentCount\":0,\"publisher\":{\"@id\":\"http:\\\/\\\/autosdelpodio.com\\\/autos\\\/#organization\"},\"image\":{\"@id\":\"https:\\\/\\\/autosdelpodio.com\\\/autos\\\/mercado-de-pases-tc-2014\\\/#primaryimage\"},\"thumbnailUrl\":\"http:\\\/\\\/autosdelpodio.com\\\/autos\\\/wp-content\\\/uploads\\\/2013\\\/11\\\/tc_2014.jpg\",\"articleSection\":[\"Destacado\"],\"inLanguage\":\"es\",\"potentialAction\":[{\"@type\":\"CommentAction\",\"name\":\"Comment\",\"target\":[\"https:\\\/\\\/autosdelpodio.com\\\/autos\\\/mercado-de-pases-tc-2014\\\/#respond\"]}]},{\"@type\":\"WebPage\",\"@id\":\"https:\\\/\\\/autosdelpodio.com\\\/autos\\\/mercado-de-pases-tc-2014\\\/\",\"url\":\"https:\\\/\\\/autosdelpodio.com\\\/autos\\\/mercado-de-pases-tc-2014\\\/\",\"name\":\"Autos del Podio | Mercado de pases TC \u2013 2014\",\"isPartOf\":{\"@id\":\"http:\\\/\\\/autosdelpodio.com\\\/autos\\\/#website\"},\"primaryImageOfPage\":{\"@id\":\"https:\\\/\\\/autosdelpodio.com\\\/autos\\\/mercado-de-pases-tc-2014\\\/#primaryimage\"},\"image\":{\"@id\":\"https:\\\/\\\/autosdelpodio.com\\\/autos\\\/mercado-de-pases-tc-2014\\\/#primaryimage\"},\"thumbnailUrl\":\"http:\\\/\\\/autosdelpodio.com\\\/autos\\\/wp-content\\\/uploads\\\/2013\\\/11\\\/tc_2014.jpg\",\"datePublished\":\"2013-11-23T17:54:21+00:00\",\"description\":\"Autos del Podio\",\"breadcrumb\":{\"@id\":\"https:\\\/\\\/autosdelpodio.com\\\/autos\\\/mercado-de-pases-tc-2014\\\/#breadcrumb\"},\"inLanguage\":\"es\",\"potentialAction\":[{\"@type\":\"ReadAction\",\"target\":[\"https:\\\/\\\/autosdelpodio.com\\\/autos\\\/mercado-de-pases-tc-2014\\\/\"]}]},{\"@type\":\"ImageObject\",\"inLanguage\":\"es\",\"@id\":\"https:\\\/\\\/autosdelpodio.com\\\/autos\\\/mercado-de-pases-tc-2014\\\/#primaryimage\",\"url\":\"http:\\\/\\\/autosdelpodio.com\\\/autos\\\/wp-content\\\/uploads\\\/2013\\\/11\\\/tc_2014.jpg\",\"contentUrl\":\"http:\\\/\\\/autosdelpodio.com\\\/autos\\\/wp-content\\\/uploads\\\/2013\\\/11\\\/tc_2014.jpg\",\"width\":1383,\"height\":781},{\"@type\":\"BreadcrumbList\",\"@id\":\"https:\\\/\\\/autosdelpodio.com\\\/autos\\\/mercado-de-pases-tc-2014\\\/#breadcrumb\",\"itemListElement\":[{\"@type\":\"ListItem\",\"position\":1,\"name\":\"Portada\",\"item\":\"http:\\\/\\\/autosdelpodio.com\\\/autos\\\/\"},{\"@type\":\"ListItem\",\"position\":2,\"name\":\"Mercado de pases TC \u2013 2014\"}]},{\"@type\":\"WebSite\",\"@id\":\"http:\\\/\\\/autosdelpodio.com\\\/autos\\\/#website\",\"url\":\"http:\\\/\\\/autosdelpodio.com\\\/autos\\\/\",\"name\":\"Autos del Podio\",\"description\":\"La sexta del deporte motor\",\"publisher\":{\"@id\":\"http:\\\/\\\/autosdelpodio.com\\\/autos\\\/#organization\"},\"potentialAction\":[{\"@type\":\"SearchAction\",\"target\":{\"@type\":\"EntryPoint\",\"urlTemplate\":\"http:\\\/\\\/autosdelpodio.com\\\/autos\\\/?s={search_term_string}\"},\"query-input\":{\"@type\":\"PropertyValueSpecification\",\"valueRequired\":true,\"valueName\":\"search_term_string\"}}],\"inLanguage\":\"es\"},{\"@type\":\"Organization\",\"@id\":\"http:\\\/\\\/autosdelpodio.com\\\/autos\\\/#organization\",\"name\":\"Autos del Podio\",\"url\":\"http:\\\/\\\/autosdelpodio.com\\\/autos\\\/\",\"logo\":{\"@type\":\"ImageObject\",\"inLanguage\":\"es\",\"@id\":\"http:\\\/\\\/autosdelpodio.com\\\/autos\\\/#\\\/schema\\\/logo\\\/image\\\/\",\"url\":\"http:\\\/\\\/autosdelpodio.com\\\/autos\\\/wp-content\\\/uploads\\\/2020\\\/08\\\/Logo_AR.jpg\",\"contentUrl\":\"http:\\\/\\\/autosdelpodio.com\\\/autos\\\/wp-content\\\/uploads\\\/2020\\\/08\\\/Logo_AR.jpg\",\"width\":1038,\"height\":1044,\"caption\":\"Autos del Podio\"},\"image\":{\"@id\":\"http:\\\/\\\/autosdelpodio.com\\\/autos\\\/#\\\/schema\\\/logo\\\/image\\\/\"},\"sameAs\":[\"https:\\\/\\\/www.facebook.com\\\/profile.php?id=100057192590976&amp;amp;amp;amp;amp;amp;amp;amp;amp;amp;amp;amp;amp;amp;amp;amp;amp;amp;ref=ts\",\"https:\\\/\\\/x.com\\\/autosdelpodio\",\"https:\\\/\\\/www.youtube.com\\\/user\\\/AutosdelPodio\"]},{\"@type\":\"Person\",\"@id\":\"http:\\\/\\\/autosdelpodio.com\\\/autos\\\/#\\\/schema\\\/person\\\/e88353cabf768863fdf874e30120f3ba\",\"name\":\"wi022230\",\"image\":{\"@type\":\"ImageObject\",\"inLanguage\":\"es\",\"@id\":\"http:\\\/\\\/autosdelpodio.com\\\/autos\\\/wp-content\\\/litespeed\\\/avatar\\\/453fc9bdbb11d766ba4c7f14d0bd0aa9.jpg?ver=1776800006\",\"url\":\"http:\\\/\\\/autosdelpodio.com\\\/autos\\\/wp-content\\\/litespeed\\\/avatar\\\/453fc9bdbb11d766ba4c7f14d0bd0aa9.jpg?ver=1776800006\",\"contentUrl\":\"http:\\\/\\\/autosdelpodio.com\\\/autos\\\/wp-content\\\/litespeed\\\/avatar\\\/453fc9bdbb11d766ba4c7f14d0bd0aa9.jpg?ver=1776800006\",\"caption\":\"wi022230\"}}]}<\/script>\n<!-- \/ Yoast SEO plugin. -->","yoast_head_json":{"title":"Autos del Podio | Mercado de pases TC \u2013 2014","description":"Autos del Podio","robots":{"index":"index","follow":"follow","max-snippet":"max-snippet:-1","max-image-preview":"max-image-preview:large","max-video-preview":"max-video-preview:-1"},"canonical":"https:\/\/autosdelpodio.com\/autos\/mercado-de-pases-tc-2014\/","og_locale":"es_ES","og_type":"article","og_title":"Autos del Podio | Mercado de pases TC \u2013 2014","og_description":"Autos del Podio","og_url":"https:\/\/autosdelpodio.com\/autos\/mercado-de-pases-tc-2014\/","og_site_name":"Autos del Podio","article_publisher":"https:\/\/www.facebook.com\/profile.php?id=100057192590976&amp%3bamp%3bamp%3bamp%3bamp%3bamp%3bamp%3bamp%3bamp%3bamp%3bamp%3bamp%3bamp%3bamp%3bamp%3bamp%3bamp%3bamp%3bref=ts","article_published_time":"2013-11-23T17:54:21+00:00","og_image":[{"width":1383,"height":781,"url":"https:\/\/autosdelpodio.com\/autos\/wp-content\/uploads\/2013\/11\/tc_2014.jpg","type":"image\/jpeg"}],"author":"wi022230","twitter_card":"summary_large_image","twitter_creator":"@autosdelpodio","twitter_site":"@autosdelpodio","twitter_misc":{"Escrito por":"wi022230","Tiempo de lectura":"5 minutos"},"schema":{"@context":"https:\/\/schema.org","@graph":[{"@type":"Article","@id":"https:\/\/autosdelpodio.com\/autos\/mercado-de-pases-tc-2014\/#article","isPartOf":{"@id":"https:\/\/autosdelpodio.com\/autos\/mercado-de-pases-tc-2014\/"},"author":{"name":"wi022230","@id":"http:\/\/autosdelpodio.com\/autos\/#\/schema\/person\/e88353cabf768863fdf874e30120f3ba"},"headline":"Mercado de pases TC \u2013 2014","datePublished":"2013-11-23T17:54:21+00:00","mainEntityOfPage":{"@id":"https:\/\/autosdelpodio.com\/autos\/mercado-de-pases-tc-2014\/"},"wordCount":979,"commentCount":0,"publisher":{"@id":"http:\/\/autosdelpodio.com\/autos\/#organization"},"image":{"@id":"https:\/\/autosdelpodio.com\/autos\/mercado-de-pases-tc-2014\/#primaryimage"},"thumbnailUrl":"http:\/\/autosdelpodio.com\/autos\/wp-content\/uploads\/2013\/11\/tc_2014.jpg","articleSection":["Destacado"],"inLanguage":"es","potentialAction":[{"@type":"CommentAction","name":"Comment","target":["https:\/\/autosdelpodio.com\/autos\/mercado-de-pases-tc-2014\/#respond"]}]},{"@type":"WebPage","@id":"https:\/\/autosdelpodio.com\/autos\/mercado-de-pases-tc-2014\/","url":"https:\/\/autosdelpodio.com\/autos\/mercado-de-pases-tc-2014\/","name":"Autos del Podio | Mercado de pases TC \u2013 2014","isPartOf":{"@id":"http:\/\/autosdelpodio.com\/autos\/#website"},"primaryImageOfPage":{"@id":"https:\/\/autosdelpodio.com\/autos\/mercado-de-pases-tc-2014\/#primaryimage"},"image":{"@id":"https:\/\/autosdelpodio.com\/autos\/mercado-de-pases-tc-2014\/#primaryimage"},"thumbnailUrl":"http:\/\/autosdelpodio.com\/autos\/wp-content\/uploads\/2013\/11\/tc_2014.jpg","datePublished":"2013-11-23T17:54:21+00:00","description":"Autos del Podio","breadcrumb":{"@id":"https:\/\/autosdelpodio.com\/autos\/mercado-de-pases-tc-2014\/#breadcrumb"},"inLanguage":"es","potentialAction":[{"@type":"ReadAction","target":["https:\/\/autosdelpodio.com\/autos\/mercado-de-pases-tc-2014\/"]}]},{"@type":"ImageObject","inLanguage":"es","@id":"https:\/\/autosdelpodio.com\/autos\/mercado-de-pases-tc-2014\/#primaryimage","url":"http:\/\/autosdelpodio.com\/autos\/wp-content\/uploads\/2013\/11\/tc_2014.jpg","contentUrl":"http:\/\/autosdelpodio.com\/autos\/wp-content\/uploads\/2013\/11\/tc_2014.jpg","width":1383,"height":781},{"@type":"BreadcrumbList","@id":"https:\/\/autosdelpodio.com\/autos\/mercado-de-pases-tc-2014\/#breadcrumb","itemListElement":[{"@type":"ListItem","position":1,"name":"Portada","item":"http:\/\/autosdelpodio.com\/autos\/"},{"@type":"ListItem","position":2,"name":"Mercado de pases TC \u2013 2014"}]},{"@type":"WebSite","@id":"http:\/\/autosdelpodio.com\/autos\/#website","url":"http:\/\/autosdelpodio.com\/autos\/","name":"Autos del Podio","description":"La sexta del deporte motor","publisher":{"@id":"http:\/\/autosdelpodio.com\/autos\/#organization"},"potentialAction":[{"@type":"SearchAction","target":{"@type":"EntryPoint","urlTemplate":"http:\/\/autosdelpodio.com\/autos\/?s={search_term_string}"},"query-input":{"@type":"PropertyValueSpecification","valueRequired":true,"valueName":"search_term_string"}}],"inLanguage":"es"},{"@type":"Organization","@id":"http:\/\/autosdelpodio.com\/autos\/#organization","name":"Autos del Podio","url":"http:\/\/autosdelpodio.com\/autos\/","logo":{"@type":"ImageObject","inLanguage":"es","@id":"http:\/\/autosdelpodio.com\/autos\/#\/schema\/logo\/image\/","url":"http:\/\/autosdelpodio.com\/autos\/wp-content\/uploads\/2020\/08\/Logo_AR.jpg","contentUrl":"http:\/\/autosdelpodio.com\/autos\/wp-content\/uploads\/2020\/08\/Logo_AR.jpg","width":1038,"height":1044,"caption":"Autos del Podio"},"image":{"@id":"http:\/\/autosdelpodio.com\/autos\/#\/schema\/logo\/image\/"},"sameAs":["https:\/\/www.facebook.com\/profile.php?id=100057192590976&amp;amp;amp;amp;amp;amp;amp;amp;amp;amp;amp;amp;amp;amp;amp;amp;amp;amp;ref=ts","https:\/\/x.com\/autosdelpodio","https:\/\/www.youtube.com\/user\/AutosdelPodio"]},{"@type":"Person","@id":"http:\/\/autosdelpodio.com\/autos\/#\/schema\/person\/e88353cabf768863fdf874e30120f3ba","name":"wi022230","image":{"@type":"ImageObject","inLanguage":"es","@id":"http:\/\/autosdelpodio.com\/autos\/wp-content\/litespeed\/avatar\/453fc9bdbb11d766ba4c7f14d0bd0aa9.jpg?ver=1776800006","url":"http:\/\/autosdelpodio.com\/autos\/wp-content\/litespeed\/avatar\/453fc9bdbb11d766ba4c7f14d0bd0aa9.jpg?ver=1776800006","contentUrl":"http:\/\/autosdelpodio.com\/autos\/wp-content\/litespeed\/avatar\/453fc9bdbb11d766ba4c7f14d0bd0aa9.jpg?ver=1776800006","caption":"wi022230"}}]}},"views":837,"_links":{"self":[{"href":"http:\/\/autosdelpodio.com\/autos\/wp-json\/wp\/v2\/posts\/885","targetHints":{"allow":["GET"]}}],"collection":[{"href":"http:\/\/autosdelpodio.com\/autos\/wp-json\/wp\/v2\/posts"}],"about":[{"href":"http:\/\/autosdelpodio.com\/autos\/wp-json\/wp\/v2\/types\/post"}],"author":[{"embeddable":true,"href":"http:\/\/autosdelpodio.com\/autos\/wp-json\/wp\/v2\/users\/1"}],"replies":[{"embeddable":true,"href":"http:\/\/autosdelpodio.com\/autos\/wp-json\/wp\/v2\/comments?post=885"}],"version-history":[{"count":0,"href":"http:\/\/autosdelpodio.com\/autos\/wp-json\/wp\/v2\/posts\/885\/revisions"}],"wp:featuredmedia":[{"embeddable":true,"href":"http:\/\/autosdelpodio.com\/autos\/wp-json\/wp\/v2\/media\/884"}],"wp:attachment":[{"href":"http:\/\/autosdelpodio.com\/autos\/wp-json\/wp\/v2\/media?parent=885"}],"wp:term":[{"taxonomy":"category","embeddable":true,"href":"http:\/\/autosdelpodio.com\/autos\/wp-json\/wp\/v2\/categories?post=885"},{"taxonomy":"post_tag","embeddable":true,"href":"http:\/\/autosdelpodio.com\/autos\/wp-json\/wp\/v2\/tags?post=885"}],"curies":[{"name":"wp","href":"https:\/\/api.w.org\/{rel}","templated":true}]}}