{"id":887,"date":"2013-11-24T19:12:04","date_gmt":"2013-11-24T19:12:04","guid":{"rendered":"http:\/\/autosdelpodio.com\/autos\/2013\/11\/24\/los-numeros-de-vettel\/"},"modified":"2013-11-24T19:12:04","modified_gmt":"2013-11-24T19:12:04","slug":"los-numeros-de-vettel","status":"publish","type":"post","link":"http:\/\/autosdelpodio.com\/autos\/los-numeros-de-vettel\/","title":{"rendered":"Los n\u00fameros de Vettel"},"content":{"rendered":"<p style=\"text-align: justify;\"><span style=\"line-height: 1.3em;\">Sebastian Vettel gan\u00f3 el GP de Brasil, en lo que fue el cierre de la temporada 2013, escoltado por su compa\u00f1ero de equipo en Red Bull, Mark Webber, quien se aleja de la Formula 1 para dedicarse a los autos con techo y Fernando Alonso con Ferrari. <\/span><\/p>\n<p>  <!--more-->  <\/p>\n<p><span style=\"line-height: 1.3em; text-align: justify;\">De este modo el alem\u00e1n logro su victoria n\u00famero 39 en la m\u00e1xima (la novena en forma consecutiva) \u00a0e igual\u00f3 el r\u00e9cord de triunfos en una misma temporada del Mundial de F\u00f3rmula 1 que hab\u00eda conseguido en el a\u00f1o 2004 su compatriota Michael Schumacher con Ferrari.<\/span><\/p>\n<p style=\"text-align: justify;\">Adem\u00e1s solo abandon\u00f3 en una sola carrera, y a lo largo de la temporada acumul\u00f3 397 puntos contra los 242 que cosech\u00f3 el subcampe\u00f3n Alonso.<\/p>\n<p style=\"text-align: justify;\">El campeonato de constructores fue para Red Bull y el segundo puesto para Mercedes ratificando lo que fue un a\u00f1o olvidable para Ferrari.<\/p>\n<p><span style=\"line-height: 1.3em;\"><strong>San Pablo, \u00a0GP de Brasil a 71 vueltas <\/strong><\/span><\/p>\n<p><span style=\"line-height: 1.3em;\">1. \u00a0Vettel \u00a0 \u00a0 \u00a0 \u00a0 Red Bull-Renault \u00a0 \u00a0 \u00a0 \u00a0 \u00a0 1h32:36.300<\/span><\/p>\n<p>2. \u00a0Webber \u00a0 \u00a0 \u00a0 \u00a0 Red Bull-Renault \u00a0 \u00a0 \u00a0 \u00a0 \u00a0 + 10.452<\/p>\n<p>3. \u00a0Alonso \u00a0 \u00a0 \u00a0 \u00a0 Ferrari \u00a0 \u00a0 \u00a0 \u00a0 \u00a0 \u00a0 \u00a0 \u00a0 \u00a0 \u00a0+ 18.9<\/p>\n<p>4. \u00a0Button \u00a0 \u00a0 \u00a0 \u00a0 McLaren-Mercedes \u00a0 \u00a0 \u00a0 \u00a0 \u00a0 + 37.3<\/p>\n<p>5. \u00a0Rosberg \u00a0 \u00a0 \u00a0 \u00a0Mercedes \u00a0 \u00a0 \u00a0 \u00a0 \u00a0 \u00a0 \u00a0 \u00a0 \u00a0 + 39.0<\/p>\n<p>6. \u00a0Perez \u00a0 \u00a0 \u00a0 \u00a0 \u00a0McLaren-Mercedes \u00a0 \u00a0 \u00a0 \u00a0 \u00a0 + 44.0<\/p>\n<p>7. \u00a0Massa \u00a0 \u00a0 \u00a0 \u00a0 \u00a0Ferrari \u00a0 \u00a0 \u00a0 \u00a0 \u00a0 \u00a0 \u00a0 \u00a0 \u00a0 \u00a0+ 49.1<\/p>\n<p>8. \u00a0Hulkenberg \u00a0 \u00a0 Sauber-Ferrari \u00a0 \u00a0 \u00a0 \u00a0 \u00a0 \u00a0 + 1:04.2<\/p>\n<p>9. \u00a0Hamilton \u00a0 \u00a0 \u00a0 Mercedes \u00a0 \u00a0 \u00a0 \u00a0 \u00a0 \u00a0 \u00a0 \u00a0 \u00a0 + 1:12.9<\/p>\n<p>10. Ricciardo \u00a0 \u00a0 \u00a0Toro Rosso-Ferrari \u00a0 \u00a0 \u00a0 \u00a0 + 1 vlta.<\/p>\n<p>11. Di Resta \u00a0 \u00a0 \u00a0 Force India-Mercedes \u00a0 \u00a0 \u00a0 + 1 vlta.<\/p>\n<p>12. Gutierrez \u00a0 \u00a0 \u00a0Sauber-Ferrari \u00a0 \u00a0 \u00a0 \u00a0 \u00a0 \u00a0 + 1 vlta.<\/p>\n<p>13. Sutil \u00a0 \u00a0 \u00a0 \u00a0 \u00a0Force India-Mercedes \u00a0 \u00a0 \u00a0 + 1 vlta.<\/p>\n<p>14. Kovalainen \u00a0 \u00a0 Lotus-Renault \u00a0 \u00a0 \u00a0 \u00a0 \u00a0 \u00a0 \u00a0+ 1 vlta.<\/p>\n<p>15. Vergne \u00a0 \u00a0 \u00a0 \u00a0 Toro Rosso-Ferrari \u00a0 \u00a0 \u00a0 \u00a0 + 1 vlta.<\/p>\n<p>16. Maldonado \u00a0 \u00a0 \u00a0Williams-Renault \u00a0 \u00a0 \u00a0 \u00a0 \u00a0 + 1 vlta.<\/p>\n<p>17. Bianchi \u00a0 \u00a0 \u00a0 \u00a0Marussia-Cosworth \u00a0 \u00a0 \u00a0 \u00a0 \u00a0+ 2 vltas.<\/p>\n<p>18. van der Garde \u00a0Caterham-Renault \u00a0 \u00a0 \u00a0 \u00a0 \u00a0 + 2 vltas.<\/p>\n<p>19. Chilton \u00a0 \u00a0 \u00a0 \u00a0Marussia-Cosworth \u00a0 \u00a0 \u00a0 \u00a0 \u00a0+ 2 vltas.<\/p>\n<p>20. Pic \u00a0 \u00a0 \u00a0 \u00a0 \u00a0 \u00a0Caterham-Renault \u00a0 \u00a0 \u00a0 \u00a0 \u00a0 &#8212;<\/p>\n<p>21. Bottas \u00a0 \u00a0 \u00a0 \u00a0 Williams-Renault \u00a0 \u00a0 \u00a0 \u00a0 \u00a0 &#8212;<\/p>\n<p>22. Grosjean \u00a0 \u00a0 \u00a0 Lotus-Renault \u00a0 \u00a0 \u00a0 \u00a0 \u00a0 \u00a0 \u00a0&#8212;<\/p>\n","protected":false},"excerpt":{"rendered":"<p>Sebastian Vettel gan\u00f3 el GP de Brasil, en lo que fue el cierre de la temporada 2013, escoltado por su<\/p>\n","protected":false},"author":1,"featured_media":0,"comment_status":"open","ping_status":"open","sticky":false,"template":"","format":"standard","meta":{"colormag_page_container_layout":"default_layout","colormag_page_sidebar_layout":"default_layout","footnotes":""},"categories":[5],"tags":[],"class_list":["post-887","post","type-post","status-publish","format-standard","hentry","category-latest-news"],"yoast_head":"<!-- This site is optimized with the Yoast SEO plugin v27.4 - https:\/\/yoast.com\/product\/yoast-seo-wordpress\/ -->\n<title>Autos del Podio | Los n\u00fameros de Vettel<\/title>\n<meta name=\"description\" content=\"Autos del Podio\" \/>\n<meta name=\"robots\" content=\"index, follow, max-snippet:-1, max-image-preview:large, max-video-preview:-1\" \/>\n<link rel=\"canonical\" href=\"https:\/\/autosdelpodio.com\/autos\/los-numeros-de-vettel\/\" \/>\n<meta property=\"og:locale\" content=\"es_ES\" \/>\n<meta property=\"og:type\" content=\"article\" \/>\n<meta property=\"og:title\" content=\"Autos del Podio | Los n\u00fameros de Vettel\" \/>\n<meta property=\"og:description\" content=\"Autos del Podio\" \/>\n<meta property=\"og:url\" content=\"https:\/\/autosdelpodio.com\/autos\/los-numeros-de-vettel\/\" \/>\n<meta property=\"og:site_name\" content=\"Autos del Podio\" \/>\n<meta property=\"article:publisher\" content=\"https:\/\/www.facebook.com\/profile.php?id=100057192590976&amp;amp%3bamp%3bamp%3bamp%3bamp%3bamp%3bamp%3bamp%3bamp%3bamp%3bamp%3bamp%3bamp%3bamp%3bamp%3bamp%3bamp%3bamp%3bref=ts\" \/>\n<meta property=\"article:published_time\" content=\"2013-11-24T19:12:04+00:00\" \/>\n<meta name=\"author\" content=\"wi022230\" \/>\n<meta name=\"twitter:card\" content=\"summary_large_image\" \/>\n<meta name=\"twitter:creator\" content=\"@autosdelpodio\" \/>\n<meta name=\"twitter:site\" content=\"@autosdelpodio\" \/>\n<meta name=\"twitter:label1\" content=\"Escrito por\" \/>\n\t<meta name=\"twitter:data1\" content=\"wi022230\" \/>\n\t<meta name=\"twitter:label2\" content=\"Tiempo de lectura\" \/>\n\t<meta name=\"twitter:data2\" content=\"1 minuto\" \/>\n<script type=\"application\/ld+json\" class=\"yoast-schema-graph\">{\"@context\":\"https:\\\/\\\/schema.org\",\"@graph\":[{\"@type\":\"Article\",\"@id\":\"https:\\\/\\\/autosdelpodio.com\\\/autos\\\/los-numeros-de-vettel\\\/#article\",\"isPartOf\":{\"@id\":\"https:\\\/\\\/autosdelpodio.com\\\/autos\\\/los-numeros-de-vettel\\\/\"},\"author\":{\"name\":\"wi022230\",\"@id\":\"http:\\\/\\\/autosdelpodio.com\\\/autos\\\/#\\\/schema\\\/person\\\/e88353cabf768863fdf874e30120f3ba\"},\"headline\":\"Los n\u00fameros de Vettel\",\"datePublished\":\"2013-11-24T19:12:04+00:00\",\"mainEntityOfPage\":{\"@id\":\"https:\\\/\\\/autosdelpodio.com\\\/autos\\\/los-numeros-de-vettel\\\/\"},\"wordCount\":224,\"commentCount\":0,\"publisher\":{\"@id\":\"http:\\\/\\\/autosdelpodio.com\\\/autos\\\/#organization\"},\"articleSection\":[\"\u00daltimas noticias\"],\"inLanguage\":\"es\",\"potentialAction\":[{\"@type\":\"CommentAction\",\"name\":\"Comment\",\"target\":[\"https:\\\/\\\/autosdelpodio.com\\\/autos\\\/los-numeros-de-vettel\\\/#respond\"]}]},{\"@type\":\"WebPage\",\"@id\":\"https:\\\/\\\/autosdelpodio.com\\\/autos\\\/los-numeros-de-vettel\\\/\",\"url\":\"https:\\\/\\\/autosdelpodio.com\\\/autos\\\/los-numeros-de-vettel\\\/\",\"name\":\"Autos del Podio | Los n\u00fameros de Vettel\",\"isPartOf\":{\"@id\":\"http:\\\/\\\/autosdelpodio.com\\\/autos\\\/#website\"},\"datePublished\":\"2013-11-24T19:12:04+00:00\",\"description\":\"Autos del Podio\",\"breadcrumb\":{\"@id\":\"https:\\\/\\\/autosdelpodio.com\\\/autos\\\/los-numeros-de-vettel\\\/#breadcrumb\"},\"inLanguage\":\"es\",\"potentialAction\":[{\"@type\":\"ReadAction\",\"target\":[\"https:\\\/\\\/autosdelpodio.com\\\/autos\\\/los-numeros-de-vettel\\\/\"]}]},{\"@type\":\"BreadcrumbList\",\"@id\":\"https:\\\/\\\/autosdelpodio.com\\\/autos\\\/los-numeros-de-vettel\\\/#breadcrumb\",\"itemListElement\":[{\"@type\":\"ListItem\",\"position\":1,\"name\":\"Portada\",\"item\":\"http:\\\/\\\/autosdelpodio.com\\\/autos\\\/\"},{\"@type\":\"ListItem\",\"position\":2,\"name\":\"Los n\u00fameros de Vettel\"}]},{\"@type\":\"WebSite\",\"@id\":\"http:\\\/\\\/autosdelpodio.com\\\/autos\\\/#website\",\"url\":\"http:\\\/\\\/autosdelpodio.com\\\/autos\\\/\",\"name\":\"Autos del Podio\",\"description\":\"La sexta del deporte motor\",\"publisher\":{\"@id\":\"http:\\\/\\\/autosdelpodio.com\\\/autos\\\/#organization\"},\"potentialAction\":[{\"@type\":\"SearchAction\",\"target\":{\"@type\":\"EntryPoint\",\"urlTemplate\":\"http:\\\/\\\/autosdelpodio.com\\\/autos\\\/?s={search_term_string}\"},\"query-input\":{\"@type\":\"PropertyValueSpecification\",\"valueRequired\":true,\"valueName\":\"search_term_string\"}}],\"inLanguage\":\"es\"},{\"@type\":\"Organization\",\"@id\":\"http:\\\/\\\/autosdelpodio.com\\\/autos\\\/#organization\",\"name\":\"Autos del Podio\",\"url\":\"http:\\\/\\\/autosdelpodio.com\\\/autos\\\/\",\"logo\":{\"@type\":\"ImageObject\",\"inLanguage\":\"es\",\"@id\":\"http:\\\/\\\/autosdelpodio.com\\\/autos\\\/#\\\/schema\\\/logo\\\/image\\\/\",\"url\":\"http:\\\/\\\/autosdelpodio.com\\\/autos\\\/wp-content\\\/uploads\\\/2020\\\/08\\\/Logo_AR.jpg\",\"contentUrl\":\"http:\\\/\\\/autosdelpodio.com\\\/autos\\\/wp-content\\\/uploads\\\/2020\\\/08\\\/Logo_AR.jpg\",\"width\":1038,\"height\":1044,\"caption\":\"Autos del Podio\"},\"image\":{\"@id\":\"http:\\\/\\\/autosdelpodio.com\\\/autos\\\/#\\\/schema\\\/logo\\\/image\\\/\"},\"sameAs\":[\"https:\\\/\\\/www.facebook.com\\\/profile.php?id=100057192590976&amp;amp;amp;amp;amp;amp;amp;amp;amp;amp;amp;amp;amp;amp;amp;amp;amp;amp;ref=ts\",\"https:\\\/\\\/x.com\\\/autosdelpodio\",\"https:\\\/\\\/www.youtube.com\\\/user\\\/AutosdelPodio\"]},{\"@type\":\"Person\",\"@id\":\"http:\\\/\\\/autosdelpodio.com\\\/autos\\\/#\\\/schema\\\/person\\\/e88353cabf768863fdf874e30120f3ba\",\"name\":\"wi022230\",\"image\":{\"@type\":\"ImageObject\",\"inLanguage\":\"es\",\"@id\":\"http:\\\/\\\/autosdelpodio.com\\\/autos\\\/wp-content\\\/litespeed\\\/avatar\\\/453fc9bdbb11d766ba4c7f14d0bd0aa9.jpg?ver=1776800006\",\"url\":\"http:\\\/\\\/autosdelpodio.com\\\/autos\\\/wp-content\\\/litespeed\\\/avatar\\\/453fc9bdbb11d766ba4c7f14d0bd0aa9.jpg?ver=1776800006\",\"contentUrl\":\"http:\\\/\\\/autosdelpodio.com\\\/autos\\\/wp-content\\\/litespeed\\\/avatar\\\/453fc9bdbb11d766ba4c7f14d0bd0aa9.jpg?ver=1776800006\",\"caption\":\"wi022230\"}}]}<\/script>\n<!-- \/ Yoast SEO plugin. -->","yoast_head_json":{"title":"Autos del Podio | Los n\u00fameros de Vettel","description":"Autos del Podio","robots":{"index":"index","follow":"follow","max-snippet":"max-snippet:-1","max-image-preview":"max-image-preview:large","max-video-preview":"max-video-preview:-1"},"canonical":"https:\/\/autosdelpodio.com\/autos\/los-numeros-de-vettel\/","og_locale":"es_ES","og_type":"article","og_title":"Autos del Podio | Los n\u00fameros de Vettel","og_description":"Autos del Podio","og_url":"https:\/\/autosdelpodio.com\/autos\/los-numeros-de-vettel\/","og_site_name":"Autos del Podio","article_publisher":"https:\/\/www.facebook.com\/profile.php?id=100057192590976&amp%3bamp%3bamp%3bamp%3bamp%3bamp%3bamp%3bamp%3bamp%3bamp%3bamp%3bamp%3bamp%3bamp%3bamp%3bamp%3bamp%3bamp%3bref=ts","article_published_time":"2013-11-24T19:12:04+00:00","author":"wi022230","twitter_card":"summary_large_image","twitter_creator":"@autosdelpodio","twitter_site":"@autosdelpodio","twitter_misc":{"Escrito por":"wi022230","Tiempo de lectura":"1 minuto"},"schema":{"@context":"https:\/\/schema.org","@graph":[{"@type":"Article","@id":"https:\/\/autosdelpodio.com\/autos\/los-numeros-de-vettel\/#article","isPartOf":{"@id":"https:\/\/autosdelpodio.com\/autos\/los-numeros-de-vettel\/"},"author":{"name":"wi022230","@id":"http:\/\/autosdelpodio.com\/autos\/#\/schema\/person\/e88353cabf768863fdf874e30120f3ba"},"headline":"Los n\u00fameros de Vettel","datePublished":"2013-11-24T19:12:04+00:00","mainEntityOfPage":{"@id":"https:\/\/autosdelpodio.com\/autos\/los-numeros-de-vettel\/"},"wordCount":224,"commentCount":0,"publisher":{"@id":"http:\/\/autosdelpodio.com\/autos\/#organization"},"articleSection":["\u00daltimas noticias"],"inLanguage":"es","potentialAction":[{"@type":"CommentAction","name":"Comment","target":["https:\/\/autosdelpodio.com\/autos\/los-numeros-de-vettel\/#respond"]}]},{"@type":"WebPage","@id":"https:\/\/autosdelpodio.com\/autos\/los-numeros-de-vettel\/","url":"https:\/\/autosdelpodio.com\/autos\/los-numeros-de-vettel\/","name":"Autos del Podio | Los n\u00fameros de Vettel","isPartOf":{"@id":"http:\/\/autosdelpodio.com\/autos\/#website"},"datePublished":"2013-11-24T19:12:04+00:00","description":"Autos del Podio","breadcrumb":{"@id":"https:\/\/autosdelpodio.com\/autos\/los-numeros-de-vettel\/#breadcrumb"},"inLanguage":"es","potentialAction":[{"@type":"ReadAction","target":["https:\/\/autosdelpodio.com\/autos\/los-numeros-de-vettel\/"]}]},{"@type":"BreadcrumbList","@id":"https:\/\/autosdelpodio.com\/autos\/los-numeros-de-vettel\/#breadcrumb","itemListElement":[{"@type":"ListItem","position":1,"name":"Portada","item":"http:\/\/autosdelpodio.com\/autos\/"},{"@type":"ListItem","position":2,"name":"Los n\u00fameros de Vettel"}]},{"@type":"WebSite","@id":"http:\/\/autosdelpodio.com\/autos\/#website","url":"http:\/\/autosdelpodio.com\/autos\/","name":"Autos del Podio","description":"La sexta del deporte motor","publisher":{"@id":"http:\/\/autosdelpodio.com\/autos\/#organization"},"potentialAction":[{"@type":"SearchAction","target":{"@type":"EntryPoint","urlTemplate":"http:\/\/autosdelpodio.com\/autos\/?s={search_term_string}"},"query-input":{"@type":"PropertyValueSpecification","valueRequired":true,"valueName":"search_term_string"}}],"inLanguage":"es"},{"@type":"Organization","@id":"http:\/\/autosdelpodio.com\/autos\/#organization","name":"Autos del Podio","url":"http:\/\/autosdelpodio.com\/autos\/","logo":{"@type":"ImageObject","inLanguage":"es","@id":"http:\/\/autosdelpodio.com\/autos\/#\/schema\/logo\/image\/","url":"http:\/\/autosdelpodio.com\/autos\/wp-content\/uploads\/2020\/08\/Logo_AR.jpg","contentUrl":"http:\/\/autosdelpodio.com\/autos\/wp-content\/uploads\/2020\/08\/Logo_AR.jpg","width":1038,"height":1044,"caption":"Autos del Podio"},"image":{"@id":"http:\/\/autosdelpodio.com\/autos\/#\/schema\/logo\/image\/"},"sameAs":["https:\/\/www.facebook.com\/profile.php?id=100057192590976&amp;amp;amp;amp;amp;amp;amp;amp;amp;amp;amp;amp;amp;amp;amp;amp;amp;amp;ref=ts","https:\/\/x.com\/autosdelpodio","https:\/\/www.youtube.com\/user\/AutosdelPodio"]},{"@type":"Person","@id":"http:\/\/autosdelpodio.com\/autos\/#\/schema\/person\/e88353cabf768863fdf874e30120f3ba","name":"wi022230","image":{"@type":"ImageObject","inLanguage":"es","@id":"http:\/\/autosdelpodio.com\/autos\/wp-content\/litespeed\/avatar\/453fc9bdbb11d766ba4c7f14d0bd0aa9.jpg?ver=1776800006","url":"http:\/\/autosdelpodio.com\/autos\/wp-content\/litespeed\/avatar\/453fc9bdbb11d766ba4c7f14d0bd0aa9.jpg?ver=1776800006","contentUrl":"http:\/\/autosdelpodio.com\/autos\/wp-content\/litespeed\/avatar\/453fc9bdbb11d766ba4c7f14d0bd0aa9.jpg?ver=1776800006","caption":"wi022230"}}]}},"views":622,"_links":{"self":[{"href":"http:\/\/autosdelpodio.com\/autos\/wp-json\/wp\/v2\/posts\/887","targetHints":{"allow":["GET"]}}],"collection":[{"href":"http:\/\/autosdelpodio.com\/autos\/wp-json\/wp\/v2\/posts"}],"about":[{"href":"http:\/\/autosdelpodio.com\/autos\/wp-json\/wp\/v2\/types\/post"}],"author":[{"embeddable":true,"href":"http:\/\/autosdelpodio.com\/autos\/wp-json\/wp\/v2\/users\/1"}],"replies":[{"embeddable":true,"href":"http:\/\/autosdelpodio.com\/autos\/wp-json\/wp\/v2\/comments?post=887"}],"version-history":[{"count":0,"href":"http:\/\/autosdelpodio.com\/autos\/wp-json\/wp\/v2\/posts\/887\/revisions"}],"wp:attachment":[{"href":"http:\/\/autosdelpodio.com\/autos\/wp-json\/wp\/v2\/media?parent=887"}],"wp:term":[{"taxonomy":"category","embeddable":true,"href":"http:\/\/autosdelpodio.com\/autos\/wp-json\/wp\/v2\/categories?post=887"},{"taxonomy":"post_tag","embeddable":true,"href":"http:\/\/autosdelpodio.com\/autos\/wp-json\/wp\/v2\/tags?post=887"}],"curies":[{"name":"wp","href":"https:\/\/api.w.org\/{rel}","templated":true}]}}