{"id":8970,"date":"2026-03-03T15:37:38","date_gmt":"2026-03-03T18:37:38","guid":{"rendered":"https:\/\/autosdelpodio.com\/autos\/?p=8970"},"modified":"2026-03-04T17:17:50","modified_gmt":"2026-03-04T20:17:50","slug":"el-wec-posterga-su-inicio-en-qatar-y-traslada-el-comienzo-de-la-temporada-a-imola","status":"publish","type":"post","link":"http:\/\/autosdelpodio.com\/autos\/el-wec-posterga-su-inicio-en-qatar-y-traslada-el-comienzo-de-la-temporada-a-imola\/","title":{"rendered":"El WEC posterga su inicio en Qatar y traslada el comienzo de la temporada a Imola"},"content":{"rendered":"\n<p>La organizaci\u00f3n del&nbsp;<strong>Campeonato Mundial de Resistencia de la FIA (WEC)<\/strong>&nbsp;ha confirmado oficialmente la postergaci\u00f3n de los&nbsp;<strong>1812 km de Qatar<\/strong>, competencia que originalmente deb\u00eda inaugurar la temporada 2026 del 26 al 28 de marzo.<\/p>\n\n\n\n<p>La decisi\u00f3n, tomada en conjunto con la&nbsp;<a target=\"_blank\" rel=\"noreferrer noopener\" href=\"https:\/\/www.facebook.com\/fia\/posts\/in-light-of-the-current-and-evolving-geopolitical-situation-in-the-middle-east-t\/1385696123585504\/\">Federaci\u00f3n Internacional del Autom\u00f3vil (FIA)<\/a>&nbsp;y el Automobile Club de l\u2019Ouest (ACO), responde al agravamiento de la situaci\u00f3n geopol\u00edtica en Oriente Medio tras las recientes escaladas militares en la regi\u00f3n del Golfo.<\/p>\n\n\n\n<p><strong>Puntos clave del anuncio oficial:<\/strong><\/p>\n\n\n\n<ul class=\"wp-block-list\">\n<li><strong>Nueva fecha para Qatar:<\/strong>&nbsp;La carrera en el Circuito Internacional de Lusail no ha sido cancelada, sino&nbsp;<strong>reprogramada para la segunda mitad de la temporada 2026<\/strong>. La fecha exacta se comunicar\u00e1 en los pr\u00f3ximos d\u00edas.<\/li>\n\n\n\n<li><strong>Nuevo inicio de temporada:<\/strong>&nbsp;El campeonato 2026 comenzar\u00e1 ahora con las&nbsp;<strong>6 Horas de Imola<\/strong>&nbsp;en Italia, programadas del&nbsp;<strong>17 al 19 de abril<\/strong>.<\/li>\n\n\n\n<li><strong>Cancelaci\u00f3n del Pr\u00f3logo:<\/strong>&nbsp;Las pruebas oficiales de pretemporada (Prologue), previstas para el 22 y 23 de marzo en Qatar, tambi\u00e9n han sido suspendidas debido a los riesgos de seguridad y las interrupciones en el transporte de carga y vuelos en la regi\u00f3n.<\/li>\n\n\n\n<li><strong>Prioridad en la seguridad:<\/strong>&nbsp;El comunicado oficial del WEC subraya que la seguridad de los competidores, el personal y los aficionados es la prioridad absoluta ante los ataques con misiles y drones que han afectado infraestructuras civiles en los estados del Golfo.<\/li>\n<\/ul>\n\n\n\n<p>El presidente de la FIA,&nbsp;<strong>Mohammed Ben Sulayem<\/strong>, expres\u00f3 que el organismo contin\u00faa monitoreando la situaci\u00f3n de cerca, ya que el conflicto tambi\u00e9n genera incertidumbre sobre otros eventos programados en la zona, como los Grandes Premios de F\u00f3rmula 1 en Bahrein y Arabia Saudita.<\/p>\n\n\n\n<p><em>\u00abRedacci\u00f3n parcialmente asistida por inteligencia artificial basada en fuentes oficiales del WEC y la FIA.\u00bb<\/em><\/p>\n\n\n\n<p><\/p>\n\n\n\n<p><em>\u00abEscribimos y generamos contenido con la misma pasi\u00f3n con la que vos le\u00e9s. Al ser un\u00a0<strong>medio autogestionado<\/strong>, cada palabra es un esfuerzo propio que compartimos con nuestra gente. Si valor\u00e1s esta independencia, sumate con un aporte al Alias\u00a0<strong>AUTOS.DELPODIO<\/strong> Tu solidaridad es el combustible que mantiene este refugio encendido para todos los que amamos los motores.\u00bb<br><\/em><\/p>\n","protected":false},"excerpt":{"rendered":"<p>La organizaci\u00f3n del&nbsp;Campeonato Mundial de Resistencia de la FIA (WEC)&nbsp;ha confirmado oficialmente la postergaci\u00f3n de los&nbsp;1812 km de Qatar, competencia<\/p>\n","protected":false},"author":3,"featured_media":2505,"comment_status":"open","ping_status":"open","sticky":false,"template":"","format":"standard","meta":{"colormag_page_container_layout":"default_layout","colormag_page_sidebar_layout":"default_layout","footnotes":""},"categories":[16,5],"tags":[866,327,86,865,324],"class_list":["post-8970","post","type-post","status-publish","format-standard","has-post-thumbnail","hentry","category-recta-principal","category-latest-news","tag-imola","tag-pechito-lopez","tag-pilotos-y-categorias","tag-qatar","tag-wec"],"yoast_head":"<!-- This site is optimized with the Yoast SEO plugin v27.5 - https:\/\/yoast.com\/product\/yoast-seo-wordpress\/ -->\n<title>Autos del Podio | El WEC posterga su inicio en Qatar y traslada el comienzo de la temporada a Imola<\/title>\n<meta name=\"description\" content=\"Autos del Podio El campeonato 2026 comenzar\u00e1 ahora con las 6 Horas de Imola en Italia, programadas del 17 al 19 de abril.\" \/>\n<meta name=\"robots\" content=\"index, follow, max-snippet:-1, max-image-preview:large, max-video-preview:-1\" \/>\n<link rel=\"canonical\" href=\"http:\/\/autosdelpodio.com\/autos\/el-wec-posterga-su-inicio-en-qatar-y-traslada-el-comienzo-de-la-temporada-a-imola\/\" \/>\n<meta property=\"og:locale\" content=\"es_ES\" \/>\n<meta property=\"og:type\" content=\"article\" \/>\n<meta property=\"og:title\" content=\"WEC\" \/>\n<meta property=\"og:description\" content=\"El campeonato 2026 comenzar\u00e1 ahora con las 6 Horas de Imola en Italia, programadas del 17 al 19 de abril.\" \/>\n<meta property=\"og:url\" content=\"http:\/\/autosdelpodio.com\/autos\/el-wec-posterga-su-inicio-en-qatar-y-traslada-el-comienzo-de-la-temporada-a-imola\/\" \/>\n<meta property=\"og:site_name\" content=\"Autos del Podio\" \/>\n<meta property=\"article:publisher\" content=\"https:\/\/www.facebook.com\/profile.php?id=100057192590976&amp;amp%3bamp%3bamp%3bamp%3bamp%3bamp%3bamp%3bamp%3bamp%3bamp%3bamp%3bamp%3bamp%3bamp%3bamp%3bamp%3bamp%3bamp%3bref=ts\" \/>\n<meta property=\"article:published_time\" content=\"2026-03-03T18:37:38+00:00\" \/>\n<meta property=\"article:modified_time\" content=\"2026-03-04T20:17:50+00:00\" \/>\n<meta property=\"og:image\" content=\"http:\/\/autosdelpodio.com\/autos\/wp-content\/uploads\/2020\/08\/Logo_WEC-e1655077793429.jpg\" \/>\n\t<meta property=\"og:image:width\" content=\"500\" \/>\n\t<meta property=\"og:image:height\" content=\"281\" \/>\n\t<meta property=\"og:image:type\" content=\"image\/jpeg\" \/>\n<meta name=\"author\" content=\"autosdelpodio\" \/>\n<meta name=\"twitter:card\" content=\"summary_large_image\" \/>\n<meta name=\"twitter:creator\" content=\"@autosdelpodio\" \/>\n<meta name=\"twitter:site\" content=\"@autosdelpodio\" \/>\n<meta name=\"twitter:label1\" content=\"Escrito por\" \/>\n\t<meta name=\"twitter:data1\" content=\"autosdelpodio\" \/>\n\t<meta name=\"twitter:label2\" content=\"Tiempo de lectura\" \/>\n\t<meta name=\"twitter:data2\" content=\"2 minutos\" \/>\n<script type=\"application\/ld+json\" class=\"yoast-schema-graph\">{\"@context\":\"https:\\\/\\\/schema.org\",\"@graph\":[{\"@type\":\"Article\",\"@id\":\"http:\\\/\\\/autosdelpodio.com\\\/autos\\\/el-wec-posterga-su-inicio-en-qatar-y-traslada-el-comienzo-de-la-temporada-a-imola\\\/#article\",\"isPartOf\":{\"@id\":\"http:\\\/\\\/autosdelpodio.com\\\/autos\\\/el-wec-posterga-su-inicio-en-qatar-y-traslada-el-comienzo-de-la-temporada-a-imola\\\/\"},\"author\":{\"name\":\"autosdelpodio\",\"@id\":\"http:\\\/\\\/autosdelpodio.com\\\/autos\\\/#\\\/schema\\\/person\\\/993527a4d01c3acdd3d6bce3770bc942\"},\"headline\":\"El WEC posterga su inicio en Qatar y traslada el comienzo de la temporada a Imola\",\"datePublished\":\"2026-03-03T18:37:38+00:00\",\"dateModified\":\"2026-03-04T20:17:50+00:00\",\"mainEntityOfPage\":{\"@id\":\"http:\\\/\\\/autosdelpodio.com\\\/autos\\\/el-wec-posterga-su-inicio-en-qatar-y-traslada-el-comienzo-de-la-temporada-a-imola\\\/\"},\"wordCount\":382,\"commentCount\":1,\"publisher\":{\"@id\":\"http:\\\/\\\/autosdelpodio.com\\\/autos\\\/#organization\"},\"image\":{\"@id\":\"http:\\\/\\\/autosdelpodio.com\\\/autos\\\/el-wec-posterga-su-inicio-en-qatar-y-traslada-el-comienzo-de-la-temporada-a-imola\\\/#primaryimage\"},\"thumbnailUrl\":\"http:\\\/\\\/autosdelpodio.com\\\/autos\\\/wp-content\\\/uploads\\\/2020\\\/08\\\/Logo_WEC-e1655077793429.jpg\",\"keywords\":[\"Imola\",\"Pechito Lopez\",\"Pilotos y Categorias\",\"Qatar\",\"WEC\"],\"articleSection\":[\"Recta Principal\",\"\u00daltimas noticias\"],\"inLanguage\":\"es\",\"potentialAction\":[{\"@type\":\"CommentAction\",\"name\":\"Comment\",\"target\":[\"http:\\\/\\\/autosdelpodio.com\\\/autos\\\/el-wec-posterga-su-inicio-en-qatar-y-traslada-el-comienzo-de-la-temporada-a-imola\\\/#respond\"]}]},{\"@type\":\"WebPage\",\"@id\":\"http:\\\/\\\/autosdelpodio.com\\\/autos\\\/el-wec-posterga-su-inicio-en-qatar-y-traslada-el-comienzo-de-la-temporada-a-imola\\\/\",\"url\":\"http:\\\/\\\/autosdelpodio.com\\\/autos\\\/el-wec-posterga-su-inicio-en-qatar-y-traslada-el-comienzo-de-la-temporada-a-imola\\\/\",\"name\":\"Autos del Podio | El WEC posterga su inicio en Qatar y traslada el comienzo de la temporada a Imola\",\"isPartOf\":{\"@id\":\"http:\\\/\\\/autosdelpodio.com\\\/autos\\\/#website\"},\"primaryImageOfPage\":{\"@id\":\"http:\\\/\\\/autosdelpodio.com\\\/autos\\\/el-wec-posterga-su-inicio-en-qatar-y-traslada-el-comienzo-de-la-temporada-a-imola\\\/#primaryimage\"},\"image\":{\"@id\":\"http:\\\/\\\/autosdelpodio.com\\\/autos\\\/el-wec-posterga-su-inicio-en-qatar-y-traslada-el-comienzo-de-la-temporada-a-imola\\\/#primaryimage\"},\"thumbnailUrl\":\"http:\\\/\\\/autosdelpodio.com\\\/autos\\\/wp-content\\\/uploads\\\/2020\\\/08\\\/Logo_WEC-e1655077793429.jpg\",\"datePublished\":\"2026-03-03T18:37:38+00:00\",\"dateModified\":\"2026-03-04T20:17:50+00:00\",\"description\":\"Autos del Podio El campeonato 2026 comenzar\u00e1 ahora con las 6 Horas de Imola en Italia, programadas del 17 al 19 de abril.\",\"breadcrumb\":{\"@id\":\"http:\\\/\\\/autosdelpodio.com\\\/autos\\\/el-wec-posterga-su-inicio-en-qatar-y-traslada-el-comienzo-de-la-temporada-a-imola\\\/#breadcrumb\"},\"inLanguage\":\"es\",\"potentialAction\":[{\"@type\":\"ReadAction\",\"target\":[\"http:\\\/\\\/autosdelpodio.com\\\/autos\\\/el-wec-posterga-su-inicio-en-qatar-y-traslada-el-comienzo-de-la-temporada-a-imola\\\/\"]}]},{\"@type\":\"ImageObject\",\"inLanguage\":\"es\",\"@id\":\"http:\\\/\\\/autosdelpodio.com\\\/autos\\\/el-wec-posterga-su-inicio-en-qatar-y-traslada-el-comienzo-de-la-temporada-a-imola\\\/#primaryimage\",\"url\":\"http:\\\/\\\/autosdelpodio.com\\\/autos\\\/wp-content\\\/uploads\\\/2020\\\/08\\\/Logo_WEC-e1655077793429.jpg\",\"contentUrl\":\"http:\\\/\\\/autosdelpodio.com\\\/autos\\\/wp-content\\\/uploads\\\/2020\\\/08\\\/Logo_WEC-e1655077793429.jpg\",\"width\":500,\"height\":281,\"caption\":\"WEC\"},{\"@type\":\"BreadcrumbList\",\"@id\":\"http:\\\/\\\/autosdelpodio.com\\\/autos\\\/el-wec-posterga-su-inicio-en-qatar-y-traslada-el-comienzo-de-la-temporada-a-imola\\\/#breadcrumb\",\"itemListElement\":[{\"@type\":\"ListItem\",\"position\":1,\"name\":\"Portada\",\"item\":\"http:\\\/\\\/autosdelpodio.com\\\/autos\\\/\"},{\"@type\":\"ListItem\",\"position\":2,\"name\":\"El WEC posterga su inicio en Qatar y traslada el comienzo de la temporada a Imola\"}]},{\"@type\":\"WebSite\",\"@id\":\"http:\\\/\\\/autosdelpodio.com\\\/autos\\\/#website\",\"url\":\"http:\\\/\\\/autosdelpodio.com\\\/autos\\\/\",\"name\":\"Autos del Podio\",\"description\":\"La sexta del deporte motor\",\"publisher\":{\"@id\":\"http:\\\/\\\/autosdelpodio.com\\\/autos\\\/#organization\"},\"potentialAction\":[{\"@type\":\"SearchAction\",\"target\":{\"@type\":\"EntryPoint\",\"urlTemplate\":\"http:\\\/\\\/autosdelpodio.com\\\/autos\\\/?s={search_term_string}\"},\"query-input\":{\"@type\":\"PropertyValueSpecification\",\"valueRequired\":true,\"valueName\":\"search_term_string\"}}],\"inLanguage\":\"es\"},{\"@type\":\"Organization\",\"@id\":\"http:\\\/\\\/autosdelpodio.com\\\/autos\\\/#organization\",\"name\":\"Autos del Podio\",\"url\":\"http:\\\/\\\/autosdelpodio.com\\\/autos\\\/\",\"logo\":{\"@type\":\"ImageObject\",\"inLanguage\":\"es\",\"@id\":\"http:\\\/\\\/autosdelpodio.com\\\/autos\\\/#\\\/schema\\\/logo\\\/image\\\/\",\"url\":\"http:\\\/\\\/autosdelpodio.com\\\/autos\\\/wp-content\\\/uploads\\\/2020\\\/08\\\/Logo_AR.jpg\",\"contentUrl\":\"http:\\\/\\\/autosdelpodio.com\\\/autos\\\/wp-content\\\/uploads\\\/2020\\\/08\\\/Logo_AR.jpg\",\"width\":1038,\"height\":1044,\"caption\":\"Autos del Podio\"},\"image\":{\"@id\":\"http:\\\/\\\/autosdelpodio.com\\\/autos\\\/#\\\/schema\\\/logo\\\/image\\\/\"},\"sameAs\":[\"https:\\\/\\\/www.facebook.com\\\/profile.php?id=100057192590976&amp;amp;amp;amp;amp;amp;amp;amp;amp;amp;amp;amp;amp;amp;amp;amp;amp;amp;ref=ts\",\"https:\\\/\\\/x.com\\\/autosdelpodio\",\"https:\\\/\\\/www.youtube.com\\\/user\\\/AutosdelPodio\"]},{\"@type\":\"Person\",\"@id\":\"http:\\\/\\\/autosdelpodio.com\\\/autos\\\/#\\\/schema\\\/person\\\/993527a4d01c3acdd3d6bce3770bc942\",\"name\":\"autosdelpodio\",\"image\":{\"@type\":\"ImageObject\",\"inLanguage\":\"es\",\"@id\":\"http:\\\/\\\/autosdelpodio.com\\\/autos\\\/wp-content\\\/litespeed\\\/avatar\\\/aa8f65cd201a80f6b844f63278aa84af.jpg?ver=1777403005\",\"url\":\"http:\\\/\\\/autosdelpodio.com\\\/autos\\\/wp-content\\\/litespeed\\\/avatar\\\/aa8f65cd201a80f6b844f63278aa84af.jpg?ver=1777403005\",\"contentUrl\":\"http:\\\/\\\/autosdelpodio.com\\\/autos\\\/wp-content\\\/litespeed\\\/avatar\\\/aa8f65cd201a80f6b844f63278aa84af.jpg?ver=1777403005\",\"caption\":\"autosdelpodio\"}}]}<\/script>\n<!-- \/ Yoast SEO plugin. -->","yoast_head_json":{"title":"Autos del Podio | El WEC posterga su inicio en Qatar y traslada el comienzo de la temporada a Imola","description":"Autos del Podio El campeonato 2026 comenzar\u00e1 ahora con las 6 Horas de Imola en Italia, programadas del 17 al 19 de abril.","robots":{"index":"index","follow":"follow","max-snippet":"max-snippet:-1","max-image-preview":"max-image-preview:large","max-video-preview":"max-video-preview:-1"},"canonical":"http:\/\/autosdelpodio.com\/autos\/el-wec-posterga-su-inicio-en-qatar-y-traslada-el-comienzo-de-la-temporada-a-imola\/","og_locale":"es_ES","og_type":"article","og_title":"WEC","og_description":"El campeonato 2026 comenzar\u00e1 ahora con las 6 Horas de Imola en Italia, programadas del 17 al 19 de abril.","og_url":"http:\/\/autosdelpodio.com\/autos\/el-wec-posterga-su-inicio-en-qatar-y-traslada-el-comienzo-de-la-temporada-a-imola\/","og_site_name":"Autos del Podio","article_publisher":"https:\/\/www.facebook.com\/profile.php?id=100057192590976&amp%3bamp%3bamp%3bamp%3bamp%3bamp%3bamp%3bamp%3bamp%3bamp%3bamp%3bamp%3bamp%3bamp%3bamp%3bamp%3bamp%3bamp%3bref=ts","article_published_time":"2026-03-03T18:37:38+00:00","article_modified_time":"2026-03-04T20:17:50+00:00","og_image":[{"width":500,"height":281,"url":"http:\/\/autosdelpodio.com\/autos\/wp-content\/uploads\/2020\/08\/Logo_WEC-e1655077793429.jpg","type":"image\/jpeg"}],"author":"autosdelpodio","twitter_card":"summary_large_image","twitter_creator":"@autosdelpodio","twitter_site":"@autosdelpodio","twitter_misc":{"Escrito por":"autosdelpodio","Tiempo de lectura":"2 minutos"},"schema":{"@context":"https:\/\/schema.org","@graph":[{"@type":"Article","@id":"http:\/\/autosdelpodio.com\/autos\/el-wec-posterga-su-inicio-en-qatar-y-traslada-el-comienzo-de-la-temporada-a-imola\/#article","isPartOf":{"@id":"http:\/\/autosdelpodio.com\/autos\/el-wec-posterga-su-inicio-en-qatar-y-traslada-el-comienzo-de-la-temporada-a-imola\/"},"author":{"name":"autosdelpodio","@id":"http:\/\/autosdelpodio.com\/autos\/#\/schema\/person\/993527a4d01c3acdd3d6bce3770bc942"},"headline":"El WEC posterga su inicio en Qatar y traslada el comienzo de la temporada a Imola","datePublished":"2026-03-03T18:37:38+00:00","dateModified":"2026-03-04T20:17:50+00:00","mainEntityOfPage":{"@id":"http:\/\/autosdelpodio.com\/autos\/el-wec-posterga-su-inicio-en-qatar-y-traslada-el-comienzo-de-la-temporada-a-imola\/"},"wordCount":382,"commentCount":1,"publisher":{"@id":"http:\/\/autosdelpodio.com\/autos\/#organization"},"image":{"@id":"http:\/\/autosdelpodio.com\/autos\/el-wec-posterga-su-inicio-en-qatar-y-traslada-el-comienzo-de-la-temporada-a-imola\/#primaryimage"},"thumbnailUrl":"http:\/\/autosdelpodio.com\/autos\/wp-content\/uploads\/2020\/08\/Logo_WEC-e1655077793429.jpg","keywords":["Imola","Pechito Lopez","Pilotos y Categorias","Qatar","WEC"],"articleSection":["Recta Principal","\u00daltimas noticias"],"inLanguage":"es","potentialAction":[{"@type":"CommentAction","name":"Comment","target":["http:\/\/autosdelpodio.com\/autos\/el-wec-posterga-su-inicio-en-qatar-y-traslada-el-comienzo-de-la-temporada-a-imola\/#respond"]}]},{"@type":"WebPage","@id":"http:\/\/autosdelpodio.com\/autos\/el-wec-posterga-su-inicio-en-qatar-y-traslada-el-comienzo-de-la-temporada-a-imola\/","url":"http:\/\/autosdelpodio.com\/autos\/el-wec-posterga-su-inicio-en-qatar-y-traslada-el-comienzo-de-la-temporada-a-imola\/","name":"Autos del Podio | El WEC posterga su inicio en Qatar y traslada el comienzo de la temporada a Imola","isPartOf":{"@id":"http:\/\/autosdelpodio.com\/autos\/#website"},"primaryImageOfPage":{"@id":"http:\/\/autosdelpodio.com\/autos\/el-wec-posterga-su-inicio-en-qatar-y-traslada-el-comienzo-de-la-temporada-a-imola\/#primaryimage"},"image":{"@id":"http:\/\/autosdelpodio.com\/autos\/el-wec-posterga-su-inicio-en-qatar-y-traslada-el-comienzo-de-la-temporada-a-imola\/#primaryimage"},"thumbnailUrl":"http:\/\/autosdelpodio.com\/autos\/wp-content\/uploads\/2020\/08\/Logo_WEC-e1655077793429.jpg","datePublished":"2026-03-03T18:37:38+00:00","dateModified":"2026-03-04T20:17:50+00:00","description":"Autos del Podio El campeonato 2026 comenzar\u00e1 ahora con las 6 Horas de Imola en Italia, programadas del 17 al 19 de abril.","breadcrumb":{"@id":"http:\/\/autosdelpodio.com\/autos\/el-wec-posterga-su-inicio-en-qatar-y-traslada-el-comienzo-de-la-temporada-a-imola\/#breadcrumb"},"inLanguage":"es","potentialAction":[{"@type":"ReadAction","target":["http:\/\/autosdelpodio.com\/autos\/el-wec-posterga-su-inicio-en-qatar-y-traslada-el-comienzo-de-la-temporada-a-imola\/"]}]},{"@type":"ImageObject","inLanguage":"es","@id":"http:\/\/autosdelpodio.com\/autos\/el-wec-posterga-su-inicio-en-qatar-y-traslada-el-comienzo-de-la-temporada-a-imola\/#primaryimage","url":"http:\/\/autosdelpodio.com\/autos\/wp-content\/uploads\/2020\/08\/Logo_WEC-e1655077793429.jpg","contentUrl":"http:\/\/autosdelpodio.com\/autos\/wp-content\/uploads\/2020\/08\/Logo_WEC-e1655077793429.jpg","width":500,"height":281,"caption":"WEC"},{"@type":"BreadcrumbList","@id":"http:\/\/autosdelpodio.com\/autos\/el-wec-posterga-su-inicio-en-qatar-y-traslada-el-comienzo-de-la-temporada-a-imola\/#breadcrumb","itemListElement":[{"@type":"ListItem","position":1,"name":"Portada","item":"http:\/\/autosdelpodio.com\/autos\/"},{"@type":"ListItem","position":2,"name":"El WEC posterga su inicio en Qatar y traslada el comienzo de la temporada a Imola"}]},{"@type":"WebSite","@id":"http:\/\/autosdelpodio.com\/autos\/#website","url":"http:\/\/autosdelpodio.com\/autos\/","name":"Autos del Podio","description":"La sexta del deporte motor","publisher":{"@id":"http:\/\/autosdelpodio.com\/autos\/#organization"},"potentialAction":[{"@type":"SearchAction","target":{"@type":"EntryPoint","urlTemplate":"http:\/\/autosdelpodio.com\/autos\/?s={search_term_string}"},"query-input":{"@type":"PropertyValueSpecification","valueRequired":true,"valueName":"search_term_string"}}],"inLanguage":"es"},{"@type":"Organization","@id":"http:\/\/autosdelpodio.com\/autos\/#organization","name":"Autos del Podio","url":"http:\/\/autosdelpodio.com\/autos\/","logo":{"@type":"ImageObject","inLanguage":"es","@id":"http:\/\/autosdelpodio.com\/autos\/#\/schema\/logo\/image\/","url":"http:\/\/autosdelpodio.com\/autos\/wp-content\/uploads\/2020\/08\/Logo_AR.jpg","contentUrl":"http:\/\/autosdelpodio.com\/autos\/wp-content\/uploads\/2020\/08\/Logo_AR.jpg","width":1038,"height":1044,"caption":"Autos del Podio"},"image":{"@id":"http:\/\/autosdelpodio.com\/autos\/#\/schema\/logo\/image\/"},"sameAs":["https:\/\/www.facebook.com\/profile.php?id=100057192590976&amp;amp;amp;amp;amp;amp;amp;amp;amp;amp;amp;amp;amp;amp;amp;amp;amp;amp;ref=ts","https:\/\/x.com\/autosdelpodio","https:\/\/www.youtube.com\/user\/AutosdelPodio"]},{"@type":"Person","@id":"http:\/\/autosdelpodio.com\/autos\/#\/schema\/person\/993527a4d01c3acdd3d6bce3770bc942","name":"autosdelpodio","image":{"@type":"ImageObject","inLanguage":"es","@id":"http:\/\/autosdelpodio.com\/autos\/wp-content\/litespeed\/avatar\/aa8f65cd201a80f6b844f63278aa84af.jpg?ver=1777403005","url":"http:\/\/autosdelpodio.com\/autos\/wp-content\/litespeed\/avatar\/aa8f65cd201a80f6b844f63278aa84af.jpg?ver=1777403005","contentUrl":"http:\/\/autosdelpodio.com\/autos\/wp-content\/litespeed\/avatar\/aa8f65cd201a80f6b844f63278aa84af.jpg?ver=1777403005","caption":"autosdelpodio"}}]}},"views":199,"_links":{"self":[{"href":"http:\/\/autosdelpodio.com\/autos\/wp-json\/wp\/v2\/posts\/8970","targetHints":{"allow":["GET"]}}],"collection":[{"href":"http:\/\/autosdelpodio.com\/autos\/wp-json\/wp\/v2\/posts"}],"about":[{"href":"http:\/\/autosdelpodio.com\/autos\/wp-json\/wp\/v2\/types\/post"}],"author":[{"embeddable":true,"href":"http:\/\/autosdelpodio.com\/autos\/wp-json\/wp\/v2\/users\/3"}],"replies":[{"embeddable":true,"href":"http:\/\/autosdelpodio.com\/autos\/wp-json\/wp\/v2\/comments?post=8970"}],"version-history":[{"count":2,"href":"http:\/\/autosdelpodio.com\/autos\/wp-json\/wp\/v2\/posts\/8970\/revisions"}],"predecessor-version":[{"id":8980,"href":"http:\/\/autosdelpodio.com\/autos\/wp-json\/wp\/v2\/posts\/8970\/revisions\/8980"}],"wp:featuredmedia":[{"embeddable":true,"href":"http:\/\/autosdelpodio.com\/autos\/wp-json\/wp\/v2\/media\/2505"}],"wp:attachment":[{"href":"http:\/\/autosdelpodio.com\/autos\/wp-json\/wp\/v2\/media?parent=8970"}],"wp:term":[{"taxonomy":"category","embeddable":true,"href":"http:\/\/autosdelpodio.com\/autos\/wp-json\/wp\/v2\/categories?post=8970"},{"taxonomy":"post_tag","embeddable":true,"href":"http:\/\/autosdelpodio.com\/autos\/wp-json\/wp\/v2\/tags?post=8970"}],"curies":[{"name":"wp","href":"https:\/\/api.w.org\/{rel}","templated":true}]}}