{"id":905,"date":"2013-12-28T00:45:07","date_gmt":"2013-12-28T00:45:07","guid":{"rendered":"http:\/\/autosdelpodio.com\/autos\/2013\/12\/28\/de-lo-mas-flojo-que-se-ha-visto-por-lejos\/"},"modified":"2013-12-28T00:45:07","modified_gmt":"2013-12-28T00:45:07","slug":"de-lo-mas-flojo-que-se-ha-visto-por-lejos","status":"publish","type":"post","link":"http:\/\/autosdelpodio.com\/autos\/de-lo-mas-flojo-que-se-ha-visto-por-lejos\/","title":{"rendered":"De lo mas flojo que se ha visto, por lejos"},"content":{"rendered":"<p style=\"text-align: justify;\"><span style=\"line-height: 1.3em;\">El balance anual arrojado por el automovilismo argentino arroja un resultado desfavorable.Falencias que se acentuaron, desprolijidades a la orden del d\u00eda y se\u00f1ales de alerta a las que no se puede dejar pasar por alto.<\/span><\/p>\n<p style=\"text-align: justify;\">En tiempos modernos es dif\u00edcil construir cuando las bases no est\u00e1n firmes, sumado a ello el disconformismo permanente de cada uno de los sectores actuantes.<\/p>\n<p style=\"text-align: justify;\">Tambi\u00e9n resulta dif\u00edcil explicar lo que no se entiende.En esto el periodismo no est\u00e1 exento de su cuota parte de responsabilidad.<\/p>\n<p style=\"text-align: justify;\">Desde el sector que justifica todo, absolutamente todo, y el que critica con ferocidad, aunque \u00a0no de la misma manera entre Domingo y Domingo, seg\u00fan la categor\u00eda que se presente.<\/p>\n<p style=\"text-align: justify;\">Se debe informar de manera sencilla, sin tanto show o m\u00fasica de fondo, gritos y revoleo de manos.<\/p>\n<p style=\"text-align: justify;\">El TC tuvo varios vaivenes a lo largo de la temporada.Ejemplo de ello han sido los retoques reglamentarios y la quita de cargas aerodin\u00e1micas que solo duraron una carrera, la de Termas de R\u00edo Hondo.<\/p>\n<p style=\"text-align: justify;\">No falt\u00f3 quien se enoje cuando se habl\u00f3 de utiliz\u00f3 el termino de \u201cmamarracho\u201d a estos golpes de timones.Pero el manoseo existi\u00f3, y la vuelta atr\u00e1s marc\u00f3 al menos que si bien la idea no era mala, no era el momento, o hab\u00eda que haberlo implementado con mayor tiempo de estudio.<\/p>\n<p style=\"text-align: justify;\">En cuanto al \u00abque la chupen\u00bb, del campe\u00f3n de la categor\u00eda Diego Aventin, vicepresidente primero en licencia, marc\u00f3 claramente su alineamiento con su padre Oscar.Luego pidi\u00f3 disculpas.<\/p>\n<p style=\"text-align: justify;\">Al Super TC2000 fue mejor. Preso de un capricho dirigencial, el ACA tard\u00f3 9 meses para resolver la superposici\u00f3n de fechas del STC2000 y el TN que est\u00e1n bajo su fiscalizaci\u00f3n.<\/p>\n<p style=\"text-align: justify;\">En el 2014 perder\u00e1 su Callejero de Buenos Aires en tanto que el de Santa Fe este a\u00f1o no tuvo ni por asomo el \u00e9xito esperado.<\/p>\n<p style=\"text-align: justify;\">A Pablo Pe\u00f3n se lo vi\u00f3 por momentos perdido (y en muchas fechas ausente) a lo largo de las 12 fechas.<\/p>\n<p style=\"text-align: justify;\">Llevar el automovilismo al Estadio Unico de La Plata dej\u00f3 sabor a poco (como poco tuvo de automovilismo) ni hablemos de velocidad. Otorgando puntaje de carrera, que de no ser por el triunfo de Leonel Pernia, Mat\u00edas Rossi se consagraba campe\u00f3n de manera aun mas anticipada.<\/p>\n<p style=\"text-align: justify;\">En una conferencia de prensa Pe\u00f3n se\u00f1al\u00f3 algo as\u00ed como \u201cMe cuesta entender que necesita el publico\u201d.Y es reciproco, porque hace a\u00f1os al publico le cuesta entender cual es el rumbo del ahora denominado Super, que atenta contra la historia y las estad\u00edsticas del gran TC2000.<\/p>\n<p style=\"text-align: justify;\">El Turismo Nacional aun arroja balance positivo, tratando de mantener al menos coherencia. Autos con poca carga aerodin\u00e1mica, motores originales y variedad de marcas. Pilotos de renombre que se suman a estructuras oficiales y semi oficiales.Su crecimiento como categor\u00eda (comparti\u00f3 fecha en Termas con el WTCC) tiene que ir de la mano con los escenarios donde se presenta. Muchos de los lugares elegidos demostraron no estar a la altura de las circunstancias y al momento profesional de este TN.<\/p>\n<p style=\"text-align: justify;\">P\u00e1rrafo aparte para el Top Race V6, que intento tras intento, supo salir a flote de sus crisis econ\u00f3mica y financiera.No se le puede objetar capacidad de lucha y esfuerzo.Transitaron por distintas variantes, algunas poco eficientes como el cambio de neum\u00e1ticos o la in\u00e9dita \u201cneutralizaci\u00f3n programada\u201d de la carrera promediando la misma.<\/p>\n<p style=\"text-align: justify;\">Las carreras fueron entretenidas, aunque le falt\u00f3 parque automotor.<\/p>\n<p style=\"text-align: justify;\">Y una definici\u00f3n de campeonato con lucha en pista pero una definici\u00f3n en los escritorios que manchan a todas las partes.Otra vez una imagen del podio diluida con el correr de las horas.<\/p>\n<p style=\"text-align: justify;\">Y as\u00ed se fue Pechito Lopez. Pensando que era lo que no fue.No en vano el protagonista asegur\u00f3 que ese campeonato se lo robaron.Las c\u00e1maras on board no se mostraron para despejar duda alguna.<\/p>\n<p style=\"text-align: justify;\">Lopez no \u201chuy\u00f3 despavorido \u201c de nuestro automovilismo. Se fue a correr a un equipo oficial con tal vez 2 de los mejores pilotos del planeta en una posibilidad a la altura de su carrera tan \u00fanica como irrepetible.<\/p>\n<p style=\"text-align: justify;\">Los que \u201chuyen despavoridos\u201d por en\u00e9simo a\u00f1o consecutivo son los fierreros, aquel publico que se acercaba de manera masiva a los autodromos domingo tras domingo.<\/p>\n<p style=\"text-align: justify;\">El automovilismo perdi\u00f3 difusi\u00f3n, y esto no es novedad. Desde que el negocio, la pol\u00edtica, el periodismo obsecuente y los actores secundarios tratados como Superstars ocuparon el centro de la escena, perdi\u00f3 el deporte.<\/p>\n<p style=\"text-align: justify;\">Alguna vez y no hace mucho tiempo, argument\u00e1bamos aquello de que un d\u00eda el publico iba a tener que concurrir con un folleto explicativo a las carreras para tratar de comprenderlas.<\/p>\n<p style=\"text-align: justify;\">Cada vez falta menos.<\/p>\n","protected":false},"excerpt":{"rendered":"<p>El balance anual arrojado por el automovilismo argentino arroja un resultado desfavorable.Falencias que se acentuaron, desprolijidades a la orden del<\/p>\n","protected":false},"author":1,"featured_media":0,"comment_status":"open","ping_status":"open","sticky":false,"template":"","format":"standard","meta":{"colormag_page_container_layout":"default_layout","colormag_page_sidebar_layout":"default_layout","footnotes":""},"categories":[15],"tags":[],"class_list":["post-905","post","type-post","status-publish","format-standard","hentry","category-opinion"],"yoast_head":"<!-- This site is optimized with the Yoast SEO plugin v27.5 - https:\/\/yoast.com\/product\/yoast-seo-wordpress\/ -->\n<title>Autos del Podio | De lo mas flojo que se ha visto, por lejos<\/title>\n<meta name=\"description\" content=\"Autos del Podio\" \/>\n<meta name=\"robots\" content=\"index, follow, max-snippet:-1, max-image-preview:large, max-video-preview:-1\" \/>\n<link rel=\"canonical\" href=\"http:\/\/autosdelpodio.com\/autos\/de-lo-mas-flojo-que-se-ha-visto-por-lejos\/\" \/>\n<meta property=\"og:locale\" content=\"es_ES\" \/>\n<meta property=\"og:type\" content=\"article\" \/>\n<meta property=\"og:title\" content=\"Autos del Podio | De lo mas flojo que se ha visto, por lejos\" \/>\n<meta property=\"og:description\" content=\"Autos del Podio\" \/>\n<meta property=\"og:url\" content=\"http:\/\/autosdelpodio.com\/autos\/de-lo-mas-flojo-que-se-ha-visto-por-lejos\/\" \/>\n<meta property=\"og:site_name\" content=\"Autos del Podio\" \/>\n<meta property=\"article:publisher\" content=\"https:\/\/www.facebook.com\/profile.php?id=100057192590976&amp;amp%3bamp%3bamp%3bamp%3bamp%3bamp%3bamp%3bamp%3bamp%3bamp%3bamp%3bamp%3bamp%3bamp%3bamp%3bamp%3bamp%3bamp%3bref=ts\" \/>\n<meta property=\"article:published_time\" content=\"2013-12-28T00:45:07+00:00\" \/>\n<meta name=\"author\" content=\"wi022230\" \/>\n<meta name=\"twitter:card\" content=\"summary_large_image\" \/>\n<meta name=\"twitter:creator\" content=\"@autosdelpodio\" \/>\n<meta name=\"twitter:site\" content=\"@autosdelpodio\" \/>\n<meta name=\"twitter:label1\" content=\"Escrito por\" \/>\n\t<meta name=\"twitter:data1\" content=\"wi022230\" \/>\n\t<meta name=\"twitter:label2\" content=\"Tiempo de lectura\" \/>\n\t<meta name=\"twitter:data2\" content=\"4 minutos\" \/>\n<script type=\"application\/ld+json\" class=\"yoast-schema-graph\">{\"@context\":\"https:\\\/\\\/schema.org\",\"@graph\":[{\"@type\":\"Article\",\"@id\":\"http:\\\/\\\/autosdelpodio.com\\\/autos\\\/de-lo-mas-flojo-que-se-ha-visto-por-lejos\\\/#article\",\"isPartOf\":{\"@id\":\"http:\\\/\\\/autosdelpodio.com\\\/autos\\\/de-lo-mas-flojo-que-se-ha-visto-por-lejos\\\/\"},\"author\":{\"name\":\"wi022230\",\"@id\":\"http:\\\/\\\/autosdelpodio.com\\\/autos\\\/#\\\/schema\\\/person\\\/e88353cabf768863fdf874e30120f3ba\"},\"headline\":\"De lo mas flojo que se ha visto, por lejos\",\"datePublished\":\"2013-12-28T00:45:07+00:00\",\"mainEntityOfPage\":{\"@id\":\"http:\\\/\\\/autosdelpodio.com\\\/autos\\\/de-lo-mas-flojo-que-se-ha-visto-por-lejos\\\/\"},\"wordCount\":811,\"commentCount\":0,\"publisher\":{\"@id\":\"http:\\\/\\\/autosdelpodio.com\\\/autos\\\/#organization\"},\"articleSection\":[\"Opini\u00f3n\"],\"inLanguage\":\"es\",\"potentialAction\":[{\"@type\":\"CommentAction\",\"name\":\"Comment\",\"target\":[\"http:\\\/\\\/autosdelpodio.com\\\/autos\\\/de-lo-mas-flojo-que-se-ha-visto-por-lejos\\\/#respond\"]}]},{\"@type\":\"WebPage\",\"@id\":\"http:\\\/\\\/autosdelpodio.com\\\/autos\\\/de-lo-mas-flojo-que-se-ha-visto-por-lejos\\\/\",\"url\":\"http:\\\/\\\/autosdelpodio.com\\\/autos\\\/de-lo-mas-flojo-que-se-ha-visto-por-lejos\\\/\",\"name\":\"Autos del Podio | De lo mas flojo que se ha visto, por lejos\",\"isPartOf\":{\"@id\":\"http:\\\/\\\/autosdelpodio.com\\\/autos\\\/#website\"},\"datePublished\":\"2013-12-28T00:45:07+00:00\",\"description\":\"Autos del Podio\",\"breadcrumb\":{\"@id\":\"http:\\\/\\\/autosdelpodio.com\\\/autos\\\/de-lo-mas-flojo-que-se-ha-visto-por-lejos\\\/#breadcrumb\"},\"inLanguage\":\"es\",\"potentialAction\":[{\"@type\":\"ReadAction\",\"target\":[\"http:\\\/\\\/autosdelpodio.com\\\/autos\\\/de-lo-mas-flojo-que-se-ha-visto-por-lejos\\\/\"]}]},{\"@type\":\"BreadcrumbList\",\"@id\":\"http:\\\/\\\/autosdelpodio.com\\\/autos\\\/de-lo-mas-flojo-que-se-ha-visto-por-lejos\\\/#breadcrumb\",\"itemListElement\":[{\"@type\":\"ListItem\",\"position\":1,\"name\":\"Portada\",\"item\":\"http:\\\/\\\/autosdelpodio.com\\\/autos\\\/\"},{\"@type\":\"ListItem\",\"position\":2,\"name\":\"De lo mas flojo que se ha visto, por lejos\"}]},{\"@type\":\"WebSite\",\"@id\":\"http:\\\/\\\/autosdelpodio.com\\\/autos\\\/#website\",\"url\":\"http:\\\/\\\/autosdelpodio.com\\\/autos\\\/\",\"name\":\"Autos del Podio\",\"description\":\"La sexta del deporte motor\",\"publisher\":{\"@id\":\"http:\\\/\\\/autosdelpodio.com\\\/autos\\\/#organization\"},\"potentialAction\":[{\"@type\":\"SearchAction\",\"target\":{\"@type\":\"EntryPoint\",\"urlTemplate\":\"http:\\\/\\\/autosdelpodio.com\\\/autos\\\/?s={search_term_string}\"},\"query-input\":{\"@type\":\"PropertyValueSpecification\",\"valueRequired\":true,\"valueName\":\"search_term_string\"}}],\"inLanguage\":\"es\"},{\"@type\":\"Organization\",\"@id\":\"http:\\\/\\\/autosdelpodio.com\\\/autos\\\/#organization\",\"name\":\"Autos del Podio\",\"url\":\"http:\\\/\\\/autosdelpodio.com\\\/autos\\\/\",\"logo\":{\"@type\":\"ImageObject\",\"inLanguage\":\"es\",\"@id\":\"http:\\\/\\\/autosdelpodio.com\\\/autos\\\/#\\\/schema\\\/logo\\\/image\\\/\",\"url\":\"http:\\\/\\\/autosdelpodio.com\\\/autos\\\/wp-content\\\/uploads\\\/2020\\\/08\\\/Logo_AR.jpg\",\"contentUrl\":\"http:\\\/\\\/autosdelpodio.com\\\/autos\\\/wp-content\\\/uploads\\\/2020\\\/08\\\/Logo_AR.jpg\",\"width\":1038,\"height\":1044,\"caption\":\"Autos del Podio\"},\"image\":{\"@id\":\"http:\\\/\\\/autosdelpodio.com\\\/autos\\\/#\\\/schema\\\/logo\\\/image\\\/\"},\"sameAs\":[\"https:\\\/\\\/www.facebook.com\\\/profile.php?id=100057192590976&amp;amp;amp;amp;amp;amp;amp;amp;amp;amp;amp;amp;amp;amp;amp;amp;amp;amp;ref=ts\",\"https:\\\/\\\/x.com\\\/autosdelpodio\",\"https:\\\/\\\/www.youtube.com\\\/user\\\/AutosdelPodio\"]},{\"@type\":\"Person\",\"@id\":\"http:\\\/\\\/autosdelpodio.com\\\/autos\\\/#\\\/schema\\\/person\\\/e88353cabf768863fdf874e30120f3ba\",\"name\":\"wi022230\",\"image\":{\"@type\":\"ImageObject\",\"inLanguage\":\"es\",\"@id\":\"http:\\\/\\\/autosdelpodio.com\\\/autos\\\/wp-content\\\/litespeed\\\/avatar\\\/453fc9bdbb11d766ba4c7f14d0bd0aa9.jpg?ver=1777404874\",\"url\":\"http:\\\/\\\/autosdelpodio.com\\\/autos\\\/wp-content\\\/litespeed\\\/avatar\\\/453fc9bdbb11d766ba4c7f14d0bd0aa9.jpg?ver=1777404874\",\"contentUrl\":\"http:\\\/\\\/autosdelpodio.com\\\/autos\\\/wp-content\\\/litespeed\\\/avatar\\\/453fc9bdbb11d766ba4c7f14d0bd0aa9.jpg?ver=1777404874\",\"caption\":\"wi022230\"}}]}<\/script>\n<!-- \/ Yoast SEO plugin. -->","yoast_head_json":{"title":"Autos del Podio | De lo mas flojo que se ha visto, por lejos","description":"Autos del Podio","robots":{"index":"index","follow":"follow","max-snippet":"max-snippet:-1","max-image-preview":"max-image-preview:large","max-video-preview":"max-video-preview:-1"},"canonical":"http:\/\/autosdelpodio.com\/autos\/de-lo-mas-flojo-que-se-ha-visto-por-lejos\/","og_locale":"es_ES","og_type":"article","og_title":"Autos del Podio | De lo mas flojo que se ha visto, por lejos","og_description":"Autos del Podio","og_url":"http:\/\/autosdelpodio.com\/autos\/de-lo-mas-flojo-que-se-ha-visto-por-lejos\/","og_site_name":"Autos del Podio","article_publisher":"https:\/\/www.facebook.com\/profile.php?id=100057192590976&amp%3bamp%3bamp%3bamp%3bamp%3bamp%3bamp%3bamp%3bamp%3bamp%3bamp%3bamp%3bamp%3bamp%3bamp%3bamp%3bamp%3bamp%3bref=ts","article_published_time":"2013-12-28T00:45:07+00:00","author":"wi022230","twitter_card":"summary_large_image","twitter_creator":"@autosdelpodio","twitter_site":"@autosdelpodio","twitter_misc":{"Escrito por":"wi022230","Tiempo de lectura":"4 minutos"},"schema":{"@context":"https:\/\/schema.org","@graph":[{"@type":"Article","@id":"http:\/\/autosdelpodio.com\/autos\/de-lo-mas-flojo-que-se-ha-visto-por-lejos\/#article","isPartOf":{"@id":"http:\/\/autosdelpodio.com\/autos\/de-lo-mas-flojo-que-se-ha-visto-por-lejos\/"},"author":{"name":"wi022230","@id":"http:\/\/autosdelpodio.com\/autos\/#\/schema\/person\/e88353cabf768863fdf874e30120f3ba"},"headline":"De lo mas flojo que se ha visto, por lejos","datePublished":"2013-12-28T00:45:07+00:00","mainEntityOfPage":{"@id":"http:\/\/autosdelpodio.com\/autos\/de-lo-mas-flojo-que-se-ha-visto-por-lejos\/"},"wordCount":811,"commentCount":0,"publisher":{"@id":"http:\/\/autosdelpodio.com\/autos\/#organization"},"articleSection":["Opini\u00f3n"],"inLanguage":"es","potentialAction":[{"@type":"CommentAction","name":"Comment","target":["http:\/\/autosdelpodio.com\/autos\/de-lo-mas-flojo-que-se-ha-visto-por-lejos\/#respond"]}]},{"@type":"WebPage","@id":"http:\/\/autosdelpodio.com\/autos\/de-lo-mas-flojo-que-se-ha-visto-por-lejos\/","url":"http:\/\/autosdelpodio.com\/autos\/de-lo-mas-flojo-que-se-ha-visto-por-lejos\/","name":"Autos del Podio | De lo mas flojo que se ha visto, por lejos","isPartOf":{"@id":"http:\/\/autosdelpodio.com\/autos\/#website"},"datePublished":"2013-12-28T00:45:07+00:00","description":"Autos del Podio","breadcrumb":{"@id":"http:\/\/autosdelpodio.com\/autos\/de-lo-mas-flojo-que-se-ha-visto-por-lejos\/#breadcrumb"},"inLanguage":"es","potentialAction":[{"@type":"ReadAction","target":["http:\/\/autosdelpodio.com\/autos\/de-lo-mas-flojo-que-se-ha-visto-por-lejos\/"]}]},{"@type":"BreadcrumbList","@id":"http:\/\/autosdelpodio.com\/autos\/de-lo-mas-flojo-que-se-ha-visto-por-lejos\/#breadcrumb","itemListElement":[{"@type":"ListItem","position":1,"name":"Portada","item":"http:\/\/autosdelpodio.com\/autos\/"},{"@type":"ListItem","position":2,"name":"De lo mas flojo que se ha visto, por lejos"}]},{"@type":"WebSite","@id":"http:\/\/autosdelpodio.com\/autos\/#website","url":"http:\/\/autosdelpodio.com\/autos\/","name":"Autos del Podio","description":"La sexta del deporte motor","publisher":{"@id":"http:\/\/autosdelpodio.com\/autos\/#organization"},"potentialAction":[{"@type":"SearchAction","target":{"@type":"EntryPoint","urlTemplate":"http:\/\/autosdelpodio.com\/autos\/?s={search_term_string}"},"query-input":{"@type":"PropertyValueSpecification","valueRequired":true,"valueName":"search_term_string"}}],"inLanguage":"es"},{"@type":"Organization","@id":"http:\/\/autosdelpodio.com\/autos\/#organization","name":"Autos del Podio","url":"http:\/\/autosdelpodio.com\/autos\/","logo":{"@type":"ImageObject","inLanguage":"es","@id":"http:\/\/autosdelpodio.com\/autos\/#\/schema\/logo\/image\/","url":"http:\/\/autosdelpodio.com\/autos\/wp-content\/uploads\/2020\/08\/Logo_AR.jpg","contentUrl":"http:\/\/autosdelpodio.com\/autos\/wp-content\/uploads\/2020\/08\/Logo_AR.jpg","width":1038,"height":1044,"caption":"Autos del Podio"},"image":{"@id":"http:\/\/autosdelpodio.com\/autos\/#\/schema\/logo\/image\/"},"sameAs":["https:\/\/www.facebook.com\/profile.php?id=100057192590976&amp;amp;amp;amp;amp;amp;amp;amp;amp;amp;amp;amp;amp;amp;amp;amp;amp;amp;ref=ts","https:\/\/x.com\/autosdelpodio","https:\/\/www.youtube.com\/user\/AutosdelPodio"]},{"@type":"Person","@id":"http:\/\/autosdelpodio.com\/autos\/#\/schema\/person\/e88353cabf768863fdf874e30120f3ba","name":"wi022230","image":{"@type":"ImageObject","inLanguage":"es","@id":"http:\/\/autosdelpodio.com\/autos\/wp-content\/litespeed\/avatar\/453fc9bdbb11d766ba4c7f14d0bd0aa9.jpg?ver=1777404874","url":"http:\/\/autosdelpodio.com\/autos\/wp-content\/litespeed\/avatar\/453fc9bdbb11d766ba4c7f14d0bd0aa9.jpg?ver=1777404874","contentUrl":"http:\/\/autosdelpodio.com\/autos\/wp-content\/litespeed\/avatar\/453fc9bdbb11d766ba4c7f14d0bd0aa9.jpg?ver=1777404874","caption":"wi022230"}}]}},"views":478,"_links":{"self":[{"href":"http:\/\/autosdelpodio.com\/autos\/wp-json\/wp\/v2\/posts\/905","targetHints":{"allow":["GET"]}}],"collection":[{"href":"http:\/\/autosdelpodio.com\/autos\/wp-json\/wp\/v2\/posts"}],"about":[{"href":"http:\/\/autosdelpodio.com\/autos\/wp-json\/wp\/v2\/types\/post"}],"author":[{"embeddable":true,"href":"http:\/\/autosdelpodio.com\/autos\/wp-json\/wp\/v2\/users\/1"}],"replies":[{"embeddable":true,"href":"http:\/\/autosdelpodio.com\/autos\/wp-json\/wp\/v2\/comments?post=905"}],"version-history":[{"count":0,"href":"http:\/\/autosdelpodio.com\/autos\/wp-json\/wp\/v2\/posts\/905\/revisions"}],"wp:attachment":[{"href":"http:\/\/autosdelpodio.com\/autos\/wp-json\/wp\/v2\/media?parent=905"}],"wp:term":[{"taxonomy":"category","embeddable":true,"href":"http:\/\/autosdelpodio.com\/autos\/wp-json\/wp\/v2\/categories?post=905"},{"taxonomy":"post_tag","embeddable":true,"href":"http:\/\/autosdelpodio.com\/autos\/wp-json\/wp\/v2\/tags?post=905"}],"curies":[{"name":"wp","href":"https:\/\/api.w.org\/{rel}","templated":true}]}}