{"id":907,"date":"2013-12-30T17:52:06","date_gmt":"2013-12-30T17:52:06","guid":{"rendered":"http:\/\/autosdelpodio.com\/autos\/2013\/12\/30\/pechito-lopez-y-su-arribo-al-wtcc\/"},"modified":"2013-12-30T17:52:06","modified_gmt":"2013-12-30T17:52:06","slug":"pechito-lopez-y-su-arribo-al-wtcc","status":"publish","type":"post","link":"http:\/\/autosdelpodio.com\/autos\/pechito-lopez-y-su-arribo-al-wtcc\/","title":{"rendered":"Pechito Lopez y su arribo al WTCC"},"content":{"rendered":"<p style=\"text-align: justify;\">\n<p style=\"text-align: justify;\"><span style=\"line-height: 1.3em;\">\u201cLlegar a CITRO\u00cbN RACING marc\u00f3 uno de los momentos m\u00e1s felices de mi vida: me encontr\u00e9 con una gran familia, muy unida, que trabaja de manera muy profesional y sabe lo que quiere\u201d.<\/span><\/p>\n<p style=\"text-align: justify;\">Sobre el final del a\u00f1o se dio la noticia tan esperada: la divisi\u00f3n deportiva de CITRO\u00cbN confirm\u00f3 al argentino como parte de la escuadra que debutar\u00e1 en el Campeonato Mundial de Autom\u00f3viles de Turismo (WTCC) junto a S\u00e9bastien Loeb (nueve veces Campe\u00f3n del Mundo en el WRC) e Yvan M\u00fcller (cuatro veces Campe\u00f3n del Mundo en el WTCC).<\/p>\n<p style=\"text-align: justify;\">Pasadas las fiestas navide\u00f1as, en su C\u00f3rdoba natal y a horas de comenzar con los preparativos para la primera fecha (4 de abril en Marruecos, \u00c1frica), Jos\u00e9 Mar\u00eda \u201cPechito\u201d L\u00f3pez dej\u00f3, en exclusiva, estos conceptos al \u00e1rea de prensa de la filial argentina. Las huellas del traj\u00edn de los \u00faltimos d\u00edas apenas se dejan notar en un rostro que no puede disimular la felicidad plena. Todo fue vertiginoso, fiel a su estilo arriba de un autom\u00f3vil de carreras. Poco antes de Navidad, la confirmaci\u00f3n y presentaci\u00f3n en Francia como parte del equipo de WTCC de CITRO\u00cbN; en seguida, el viaje a la Argentina para mantener el primer contacto con la prensa local; luego las fiestas en su C\u00f3rdoba natal y la pronta vuelta al Viejo Continente para radicarse, ahora s\u00ed, definitivamente y comenzar a trabajar.<\/p>\n<p style=\"text-align: justify;\">El CITRO\u00cbN C-ELYSEE lo espera para lo que ser\u00e1 un a\u00f1o inolvidable: Jos\u00e9 Mar\u00eda L\u00f3pez, despu\u00e9s de estar a pasos de ingresar a la F1, vuelve a las grandes ligas del automovilismo mundial y lo hace por la puerta grande, como siempre so\u00f1\u00f3.<\/p>\n<p style=\"text-align: justify;\"><strong>&#8211;\u00a0\u00bfPalp\u00e1s en el ambiente del periodismo especializado, y de la gente misma, casi un sentimiento de justicia con tu carrera profesional el hecho llegar de esta manera al CITRO\u00cbN RACING?<\/strong><\/p>\n<p style=\"text-align: justify;\">&#8211;\u00a0Las sensaciones son varias y encontradas. Hay mucha gente que est\u00e1 sinceramente muy contenta con este paso. Creo que siempre me vieron como a un piloto internacional y, m\u00e1s all\u00e1 de mi familia y allegados, ve\u00edan que merec\u00eda una oportunidad como \u00e9sta. Estoy muy feliz y se dio de la mejor manera posible: volver a Europa de la mano de una gran Marca, con dos monstruos como M\u00fcller y Loeb\u2026 es lo que siempre so\u00f1\u00e9. Nunca nadie me regal\u00f3 nada. Tuve muchos golpes y contratiempos pero nunca dej\u00e9 de hacerme ilusiones de volver a Europa de esta manera: reconocido como un profesional. La verdad es que reci\u00e9n despu\u00e9s de la primera foto oficial tom\u00e9 dimensi\u00f3n del momento que viv\u00eda.<\/p>\n<p style=\"text-align: justify;\"><strong> &#8211; \u00bfD\u00f3nde cre\u00e9s que arranca la posibilidad de probar el CITRO\u00cbN C-ELYSEE? <\/strong><\/p>\n<p style=\"text-align: justify;\">&#8211;\u00a0El primer recuerdo de este sue\u00f1o me remonta a la carrera que gan\u00e9 en 2013 en el WTCC en Termas de Rio Hondo, ah\u00ed, cuando levant\u00e9 la bandera argentina\u2026 Despu\u00e9s el llamado oficial de la gente CITRO\u00cbN RACING y la alegr\u00eda de cont\u00e1rselo a mi viejo. Que un equipo tan grande como CITRO\u00cbN me haya llamado, habiendo tantos pilotos ya era motivo de satisfacci\u00f3n.<\/p>\n<p style=\"text-align: justify;\">Por Prensa Citroen<\/p>\n<p style=\"text-align: justify;\">Foto: \u00a0Archivo Autos del Podio<\/p>\n","protected":false},"excerpt":{"rendered":"<p>\u201cLlegar a CITRO\u00cbN RACING marc\u00f3 uno de los momentos m\u00e1s felices de mi vida: me encontr\u00e9 con una gran familia,<\/p>\n","protected":false},"author":1,"featured_media":790,"comment_status":"open","ping_status":"open","sticky":false,"template":"","format":"standard","meta":{"colormag_page_container_layout":"default_layout","colormag_page_sidebar_layout":"default_layout","footnotes":""},"categories":[17],"tags":[],"class_list":["post-907","post","type-post","status-publish","format-standard","has-post-thumbnail","hentry","category-entrevistas"],"yoast_head":"<!-- This site is optimized with the Yoast SEO plugin v27.5 - https:\/\/yoast.com\/product\/yoast-seo-wordpress\/ -->\n<title>Autos del Podio | Pechito Lopez y su arribo al WTCC<\/title>\n<meta name=\"description\" content=\"Autos del Podio\" \/>\n<meta name=\"robots\" content=\"index, follow, max-snippet:-1, max-image-preview:large, max-video-preview:-1\" \/>\n<link rel=\"canonical\" href=\"http:\/\/autosdelpodio.com\/autos\/pechito-lopez-y-su-arribo-al-wtcc\/\" \/>\n<meta property=\"og:locale\" content=\"es_ES\" \/>\n<meta property=\"og:type\" content=\"article\" \/>\n<meta property=\"og:title\" content=\"Autos del Podio | Pechito Lopez y su arribo al WTCC\" \/>\n<meta property=\"og:description\" content=\"Autos del Podio\" \/>\n<meta property=\"og:url\" content=\"http:\/\/autosdelpodio.com\/autos\/pechito-lopez-y-su-arribo-al-wtcc\/\" \/>\n<meta property=\"og:site_name\" content=\"Autos del Podio\" \/>\n<meta property=\"article:publisher\" content=\"https:\/\/www.facebook.com\/profile.php?id=100057192590976&amp;amp%3bamp%3bamp%3bamp%3bamp%3bamp%3bamp%3bamp%3bamp%3bamp%3bamp%3bamp%3bamp%3bamp%3bamp%3bamp%3bamp%3bamp%3bref=ts\" \/>\n<meta property=\"article:published_time\" content=\"2013-12-30T17:52:06+00:00\" \/>\n<meta property=\"og:image\" content=\"http:\/\/autosdelpodio.com\/autos\/wp-content\/uploads\/2013\/07\/pechito_2013.jpg\" \/>\n\t<meta property=\"og:image:width\" content=\"985\" \/>\n\t<meta property=\"og:image:height\" content=\"845\" \/>\n\t<meta property=\"og:image:type\" content=\"image\/jpeg\" \/>\n<meta name=\"author\" content=\"wi022230\" \/>\n<meta name=\"twitter:card\" content=\"summary_large_image\" \/>\n<meta name=\"twitter:creator\" content=\"@autosdelpodio\" \/>\n<meta name=\"twitter:site\" content=\"@autosdelpodio\" \/>\n<meta name=\"twitter:label1\" content=\"Escrito por\" \/>\n\t<meta name=\"twitter:data1\" content=\"wi022230\" \/>\n\t<meta name=\"twitter:label2\" content=\"Tiempo de lectura\" \/>\n\t<meta name=\"twitter:data2\" content=\"3 minutos\" \/>\n<script type=\"application\/ld+json\" class=\"yoast-schema-graph\">{\"@context\":\"https:\\\/\\\/schema.org\",\"@graph\":[{\"@type\":\"Article\",\"@id\":\"http:\\\/\\\/autosdelpodio.com\\\/autos\\\/pechito-lopez-y-su-arribo-al-wtcc\\\/#article\",\"isPartOf\":{\"@id\":\"http:\\\/\\\/autosdelpodio.com\\\/autos\\\/pechito-lopez-y-su-arribo-al-wtcc\\\/\"},\"author\":{\"name\":\"wi022230\",\"@id\":\"http:\\\/\\\/autosdelpodio.com\\\/autos\\\/#\\\/schema\\\/person\\\/e88353cabf768863fdf874e30120f3ba\"},\"headline\":\"Pechito Lopez y su arribo al WTCC\",\"datePublished\":\"2013-12-30T17:52:06+00:00\",\"mainEntityOfPage\":{\"@id\":\"http:\\\/\\\/autosdelpodio.com\\\/autos\\\/pechito-lopez-y-su-arribo-al-wtcc\\\/\"},\"wordCount\":556,\"commentCount\":0,\"publisher\":{\"@id\":\"http:\\\/\\\/autosdelpodio.com\\\/autos\\\/#organization\"},\"image\":{\"@id\":\"http:\\\/\\\/autosdelpodio.com\\\/autos\\\/pechito-lopez-y-su-arribo-al-wtcc\\\/#primaryimage\"},\"thumbnailUrl\":\"http:\\\/\\\/autosdelpodio.com\\\/autos\\\/wp-content\\\/uploads\\\/2013\\\/07\\\/pechito_2013.jpg\",\"articleSection\":[\"Entrevistas\"],\"inLanguage\":\"es\",\"potentialAction\":[{\"@type\":\"CommentAction\",\"name\":\"Comment\",\"target\":[\"http:\\\/\\\/autosdelpodio.com\\\/autos\\\/pechito-lopez-y-su-arribo-al-wtcc\\\/#respond\"]}]},{\"@type\":\"WebPage\",\"@id\":\"http:\\\/\\\/autosdelpodio.com\\\/autos\\\/pechito-lopez-y-su-arribo-al-wtcc\\\/\",\"url\":\"http:\\\/\\\/autosdelpodio.com\\\/autos\\\/pechito-lopez-y-su-arribo-al-wtcc\\\/\",\"name\":\"Autos del Podio | Pechito Lopez y su arribo al WTCC\",\"isPartOf\":{\"@id\":\"http:\\\/\\\/autosdelpodio.com\\\/autos\\\/#website\"},\"primaryImageOfPage\":{\"@id\":\"http:\\\/\\\/autosdelpodio.com\\\/autos\\\/pechito-lopez-y-su-arribo-al-wtcc\\\/#primaryimage\"},\"image\":{\"@id\":\"http:\\\/\\\/autosdelpodio.com\\\/autos\\\/pechito-lopez-y-su-arribo-al-wtcc\\\/#primaryimage\"},\"thumbnailUrl\":\"http:\\\/\\\/autosdelpodio.com\\\/autos\\\/wp-content\\\/uploads\\\/2013\\\/07\\\/pechito_2013.jpg\",\"datePublished\":\"2013-12-30T17:52:06+00:00\",\"description\":\"Autos del Podio\",\"breadcrumb\":{\"@id\":\"http:\\\/\\\/autosdelpodio.com\\\/autos\\\/pechito-lopez-y-su-arribo-al-wtcc\\\/#breadcrumb\"},\"inLanguage\":\"es\",\"potentialAction\":[{\"@type\":\"ReadAction\",\"target\":[\"http:\\\/\\\/autosdelpodio.com\\\/autos\\\/pechito-lopez-y-su-arribo-al-wtcc\\\/\"]}]},{\"@type\":\"ImageObject\",\"inLanguage\":\"es\",\"@id\":\"http:\\\/\\\/autosdelpodio.com\\\/autos\\\/pechito-lopez-y-su-arribo-al-wtcc\\\/#primaryimage\",\"url\":\"http:\\\/\\\/autosdelpodio.com\\\/autos\\\/wp-content\\\/uploads\\\/2013\\\/07\\\/pechito_2013.jpg\",\"contentUrl\":\"http:\\\/\\\/autosdelpodio.com\\\/autos\\\/wp-content\\\/uploads\\\/2013\\\/07\\\/pechito_2013.jpg\",\"width\":985,\"height\":845},{\"@type\":\"BreadcrumbList\",\"@id\":\"http:\\\/\\\/autosdelpodio.com\\\/autos\\\/pechito-lopez-y-su-arribo-al-wtcc\\\/#breadcrumb\",\"itemListElement\":[{\"@type\":\"ListItem\",\"position\":1,\"name\":\"Portada\",\"item\":\"http:\\\/\\\/autosdelpodio.com\\\/autos\\\/\"},{\"@type\":\"ListItem\",\"position\":2,\"name\":\"Pechito Lopez y su arribo al WTCC\"}]},{\"@type\":\"WebSite\",\"@id\":\"http:\\\/\\\/autosdelpodio.com\\\/autos\\\/#website\",\"url\":\"http:\\\/\\\/autosdelpodio.com\\\/autos\\\/\",\"name\":\"Autos del Podio\",\"description\":\"La sexta del deporte motor\",\"publisher\":{\"@id\":\"http:\\\/\\\/autosdelpodio.com\\\/autos\\\/#organization\"},\"potentialAction\":[{\"@type\":\"SearchAction\",\"target\":{\"@type\":\"EntryPoint\",\"urlTemplate\":\"http:\\\/\\\/autosdelpodio.com\\\/autos\\\/?s={search_term_string}\"},\"query-input\":{\"@type\":\"PropertyValueSpecification\",\"valueRequired\":true,\"valueName\":\"search_term_string\"}}],\"inLanguage\":\"es\"},{\"@type\":\"Organization\",\"@id\":\"http:\\\/\\\/autosdelpodio.com\\\/autos\\\/#organization\",\"name\":\"Autos del Podio\",\"url\":\"http:\\\/\\\/autosdelpodio.com\\\/autos\\\/\",\"logo\":{\"@type\":\"ImageObject\",\"inLanguage\":\"es\",\"@id\":\"http:\\\/\\\/autosdelpodio.com\\\/autos\\\/#\\\/schema\\\/logo\\\/image\\\/\",\"url\":\"http:\\\/\\\/autosdelpodio.com\\\/autos\\\/wp-content\\\/uploads\\\/2020\\\/08\\\/Logo_AR.jpg\",\"contentUrl\":\"http:\\\/\\\/autosdelpodio.com\\\/autos\\\/wp-content\\\/uploads\\\/2020\\\/08\\\/Logo_AR.jpg\",\"width\":1038,\"height\":1044,\"caption\":\"Autos del Podio\"},\"image\":{\"@id\":\"http:\\\/\\\/autosdelpodio.com\\\/autos\\\/#\\\/schema\\\/logo\\\/image\\\/\"},\"sameAs\":[\"https:\\\/\\\/www.facebook.com\\\/profile.php?id=100057192590976&amp;amp;amp;amp;amp;amp;amp;amp;amp;amp;amp;amp;amp;amp;amp;amp;amp;amp;ref=ts\",\"https:\\\/\\\/x.com\\\/autosdelpodio\",\"https:\\\/\\\/www.youtube.com\\\/user\\\/AutosdelPodio\"]},{\"@type\":\"Person\",\"@id\":\"http:\\\/\\\/autosdelpodio.com\\\/autos\\\/#\\\/schema\\\/person\\\/e88353cabf768863fdf874e30120f3ba\",\"name\":\"wi022230\",\"image\":{\"@type\":\"ImageObject\",\"inLanguage\":\"es\",\"@id\":\"http:\\\/\\\/autosdelpodio.com\\\/autos\\\/wp-content\\\/litespeed\\\/avatar\\\/453fc9bdbb11d766ba4c7f14d0bd0aa9.jpg?ver=1777404874\",\"url\":\"http:\\\/\\\/autosdelpodio.com\\\/autos\\\/wp-content\\\/litespeed\\\/avatar\\\/453fc9bdbb11d766ba4c7f14d0bd0aa9.jpg?ver=1777404874\",\"contentUrl\":\"http:\\\/\\\/autosdelpodio.com\\\/autos\\\/wp-content\\\/litespeed\\\/avatar\\\/453fc9bdbb11d766ba4c7f14d0bd0aa9.jpg?ver=1777404874\",\"caption\":\"wi022230\"}}]}<\/script>\n<!-- \/ Yoast SEO plugin. -->","yoast_head_json":{"title":"Autos del Podio | Pechito Lopez y su arribo al WTCC","description":"Autos del Podio","robots":{"index":"index","follow":"follow","max-snippet":"max-snippet:-1","max-image-preview":"max-image-preview:large","max-video-preview":"max-video-preview:-1"},"canonical":"http:\/\/autosdelpodio.com\/autos\/pechito-lopez-y-su-arribo-al-wtcc\/","og_locale":"es_ES","og_type":"article","og_title":"Autos del Podio | Pechito Lopez y su arribo al WTCC","og_description":"Autos del Podio","og_url":"http:\/\/autosdelpodio.com\/autos\/pechito-lopez-y-su-arribo-al-wtcc\/","og_site_name":"Autos del Podio","article_publisher":"https:\/\/www.facebook.com\/profile.php?id=100057192590976&amp%3bamp%3bamp%3bamp%3bamp%3bamp%3bamp%3bamp%3bamp%3bamp%3bamp%3bamp%3bamp%3bamp%3bamp%3bamp%3bamp%3bamp%3bref=ts","article_published_time":"2013-12-30T17:52:06+00:00","og_image":[{"width":985,"height":845,"url":"http:\/\/autosdelpodio.com\/autos\/wp-content\/uploads\/2013\/07\/pechito_2013.jpg","type":"image\/jpeg"}],"author":"wi022230","twitter_card":"summary_large_image","twitter_creator":"@autosdelpodio","twitter_site":"@autosdelpodio","twitter_misc":{"Escrito por":"wi022230","Tiempo de lectura":"3 minutos"},"schema":{"@context":"https:\/\/schema.org","@graph":[{"@type":"Article","@id":"http:\/\/autosdelpodio.com\/autos\/pechito-lopez-y-su-arribo-al-wtcc\/#article","isPartOf":{"@id":"http:\/\/autosdelpodio.com\/autos\/pechito-lopez-y-su-arribo-al-wtcc\/"},"author":{"name":"wi022230","@id":"http:\/\/autosdelpodio.com\/autos\/#\/schema\/person\/e88353cabf768863fdf874e30120f3ba"},"headline":"Pechito Lopez y su arribo al WTCC","datePublished":"2013-12-30T17:52:06+00:00","mainEntityOfPage":{"@id":"http:\/\/autosdelpodio.com\/autos\/pechito-lopez-y-su-arribo-al-wtcc\/"},"wordCount":556,"commentCount":0,"publisher":{"@id":"http:\/\/autosdelpodio.com\/autos\/#organization"},"image":{"@id":"http:\/\/autosdelpodio.com\/autos\/pechito-lopez-y-su-arribo-al-wtcc\/#primaryimage"},"thumbnailUrl":"http:\/\/autosdelpodio.com\/autos\/wp-content\/uploads\/2013\/07\/pechito_2013.jpg","articleSection":["Entrevistas"],"inLanguage":"es","potentialAction":[{"@type":"CommentAction","name":"Comment","target":["http:\/\/autosdelpodio.com\/autos\/pechito-lopez-y-su-arribo-al-wtcc\/#respond"]}]},{"@type":"WebPage","@id":"http:\/\/autosdelpodio.com\/autos\/pechito-lopez-y-su-arribo-al-wtcc\/","url":"http:\/\/autosdelpodio.com\/autos\/pechito-lopez-y-su-arribo-al-wtcc\/","name":"Autos del Podio | Pechito Lopez y su arribo al WTCC","isPartOf":{"@id":"http:\/\/autosdelpodio.com\/autos\/#website"},"primaryImageOfPage":{"@id":"http:\/\/autosdelpodio.com\/autos\/pechito-lopez-y-su-arribo-al-wtcc\/#primaryimage"},"image":{"@id":"http:\/\/autosdelpodio.com\/autos\/pechito-lopez-y-su-arribo-al-wtcc\/#primaryimage"},"thumbnailUrl":"http:\/\/autosdelpodio.com\/autos\/wp-content\/uploads\/2013\/07\/pechito_2013.jpg","datePublished":"2013-12-30T17:52:06+00:00","description":"Autos del Podio","breadcrumb":{"@id":"http:\/\/autosdelpodio.com\/autos\/pechito-lopez-y-su-arribo-al-wtcc\/#breadcrumb"},"inLanguage":"es","potentialAction":[{"@type":"ReadAction","target":["http:\/\/autosdelpodio.com\/autos\/pechito-lopez-y-su-arribo-al-wtcc\/"]}]},{"@type":"ImageObject","inLanguage":"es","@id":"http:\/\/autosdelpodio.com\/autos\/pechito-lopez-y-su-arribo-al-wtcc\/#primaryimage","url":"http:\/\/autosdelpodio.com\/autos\/wp-content\/uploads\/2013\/07\/pechito_2013.jpg","contentUrl":"http:\/\/autosdelpodio.com\/autos\/wp-content\/uploads\/2013\/07\/pechito_2013.jpg","width":985,"height":845},{"@type":"BreadcrumbList","@id":"http:\/\/autosdelpodio.com\/autos\/pechito-lopez-y-su-arribo-al-wtcc\/#breadcrumb","itemListElement":[{"@type":"ListItem","position":1,"name":"Portada","item":"http:\/\/autosdelpodio.com\/autos\/"},{"@type":"ListItem","position":2,"name":"Pechito Lopez y su arribo al WTCC"}]},{"@type":"WebSite","@id":"http:\/\/autosdelpodio.com\/autos\/#website","url":"http:\/\/autosdelpodio.com\/autos\/","name":"Autos del Podio","description":"La sexta del deporte motor","publisher":{"@id":"http:\/\/autosdelpodio.com\/autos\/#organization"},"potentialAction":[{"@type":"SearchAction","target":{"@type":"EntryPoint","urlTemplate":"http:\/\/autosdelpodio.com\/autos\/?s={search_term_string}"},"query-input":{"@type":"PropertyValueSpecification","valueRequired":true,"valueName":"search_term_string"}}],"inLanguage":"es"},{"@type":"Organization","@id":"http:\/\/autosdelpodio.com\/autos\/#organization","name":"Autos del Podio","url":"http:\/\/autosdelpodio.com\/autos\/","logo":{"@type":"ImageObject","inLanguage":"es","@id":"http:\/\/autosdelpodio.com\/autos\/#\/schema\/logo\/image\/","url":"http:\/\/autosdelpodio.com\/autos\/wp-content\/uploads\/2020\/08\/Logo_AR.jpg","contentUrl":"http:\/\/autosdelpodio.com\/autos\/wp-content\/uploads\/2020\/08\/Logo_AR.jpg","width":1038,"height":1044,"caption":"Autos del Podio"},"image":{"@id":"http:\/\/autosdelpodio.com\/autos\/#\/schema\/logo\/image\/"},"sameAs":["https:\/\/www.facebook.com\/profile.php?id=100057192590976&amp;amp;amp;amp;amp;amp;amp;amp;amp;amp;amp;amp;amp;amp;amp;amp;amp;amp;ref=ts","https:\/\/x.com\/autosdelpodio","https:\/\/www.youtube.com\/user\/AutosdelPodio"]},{"@type":"Person","@id":"http:\/\/autosdelpodio.com\/autos\/#\/schema\/person\/e88353cabf768863fdf874e30120f3ba","name":"wi022230","image":{"@type":"ImageObject","inLanguage":"es","@id":"http:\/\/autosdelpodio.com\/autos\/wp-content\/litespeed\/avatar\/453fc9bdbb11d766ba4c7f14d0bd0aa9.jpg?ver=1777404874","url":"http:\/\/autosdelpodio.com\/autos\/wp-content\/litespeed\/avatar\/453fc9bdbb11d766ba4c7f14d0bd0aa9.jpg?ver=1777404874","contentUrl":"http:\/\/autosdelpodio.com\/autos\/wp-content\/litespeed\/avatar\/453fc9bdbb11d766ba4c7f14d0bd0aa9.jpg?ver=1777404874","caption":"wi022230"}}]}},"views":477,"_links":{"self":[{"href":"http:\/\/autosdelpodio.com\/autos\/wp-json\/wp\/v2\/posts\/907","targetHints":{"allow":["GET"]}}],"collection":[{"href":"http:\/\/autosdelpodio.com\/autos\/wp-json\/wp\/v2\/posts"}],"about":[{"href":"http:\/\/autosdelpodio.com\/autos\/wp-json\/wp\/v2\/types\/post"}],"author":[{"embeddable":true,"href":"http:\/\/autosdelpodio.com\/autos\/wp-json\/wp\/v2\/users\/1"}],"replies":[{"embeddable":true,"href":"http:\/\/autosdelpodio.com\/autos\/wp-json\/wp\/v2\/comments?post=907"}],"version-history":[{"count":0,"href":"http:\/\/autosdelpodio.com\/autos\/wp-json\/wp\/v2\/posts\/907\/revisions"}],"wp:featuredmedia":[{"embeddable":true,"href":"http:\/\/autosdelpodio.com\/autos\/wp-json\/wp\/v2\/media\/790"}],"wp:attachment":[{"href":"http:\/\/autosdelpodio.com\/autos\/wp-json\/wp\/v2\/media?parent=907"}],"wp:term":[{"taxonomy":"category","embeddable":true,"href":"http:\/\/autosdelpodio.com\/autos\/wp-json\/wp\/v2\/categories?post=907"},{"taxonomy":"post_tag","embeddable":true,"href":"http:\/\/autosdelpodio.com\/autos\/wp-json\/wp\/v2\/tags?post=907"}],"curies":[{"name":"wp","href":"https:\/\/api.w.org\/{rel}","templated":true}]}}