{"id":9208,"date":"2026-04-27T17:29:41","date_gmt":"2026-04-27T20:29:41","guid":{"rendered":"https:\/\/autosdelpodio.com\/autos\/?p=9208"},"modified":"2026-04-27T17:34:45","modified_gmt":"2026-04-27T20:34:45","slug":"el-dia-que-un-formula-1-volvio-a-latir-en-las-calles-de-buenos-aires","status":"publish","type":"post","link":"http:\/\/autosdelpodio.com\/autos\/el-dia-que-un-formula-1-volvio-a-latir-en-las-calles-de-buenos-aires\/","title":{"rendered":"El d\u00eda que un F\u00f3rmula 1 volvi\u00f3 a latir en las calles de Buenos Aires"},"content":{"rendered":"\n<p>El domingo 26 de abril en el barrio porte\u00f1o de Palermo sobre un trazado callejero entre las avenidas Libertador y Sarmiento, se vivi\u00f3 una movilizaci\u00f3n que, seg\u00fan cifras oficiales de la Ciudad, congreg\u00f3 a unas&nbsp;600.000 personas. En las vallas se palpaba una mezcla de incredulidad y nostalgia: familias enteras acamparon desde la madrugada para ver, tras a\u00f1os de ausencia, un F\u00f3rmula 1 en suelo porte\u00f1o. Entre el estruendo del motor V8 y el olor a caucho quemado, el&nbsp;<strong>Franco Colapinto Road Show 2026<\/strong>&nbsp;fue el desahogo de una pasi\u00f3n que encontr\u00f3 en el piloto de Pilar su nuevo catalizador.<\/p>\n\n\n\n<p>Antes del plato fuerte, el ambiente se cocin\u00f3 con shows perif\u00e9ricos que mantuvieron el ritmo de la jornada, incluyendo exhibiciones de destreza y la presencia de figuras como la Sole Pastorutti y el joven Luck Ra.<\/p>\n\n\n\n<p>En este marco,&nbsp;<strong>Renault Argentina<\/strong>&nbsp;despleg\u00f3 su log\u00edstica para mover al equipo BWT Alpine y presentar su nueva gama&nbsp;<strong>esprit Alpine<\/strong>, con los modelos Koleos y Arkana hybrid E-Tech. Estas unidades buscan conectar la tecnolog\u00eda h\u00edbrida de calle con el alto rendimiento que hoy identifica a Colapinto como embajador regional de la marca.<\/p>\n\n\n\n<p>En el sector de exhibici\u00f3n, el contraste emocional fue evidente. Mientras los m\u00e1s j\u00f3venes rodeaban los nuevos h\u00edbridos, los veteranos se demoraban frente al&nbsp;<strong>Renault Clio Williams<\/strong>. El Safety Car original que lider\u00f3 el \u00faltimo Gran Premio de Argentina en 1996 estaba all\u00ed, intacto. Verlo dispar\u00f3 conversaciones sobre la \u00faltima vez que la categor\u00eda pis\u00f3 el pa\u00eds, funcionando como el puente perfecto entre aquel recuerdo y el presente que hoy protagoniza Franco.<\/p>\n\n\n\n<p>Desde la marca, Luc\u00eda Ploper destac\u00f3 que ver al piloto recorriendo las calles porte\u00f1as le da un sentido especial a la llegada de estas versiones deportivas. La jornada, apuntalada por&nbsp;<strong>Mobilize Financial Services<\/strong>, permiti\u00f3 al p\u00fablico interactuar con el ecosistema de Alpine en un Fan Zone que por momentos desbord\u00f3. No era solo inter\u00e9s por los lanzamientos; era la necesidad de ser parte de un hito que marca el inicio de una nueva era para el automovilismo nacional.<\/p>\n\n\n\n<p>Cuando el sol cay\u00f3 y el eco del motor Renault se disip\u00f3, la multitud inici\u00f3 una desconcentraci\u00f3n lenta, con la sensaci\u00f3n de haber presenciado un r\u00e9cord hist\u00f3rico. Las pasadas de <a href=\"https:\/\/autosdelpodio.com\/autos\/se-oficializo-el-regreso-de-franco-colapinto-a-la-formula-1\/\" type=\"post\" id=\"8338\" target=\"_blank\" rel=\"noreferrer noopener\">Colapinto<\/a> \u2014con trompos y el cierre de la bandera argentina al hombro\u2014 fueron suficientes para reafirmar un v\u00ednculo que el tiempo no desgast\u00f3. Buenos Aires recuper\u00f3 su pulso de local y la pasi\u00f3n, seg\u00fan se escuchaba entre la marea humana, qued\u00f3 m\u00e1s encendida que nunca.<\/p>\n\n\n\n<p><em>Esta cr\u00f3nica fue redactada sobre la base de informaci\u00f3n y material gr\u00e1fico suministrado por el departamento de prensa de Renault Argentina<\/em><\/p>\n\n\n\n<p><\/p>\n\n\n\n<figure class=\"wp-block-pullquote\"><blockquote><p><em>\u00ab<\/em><mark style=\"background-color:rgba(0, 0, 0, 0)\" class=\"has-inline-color has-cm-color-3-color\"><em>Escribimos y generamos contenido con la misma pasi\u00f3n con la que vos le\u00e9s. Al ser un\u00a0<strong>medio autogestionado<\/strong>, cada palabra es un esfuerzo propio que compartimos con nuestra gente. Si valor\u00e1s esta independencia, sumate con un aporte al Alias\u00a0<strong>AUTOS.DELPODIO<\/strong>\u00a0<\/em><br><em>Tu solidaridad es el combustible que mantiene este refugio encendido para todos los que amamos los motores.\u00bb<\/em><\/mark><\/p><\/blockquote><\/figure>\n\n\n\n<p><\/p>\n","protected":false},"excerpt":{"rendered":"<p>El domingo 26 de abril en el barrio porte\u00f1o de Palermo sobre un trazado callejero entre las avenidas Libertador y<\/p>\n","protected":false},"author":3,"featured_media":9209,"comment_status":"open","ping_status":"open","sticky":false,"template":"","format":"standard","meta":{"colormag_page_container_layout":"default_layout","colormag_page_sidebar_layout":"default_layout","footnotes":""},"categories":[6,5],"tags":[706,371,553,30,35],"class_list":["post-9208","post","type-post","status-publish","format-standard","has-post-thumbnail","hentry","category-newsflash","category-latest-news","tag-alpine","tag-caba","tag-franco-colapinto","tag-renault","tag-republica-argentina"],"yoast_head":"<!-- This site is optimized with the Yoast SEO plugin v27.4 - https:\/\/yoast.com\/product\/yoast-seo-wordpress\/ -->\n<title>Autos del Podio | El d\u00eda que un F\u00f3rmula 1 volvi\u00f3 a latir en las calles de Buenos Aires<\/title>\n<meta name=\"description\" content=\"Autos del Podio Cr\u00f3nica de un domingo donde la pasi\u00f3n por el automovilismo rompi\u00f3 todos los moldes.\" \/>\n<meta name=\"robots\" content=\"index, follow, max-snippet:-1, max-image-preview:large, max-video-preview:-1\" \/>\n<link rel=\"canonical\" href=\"https:\/\/autosdelpodio.com\/autos\/el-dia-que-un-formula-1-volvio-a-latir-en-las-calles-de-buenos-aires\/\" \/>\n<meta property=\"og:locale\" content=\"es_ES\" \/>\n<meta property=\"og:type\" content=\"article\" \/>\n<meta property=\"og:title\" content=\"Franco Colapinto revolucion\u00f3 Buenos Aires en una jornada que combin\u00f3 shows, simuladores y el rugido de un F\u00f3rmula 1\" \/>\n<meta property=\"og:description\" content=\"Cr\u00f3nica de un domingo donde la pasi\u00f3n por el automovilismo rompi\u00f3 todos los moldes.\" \/>\n<meta property=\"og:url\" content=\"https:\/\/autosdelpodio.com\/autos\/el-dia-que-un-formula-1-volvio-a-latir-en-las-calles-de-buenos-aires\/\" \/>\n<meta property=\"og:site_name\" content=\"Autos del Podio\" \/>\n<meta property=\"article:publisher\" content=\"https:\/\/www.facebook.com\/profile.php?id=100057192590976&amp;amp%3bamp%3bamp%3bamp%3bamp%3bamp%3bamp%3bamp%3bamp%3bamp%3bamp%3bamp%3bamp%3bamp%3bamp%3bamp%3bamp%3bamp%3bref=ts\" \/>\n<meta property=\"article:published_time\" content=\"2026-04-27T20:29:41+00:00\" \/>\n<meta property=\"article:modified_time\" content=\"2026-04-27T20:34:45+00:00\" \/>\n<meta property=\"og:image\" content=\"http:\/\/autosdelpodio.com\/autos\/wp-content\/uploads\/2026\/04\/Colapinto_F1_CABA.jpg\" \/>\n\t<meta property=\"og:image:width\" content=\"500\" \/>\n\t<meta property=\"og:image:height\" content=\"325\" \/>\n\t<meta property=\"og:image:type\" content=\"image\/jpeg\" \/>\n<meta name=\"author\" content=\"autosdelpodio\" \/>\n<meta name=\"twitter:card\" content=\"summary_large_image\" \/>\n<meta name=\"twitter:creator\" content=\"@autosdelpodio\" \/>\n<meta name=\"twitter:site\" content=\"@autosdelpodio\" \/>\n<meta name=\"twitter:label1\" content=\"Escrito por\" \/>\n\t<meta name=\"twitter:data1\" content=\"autosdelpodio\" \/>\n\t<meta name=\"twitter:label2\" content=\"Tiempo de lectura\" \/>\n\t<meta name=\"twitter:data2\" content=\"3 minutos\" \/>\n<script type=\"application\/ld+json\" class=\"yoast-schema-graph\">{\"@context\":\"https:\\\/\\\/schema.org\",\"@graph\":[{\"@type\":\"Article\",\"@id\":\"https:\\\/\\\/autosdelpodio.com\\\/autos\\\/el-dia-que-un-formula-1-volvio-a-latir-en-las-calles-de-buenos-aires\\\/#article\",\"isPartOf\":{\"@id\":\"https:\\\/\\\/autosdelpodio.com\\\/autos\\\/el-dia-que-un-formula-1-volvio-a-latir-en-las-calles-de-buenos-aires\\\/\"},\"author\":{\"name\":\"autosdelpodio\",\"@id\":\"http:\\\/\\\/autosdelpodio.com\\\/autos\\\/#\\\/schema\\\/person\\\/993527a4d01c3acdd3d6bce3770bc942\"},\"headline\":\"El d\u00eda que un F\u00f3rmula 1 volvi\u00f3 a latir en las calles de Buenos Aires\",\"datePublished\":\"2026-04-27T20:29:41+00:00\",\"dateModified\":\"2026-04-27T20:34:45+00:00\",\"mainEntityOfPage\":{\"@id\":\"https:\\\/\\\/autosdelpodio.com\\\/autos\\\/el-dia-que-un-formula-1-volvio-a-latir-en-las-calles-de-buenos-aires\\\/\"},\"wordCount\":547,\"commentCount\":0,\"publisher\":{\"@id\":\"http:\\\/\\\/autosdelpodio.com\\\/autos\\\/#organization\"},\"image\":{\"@id\":\"https:\\\/\\\/autosdelpodio.com\\\/autos\\\/el-dia-que-un-formula-1-volvio-a-latir-en-las-calles-de-buenos-aires\\\/#primaryimage\"},\"thumbnailUrl\":\"http:\\\/\\\/autosdelpodio.com\\\/autos\\\/wp-content\\\/uploads\\\/2026\\\/04\\\/Colapinto_F1_CABA.jpg\",\"keywords\":[\"Alpine\",\"CABA\",\"Franco Colapinto\",\"Renault\",\"Republica Argentina\"],\"articleSection\":[\"Destacado\",\"\u00daltimas noticias\"],\"inLanguage\":\"es\",\"potentialAction\":[{\"@type\":\"CommentAction\",\"name\":\"Comment\",\"target\":[\"https:\\\/\\\/autosdelpodio.com\\\/autos\\\/el-dia-que-un-formula-1-volvio-a-latir-en-las-calles-de-buenos-aires\\\/#respond\"]}]},{\"@type\":\"WebPage\",\"@id\":\"https:\\\/\\\/autosdelpodio.com\\\/autos\\\/el-dia-que-un-formula-1-volvio-a-latir-en-las-calles-de-buenos-aires\\\/\",\"url\":\"https:\\\/\\\/autosdelpodio.com\\\/autos\\\/el-dia-que-un-formula-1-volvio-a-latir-en-las-calles-de-buenos-aires\\\/\",\"name\":\"Autos del Podio | El d\u00eda que un F\u00f3rmula 1 volvi\u00f3 a latir en las calles de Buenos Aires\",\"isPartOf\":{\"@id\":\"http:\\\/\\\/autosdelpodio.com\\\/autos\\\/#website\"},\"primaryImageOfPage\":{\"@id\":\"https:\\\/\\\/autosdelpodio.com\\\/autos\\\/el-dia-que-un-formula-1-volvio-a-latir-en-las-calles-de-buenos-aires\\\/#primaryimage\"},\"image\":{\"@id\":\"https:\\\/\\\/autosdelpodio.com\\\/autos\\\/el-dia-que-un-formula-1-volvio-a-latir-en-las-calles-de-buenos-aires\\\/#primaryimage\"},\"thumbnailUrl\":\"http:\\\/\\\/autosdelpodio.com\\\/autos\\\/wp-content\\\/uploads\\\/2026\\\/04\\\/Colapinto_F1_CABA.jpg\",\"datePublished\":\"2026-04-27T20:29:41+00:00\",\"dateModified\":\"2026-04-27T20:34:45+00:00\",\"description\":\"Autos del Podio Cr\u00f3nica de un domingo donde la pasi\u00f3n por el automovilismo rompi\u00f3 todos los moldes.\",\"breadcrumb\":{\"@id\":\"https:\\\/\\\/autosdelpodio.com\\\/autos\\\/el-dia-que-un-formula-1-volvio-a-latir-en-las-calles-de-buenos-aires\\\/#breadcrumb\"},\"inLanguage\":\"es\",\"potentialAction\":[{\"@type\":\"ReadAction\",\"target\":[\"https:\\\/\\\/autosdelpodio.com\\\/autos\\\/el-dia-que-un-formula-1-volvio-a-latir-en-las-calles-de-buenos-aires\\\/\"]}]},{\"@type\":\"ImageObject\",\"inLanguage\":\"es\",\"@id\":\"https:\\\/\\\/autosdelpodio.com\\\/autos\\\/el-dia-que-un-formula-1-volvio-a-latir-en-las-calles-de-buenos-aires\\\/#primaryimage\",\"url\":\"http:\\\/\\\/autosdelpodio.com\\\/autos\\\/wp-content\\\/uploads\\\/2026\\\/04\\\/Colapinto_F1_CABA.jpg\",\"contentUrl\":\"http:\\\/\\\/autosdelpodio.com\\\/autos\\\/wp-content\\\/uploads\\\/2026\\\/04\\\/Colapinto_F1_CABA.jpg\",\"width\":500,\"height\":325},{\"@type\":\"BreadcrumbList\",\"@id\":\"https:\\\/\\\/autosdelpodio.com\\\/autos\\\/el-dia-que-un-formula-1-volvio-a-latir-en-las-calles-de-buenos-aires\\\/#breadcrumb\",\"itemListElement\":[{\"@type\":\"ListItem\",\"position\":1,\"name\":\"Portada\",\"item\":\"http:\\\/\\\/autosdelpodio.com\\\/autos\\\/\"},{\"@type\":\"ListItem\",\"position\":2,\"name\":\"El d\u00eda que un F\u00f3rmula 1 volvi\u00f3 a latir en las calles de Buenos Aires\"}]},{\"@type\":\"WebSite\",\"@id\":\"http:\\\/\\\/autosdelpodio.com\\\/autos\\\/#website\",\"url\":\"http:\\\/\\\/autosdelpodio.com\\\/autos\\\/\",\"name\":\"Autos del Podio\",\"description\":\"La sexta del deporte motor\",\"publisher\":{\"@id\":\"http:\\\/\\\/autosdelpodio.com\\\/autos\\\/#organization\"},\"potentialAction\":[{\"@type\":\"SearchAction\",\"target\":{\"@type\":\"EntryPoint\",\"urlTemplate\":\"http:\\\/\\\/autosdelpodio.com\\\/autos\\\/?s={search_term_string}\"},\"query-input\":{\"@type\":\"PropertyValueSpecification\",\"valueRequired\":true,\"valueName\":\"search_term_string\"}}],\"inLanguage\":\"es\"},{\"@type\":\"Organization\",\"@id\":\"http:\\\/\\\/autosdelpodio.com\\\/autos\\\/#organization\",\"name\":\"Autos del Podio\",\"url\":\"http:\\\/\\\/autosdelpodio.com\\\/autos\\\/\",\"logo\":{\"@type\":\"ImageObject\",\"inLanguage\":\"es\",\"@id\":\"http:\\\/\\\/autosdelpodio.com\\\/autos\\\/#\\\/schema\\\/logo\\\/image\\\/\",\"url\":\"http:\\\/\\\/autosdelpodio.com\\\/autos\\\/wp-content\\\/uploads\\\/2020\\\/08\\\/Logo_AR.jpg\",\"contentUrl\":\"http:\\\/\\\/autosdelpodio.com\\\/autos\\\/wp-content\\\/uploads\\\/2020\\\/08\\\/Logo_AR.jpg\",\"width\":1038,\"height\":1044,\"caption\":\"Autos del Podio\"},\"image\":{\"@id\":\"http:\\\/\\\/autosdelpodio.com\\\/autos\\\/#\\\/schema\\\/logo\\\/image\\\/\"},\"sameAs\":[\"https:\\\/\\\/www.facebook.com\\\/profile.php?id=100057192590976&amp;amp;amp;amp;amp;amp;amp;amp;amp;amp;amp;amp;amp;amp;amp;amp;amp;amp;ref=ts\",\"https:\\\/\\\/x.com\\\/autosdelpodio\",\"https:\\\/\\\/www.youtube.com\\\/user\\\/AutosdelPodio\"]},{\"@type\":\"Person\",\"@id\":\"http:\\\/\\\/autosdelpodio.com\\\/autos\\\/#\\\/schema\\\/person\\\/993527a4d01c3acdd3d6bce3770bc942\",\"name\":\"autosdelpodio\",\"image\":{\"@type\":\"ImageObject\",\"inLanguage\":\"es\",\"@id\":\"http:\\\/\\\/autosdelpodio.com\\\/autos\\\/wp-content\\\/litespeed\\\/avatar\\\/aa8f65cd201a80f6b844f63278aa84af.jpg?ver=1776798175\",\"url\":\"http:\\\/\\\/autosdelpodio.com\\\/autos\\\/wp-content\\\/litespeed\\\/avatar\\\/aa8f65cd201a80f6b844f63278aa84af.jpg?ver=1776798175\",\"contentUrl\":\"http:\\\/\\\/autosdelpodio.com\\\/autos\\\/wp-content\\\/litespeed\\\/avatar\\\/aa8f65cd201a80f6b844f63278aa84af.jpg?ver=1776798175\",\"caption\":\"autosdelpodio\"}}]}<\/script>\n<!-- \/ Yoast SEO plugin. -->","yoast_head_json":{"title":"Autos del Podio | El d\u00eda que un F\u00f3rmula 1 volvi\u00f3 a latir en las calles de Buenos Aires","description":"Autos del Podio Cr\u00f3nica de un domingo donde la pasi\u00f3n por el automovilismo rompi\u00f3 todos los moldes.","robots":{"index":"index","follow":"follow","max-snippet":"max-snippet:-1","max-image-preview":"max-image-preview:large","max-video-preview":"max-video-preview:-1"},"canonical":"https:\/\/autosdelpodio.com\/autos\/el-dia-que-un-formula-1-volvio-a-latir-en-las-calles-de-buenos-aires\/","og_locale":"es_ES","og_type":"article","og_title":"Franco Colapinto revolucion\u00f3 Buenos Aires en una jornada que combin\u00f3 shows, simuladores y el rugido de un F\u00f3rmula 1","og_description":"Cr\u00f3nica de un domingo donde la pasi\u00f3n por el automovilismo rompi\u00f3 todos los moldes.","og_url":"https:\/\/autosdelpodio.com\/autos\/el-dia-que-un-formula-1-volvio-a-latir-en-las-calles-de-buenos-aires\/","og_site_name":"Autos del Podio","article_publisher":"https:\/\/www.facebook.com\/profile.php?id=100057192590976&amp%3bamp%3bamp%3bamp%3bamp%3bamp%3bamp%3bamp%3bamp%3bamp%3bamp%3bamp%3bamp%3bamp%3bamp%3bamp%3bamp%3bamp%3bref=ts","article_published_time":"2026-04-27T20:29:41+00:00","article_modified_time":"2026-04-27T20:34:45+00:00","og_image":[{"width":500,"height":325,"url":"http:\/\/autosdelpodio.com\/autos\/wp-content\/uploads\/2026\/04\/Colapinto_F1_CABA.jpg","type":"image\/jpeg"}],"author":"autosdelpodio","twitter_card":"summary_large_image","twitter_creator":"@autosdelpodio","twitter_site":"@autosdelpodio","twitter_misc":{"Escrito por":"autosdelpodio","Tiempo de lectura":"3 minutos"},"schema":{"@context":"https:\/\/schema.org","@graph":[{"@type":"Article","@id":"https:\/\/autosdelpodio.com\/autos\/el-dia-que-un-formula-1-volvio-a-latir-en-las-calles-de-buenos-aires\/#article","isPartOf":{"@id":"https:\/\/autosdelpodio.com\/autos\/el-dia-que-un-formula-1-volvio-a-latir-en-las-calles-de-buenos-aires\/"},"author":{"name":"autosdelpodio","@id":"http:\/\/autosdelpodio.com\/autos\/#\/schema\/person\/993527a4d01c3acdd3d6bce3770bc942"},"headline":"El d\u00eda que un F\u00f3rmula 1 volvi\u00f3 a latir en las calles de Buenos Aires","datePublished":"2026-04-27T20:29:41+00:00","dateModified":"2026-04-27T20:34:45+00:00","mainEntityOfPage":{"@id":"https:\/\/autosdelpodio.com\/autos\/el-dia-que-un-formula-1-volvio-a-latir-en-las-calles-de-buenos-aires\/"},"wordCount":547,"commentCount":0,"publisher":{"@id":"http:\/\/autosdelpodio.com\/autos\/#organization"},"image":{"@id":"https:\/\/autosdelpodio.com\/autos\/el-dia-que-un-formula-1-volvio-a-latir-en-las-calles-de-buenos-aires\/#primaryimage"},"thumbnailUrl":"http:\/\/autosdelpodio.com\/autos\/wp-content\/uploads\/2026\/04\/Colapinto_F1_CABA.jpg","keywords":["Alpine","CABA","Franco Colapinto","Renault","Republica Argentina"],"articleSection":["Destacado","\u00daltimas noticias"],"inLanguage":"es","potentialAction":[{"@type":"CommentAction","name":"Comment","target":["https:\/\/autosdelpodio.com\/autos\/el-dia-que-un-formula-1-volvio-a-latir-en-las-calles-de-buenos-aires\/#respond"]}]},{"@type":"WebPage","@id":"https:\/\/autosdelpodio.com\/autos\/el-dia-que-un-formula-1-volvio-a-latir-en-las-calles-de-buenos-aires\/","url":"https:\/\/autosdelpodio.com\/autos\/el-dia-que-un-formula-1-volvio-a-latir-en-las-calles-de-buenos-aires\/","name":"Autos del Podio | El d\u00eda que un F\u00f3rmula 1 volvi\u00f3 a latir en las calles de Buenos Aires","isPartOf":{"@id":"http:\/\/autosdelpodio.com\/autos\/#website"},"primaryImageOfPage":{"@id":"https:\/\/autosdelpodio.com\/autos\/el-dia-que-un-formula-1-volvio-a-latir-en-las-calles-de-buenos-aires\/#primaryimage"},"image":{"@id":"https:\/\/autosdelpodio.com\/autos\/el-dia-que-un-formula-1-volvio-a-latir-en-las-calles-de-buenos-aires\/#primaryimage"},"thumbnailUrl":"http:\/\/autosdelpodio.com\/autos\/wp-content\/uploads\/2026\/04\/Colapinto_F1_CABA.jpg","datePublished":"2026-04-27T20:29:41+00:00","dateModified":"2026-04-27T20:34:45+00:00","description":"Autos del Podio Cr\u00f3nica de un domingo donde la pasi\u00f3n por el automovilismo rompi\u00f3 todos los moldes.","breadcrumb":{"@id":"https:\/\/autosdelpodio.com\/autos\/el-dia-que-un-formula-1-volvio-a-latir-en-las-calles-de-buenos-aires\/#breadcrumb"},"inLanguage":"es","potentialAction":[{"@type":"ReadAction","target":["https:\/\/autosdelpodio.com\/autos\/el-dia-que-un-formula-1-volvio-a-latir-en-las-calles-de-buenos-aires\/"]}]},{"@type":"ImageObject","inLanguage":"es","@id":"https:\/\/autosdelpodio.com\/autos\/el-dia-que-un-formula-1-volvio-a-latir-en-las-calles-de-buenos-aires\/#primaryimage","url":"http:\/\/autosdelpodio.com\/autos\/wp-content\/uploads\/2026\/04\/Colapinto_F1_CABA.jpg","contentUrl":"http:\/\/autosdelpodio.com\/autos\/wp-content\/uploads\/2026\/04\/Colapinto_F1_CABA.jpg","width":500,"height":325},{"@type":"BreadcrumbList","@id":"https:\/\/autosdelpodio.com\/autos\/el-dia-que-un-formula-1-volvio-a-latir-en-las-calles-de-buenos-aires\/#breadcrumb","itemListElement":[{"@type":"ListItem","position":1,"name":"Portada","item":"http:\/\/autosdelpodio.com\/autos\/"},{"@type":"ListItem","position":2,"name":"El d\u00eda que un F\u00f3rmula 1 volvi\u00f3 a latir en las calles de Buenos Aires"}]},{"@type":"WebSite","@id":"http:\/\/autosdelpodio.com\/autos\/#website","url":"http:\/\/autosdelpodio.com\/autos\/","name":"Autos del Podio","description":"La sexta del deporte motor","publisher":{"@id":"http:\/\/autosdelpodio.com\/autos\/#organization"},"potentialAction":[{"@type":"SearchAction","target":{"@type":"EntryPoint","urlTemplate":"http:\/\/autosdelpodio.com\/autos\/?s={search_term_string}"},"query-input":{"@type":"PropertyValueSpecification","valueRequired":true,"valueName":"search_term_string"}}],"inLanguage":"es"},{"@type":"Organization","@id":"http:\/\/autosdelpodio.com\/autos\/#organization","name":"Autos del Podio","url":"http:\/\/autosdelpodio.com\/autos\/","logo":{"@type":"ImageObject","inLanguage":"es","@id":"http:\/\/autosdelpodio.com\/autos\/#\/schema\/logo\/image\/","url":"http:\/\/autosdelpodio.com\/autos\/wp-content\/uploads\/2020\/08\/Logo_AR.jpg","contentUrl":"http:\/\/autosdelpodio.com\/autos\/wp-content\/uploads\/2020\/08\/Logo_AR.jpg","width":1038,"height":1044,"caption":"Autos del Podio"},"image":{"@id":"http:\/\/autosdelpodio.com\/autos\/#\/schema\/logo\/image\/"},"sameAs":["https:\/\/www.facebook.com\/profile.php?id=100057192590976&amp;amp;amp;amp;amp;amp;amp;amp;amp;amp;amp;amp;amp;amp;amp;amp;amp;amp;ref=ts","https:\/\/x.com\/autosdelpodio","https:\/\/www.youtube.com\/user\/AutosdelPodio"]},{"@type":"Person","@id":"http:\/\/autosdelpodio.com\/autos\/#\/schema\/person\/993527a4d01c3acdd3d6bce3770bc942","name":"autosdelpodio","image":{"@type":"ImageObject","inLanguage":"es","@id":"http:\/\/autosdelpodio.com\/autos\/wp-content\/litespeed\/avatar\/aa8f65cd201a80f6b844f63278aa84af.jpg?ver=1776798175","url":"http:\/\/autosdelpodio.com\/autos\/wp-content\/litespeed\/avatar\/aa8f65cd201a80f6b844f63278aa84af.jpg?ver=1776798175","contentUrl":"http:\/\/autosdelpodio.com\/autos\/wp-content\/litespeed\/avatar\/aa8f65cd201a80f6b844f63278aa84af.jpg?ver=1776798175","caption":"autosdelpodio"}}]}},"views":33,"_links":{"self":[{"href":"http:\/\/autosdelpodio.com\/autos\/wp-json\/wp\/v2\/posts\/9208","targetHints":{"allow":["GET"]}}],"collection":[{"href":"http:\/\/autosdelpodio.com\/autos\/wp-json\/wp\/v2\/posts"}],"about":[{"href":"http:\/\/autosdelpodio.com\/autos\/wp-json\/wp\/v2\/types\/post"}],"author":[{"embeddable":true,"href":"http:\/\/autosdelpodio.com\/autos\/wp-json\/wp\/v2\/users\/3"}],"replies":[{"embeddable":true,"href":"http:\/\/autosdelpodio.com\/autos\/wp-json\/wp\/v2\/comments?post=9208"}],"version-history":[{"count":4,"href":"http:\/\/autosdelpodio.com\/autos\/wp-json\/wp\/v2\/posts\/9208\/revisions"}],"predecessor-version":[{"id":9214,"href":"http:\/\/autosdelpodio.com\/autos\/wp-json\/wp\/v2\/posts\/9208\/revisions\/9214"}],"wp:featuredmedia":[{"embeddable":true,"href":"http:\/\/autosdelpodio.com\/autos\/wp-json\/wp\/v2\/media\/9209"}],"wp:attachment":[{"href":"http:\/\/autosdelpodio.com\/autos\/wp-json\/wp\/v2\/media?parent=9208"}],"wp:term":[{"taxonomy":"category","embeddable":true,"href":"http:\/\/autosdelpodio.com\/autos\/wp-json\/wp\/v2\/categories?post=9208"},{"taxonomy":"post_tag","embeddable":true,"href":"http:\/\/autosdelpodio.com\/autos\/wp-json\/wp\/v2\/tags?post=9208"}],"curies":[{"name":"wp","href":"https:\/\/api.w.org\/{rel}","templated":true}]}}