{"id":9215,"date":"2026-04-28T16:49:08","date_gmt":"2026-04-28T19:49:08","guid":{"rendered":"https:\/\/autosdelpodio.com\/autos\/?p=9215"},"modified":"2026-04-28T16:49:09","modified_gmt":"2026-04-28T19:49:09","slug":"las-tc-pick-up-correran-por-primera-vez-en-rosario","status":"publish","type":"post","link":"http:\/\/autosdelpodio.com\/autos\/las-tc-pick-up-correran-por-primera-vez-en-rosario\/","title":{"rendered":"Las TC Pick Up correr\u00e1n por primera vez en Rosario"},"content":{"rendered":"\n<p>La ACTC confirm\u00f3 que la 7\u00b0 fecha del TC Pick Up y TC Pista Pick Up se disputar\u00e1 el 15 y 16 de agosto en el Aut\u00f3dromo \u00abJuan Manuel Fangio\u00bb de Rosario, tras la inspecci\u00f3n de obras de seguridad en el circuito santafesino. La competencia, que incluir\u00e1 la ampliaci\u00f3n del play\u00f3n de boxes  forma parte de las gestiones para lograr el regreso del Turismo Carretera a la ciudad en el futuro. <\/p>\n\n\n\n<p>Tras inspeccionar la construcci\u00f3n de muros y ampliaci\u00f3n de las camas de leca, se confirm\u00f3 el debut en Rosario de la categor\u00eda creada en 2018. Esta visita marca el 11\u00ba escenario diferente fuera de La Plata, consolidando la expansi\u00f3n federal que ya recorri\u00f3 plazas como San Nicol\u00e1s, Posadas, San Juan, R\u00edo Cuarto, Alta Gracia, Paran\u00e1, Viedma y Comodoro Rivadavia.<\/p>\n\n\n\n<p><\/p>\n\n\n\n<figure class=\"wp-block-pullquote\"><blockquote><p><mark style=\"background-color:rgba(0, 0, 0, 0)\" class=\"has-inline-color has-cm-color-3-color\"><em>\u00abEscribimos y generamos contenido con la misma pasi\u00f3n con la que vos le\u00e9s. Al ser un\u00a0<strong>medio autogestionado<\/strong>, cada palabra es un esfuerzo propio que compartimos con nuestra gente. Si valor\u00e1s esta independencia, sumate con un aporte al Alias\u00a0<strong>AUTOS.DELPODIO<\/strong>\u00a0<\/em><br><em>Tu solidaridad es el combustible que mantiene este refugio encendido para todos los que amamos los motores.\u00bb<\/em><\/mark><\/p><\/blockquote><\/figure>\n\n\n\n<p><\/p>\n","protected":false},"excerpt":{"rendered":"<p>La ACTC confirm\u00f3 que la 7\u00b0 fecha del TC Pick Up y TC Pista Pick Up se disputar\u00e1 el 15<\/p>\n","protected":false},"author":3,"featured_media":8220,"comment_status":"open","ping_status":"open","sticky":false,"template":"","format":"standard","meta":{"colormag_page_container_layout":"default_layout","colormag_page_sidebar_layout":"default_layout","footnotes":""},"categories":[874,5],"tags":[143,528,86,105,145],"class_list":["post-9215","post","type-post","status-publish","format-standard","has-post-thumbnail","hentry","category-pilotos-y-categorias","category-latest-news","tag-actc","tag-autodromo-rosario","tag-pilotos-y-categorias","tag-santa-fe","tag-tc-pick-up"],"yoast_head":"<!-- This site is optimized with the Yoast SEO plugin v27.5 - https:\/\/yoast.com\/product\/yoast-seo-wordpress\/ -->\n<title>Autos del Podio | Las TC Pick Up correr\u00e1n por primera vez en Rosario<\/title>\n<meta name=\"description\" content=\"Autos del Podio El pr\u00f3ximo 18 de mayo, el aut\u00f3dromo rosarino recibir\u00e1 a las categor\u00edas de camionetas de la ACTC\" \/>\n<meta name=\"robots\" content=\"index, follow, max-snippet:-1, max-image-preview:large, max-video-preview:-1\" \/>\n<link rel=\"canonical\" href=\"https:\/\/autosdelpodio.com\/autos\/las-tc-pick-up-correran-por-primera-vez-en-rosario\/\" \/>\n<meta property=\"og:locale\" content=\"es_ES\" \/>\n<meta property=\"og:type\" content=\"article\" \/>\n<meta property=\"og:title\" content=\"Rosario se prepara para la llegada de las TC Pick Up\" \/>\n<meta property=\"og:description\" content=\"El pr\u00f3ximo 18 de mayo, el aut\u00f3dromo rosarino recibir\u00e1 a las categor\u00edas de camionetas de la ACTC\" \/>\n<meta property=\"og:url\" content=\"https:\/\/autosdelpodio.com\/autos\/las-tc-pick-up-correran-por-primera-vez-en-rosario\/\" \/>\n<meta property=\"og:site_name\" content=\"Autos del Podio\" \/>\n<meta property=\"article:publisher\" content=\"https:\/\/www.facebook.com\/profile.php?id=100057192590976&amp;amp%3bamp%3bamp%3bamp%3bamp%3bamp%3bamp%3bamp%3bamp%3bamp%3bamp%3bamp%3bamp%3bamp%3bamp%3bamp%3bamp%3bamp%3bref=ts\" \/>\n<meta property=\"article:published_time\" content=\"2026-04-28T19:49:08+00:00\" \/>\n<meta property=\"article:modified_time\" content=\"2026-04-28T19:49:09+00:00\" \/>\n<meta property=\"og:image\" content=\"http:\/\/autosdelpodio.com\/autos\/wp-content\/uploads\/2025\/03\/TCPK_Logo.jpg\" \/>\n\t<meta property=\"og:image:width\" content=\"500\" \/>\n\t<meta property=\"og:image:height\" content=\"225\" \/>\n\t<meta property=\"og:image:type\" content=\"image\/jpeg\" \/>\n<meta name=\"author\" content=\"autosdelpodio\" \/>\n<meta name=\"twitter:card\" content=\"summary_large_image\" \/>\n<meta name=\"twitter:creator\" content=\"@autosdelpodio\" \/>\n<meta name=\"twitter:site\" content=\"@autosdelpodio\" \/>\n<meta name=\"twitter:label1\" content=\"Escrito por\" \/>\n\t<meta name=\"twitter:data1\" content=\"autosdelpodio\" \/>\n\t<meta name=\"twitter:label2\" content=\"Tiempo de lectura\" \/>\n\t<meta name=\"twitter:data2\" content=\"1 minuto\" \/>\n<script type=\"application\/ld+json\" class=\"yoast-schema-graph\">{\"@context\":\"https:\\\/\\\/schema.org\",\"@graph\":[{\"@type\":\"Article\",\"@id\":\"https:\\\/\\\/autosdelpodio.com\\\/autos\\\/las-tc-pick-up-correran-por-primera-vez-en-rosario\\\/#article\",\"isPartOf\":{\"@id\":\"https:\\\/\\\/autosdelpodio.com\\\/autos\\\/las-tc-pick-up-correran-por-primera-vez-en-rosario\\\/\"},\"author\":{\"name\":\"autosdelpodio\",\"@id\":\"http:\\\/\\\/autosdelpodio.com\\\/autos\\\/#\\\/schema\\\/person\\\/993527a4d01c3acdd3d6bce3770bc942\"},\"headline\":\"Las TC Pick Up correr\u00e1n por primera vez en Rosario\",\"datePublished\":\"2026-04-28T19:49:08+00:00\",\"dateModified\":\"2026-04-28T19:49:09+00:00\",\"mainEntityOfPage\":{\"@id\":\"https:\\\/\\\/autosdelpodio.com\\\/autos\\\/las-tc-pick-up-correran-por-primera-vez-en-rosario\\\/\"},\"wordCount\":207,\"commentCount\":0,\"publisher\":{\"@id\":\"http:\\\/\\\/autosdelpodio.com\\\/autos\\\/#organization\"},\"image\":{\"@id\":\"https:\\\/\\\/autosdelpodio.com\\\/autos\\\/las-tc-pick-up-correran-por-primera-vez-en-rosario\\\/#primaryimage\"},\"thumbnailUrl\":\"http:\\\/\\\/autosdelpodio.com\\\/autos\\\/wp-content\\\/uploads\\\/2025\\\/03\\\/TCPK_Logo.jpg\",\"keywords\":[\"ACTC\",\"Autodromo Rosario\",\"Pilotos y Categorias\",\"Santa Fe\",\"TC Pick Up\"],\"articleSection\":[\"Pilotos y Categor\u00edas\",\"\u00daltimas noticias\"],\"inLanguage\":\"es\",\"potentialAction\":[{\"@type\":\"CommentAction\",\"name\":\"Comment\",\"target\":[\"https:\\\/\\\/autosdelpodio.com\\\/autos\\\/las-tc-pick-up-correran-por-primera-vez-en-rosario\\\/#respond\"]}]},{\"@type\":\"WebPage\",\"@id\":\"https:\\\/\\\/autosdelpodio.com\\\/autos\\\/las-tc-pick-up-correran-por-primera-vez-en-rosario\\\/\",\"url\":\"https:\\\/\\\/autosdelpodio.com\\\/autos\\\/las-tc-pick-up-correran-por-primera-vez-en-rosario\\\/\",\"name\":\"Autos del Podio | Las TC Pick Up correr\u00e1n por primera vez en Rosario\",\"isPartOf\":{\"@id\":\"http:\\\/\\\/autosdelpodio.com\\\/autos\\\/#website\"},\"primaryImageOfPage\":{\"@id\":\"https:\\\/\\\/autosdelpodio.com\\\/autos\\\/las-tc-pick-up-correran-por-primera-vez-en-rosario\\\/#primaryimage\"},\"image\":{\"@id\":\"https:\\\/\\\/autosdelpodio.com\\\/autos\\\/las-tc-pick-up-correran-por-primera-vez-en-rosario\\\/#primaryimage\"},\"thumbnailUrl\":\"http:\\\/\\\/autosdelpodio.com\\\/autos\\\/wp-content\\\/uploads\\\/2025\\\/03\\\/TCPK_Logo.jpg\",\"datePublished\":\"2026-04-28T19:49:08+00:00\",\"dateModified\":\"2026-04-28T19:49:09+00:00\",\"description\":\"Autos del Podio El pr\u00f3ximo 18 de mayo, el aut\u00f3dromo rosarino recibir\u00e1 a las categor\u00edas de camionetas de la ACTC\",\"breadcrumb\":{\"@id\":\"https:\\\/\\\/autosdelpodio.com\\\/autos\\\/las-tc-pick-up-correran-por-primera-vez-en-rosario\\\/#breadcrumb\"},\"inLanguage\":\"es\",\"potentialAction\":[{\"@type\":\"ReadAction\",\"target\":[\"https:\\\/\\\/autosdelpodio.com\\\/autos\\\/las-tc-pick-up-correran-por-primera-vez-en-rosario\\\/\"]}]},{\"@type\":\"ImageObject\",\"inLanguage\":\"es\",\"@id\":\"https:\\\/\\\/autosdelpodio.com\\\/autos\\\/las-tc-pick-up-correran-por-primera-vez-en-rosario\\\/#primaryimage\",\"url\":\"http:\\\/\\\/autosdelpodio.com\\\/autos\\\/wp-content\\\/uploads\\\/2025\\\/03\\\/TCPK_Logo.jpg\",\"contentUrl\":\"http:\\\/\\\/autosdelpodio.com\\\/autos\\\/wp-content\\\/uploads\\\/2025\\\/03\\\/TCPK_Logo.jpg\",\"width\":500,\"height\":225},{\"@type\":\"BreadcrumbList\",\"@id\":\"https:\\\/\\\/autosdelpodio.com\\\/autos\\\/las-tc-pick-up-correran-por-primera-vez-en-rosario\\\/#breadcrumb\",\"itemListElement\":[{\"@type\":\"ListItem\",\"position\":1,\"name\":\"Portada\",\"item\":\"http:\\\/\\\/autosdelpodio.com\\\/autos\\\/\"},{\"@type\":\"ListItem\",\"position\":2,\"name\":\"Las TC Pick Up correr\u00e1n por primera vez en Rosario\"}]},{\"@type\":\"WebSite\",\"@id\":\"http:\\\/\\\/autosdelpodio.com\\\/autos\\\/#website\",\"url\":\"http:\\\/\\\/autosdelpodio.com\\\/autos\\\/\",\"name\":\"Autos del Podio\",\"description\":\"La sexta del deporte motor\",\"publisher\":{\"@id\":\"http:\\\/\\\/autosdelpodio.com\\\/autos\\\/#organization\"},\"potentialAction\":[{\"@type\":\"SearchAction\",\"target\":{\"@type\":\"EntryPoint\",\"urlTemplate\":\"http:\\\/\\\/autosdelpodio.com\\\/autos\\\/?s={search_term_string}\"},\"query-input\":{\"@type\":\"PropertyValueSpecification\",\"valueRequired\":true,\"valueName\":\"search_term_string\"}}],\"inLanguage\":\"es\"},{\"@type\":\"Organization\",\"@id\":\"http:\\\/\\\/autosdelpodio.com\\\/autos\\\/#organization\",\"name\":\"Autos del Podio\",\"url\":\"http:\\\/\\\/autosdelpodio.com\\\/autos\\\/\",\"logo\":{\"@type\":\"ImageObject\",\"inLanguage\":\"es\",\"@id\":\"http:\\\/\\\/autosdelpodio.com\\\/autos\\\/#\\\/schema\\\/logo\\\/image\\\/\",\"url\":\"http:\\\/\\\/autosdelpodio.com\\\/autos\\\/wp-content\\\/uploads\\\/2020\\\/08\\\/Logo_AR.jpg\",\"contentUrl\":\"http:\\\/\\\/autosdelpodio.com\\\/autos\\\/wp-content\\\/uploads\\\/2020\\\/08\\\/Logo_AR.jpg\",\"width\":1038,\"height\":1044,\"caption\":\"Autos del Podio\"},\"image\":{\"@id\":\"http:\\\/\\\/autosdelpodio.com\\\/autos\\\/#\\\/schema\\\/logo\\\/image\\\/\"},\"sameAs\":[\"https:\\\/\\\/www.facebook.com\\\/profile.php?id=100057192590976&amp;amp;amp;amp;amp;amp;amp;amp;amp;amp;amp;amp;amp;amp;amp;amp;amp;amp;ref=ts\",\"https:\\\/\\\/x.com\\\/autosdelpodio\",\"https:\\\/\\\/www.youtube.com\\\/user\\\/AutosdelPodio\"]},{\"@type\":\"Person\",\"@id\":\"http:\\\/\\\/autosdelpodio.com\\\/autos\\\/#\\\/schema\\\/person\\\/993527a4d01c3acdd3d6bce3770bc942\",\"name\":\"autosdelpodio\",\"image\":{\"@type\":\"ImageObject\",\"inLanguage\":\"es\",\"@id\":\"http:\\\/\\\/autosdelpodio.com\\\/autos\\\/wp-content\\\/litespeed\\\/avatar\\\/aa8f65cd201a80f6b844f63278aa84af.jpg?ver=1777403005\",\"url\":\"http:\\\/\\\/autosdelpodio.com\\\/autos\\\/wp-content\\\/litespeed\\\/avatar\\\/aa8f65cd201a80f6b844f63278aa84af.jpg?ver=1777403005\",\"contentUrl\":\"http:\\\/\\\/autosdelpodio.com\\\/autos\\\/wp-content\\\/litespeed\\\/avatar\\\/aa8f65cd201a80f6b844f63278aa84af.jpg?ver=1777403005\",\"caption\":\"autosdelpodio\"}}]}<\/script>\n<!-- \/ Yoast SEO plugin. -->","yoast_head_json":{"title":"Autos del Podio | Las TC Pick Up correr\u00e1n por primera vez en Rosario","description":"Autos del Podio El pr\u00f3ximo 18 de mayo, el aut\u00f3dromo rosarino recibir\u00e1 a las categor\u00edas de camionetas de la ACTC","robots":{"index":"index","follow":"follow","max-snippet":"max-snippet:-1","max-image-preview":"max-image-preview:large","max-video-preview":"max-video-preview:-1"},"canonical":"https:\/\/autosdelpodio.com\/autos\/las-tc-pick-up-correran-por-primera-vez-en-rosario\/","og_locale":"es_ES","og_type":"article","og_title":"Rosario se prepara para la llegada de las TC Pick Up","og_description":"El pr\u00f3ximo 18 de mayo, el aut\u00f3dromo rosarino recibir\u00e1 a las categor\u00edas de camionetas de la ACTC","og_url":"https:\/\/autosdelpodio.com\/autos\/las-tc-pick-up-correran-por-primera-vez-en-rosario\/","og_site_name":"Autos del Podio","article_publisher":"https:\/\/www.facebook.com\/profile.php?id=100057192590976&amp%3bamp%3bamp%3bamp%3bamp%3bamp%3bamp%3bamp%3bamp%3bamp%3bamp%3bamp%3bamp%3bamp%3bamp%3bamp%3bamp%3bamp%3bref=ts","article_published_time":"2026-04-28T19:49:08+00:00","article_modified_time":"2026-04-28T19:49:09+00:00","og_image":[{"width":500,"height":225,"url":"http:\/\/autosdelpodio.com\/autos\/wp-content\/uploads\/2025\/03\/TCPK_Logo.jpg","type":"image\/jpeg"}],"author":"autosdelpodio","twitter_card":"summary_large_image","twitter_creator":"@autosdelpodio","twitter_site":"@autosdelpodio","twitter_misc":{"Escrito por":"autosdelpodio","Tiempo de lectura":"1 minuto"},"schema":{"@context":"https:\/\/schema.org","@graph":[{"@type":"Article","@id":"https:\/\/autosdelpodio.com\/autos\/las-tc-pick-up-correran-por-primera-vez-en-rosario\/#article","isPartOf":{"@id":"https:\/\/autosdelpodio.com\/autos\/las-tc-pick-up-correran-por-primera-vez-en-rosario\/"},"author":{"name":"autosdelpodio","@id":"http:\/\/autosdelpodio.com\/autos\/#\/schema\/person\/993527a4d01c3acdd3d6bce3770bc942"},"headline":"Las TC Pick Up correr\u00e1n por primera vez en Rosario","datePublished":"2026-04-28T19:49:08+00:00","dateModified":"2026-04-28T19:49:09+00:00","mainEntityOfPage":{"@id":"https:\/\/autosdelpodio.com\/autos\/las-tc-pick-up-correran-por-primera-vez-en-rosario\/"},"wordCount":207,"commentCount":0,"publisher":{"@id":"http:\/\/autosdelpodio.com\/autos\/#organization"},"image":{"@id":"https:\/\/autosdelpodio.com\/autos\/las-tc-pick-up-correran-por-primera-vez-en-rosario\/#primaryimage"},"thumbnailUrl":"http:\/\/autosdelpodio.com\/autos\/wp-content\/uploads\/2025\/03\/TCPK_Logo.jpg","keywords":["ACTC","Autodromo Rosario","Pilotos y Categorias","Santa Fe","TC Pick Up"],"articleSection":["Pilotos y Categor\u00edas","\u00daltimas noticias"],"inLanguage":"es","potentialAction":[{"@type":"CommentAction","name":"Comment","target":["https:\/\/autosdelpodio.com\/autos\/las-tc-pick-up-correran-por-primera-vez-en-rosario\/#respond"]}]},{"@type":"WebPage","@id":"https:\/\/autosdelpodio.com\/autos\/las-tc-pick-up-correran-por-primera-vez-en-rosario\/","url":"https:\/\/autosdelpodio.com\/autos\/las-tc-pick-up-correran-por-primera-vez-en-rosario\/","name":"Autos del Podio | Las TC Pick Up correr\u00e1n por primera vez en Rosario","isPartOf":{"@id":"http:\/\/autosdelpodio.com\/autos\/#website"},"primaryImageOfPage":{"@id":"https:\/\/autosdelpodio.com\/autos\/las-tc-pick-up-correran-por-primera-vez-en-rosario\/#primaryimage"},"image":{"@id":"https:\/\/autosdelpodio.com\/autos\/las-tc-pick-up-correran-por-primera-vez-en-rosario\/#primaryimage"},"thumbnailUrl":"http:\/\/autosdelpodio.com\/autos\/wp-content\/uploads\/2025\/03\/TCPK_Logo.jpg","datePublished":"2026-04-28T19:49:08+00:00","dateModified":"2026-04-28T19:49:09+00:00","description":"Autos del Podio El pr\u00f3ximo 18 de mayo, el aut\u00f3dromo rosarino recibir\u00e1 a las categor\u00edas de camionetas de la ACTC","breadcrumb":{"@id":"https:\/\/autosdelpodio.com\/autos\/las-tc-pick-up-correran-por-primera-vez-en-rosario\/#breadcrumb"},"inLanguage":"es","potentialAction":[{"@type":"ReadAction","target":["https:\/\/autosdelpodio.com\/autos\/las-tc-pick-up-correran-por-primera-vez-en-rosario\/"]}]},{"@type":"ImageObject","inLanguage":"es","@id":"https:\/\/autosdelpodio.com\/autos\/las-tc-pick-up-correran-por-primera-vez-en-rosario\/#primaryimage","url":"http:\/\/autosdelpodio.com\/autos\/wp-content\/uploads\/2025\/03\/TCPK_Logo.jpg","contentUrl":"http:\/\/autosdelpodio.com\/autos\/wp-content\/uploads\/2025\/03\/TCPK_Logo.jpg","width":500,"height":225},{"@type":"BreadcrumbList","@id":"https:\/\/autosdelpodio.com\/autos\/las-tc-pick-up-correran-por-primera-vez-en-rosario\/#breadcrumb","itemListElement":[{"@type":"ListItem","position":1,"name":"Portada","item":"http:\/\/autosdelpodio.com\/autos\/"},{"@type":"ListItem","position":2,"name":"Las TC Pick Up correr\u00e1n por primera vez en Rosario"}]},{"@type":"WebSite","@id":"http:\/\/autosdelpodio.com\/autos\/#website","url":"http:\/\/autosdelpodio.com\/autos\/","name":"Autos del Podio","description":"La sexta del deporte motor","publisher":{"@id":"http:\/\/autosdelpodio.com\/autos\/#organization"},"potentialAction":[{"@type":"SearchAction","target":{"@type":"EntryPoint","urlTemplate":"http:\/\/autosdelpodio.com\/autos\/?s={search_term_string}"},"query-input":{"@type":"PropertyValueSpecification","valueRequired":true,"valueName":"search_term_string"}}],"inLanguage":"es"},{"@type":"Organization","@id":"http:\/\/autosdelpodio.com\/autos\/#organization","name":"Autos del Podio","url":"http:\/\/autosdelpodio.com\/autos\/","logo":{"@type":"ImageObject","inLanguage":"es","@id":"http:\/\/autosdelpodio.com\/autos\/#\/schema\/logo\/image\/","url":"http:\/\/autosdelpodio.com\/autos\/wp-content\/uploads\/2020\/08\/Logo_AR.jpg","contentUrl":"http:\/\/autosdelpodio.com\/autos\/wp-content\/uploads\/2020\/08\/Logo_AR.jpg","width":1038,"height":1044,"caption":"Autos del Podio"},"image":{"@id":"http:\/\/autosdelpodio.com\/autos\/#\/schema\/logo\/image\/"},"sameAs":["https:\/\/www.facebook.com\/profile.php?id=100057192590976&amp;amp;amp;amp;amp;amp;amp;amp;amp;amp;amp;amp;amp;amp;amp;amp;amp;amp;ref=ts","https:\/\/x.com\/autosdelpodio","https:\/\/www.youtube.com\/user\/AutosdelPodio"]},{"@type":"Person","@id":"http:\/\/autosdelpodio.com\/autos\/#\/schema\/person\/993527a4d01c3acdd3d6bce3770bc942","name":"autosdelpodio","image":{"@type":"ImageObject","inLanguage":"es","@id":"http:\/\/autosdelpodio.com\/autos\/wp-content\/litespeed\/avatar\/aa8f65cd201a80f6b844f63278aa84af.jpg?ver=1777403005","url":"http:\/\/autosdelpodio.com\/autos\/wp-content\/litespeed\/avatar\/aa8f65cd201a80f6b844f63278aa84af.jpg?ver=1777403005","contentUrl":"http:\/\/autosdelpodio.com\/autos\/wp-content\/litespeed\/avatar\/aa8f65cd201a80f6b844f63278aa84af.jpg?ver=1777403005","caption":"autosdelpodio"}}]}},"views":18,"_links":{"self":[{"href":"http:\/\/autosdelpodio.com\/autos\/wp-json\/wp\/v2\/posts\/9215","targetHints":{"allow":["GET"]}}],"collection":[{"href":"http:\/\/autosdelpodio.com\/autos\/wp-json\/wp\/v2\/posts"}],"about":[{"href":"http:\/\/autosdelpodio.com\/autos\/wp-json\/wp\/v2\/types\/post"}],"author":[{"embeddable":true,"href":"http:\/\/autosdelpodio.com\/autos\/wp-json\/wp\/v2\/users\/3"}],"replies":[{"embeddable":true,"href":"http:\/\/autosdelpodio.com\/autos\/wp-json\/wp\/v2\/comments?post=9215"}],"version-history":[{"count":2,"href":"http:\/\/autosdelpodio.com\/autos\/wp-json\/wp\/v2\/posts\/9215\/revisions"}],"predecessor-version":[{"id":9217,"href":"http:\/\/autosdelpodio.com\/autos\/wp-json\/wp\/v2\/posts\/9215\/revisions\/9217"}],"wp:featuredmedia":[{"embeddable":true,"href":"http:\/\/autosdelpodio.com\/autos\/wp-json\/wp\/v2\/media\/8220"}],"wp:attachment":[{"href":"http:\/\/autosdelpodio.com\/autos\/wp-json\/wp\/v2\/media?parent=9215"}],"wp:term":[{"taxonomy":"category","embeddable":true,"href":"http:\/\/autosdelpodio.com\/autos\/wp-json\/wp\/v2\/categories?post=9215"},{"taxonomy":"post_tag","embeddable":true,"href":"http:\/\/autosdelpodio.com\/autos\/wp-json\/wp\/v2\/tags?post=9215"}],"curies":[{"name":"wp","href":"https:\/\/api.w.org\/{rel}","templated":true}]}}