{"id":934,"date":"2014-02-16T17:27:21","date_gmt":"2014-02-16T17:27:21","guid":{"rendered":"http:\/\/autosdelpodio.com\/autos\/2014\/02\/16\/retorno-triunfal-de-girolami-en-el-trv6\/"},"modified":"2014-02-16T17:27:21","modified_gmt":"2014-02-16T17:27:21","slug":"retorno-triunfal-de-girolami-en-el-trv6","status":"publish","type":"post","link":"http:\/\/autosdelpodio.com\/autos\/retorno-triunfal-de-girolami-en-el-trv6\/","title":{"rendered":"Retorno triunfal de Girolami en el TRV6"},"content":{"rendered":"<p style=\"text-align: justify;\"><span style=\"line-height: 1.3em;\">Pese a que triunf\u00f3 de punta a punta a lo largo de 32 vueltas, N\u00e9stor Girolami (Mitsubishi Lancer) estuvo involucrado en un toque con el actual campe\u00f3n Agust\u00edn Canapino \u00a0(Mercedes) en el re lanzamiento de la carrera en la vuelta 17, situaci\u00f3n que no fue sancionada por el comisariato deportivo de la CDA. <\/span><\/p>\n<p>  <!--more-->  <\/p>\n<p><span style=\"text-align: justify; line-height: 1.3em;\">Gustavo Tadei (Chevrolet Cruze) y Rafael Morgenstern (Mitsubishi Lancer) completaron el podio en lo que fue el arranque del Top Race V6 en Autodromo Eusebio Marcilla de Jun\u00edn.<\/span><\/p>\n<p style=\"text-align: justify;\">La pr\u00f3xima fecha ser\u00e1 en el Autodromo Juan Manuel Fangio de Rosario, el 16 de Marzo.<\/p>\n<p style=\"text-align: justify;\"><strong>Final TRV6 a 32 vueltas<\/strong><\/p>\n<p>1<span style=\"white-space: pre;\"> <\/span>63<span style=\"white-space: pre;\"> <\/span>GIROLAMI NESTOR<span style=\"white-space: pre;\"> <\/span>LANCER<span style=\"white-space: pre;\"> <\/span>46;55,126<span style=\"white-space: pre;\"> <\/span><\/p>\n<p>2<span style=\"white-space: pre;\"> <\/span>666<span style=\"white-space: pre;\"> <\/span>TADEI GUSTAVO<span style=\"white-space: pre;\"> <\/span>CRUZE<span style=\"white-space: pre;\"> <\/span>46;57,947<span style=\"white-space: pre;\"> <\/span>2,821<\/p>\n<p>3<span style=\"white-space: pre;\"> <\/span>3<span style=\"white-space: pre;\"> <\/span>MORGENSTERN RAFAEL<span style=\"white-space: pre;\"> <\/span>LANCER<span style=\"white-space: pre;\"> <\/span>47;01,819<span style=\"white-space: pre;\"> <\/span>6,693<\/p>\n<p>4<span style=\"white-space: pre;\"> <\/span>333<span style=\"white-space: pre;\"> <\/span>MICHELOUD GUSTAVO<span style=\"white-space: pre;\"> <\/span>MONDEO<span style=\"white-space: pre;\"> <\/span>47;02,055<span style=\"white-space: pre;\"> <\/span>6,929<\/p>\n<p>5<span style=\"white-space: pre;\"> <\/span>9<span style=\"white-space: pre;\"> <\/span>SIRVENT GERMAN<span style=\"white-space: pre;\"> <\/span>CRUZE<span style=\"white-space: pre;\"> <\/span>47;08,188<span style=\"white-space: pre;\"> <\/span>13,062<\/p>\n<p>6<span style=\"white-space: pre;\"> <\/span>1<span style=\"white-space: pre;\"> <\/span>CANAPINO AGUSTIN<span style=\"white-space: pre;\"> <\/span>MERCEDES<span style=\"white-space: pre;\"> <\/span>47;08,948<span style=\"white-space: pre;\"> <\/span>13,822<\/p>\n<p>7<span style=\"white-space: pre;\"> <\/span>2<span style=\"white-space: pre;\"> <\/span>ALVAREZ JUAN CRUZ<span style=\"white-space: pre;\"> <\/span>PASSAT<span style=\"white-space: pre;\"> <\/span>47;15,183<span style=\"white-space: pre;\"> <\/span>20,057<\/p>\n<p>8<span style=\"white-space: pre;\"> <\/span>23<span style=\"white-space: pre;\"> <\/span>BENAMO LUCAS<span style=\"white-space: pre;\"> <\/span>PASSAT<span style=\"white-space: pre;\"> <\/span>47;15,571<span style=\"white-space: pre;\"> <\/span>20,445<\/p>\n<p>9<span style=\"white-space: pre;\"> <\/span>17<span style=\"white-space: pre;\"> <\/span>COTIGNOLA NICOLAS<span style=\"white-space: pre;\"> <\/span>MONDEO<span style=\"white-space: pre;\"> <\/span>47;23,352<span style=\"white-space: pre;\"> <\/span>28,226<\/p>\n<p>10<span style=\"white-space: pre;\"> <\/span>18<span style=\"white-space: pre;\"> <\/span>VAZQUEZ MARCOS<span style=\"white-space: pre;\"> <\/span>LANCER<span style=\"white-space: pre;\"> <\/span>47;28,248<span style=\"white-space: pre;\"> <\/span>33,122<\/p>\n<p>11<span style=\"white-space: pre;\"> <\/span>75<span style=\"white-space: pre;\"> <\/span>FONTANA NORBERTO<span style=\"white-space: pre;\"> <\/span>PASSAT<span style=\"white-space: pre;\"> <\/span>47;35,604<span style=\"white-space: pre;\"> <\/span>40,478<\/p>\n<p>12<span style=\"white-space: pre;\"> <\/span>10<span style=\"white-space: pre;\"> <\/span>AZAR DIEGO<span style=\"white-space: pre;\"> <\/span>MERCEDES<span style=\"white-space: pre;\"> <\/span>47;27,286<span style=\"white-space: pre;\"> <\/span>32,160<\/p>\n<p>13<span style=\"white-space: pre;\"> <\/span>95<span style=\"white-space: pre;\"> <\/span>MONTENEGRO GONZALO<span style=\"white-space: pre;\"> <\/span>MONDEO<span style=\"white-space: pre;\"> <\/span>41;57,793<span style=\"white-space: pre;\"> <\/span>1192:57;49,963<\/p>\n<p>14<span style=\"white-space: pre;\"> <\/span>19<span style=\"white-space: pre;\"> <\/span>KRUJOSKI HUMBERTO<span style=\"white-space: pre;\"> <\/span>MERCEDES<span style=\"white-space: pre;\"> <\/span>31;27,460<span style=\"white-space: pre;\"> <\/span>1192:47;19,630<\/p>\n<p>15<span style=\"white-space: pre;\"> <\/span>55<span style=\"white-space: pre;\"> <\/span>AGRELO MARCELO<span style=\"white-space: pre;\"> <\/span>CRUZE<span style=\"white-space: pre;\"> <\/span>25;43,308<span style=\"white-space: pre;\"> <\/span>1192:41;35,478<\/p>\n<p>16<span style=\"white-space: pre;\"> <\/span>7<span style=\"white-space: pre;\"> <\/span>SGANGA ANTONINO<span style=\"white-space: pre;\"> <\/span>MERCEDES<span style=\"white-space: pre;\"> <\/span>20;19,885<span style=\"white-space: pre;\"> <\/span>1192:36;12,055<\/p>\n<p>17<span style=\"white-space: pre;\"> <\/span>12<span style=\"white-space: pre;\"> <\/span>MOISES FEDERICO<span style=\"white-space: pre;\"> <\/span>MERCEDES<span style=\"white-space: pre;\"> <\/span>11;30,283<span style=\"white-space: pre;\"> <\/span>1192:27;22,453<\/p>\n<p>18<span style=\"white-space: pre;\"> <\/span>32<span style=\"white-space: pre;\"> <\/span>LEGUIZAMON ALEJANDRO<span style=\"white-space: pre;\"> <\/span>MERCEDES<span style=\"white-space: pre;\"> <\/span>4;43,352<span style=\"white-space: pre;\"> <\/span>1192:20;35,522<\/p>\n","protected":false},"excerpt":{"rendered":"<p>Pese a que triunf\u00f3 de punta a punta a lo largo de 32 vueltas, N\u00e9stor Girolami (Mitsubishi Lancer) estuvo involucrado<\/p>\n","protected":false},"author":1,"featured_media":0,"comment_status":"open","ping_status":"open","sticky":false,"template":"","format":"standard","meta":{"colormag_page_container_layout":"default_layout","colormag_page_sidebar_layout":"default_layout","footnotes":""},"categories":[5],"tags":[],"class_list":["post-934","post","type-post","status-publish","format-standard","hentry","category-latest-news"],"yoast_head":"<!-- This site is optimized with the Yoast SEO plugin v27.5 - https:\/\/yoast.com\/product\/yoast-seo-wordpress\/ -->\n<title>Autos del Podio | Retorno triunfal de Girolami en el TRV6<\/title>\n<meta name=\"description\" content=\"Autos del Podio\" \/>\n<meta name=\"robots\" content=\"index, follow, max-snippet:-1, max-image-preview:large, max-video-preview:-1\" \/>\n<link rel=\"canonical\" href=\"http:\/\/autosdelpodio.com\/autos\/retorno-triunfal-de-girolami-en-el-trv6\/\" \/>\n<meta property=\"og:locale\" content=\"es_ES\" \/>\n<meta property=\"og:type\" content=\"article\" \/>\n<meta property=\"og:title\" content=\"Autos del Podio | Retorno triunfal de Girolami en el TRV6\" \/>\n<meta property=\"og:description\" content=\"Autos del Podio\" \/>\n<meta property=\"og:url\" content=\"http:\/\/autosdelpodio.com\/autos\/retorno-triunfal-de-girolami-en-el-trv6\/\" \/>\n<meta property=\"og:site_name\" content=\"Autos del Podio\" \/>\n<meta property=\"article:publisher\" content=\"https:\/\/www.facebook.com\/profile.php?id=100057192590976&amp;amp%3bamp%3bamp%3bamp%3bamp%3bamp%3bamp%3bamp%3bamp%3bamp%3bamp%3bamp%3bamp%3bamp%3bamp%3bamp%3bamp%3bamp%3bref=ts\" \/>\n<meta property=\"article:published_time\" content=\"2014-02-16T17:27:21+00:00\" \/>\n<meta name=\"author\" content=\"wi022230\" \/>\n<meta name=\"twitter:card\" content=\"summary_large_image\" \/>\n<meta name=\"twitter:creator\" content=\"@autosdelpodio\" \/>\n<meta name=\"twitter:site\" content=\"@autosdelpodio\" \/>\n<meta name=\"twitter:label1\" content=\"Escrito por\" \/>\n\t<meta name=\"twitter:data1\" content=\"wi022230\" \/>\n\t<meta name=\"twitter:label2\" content=\"Tiempo de lectura\" \/>\n\t<meta name=\"twitter:data2\" content=\"1 minuto\" \/>\n<script type=\"application\/ld+json\" class=\"yoast-schema-graph\">{\"@context\":\"https:\\\/\\\/schema.org\",\"@graph\":[{\"@type\":\"Article\",\"@id\":\"http:\\\/\\\/autosdelpodio.com\\\/autos\\\/retorno-triunfal-de-girolami-en-el-trv6\\\/#article\",\"isPartOf\":{\"@id\":\"http:\\\/\\\/autosdelpodio.com\\\/autos\\\/retorno-triunfal-de-girolami-en-el-trv6\\\/\"},\"author\":{\"name\":\"wi022230\",\"@id\":\"http:\\\/\\\/autosdelpodio.com\\\/autos\\\/#\\\/schema\\\/person\\\/e88353cabf768863fdf874e30120f3ba\"},\"headline\":\"Retorno triunfal de Girolami en el TRV6\",\"datePublished\":\"2014-02-16T17:27:21+00:00\",\"mainEntityOfPage\":{\"@id\":\"http:\\\/\\\/autosdelpodio.com\\\/autos\\\/retorno-triunfal-de-girolami-en-el-trv6\\\/\"},\"wordCount\":166,\"commentCount\":0,\"publisher\":{\"@id\":\"http:\\\/\\\/autosdelpodio.com\\\/autos\\\/#organization\"},\"articleSection\":[\"\u00daltimas noticias\"],\"inLanguage\":\"es\",\"potentialAction\":[{\"@type\":\"CommentAction\",\"name\":\"Comment\",\"target\":[\"http:\\\/\\\/autosdelpodio.com\\\/autos\\\/retorno-triunfal-de-girolami-en-el-trv6\\\/#respond\"]}]},{\"@type\":\"WebPage\",\"@id\":\"http:\\\/\\\/autosdelpodio.com\\\/autos\\\/retorno-triunfal-de-girolami-en-el-trv6\\\/\",\"url\":\"http:\\\/\\\/autosdelpodio.com\\\/autos\\\/retorno-triunfal-de-girolami-en-el-trv6\\\/\",\"name\":\"Autos del Podio | Retorno triunfal de Girolami en el TRV6\",\"isPartOf\":{\"@id\":\"http:\\\/\\\/autosdelpodio.com\\\/autos\\\/#website\"},\"datePublished\":\"2014-02-16T17:27:21+00:00\",\"description\":\"Autos del Podio\",\"breadcrumb\":{\"@id\":\"http:\\\/\\\/autosdelpodio.com\\\/autos\\\/retorno-triunfal-de-girolami-en-el-trv6\\\/#breadcrumb\"},\"inLanguage\":\"es\",\"potentialAction\":[{\"@type\":\"ReadAction\",\"target\":[\"http:\\\/\\\/autosdelpodio.com\\\/autos\\\/retorno-triunfal-de-girolami-en-el-trv6\\\/\"]}]},{\"@type\":\"BreadcrumbList\",\"@id\":\"http:\\\/\\\/autosdelpodio.com\\\/autos\\\/retorno-triunfal-de-girolami-en-el-trv6\\\/#breadcrumb\",\"itemListElement\":[{\"@type\":\"ListItem\",\"position\":1,\"name\":\"Portada\",\"item\":\"http:\\\/\\\/autosdelpodio.com\\\/autos\\\/\"},{\"@type\":\"ListItem\",\"position\":2,\"name\":\"Retorno triunfal de Girolami en el TRV6\"}]},{\"@type\":\"WebSite\",\"@id\":\"http:\\\/\\\/autosdelpodio.com\\\/autos\\\/#website\",\"url\":\"http:\\\/\\\/autosdelpodio.com\\\/autos\\\/\",\"name\":\"Autos del Podio\",\"description\":\"La sexta del deporte motor\",\"publisher\":{\"@id\":\"http:\\\/\\\/autosdelpodio.com\\\/autos\\\/#organization\"},\"potentialAction\":[{\"@type\":\"SearchAction\",\"target\":{\"@type\":\"EntryPoint\",\"urlTemplate\":\"http:\\\/\\\/autosdelpodio.com\\\/autos\\\/?s={search_term_string}\"},\"query-input\":{\"@type\":\"PropertyValueSpecification\",\"valueRequired\":true,\"valueName\":\"search_term_string\"}}],\"inLanguage\":\"es\"},{\"@type\":\"Organization\",\"@id\":\"http:\\\/\\\/autosdelpodio.com\\\/autos\\\/#organization\",\"name\":\"Autos del Podio\",\"url\":\"http:\\\/\\\/autosdelpodio.com\\\/autos\\\/\",\"logo\":{\"@type\":\"ImageObject\",\"inLanguage\":\"es\",\"@id\":\"http:\\\/\\\/autosdelpodio.com\\\/autos\\\/#\\\/schema\\\/logo\\\/image\\\/\",\"url\":\"http:\\\/\\\/autosdelpodio.com\\\/autos\\\/wp-content\\\/uploads\\\/2020\\\/08\\\/Logo_AR.jpg\",\"contentUrl\":\"http:\\\/\\\/autosdelpodio.com\\\/autos\\\/wp-content\\\/uploads\\\/2020\\\/08\\\/Logo_AR.jpg\",\"width\":1038,\"height\":1044,\"caption\":\"Autos del Podio\"},\"image\":{\"@id\":\"http:\\\/\\\/autosdelpodio.com\\\/autos\\\/#\\\/schema\\\/logo\\\/image\\\/\"},\"sameAs\":[\"https:\\\/\\\/www.facebook.com\\\/profile.php?id=100057192590976&amp;amp;amp;amp;amp;amp;amp;amp;amp;amp;amp;amp;amp;amp;amp;amp;amp;amp;ref=ts\",\"https:\\\/\\\/x.com\\\/autosdelpodio\",\"https:\\\/\\\/www.youtube.com\\\/user\\\/AutosdelPodio\"]},{\"@type\":\"Person\",\"@id\":\"http:\\\/\\\/autosdelpodio.com\\\/autos\\\/#\\\/schema\\\/person\\\/e88353cabf768863fdf874e30120f3ba\",\"name\":\"wi022230\",\"image\":{\"@type\":\"ImageObject\",\"inLanguage\":\"es\",\"@id\":\"http:\\\/\\\/autosdelpodio.com\\\/autos\\\/wp-content\\\/litespeed\\\/avatar\\\/453fc9bdbb11d766ba4c7f14d0bd0aa9.jpg?ver=1777404874\",\"url\":\"http:\\\/\\\/autosdelpodio.com\\\/autos\\\/wp-content\\\/litespeed\\\/avatar\\\/453fc9bdbb11d766ba4c7f14d0bd0aa9.jpg?ver=1777404874\",\"contentUrl\":\"http:\\\/\\\/autosdelpodio.com\\\/autos\\\/wp-content\\\/litespeed\\\/avatar\\\/453fc9bdbb11d766ba4c7f14d0bd0aa9.jpg?ver=1777404874\",\"caption\":\"wi022230\"}}]}<\/script>\n<!-- \/ Yoast SEO plugin. -->","yoast_head_json":{"title":"Autos del Podio | Retorno triunfal de Girolami en el TRV6","description":"Autos del Podio","robots":{"index":"index","follow":"follow","max-snippet":"max-snippet:-1","max-image-preview":"max-image-preview:large","max-video-preview":"max-video-preview:-1"},"canonical":"http:\/\/autosdelpodio.com\/autos\/retorno-triunfal-de-girolami-en-el-trv6\/","og_locale":"es_ES","og_type":"article","og_title":"Autos del Podio | Retorno triunfal de Girolami en el TRV6","og_description":"Autos del Podio","og_url":"http:\/\/autosdelpodio.com\/autos\/retorno-triunfal-de-girolami-en-el-trv6\/","og_site_name":"Autos del Podio","article_publisher":"https:\/\/www.facebook.com\/profile.php?id=100057192590976&amp%3bamp%3bamp%3bamp%3bamp%3bamp%3bamp%3bamp%3bamp%3bamp%3bamp%3bamp%3bamp%3bamp%3bamp%3bamp%3bamp%3bamp%3bref=ts","article_published_time":"2014-02-16T17:27:21+00:00","author":"wi022230","twitter_card":"summary_large_image","twitter_creator":"@autosdelpodio","twitter_site":"@autosdelpodio","twitter_misc":{"Escrito por":"wi022230","Tiempo de lectura":"1 minuto"},"schema":{"@context":"https:\/\/schema.org","@graph":[{"@type":"Article","@id":"http:\/\/autosdelpodio.com\/autos\/retorno-triunfal-de-girolami-en-el-trv6\/#article","isPartOf":{"@id":"http:\/\/autosdelpodio.com\/autos\/retorno-triunfal-de-girolami-en-el-trv6\/"},"author":{"name":"wi022230","@id":"http:\/\/autosdelpodio.com\/autos\/#\/schema\/person\/e88353cabf768863fdf874e30120f3ba"},"headline":"Retorno triunfal de Girolami en el TRV6","datePublished":"2014-02-16T17:27:21+00:00","mainEntityOfPage":{"@id":"http:\/\/autosdelpodio.com\/autos\/retorno-triunfal-de-girolami-en-el-trv6\/"},"wordCount":166,"commentCount":0,"publisher":{"@id":"http:\/\/autosdelpodio.com\/autos\/#organization"},"articleSection":["\u00daltimas noticias"],"inLanguage":"es","potentialAction":[{"@type":"CommentAction","name":"Comment","target":["http:\/\/autosdelpodio.com\/autos\/retorno-triunfal-de-girolami-en-el-trv6\/#respond"]}]},{"@type":"WebPage","@id":"http:\/\/autosdelpodio.com\/autos\/retorno-triunfal-de-girolami-en-el-trv6\/","url":"http:\/\/autosdelpodio.com\/autos\/retorno-triunfal-de-girolami-en-el-trv6\/","name":"Autos del Podio | Retorno triunfal de Girolami en el TRV6","isPartOf":{"@id":"http:\/\/autosdelpodio.com\/autos\/#website"},"datePublished":"2014-02-16T17:27:21+00:00","description":"Autos del Podio","breadcrumb":{"@id":"http:\/\/autosdelpodio.com\/autos\/retorno-triunfal-de-girolami-en-el-trv6\/#breadcrumb"},"inLanguage":"es","potentialAction":[{"@type":"ReadAction","target":["http:\/\/autosdelpodio.com\/autos\/retorno-triunfal-de-girolami-en-el-trv6\/"]}]},{"@type":"BreadcrumbList","@id":"http:\/\/autosdelpodio.com\/autos\/retorno-triunfal-de-girolami-en-el-trv6\/#breadcrumb","itemListElement":[{"@type":"ListItem","position":1,"name":"Portada","item":"http:\/\/autosdelpodio.com\/autos\/"},{"@type":"ListItem","position":2,"name":"Retorno triunfal de Girolami en el TRV6"}]},{"@type":"WebSite","@id":"http:\/\/autosdelpodio.com\/autos\/#website","url":"http:\/\/autosdelpodio.com\/autos\/","name":"Autos del Podio","description":"La sexta del deporte motor","publisher":{"@id":"http:\/\/autosdelpodio.com\/autos\/#organization"},"potentialAction":[{"@type":"SearchAction","target":{"@type":"EntryPoint","urlTemplate":"http:\/\/autosdelpodio.com\/autos\/?s={search_term_string}"},"query-input":{"@type":"PropertyValueSpecification","valueRequired":true,"valueName":"search_term_string"}}],"inLanguage":"es"},{"@type":"Organization","@id":"http:\/\/autosdelpodio.com\/autos\/#organization","name":"Autos del Podio","url":"http:\/\/autosdelpodio.com\/autos\/","logo":{"@type":"ImageObject","inLanguage":"es","@id":"http:\/\/autosdelpodio.com\/autos\/#\/schema\/logo\/image\/","url":"http:\/\/autosdelpodio.com\/autos\/wp-content\/uploads\/2020\/08\/Logo_AR.jpg","contentUrl":"http:\/\/autosdelpodio.com\/autos\/wp-content\/uploads\/2020\/08\/Logo_AR.jpg","width":1038,"height":1044,"caption":"Autos del Podio"},"image":{"@id":"http:\/\/autosdelpodio.com\/autos\/#\/schema\/logo\/image\/"},"sameAs":["https:\/\/www.facebook.com\/profile.php?id=100057192590976&amp;amp;amp;amp;amp;amp;amp;amp;amp;amp;amp;amp;amp;amp;amp;amp;amp;amp;ref=ts","https:\/\/x.com\/autosdelpodio","https:\/\/www.youtube.com\/user\/AutosdelPodio"]},{"@type":"Person","@id":"http:\/\/autosdelpodio.com\/autos\/#\/schema\/person\/e88353cabf768863fdf874e30120f3ba","name":"wi022230","image":{"@type":"ImageObject","inLanguage":"es","@id":"http:\/\/autosdelpodio.com\/autos\/wp-content\/litespeed\/avatar\/453fc9bdbb11d766ba4c7f14d0bd0aa9.jpg?ver=1777404874","url":"http:\/\/autosdelpodio.com\/autos\/wp-content\/litespeed\/avatar\/453fc9bdbb11d766ba4c7f14d0bd0aa9.jpg?ver=1777404874","contentUrl":"http:\/\/autosdelpodio.com\/autos\/wp-content\/litespeed\/avatar\/453fc9bdbb11d766ba4c7f14d0bd0aa9.jpg?ver=1777404874","caption":"wi022230"}}]}},"views":610,"_links":{"self":[{"href":"http:\/\/autosdelpodio.com\/autos\/wp-json\/wp\/v2\/posts\/934","targetHints":{"allow":["GET"]}}],"collection":[{"href":"http:\/\/autosdelpodio.com\/autos\/wp-json\/wp\/v2\/posts"}],"about":[{"href":"http:\/\/autosdelpodio.com\/autos\/wp-json\/wp\/v2\/types\/post"}],"author":[{"embeddable":true,"href":"http:\/\/autosdelpodio.com\/autos\/wp-json\/wp\/v2\/users\/1"}],"replies":[{"embeddable":true,"href":"http:\/\/autosdelpodio.com\/autos\/wp-json\/wp\/v2\/comments?post=934"}],"version-history":[{"count":0,"href":"http:\/\/autosdelpodio.com\/autos\/wp-json\/wp\/v2\/posts\/934\/revisions"}],"wp:attachment":[{"href":"http:\/\/autosdelpodio.com\/autos\/wp-json\/wp\/v2\/media?parent=934"}],"wp:term":[{"taxonomy":"category","embeddable":true,"href":"http:\/\/autosdelpodio.com\/autos\/wp-json\/wp\/v2\/categories?post=934"},{"taxonomy":"post_tag","embeddable":true,"href":"http:\/\/autosdelpodio.com\/autos\/wp-json\/wp\/v2\/tags?post=934"}],"curies":[{"name":"wp","href":"https:\/\/api.w.org\/{rel}","templated":true}]}}