{"id":942,"date":"2014-03-02T18:49:22","date_gmt":"2014-03-02T18:49:22","guid":{"rendered":"http:\/\/autosdelpodio.com\/autos\/2014\/03\/02\/zarpazo-de-la-fiera\/"},"modified":"2014-03-02T18:49:22","modified_gmt":"2014-03-02T18:49:22","slug":"zarpazo-de-la-fiera","status":"publish","type":"post","link":"http:\/\/autosdelpodio.com\/autos\/zarpazo-de-la-fiera\/","title":{"rendered":"TCM: Zarpazo de la fiera"},"content":{"rendered":"<p style=\"text-align: justify;\"><span style=\"line-height: 1.3em;\">Leonel Pern\u00eda a bordo del Chevrolet de Camilo Echevarria se adjudic\u00f3 la final de pilotos invitados del TC Mouras, en el aut\u00f3dromo de La Plata. <\/span><\/p>\n<p style=\"text-align: justify;\">El piloto de Tandil \u00a0fue escoltado por Mariano Werner (con el Ford de Gustavo Muchiut) y Gast\u00f3n Mazzacane (con el Chevrolet de Jos\u00e9 Manuel Urcera, quien resultara ganador de la final de pilotos titilares).<\/p>\n<p>  <!--more-->  <\/p>\n<p><strong style=\"line-height: 1.3em; text-align: justify;\">Final TCM &#8211; Pilotos Invitados<\/strong><\/p>\n<p><span style=\"line-height: 1.3em;\">1 \u00a036 \u00a0PERNIA LEONEL \u00a0 \u00a0 \u00a0 \u00a0 \u00a0 \u00a0CHEVROLET \u00a0 \u00a0 \u00a0 16 \u00a0 \u00a0 26;32,696<\/span><\/p>\n<p><span style=\"line-height: 1.3em;\">2 \u00a07 \u00a0 WERNER MARIANO \u00a0 \u00a0 \u00a0 \u00a0 \u00a0 FORD \u00a0 \u00a0 \u00a0 \u00a0 \u00a0 \u00a016 \u00a0 \u00a0 26;33,387 \u00a0 \u00a0 \u00a0 \u00a00,691<\/span><\/p>\n<p><span style=\"line-height: 1.3em;\">3 \u00a0151 MAZZACANE GASTON \u00a0 \u00a0 \u00a0 \u00a0 CHEVROLET \u00a0 \u00a0 \u00a0 16 \u00a0 \u00a0 26;40,478 \u00a0 \u00a0 \u00a0 \u00a07,782<\/span><\/p>\n<p><span style=\"line-height: 1.3em;\">4 \u00a022 \u00a0EBARLIN JUAN JOSE \u00a0 \u00a0 \u00a0 \u00a0CHEVROLET \u00a0 \u00a0 \u00a0 16 \u00a0 \u00a0 26;48,385 \u00a0 \u00a0 \u00a0 15,689<\/span><\/p>\n<p><span style=\"line-height: 1.3em;\">5 \u00a027 \u00a0SAVINO JOSE \u00a0 \u00a0 \u00a0 \u00a0 \u00a0 \u00a0 \u00a0FORD \u00a0 \u00a0 \u00a0 \u00a0 \u00a0 \u00a016 \u00a0 \u00a0 26;48,457 \u00a0 \u00a0 \u00a0 15,761<\/span><\/p>\n<p><span style=\"line-height: 1.3em;\">6 \u00a045 \u00a0SOTRO LEONEL \u00a0 \u00a0 \u00a0 \u00a0 \u00a0 \u00a0 FORD \u00a0 \u00a0 \u00a0 \u00a0 \u00a0 \u00a016 \u00a0 \u00a0 26;52,722 \u00a0 \u00a0 \u00a0 20,026<\/span><\/p>\n<p><span style=\"line-height: 1.3em;\">7 \u00a015 \u00a0GIANINI JUAN PABLO \u00a0 \u00a0 \u00a0 FORD \u00a0 \u00a0 \u00a0 \u00a0 \u00a0 \u00a016 \u00a0 \u00a0 26;53,728 \u00a0 \u00a0 \u00a0 21,032<\/span><\/p>\n<p><span style=\"line-height: 1.3em;\">8 \u00a077 \u00a0ALTUNA MARIANO \u00a0 \u00a0 \u00a0 \u00a0 \u00a0 CHEVROLET \u00a0 \u00a0 \u00a0 16 \u00a0 \u00a0 26;54,083 \u00a0 \u00a0 \u00a0 21,387<\/span><\/p>\n<p><span style=\"line-height: 1.3em;\">9 \u00a098 \u00a0ANGELINI JUAN \u00a0 \u00a0 \u00a0 \u00a0 \u00a0 \u00a0CHEVROLET \u00a0 \u00a0 \u00a0 16 \u00a0 \u00a0 26;55,442 \u00a0 \u00a0 \u00a0 22,746<\/span><\/p>\n<p><span style=\"line-height: 1.3em;\">10 136 BOCANERA BRUNO \u00a0 \u00a0 \u00a0 \u00a0 \u00a0 FORD \u00a0 \u00a0 \u00a0 \u00a0 \u00a0 \u00a016 \u00a0 \u00a0 26;57,724 \u00a0 \u00a0 \u00a0 25,028<\/span><\/p>\n<p><span style=\"line-height: 1.3em;\">11 43 \u00a0DIRUSCIO SEBASTIAN \u00a0 \u00a0 \u00a0 CHEVROLET \u00a0 \u00a0 \u00a0 16 \u00a0 \u00a0 26;58,316 \u00a0 \u00a0 \u00a0 25,620<\/span><\/p>\n<p><span style=\"line-height: 1.3em;\">12 51 \u00a0GUERRIERI ESTEBAN \u00a0 \u00a0 \u00a0 \u00a0DODGE \u00a0 \u00a0 \u00a0 \u00a0 \u00a0 16 \u00a0 \u00a0 27;01,872 \u00a0 \u00a0 \u00a0 29,176<\/span><\/p>\n<p><span style=\"line-height: 1.3em;\">13 78 \u00a0COSTANZO PABLO \u00a0 \u00a0 \u00a0 \u00a0 \u00a0 CHEVROLET \u00a0 \u00a0 \u00a0 16 \u00a0 \u00a0 27;06,569 \u00a0 \u00a0 \u00a0 33,873<\/span><\/p>\n<p><span style=\"line-height: 1.3em;\">14 91 \u00a0RUGGIERO ALAN \u00a0 \u00a0 \u00a0 \u00a0 \u00a0 \u00a0CHEVROLET \u00a0 \u00a0 \u00a0 16 \u00a0 \u00a0 27;08,899 \u00a0 \u00a0 \u00a0 36,203<\/span><\/p>\n<p><span style=\"line-height: 1.3em;\">15 69 \u00a0BRUNO JUAN \u00a0 \u00a0 \u00a0 \u00a0 \u00a0 \u00a0 \u00a0 CHEVROLET \u00a0 \u00a0 \u00a0 16 \u00a0 \u00a0 27;09,021 \u00a0 \u00a0 \u00a0 36,325<\/span><\/p>\n<p><span style=\"line-height: 1.3em;\">16 10 \u00a0PEZZUCCHI NICOLAS \u00a0 \u00a0 \u00a0 \u00a0DODGE \u00a0 \u00a0 \u00a0 \u00a0 \u00a0 16 \u00a0 \u00a0 27;12,681 \u00a0 \u00a0 \u00a0 39,985<\/span><\/p>\n<p><span style=\"line-height: 1.3em;\">17 129 GONZALEZ NICOLAS \u00a0 \u00a0 \u00a0 \u00a0 TORINO \u00a0 \u00a0 \u00a0 \u00a0 \u00a015 \u00a0 \u00a0 26;44,050 \u00a0 \u00a0 \u00a0 1 VTA<\/span><\/p>\n<p><span style=\"line-height: 1.3em;\">18 17 \u00a0NOLESI MATHIAS \u00a0 \u00a0 \u00a0 \u00a0 \u00a0 FORD \u00a0 \u00a0 \u00a0 \u00a0 \u00a0 \u00a08 \u00a0 \u00a0 \u00a014;48,956 \u00a0 \u00a0 \u00a0 8 VTAS<\/span><\/p>\n<p><span style=\"line-height: 1.3em;\">19 16 \u00a0OUBINA ADRIAN \u00a0 \u00a0 \u00a0 \u00a0 \u00a0 \u00a0FORD \u00a0 \u00a0 \u00a0 \u00a0 \u00a0 \u00a07 \u00a0 \u00a0 \u00a012;41,289 \u00a0 \u00a0 \u00a0 9 VTAS<\/span><\/p>\n<p><span style=\"line-height: 1.3em;\">20 13 \u00a0TRUCCO JUAN \u00a0 \u00a0 \u00a0 \u00a0 \u00a0 \u00a0 \u00a0CHEVROLET \u00a0 \u00a0 \u00a0 5 \u00a0 \u00a0 \u00a0 9;47,573 \u00a0 \u00a0 \u00a011 VTAS<\/span><\/p>\n<p><span style=\"line-height: 1.3em;\">21 20 \u00a0VENTRICELLI LUCIANO \u00a0 \u00a0 \u00a0FORD \u00a0 \u00a0 \u00a0 \u00a0 \u00a0 \u00a02 \u00a0 \u00a0 \u00a0 4;44,888 \u00a0 \u00a0 \u00a014 VTAS<\/span><\/p>\n<p><span style=\"line-height: 1.3em;\">22 14 \u00a0MARTINEZ OMAR \u00a0 \u00a0 \u00a0 \u00a0 \u00a0 \u00a0FORD \u00a0 \u00a0 \u00a0 \u00a0 \u00a0N\/R\/P<\/span><\/p>\n<p>\u00a0<\/p>\n<p><span style=\"line-height: 1.3em;\">NO LARGO: NRO. 125 TROSSET NICOLAS<\/span><\/p>\n<p>NO LARGO: NRO. 111 PEREZ FEDERICO<\/p>\n<p>NO LARGO: NRO. 100 RICARDO GASTON<\/p>\n<p>NO LARGO: NRO. 102 PERLO GONZALO<\/p>\n<p><span style=\"line-height: 1.3em;\">PROMEDIO: 154.244 KM\/H<\/span><\/p>\n<p><span style=\"line-height: 1.3em;\">RECORD DE VUELTA: NRO. 151 (MAZZACANE) VTA. 3 EN 1` 32\u00ab 937 \u00a0A \u00a0165.209 KM\/H<\/span><\/p>\n<p><span style=\"line-height: 1.3em;\">PASE Y SIGA: NRO. 10 (ORTIZ)<\/span><\/p>\n<p>PASE Y SIGA: NRO. 69 (GENTILE)<\/p>\n","protected":false},"excerpt":{"rendered":"<p>Leonel Pern\u00eda a bordo del Chevrolet de Camilo Echevarria se adjudic\u00f3 la final de pilotos invitados del TC Mouras, en<\/p>\n","protected":false},"author":1,"featured_media":0,"comment_status":"open","ping_status":"open","sticky":false,"template":"","format":"standard","meta":{"colormag_page_container_layout":"default_layout","colormag_page_sidebar_layout":"default_layout","footnotes":""},"categories":[5],"tags":[],"class_list":["post-942","post","type-post","status-publish","format-standard","hentry","category-latest-news"],"yoast_head":"<!-- This site is optimized with the Yoast SEO plugin v27.5 - https:\/\/yoast.com\/product\/yoast-seo-wordpress\/ -->\n<title>Autos del Podio | TCM: Zarpazo de la fiera<\/title>\n<meta name=\"description\" content=\"Autos del Podio\" \/>\n<meta name=\"robots\" content=\"index, follow, max-snippet:-1, max-image-preview:large, max-video-preview:-1\" \/>\n<link rel=\"canonical\" href=\"http:\/\/autosdelpodio.com\/autos\/zarpazo-de-la-fiera\/\" \/>\n<meta property=\"og:locale\" content=\"es_ES\" \/>\n<meta property=\"og:type\" content=\"article\" \/>\n<meta property=\"og:title\" content=\"Autos del Podio | TCM: Zarpazo de la fiera\" \/>\n<meta property=\"og:description\" content=\"Autos del Podio\" \/>\n<meta property=\"og:url\" content=\"http:\/\/autosdelpodio.com\/autos\/zarpazo-de-la-fiera\/\" \/>\n<meta property=\"og:site_name\" content=\"Autos del Podio\" \/>\n<meta property=\"article:publisher\" content=\"https:\/\/www.facebook.com\/profile.php?id=100057192590976&amp;amp%3bamp%3bamp%3bamp%3bamp%3bamp%3bamp%3bamp%3bamp%3bamp%3bamp%3bamp%3bamp%3bamp%3bamp%3bamp%3bamp%3bamp%3bref=ts\" \/>\n<meta property=\"article:published_time\" content=\"2014-03-02T18:49:22+00:00\" \/>\n<meta name=\"author\" content=\"wi022230\" \/>\n<meta name=\"twitter:card\" content=\"summary_large_image\" \/>\n<meta name=\"twitter:creator\" content=\"@autosdelpodio\" \/>\n<meta name=\"twitter:site\" content=\"@autosdelpodio\" \/>\n<meta name=\"twitter:label1\" content=\"Escrito por\" \/>\n\t<meta name=\"twitter:data1\" content=\"wi022230\" \/>\n\t<meta name=\"twitter:label2\" content=\"Tiempo de lectura\" \/>\n\t<meta name=\"twitter:data2\" content=\"1 minuto\" \/>\n<script type=\"application\/ld+json\" class=\"yoast-schema-graph\">{\"@context\":\"https:\\\/\\\/schema.org\",\"@graph\":[{\"@type\":\"Article\",\"@id\":\"http:\\\/\\\/autosdelpodio.com\\\/autos\\\/zarpazo-de-la-fiera\\\/#article\",\"isPartOf\":{\"@id\":\"http:\\\/\\\/autosdelpodio.com\\\/autos\\\/zarpazo-de-la-fiera\\\/\"},\"author\":{\"name\":\"wi022230\",\"@id\":\"http:\\\/\\\/autosdelpodio.com\\\/autos\\\/#\\\/schema\\\/person\\\/e88353cabf768863fdf874e30120f3ba\"},\"headline\":\"TCM: Zarpazo de la fiera\",\"datePublished\":\"2014-03-02T18:49:22+00:00\",\"mainEntityOfPage\":{\"@id\":\"http:\\\/\\\/autosdelpodio.com\\\/autos\\\/zarpazo-de-la-fiera\\\/\"},\"wordCount\":191,\"commentCount\":0,\"publisher\":{\"@id\":\"http:\\\/\\\/autosdelpodio.com\\\/autos\\\/#organization\"},\"articleSection\":[\"\u00daltimas noticias\"],\"inLanguage\":\"es\",\"potentialAction\":[{\"@type\":\"CommentAction\",\"name\":\"Comment\",\"target\":[\"http:\\\/\\\/autosdelpodio.com\\\/autos\\\/zarpazo-de-la-fiera\\\/#respond\"]}]},{\"@type\":\"WebPage\",\"@id\":\"http:\\\/\\\/autosdelpodio.com\\\/autos\\\/zarpazo-de-la-fiera\\\/\",\"url\":\"http:\\\/\\\/autosdelpodio.com\\\/autos\\\/zarpazo-de-la-fiera\\\/\",\"name\":\"Autos del Podio | TCM: Zarpazo de la fiera\",\"isPartOf\":{\"@id\":\"http:\\\/\\\/autosdelpodio.com\\\/autos\\\/#website\"},\"datePublished\":\"2014-03-02T18:49:22+00:00\",\"description\":\"Autos del Podio\",\"breadcrumb\":{\"@id\":\"http:\\\/\\\/autosdelpodio.com\\\/autos\\\/zarpazo-de-la-fiera\\\/#breadcrumb\"},\"inLanguage\":\"es\",\"potentialAction\":[{\"@type\":\"ReadAction\",\"target\":[\"http:\\\/\\\/autosdelpodio.com\\\/autos\\\/zarpazo-de-la-fiera\\\/\"]}]},{\"@type\":\"BreadcrumbList\",\"@id\":\"http:\\\/\\\/autosdelpodio.com\\\/autos\\\/zarpazo-de-la-fiera\\\/#breadcrumb\",\"itemListElement\":[{\"@type\":\"ListItem\",\"position\":1,\"name\":\"Portada\",\"item\":\"http:\\\/\\\/autosdelpodio.com\\\/autos\\\/\"},{\"@type\":\"ListItem\",\"position\":2,\"name\":\"TCM: Zarpazo de la fiera\"}]},{\"@type\":\"WebSite\",\"@id\":\"http:\\\/\\\/autosdelpodio.com\\\/autos\\\/#website\",\"url\":\"http:\\\/\\\/autosdelpodio.com\\\/autos\\\/\",\"name\":\"Autos del Podio\",\"description\":\"La sexta del deporte motor\",\"publisher\":{\"@id\":\"http:\\\/\\\/autosdelpodio.com\\\/autos\\\/#organization\"},\"potentialAction\":[{\"@type\":\"SearchAction\",\"target\":{\"@type\":\"EntryPoint\",\"urlTemplate\":\"http:\\\/\\\/autosdelpodio.com\\\/autos\\\/?s={search_term_string}\"},\"query-input\":{\"@type\":\"PropertyValueSpecification\",\"valueRequired\":true,\"valueName\":\"search_term_string\"}}],\"inLanguage\":\"es\"},{\"@type\":\"Organization\",\"@id\":\"http:\\\/\\\/autosdelpodio.com\\\/autos\\\/#organization\",\"name\":\"Autos del Podio\",\"url\":\"http:\\\/\\\/autosdelpodio.com\\\/autos\\\/\",\"logo\":{\"@type\":\"ImageObject\",\"inLanguage\":\"es\",\"@id\":\"http:\\\/\\\/autosdelpodio.com\\\/autos\\\/#\\\/schema\\\/logo\\\/image\\\/\",\"url\":\"http:\\\/\\\/autosdelpodio.com\\\/autos\\\/wp-content\\\/uploads\\\/2020\\\/08\\\/Logo_AR.jpg\",\"contentUrl\":\"http:\\\/\\\/autosdelpodio.com\\\/autos\\\/wp-content\\\/uploads\\\/2020\\\/08\\\/Logo_AR.jpg\",\"width\":1038,\"height\":1044,\"caption\":\"Autos del Podio\"},\"image\":{\"@id\":\"http:\\\/\\\/autosdelpodio.com\\\/autos\\\/#\\\/schema\\\/logo\\\/image\\\/\"},\"sameAs\":[\"https:\\\/\\\/www.facebook.com\\\/profile.php?id=100057192590976&amp;amp;amp;amp;amp;amp;amp;amp;amp;amp;amp;amp;amp;amp;amp;amp;amp;amp;ref=ts\",\"https:\\\/\\\/x.com\\\/autosdelpodio\",\"https:\\\/\\\/www.youtube.com\\\/user\\\/AutosdelPodio\"]},{\"@type\":\"Person\",\"@id\":\"http:\\\/\\\/autosdelpodio.com\\\/autos\\\/#\\\/schema\\\/person\\\/e88353cabf768863fdf874e30120f3ba\",\"name\":\"wi022230\",\"image\":{\"@type\":\"ImageObject\",\"inLanguage\":\"es\",\"@id\":\"http:\\\/\\\/autosdelpodio.com\\\/autos\\\/wp-content\\\/litespeed\\\/avatar\\\/453fc9bdbb11d766ba4c7f14d0bd0aa9.jpg?ver=1777404874\",\"url\":\"http:\\\/\\\/autosdelpodio.com\\\/autos\\\/wp-content\\\/litespeed\\\/avatar\\\/453fc9bdbb11d766ba4c7f14d0bd0aa9.jpg?ver=1777404874\",\"contentUrl\":\"http:\\\/\\\/autosdelpodio.com\\\/autos\\\/wp-content\\\/litespeed\\\/avatar\\\/453fc9bdbb11d766ba4c7f14d0bd0aa9.jpg?ver=1777404874\",\"caption\":\"wi022230\"}}]}<\/script>\n<!-- \/ Yoast SEO plugin. -->","yoast_head_json":{"title":"Autos del Podio | TCM: Zarpazo de la fiera","description":"Autos del Podio","robots":{"index":"index","follow":"follow","max-snippet":"max-snippet:-1","max-image-preview":"max-image-preview:large","max-video-preview":"max-video-preview:-1"},"canonical":"http:\/\/autosdelpodio.com\/autos\/zarpazo-de-la-fiera\/","og_locale":"es_ES","og_type":"article","og_title":"Autos del Podio | TCM: Zarpazo de la fiera","og_description":"Autos del Podio","og_url":"http:\/\/autosdelpodio.com\/autos\/zarpazo-de-la-fiera\/","og_site_name":"Autos del Podio","article_publisher":"https:\/\/www.facebook.com\/profile.php?id=100057192590976&amp%3bamp%3bamp%3bamp%3bamp%3bamp%3bamp%3bamp%3bamp%3bamp%3bamp%3bamp%3bamp%3bamp%3bamp%3bamp%3bamp%3bamp%3bref=ts","article_published_time":"2014-03-02T18:49:22+00:00","author":"wi022230","twitter_card":"summary_large_image","twitter_creator":"@autosdelpodio","twitter_site":"@autosdelpodio","twitter_misc":{"Escrito por":"wi022230","Tiempo de lectura":"1 minuto"},"schema":{"@context":"https:\/\/schema.org","@graph":[{"@type":"Article","@id":"http:\/\/autosdelpodio.com\/autos\/zarpazo-de-la-fiera\/#article","isPartOf":{"@id":"http:\/\/autosdelpodio.com\/autos\/zarpazo-de-la-fiera\/"},"author":{"name":"wi022230","@id":"http:\/\/autosdelpodio.com\/autos\/#\/schema\/person\/e88353cabf768863fdf874e30120f3ba"},"headline":"TCM: Zarpazo de la fiera","datePublished":"2014-03-02T18:49:22+00:00","mainEntityOfPage":{"@id":"http:\/\/autosdelpodio.com\/autos\/zarpazo-de-la-fiera\/"},"wordCount":191,"commentCount":0,"publisher":{"@id":"http:\/\/autosdelpodio.com\/autos\/#organization"},"articleSection":["\u00daltimas noticias"],"inLanguage":"es","potentialAction":[{"@type":"CommentAction","name":"Comment","target":["http:\/\/autosdelpodio.com\/autos\/zarpazo-de-la-fiera\/#respond"]}]},{"@type":"WebPage","@id":"http:\/\/autosdelpodio.com\/autos\/zarpazo-de-la-fiera\/","url":"http:\/\/autosdelpodio.com\/autos\/zarpazo-de-la-fiera\/","name":"Autos del Podio | TCM: Zarpazo de la fiera","isPartOf":{"@id":"http:\/\/autosdelpodio.com\/autos\/#website"},"datePublished":"2014-03-02T18:49:22+00:00","description":"Autos del Podio","breadcrumb":{"@id":"http:\/\/autosdelpodio.com\/autos\/zarpazo-de-la-fiera\/#breadcrumb"},"inLanguage":"es","potentialAction":[{"@type":"ReadAction","target":["http:\/\/autosdelpodio.com\/autos\/zarpazo-de-la-fiera\/"]}]},{"@type":"BreadcrumbList","@id":"http:\/\/autosdelpodio.com\/autos\/zarpazo-de-la-fiera\/#breadcrumb","itemListElement":[{"@type":"ListItem","position":1,"name":"Portada","item":"http:\/\/autosdelpodio.com\/autos\/"},{"@type":"ListItem","position":2,"name":"TCM: Zarpazo de la fiera"}]},{"@type":"WebSite","@id":"http:\/\/autosdelpodio.com\/autos\/#website","url":"http:\/\/autosdelpodio.com\/autos\/","name":"Autos del Podio","description":"La sexta del deporte motor","publisher":{"@id":"http:\/\/autosdelpodio.com\/autos\/#organization"},"potentialAction":[{"@type":"SearchAction","target":{"@type":"EntryPoint","urlTemplate":"http:\/\/autosdelpodio.com\/autos\/?s={search_term_string}"},"query-input":{"@type":"PropertyValueSpecification","valueRequired":true,"valueName":"search_term_string"}}],"inLanguage":"es"},{"@type":"Organization","@id":"http:\/\/autosdelpodio.com\/autos\/#organization","name":"Autos del Podio","url":"http:\/\/autosdelpodio.com\/autos\/","logo":{"@type":"ImageObject","inLanguage":"es","@id":"http:\/\/autosdelpodio.com\/autos\/#\/schema\/logo\/image\/","url":"http:\/\/autosdelpodio.com\/autos\/wp-content\/uploads\/2020\/08\/Logo_AR.jpg","contentUrl":"http:\/\/autosdelpodio.com\/autos\/wp-content\/uploads\/2020\/08\/Logo_AR.jpg","width":1038,"height":1044,"caption":"Autos del Podio"},"image":{"@id":"http:\/\/autosdelpodio.com\/autos\/#\/schema\/logo\/image\/"},"sameAs":["https:\/\/www.facebook.com\/profile.php?id=100057192590976&amp;amp;amp;amp;amp;amp;amp;amp;amp;amp;amp;amp;amp;amp;amp;amp;amp;amp;ref=ts","https:\/\/x.com\/autosdelpodio","https:\/\/www.youtube.com\/user\/AutosdelPodio"]},{"@type":"Person","@id":"http:\/\/autosdelpodio.com\/autos\/#\/schema\/person\/e88353cabf768863fdf874e30120f3ba","name":"wi022230","image":{"@type":"ImageObject","inLanguage":"es","@id":"http:\/\/autosdelpodio.com\/autos\/wp-content\/litespeed\/avatar\/453fc9bdbb11d766ba4c7f14d0bd0aa9.jpg?ver=1777404874","url":"http:\/\/autosdelpodio.com\/autos\/wp-content\/litespeed\/avatar\/453fc9bdbb11d766ba4c7f14d0bd0aa9.jpg?ver=1777404874","contentUrl":"http:\/\/autosdelpodio.com\/autos\/wp-content\/litespeed\/avatar\/453fc9bdbb11d766ba4c7f14d0bd0aa9.jpg?ver=1777404874","caption":"wi022230"}}]}},"views":457,"_links":{"self":[{"href":"http:\/\/autosdelpodio.com\/autos\/wp-json\/wp\/v2\/posts\/942","targetHints":{"allow":["GET"]}}],"collection":[{"href":"http:\/\/autosdelpodio.com\/autos\/wp-json\/wp\/v2\/posts"}],"about":[{"href":"http:\/\/autosdelpodio.com\/autos\/wp-json\/wp\/v2\/types\/post"}],"author":[{"embeddable":true,"href":"http:\/\/autosdelpodio.com\/autos\/wp-json\/wp\/v2\/users\/1"}],"replies":[{"embeddable":true,"href":"http:\/\/autosdelpodio.com\/autos\/wp-json\/wp\/v2\/comments?post=942"}],"version-history":[{"count":0,"href":"http:\/\/autosdelpodio.com\/autos\/wp-json\/wp\/v2\/posts\/942\/revisions"}],"wp:attachment":[{"href":"http:\/\/autosdelpodio.com\/autos\/wp-json\/wp\/v2\/media?parent=942"}],"wp:term":[{"taxonomy":"category","embeddable":true,"href":"http:\/\/autosdelpodio.com\/autos\/wp-json\/wp\/v2\/categories?post=942"},{"taxonomy":"post_tag","embeddable":true,"href":"http:\/\/autosdelpodio.com\/autos\/wp-json\/wp\/v2\/tags?post=942"}],"curies":[{"name":"wp","href":"https:\/\/api.w.org\/{rel}","templated":true}]}}