{"id":95,"date":"2010-12-07T23:51:59","date_gmt":"2010-12-07T23:51:59","guid":{"rendered":"http:\/\/autosdelpodio.com\/autos\/2010\/12\/07\/derecho-a-replica-de-icardi\/"},"modified":"2010-12-07T23:51:59","modified_gmt":"2010-12-07T23:51:59","slug":"derecho-a-replica-de-icardi","status":"publish","type":"post","link":"http:\/\/autosdelpodio.com\/autos\/derecho-a-replica-de-icardi\/","title":{"rendered":"Derecho a replica de Icardi"},"content":{"rendered":"<p>\u201cEn primer lugar quiero pedir disculpas por los problemas que pude haber ocasionado\u201d. As\u00ed empieza el comunicado de prensa que emiti\u00f3 el cordob\u00e9s Kevin Icardi para explicar lo sucedido ayer en la \u00faltima fecha del a\u00f1o de la F\u00f3rmula Renault 2.0.<\/p>\n<p>  <!--more-->  <\/p>\n<p>En los metros finales de la carrera y luchando por el primer puesto, toc\u00f3 a Franco Vivian provocando el retraso de ambos. Como consecuencia del incidente, Vivian perdi\u00f3 el t\u00edtulo que ven\u00eda ganando hasta el momento. Finalmente, la corona qued\u00f3 para Nicol\u00e1s Trosset, compa\u00f1ero de Icardi (luego desclasificado).<\/p>\n<p>El parte de prensa del cordob\u00e9s consta de siete puntos, que se transcriben a continuaci\u00f3n:<\/p>\n<p>1- Mi planteo de carrera fue ir para adelante y avanzar, como en todas las carreras, ya que el \u00fanico resultado que serv\u00eda era la victoria.<\/p>\n<p>2- Fui superado limpiamente por Girolami y Collino, \u00e9ste \u00faltimo pas\u00e1ndose en la frenada dos vueltas mas tarde, para en el siguiente giro descontar la diferencia que me hab\u00eda hecho Girolami y dar cuenta de \u00e9l por dentro en la frenada de la trepada. \u00c9l respet\u00f3 mi maniobra, dej\u00f3 el lugar y se concret\u00f3 un sobrepaso limpio.<\/p>\n<p>3- Al girar solo en el segundo lugar, mi tiempo era de 2:30.70\/100, mientras que Vivian, quien desde la primera vuelta frenaba excesivamente en toda la zona de trepada, giraba un segundo m\u00e1s lento, raz\u00f3n por la cual r\u00e1pidamente alcance su posici\u00f3n.<\/p>\n<p>4- En el \u00faltimo giro, en el momento de frenar en la trepada, donde anteriormente hab\u00eda superado a Girolami, v\u00ed un claro lugar e intent\u00e9 hacer la misma maniobra. Vivian cuid\u00f3 su posici\u00f3n por dem\u00e1s y me dej\u00f3 sin lugar. NO HUBO INTENCI\u00d3N ALGUNA.<\/p>\n<p>5- Ni bien terminada la carrera los Comisarios Deportivos se dirigen al parque cerrado y me llevaron al cami\u00f3n de la CDA. Al escuchar mi explicaci\u00f3n coincidieron que no hubo intencionalidad en la maniobra, as\u00ed como tambi\u00e9n concordaron en que si no hubiera sido la \u00faltima carrera del a\u00f1o, con definici\u00f3n de campeonato incluida, no pasaba de ser un toque de carrera.<\/p>\n<p>6- La \u00fanica comunicaci\u00f3n que recib\u00ed del equipo fue intentar ganar la carrera ya que Vivian giraba un segundo m\u00e1s lento que yo, pero nunca supe como marchaba Trosset ni lo que ven\u00eda sucediendo. En contraposici\u00f3n nadie analiz\u00f3 el toque de Rogani a Trosset que le daba el campeonato a Vivian.<\/p>\n<p>7- Creo nunca haber tenido una actitud criminal en los a\u00f1os que tengo en la categor\u00eda, como le\u00ed una declaraci\u00f3n de un importante dirigente de automovilismo (N.deR: Pablo Pe\u00f3n) en el Diario Clar\u00edn de hoy lunes 06 de diciembre.<\/p>\n<p>\u201cNuevamente espero que acepten mis disculpas y reitero que no tuve mala intenci\u00f3n. Mi \u00fanico objetivo era ganar la carrera y esperar los resultados de los dem\u00e1s para alcanzar el campeonato. Quienes han juzgado mi intenci\u00f3n prematuramente, espero que recapaciten y analicen detenidamente las situaciones antes de da\u00f1ar mi imagen\u201d, termina Icardi&#8230;<\/p>\n<p>\u00a0<\/p>\n","protected":false},"excerpt":{"rendered":"<p>\u201cEn primer lugar quiero pedir disculpas por los problemas que pude haber ocasionado\u201d. As\u00ed empieza el comunicado de prensa que<\/p>\n","protected":false},"author":1,"featured_media":0,"comment_status":"open","ping_status":"open","sticky":false,"template":"","format":"standard","meta":{"colormag_page_container_layout":"default_layout","colormag_page_sidebar_layout":"default_layout","footnotes":""},"categories":[5],"tags":[],"class_list":["post-95","post","type-post","status-publish","format-standard","hentry","category-latest-news"],"yoast_head":"<!-- This site is optimized with the Yoast SEO plugin v27.4 - https:\/\/yoast.com\/product\/yoast-seo-wordpress\/ -->\n<title>Autos del Podio | Derecho a replica de Icardi<\/title>\n<meta name=\"description\" content=\"Autos del Podio\" \/>\n<meta name=\"robots\" content=\"index, follow, max-snippet:-1, max-image-preview:large, max-video-preview:-1\" \/>\n<link rel=\"canonical\" href=\"https:\/\/autosdelpodio.com\/autos\/derecho-a-replica-de-icardi\/\" \/>\n<meta property=\"og:locale\" content=\"es_ES\" \/>\n<meta property=\"og:type\" content=\"article\" \/>\n<meta property=\"og:title\" content=\"Autos del Podio | Derecho a replica de Icardi\" \/>\n<meta property=\"og:description\" content=\"Autos del Podio\" \/>\n<meta property=\"og:url\" content=\"https:\/\/autosdelpodio.com\/autos\/derecho-a-replica-de-icardi\/\" \/>\n<meta property=\"og:site_name\" content=\"Autos del Podio\" \/>\n<meta property=\"article:publisher\" content=\"https:\/\/www.facebook.com\/profile.php?id=100057192590976&amp;amp%3bamp%3bamp%3bamp%3bamp%3bamp%3bamp%3bamp%3bamp%3bamp%3bamp%3bamp%3bamp%3bamp%3bamp%3bamp%3bamp%3bamp%3bref=ts\" \/>\n<meta property=\"article:published_time\" content=\"2010-12-07T23:51:59+00:00\" \/>\n<meta name=\"author\" content=\"wi022230\" \/>\n<meta name=\"twitter:card\" content=\"summary_large_image\" \/>\n<meta name=\"twitter:creator\" content=\"@autosdelpodio\" \/>\n<meta name=\"twitter:site\" content=\"@autosdelpodio\" \/>\n<meta name=\"twitter:label1\" content=\"Escrito por\" \/>\n\t<meta name=\"twitter:data1\" content=\"wi022230\" \/>\n\t<meta name=\"twitter:label2\" content=\"Tiempo de lectura\" \/>\n\t<meta name=\"twitter:data2\" content=\"3 minutos\" \/>\n<script type=\"application\/ld+json\" class=\"yoast-schema-graph\">{\"@context\":\"https:\\\/\\\/schema.org\",\"@graph\":[{\"@type\":\"Article\",\"@id\":\"https:\\\/\\\/autosdelpodio.com\\\/autos\\\/derecho-a-replica-de-icardi\\\/#article\",\"isPartOf\":{\"@id\":\"https:\\\/\\\/autosdelpodio.com\\\/autos\\\/derecho-a-replica-de-icardi\\\/\"},\"author\":{\"name\":\"wi022230\",\"@id\":\"http:\\\/\\\/autosdelpodio.com\\\/autos\\\/#\\\/schema\\\/person\\\/e88353cabf768863fdf874e30120f3ba\"},\"headline\":\"Derecho a replica de Icardi\",\"datePublished\":\"2010-12-07T23:51:59+00:00\",\"mainEntityOfPage\":{\"@id\":\"https:\\\/\\\/autosdelpodio.com\\\/autos\\\/derecho-a-replica-de-icardi\\\/\"},\"wordCount\":518,\"commentCount\":0,\"publisher\":{\"@id\":\"http:\\\/\\\/autosdelpodio.com\\\/autos\\\/#organization\"},\"articleSection\":[\"\u00daltimas noticias\"],\"inLanguage\":\"es\",\"potentialAction\":[{\"@type\":\"CommentAction\",\"name\":\"Comment\",\"target\":[\"https:\\\/\\\/autosdelpodio.com\\\/autos\\\/derecho-a-replica-de-icardi\\\/#respond\"]}]},{\"@type\":\"WebPage\",\"@id\":\"https:\\\/\\\/autosdelpodio.com\\\/autos\\\/derecho-a-replica-de-icardi\\\/\",\"url\":\"https:\\\/\\\/autosdelpodio.com\\\/autos\\\/derecho-a-replica-de-icardi\\\/\",\"name\":\"Autos del Podio | Derecho a replica de Icardi\",\"isPartOf\":{\"@id\":\"http:\\\/\\\/autosdelpodio.com\\\/autos\\\/#website\"},\"datePublished\":\"2010-12-07T23:51:59+00:00\",\"description\":\"Autos del Podio\",\"breadcrumb\":{\"@id\":\"https:\\\/\\\/autosdelpodio.com\\\/autos\\\/derecho-a-replica-de-icardi\\\/#breadcrumb\"},\"inLanguage\":\"es\",\"potentialAction\":[{\"@type\":\"ReadAction\",\"target\":[\"https:\\\/\\\/autosdelpodio.com\\\/autos\\\/derecho-a-replica-de-icardi\\\/\"]}]},{\"@type\":\"BreadcrumbList\",\"@id\":\"https:\\\/\\\/autosdelpodio.com\\\/autos\\\/derecho-a-replica-de-icardi\\\/#breadcrumb\",\"itemListElement\":[{\"@type\":\"ListItem\",\"position\":1,\"name\":\"Portada\",\"item\":\"http:\\\/\\\/autosdelpodio.com\\\/autos\\\/\"},{\"@type\":\"ListItem\",\"position\":2,\"name\":\"Derecho a replica de Icardi\"}]},{\"@type\":\"WebSite\",\"@id\":\"http:\\\/\\\/autosdelpodio.com\\\/autos\\\/#website\",\"url\":\"http:\\\/\\\/autosdelpodio.com\\\/autos\\\/\",\"name\":\"Autos del Podio\",\"description\":\"La sexta del deporte motor\",\"publisher\":{\"@id\":\"http:\\\/\\\/autosdelpodio.com\\\/autos\\\/#organization\"},\"potentialAction\":[{\"@type\":\"SearchAction\",\"target\":{\"@type\":\"EntryPoint\",\"urlTemplate\":\"http:\\\/\\\/autosdelpodio.com\\\/autos\\\/?s={search_term_string}\"},\"query-input\":{\"@type\":\"PropertyValueSpecification\",\"valueRequired\":true,\"valueName\":\"search_term_string\"}}],\"inLanguage\":\"es\"},{\"@type\":\"Organization\",\"@id\":\"http:\\\/\\\/autosdelpodio.com\\\/autos\\\/#organization\",\"name\":\"Autos del Podio\",\"url\":\"http:\\\/\\\/autosdelpodio.com\\\/autos\\\/\",\"logo\":{\"@type\":\"ImageObject\",\"inLanguage\":\"es\",\"@id\":\"http:\\\/\\\/autosdelpodio.com\\\/autos\\\/#\\\/schema\\\/logo\\\/image\\\/\",\"url\":\"http:\\\/\\\/autosdelpodio.com\\\/autos\\\/wp-content\\\/uploads\\\/2020\\\/08\\\/Logo_AR.jpg\",\"contentUrl\":\"http:\\\/\\\/autosdelpodio.com\\\/autos\\\/wp-content\\\/uploads\\\/2020\\\/08\\\/Logo_AR.jpg\",\"width\":1038,\"height\":1044,\"caption\":\"Autos del Podio\"},\"image\":{\"@id\":\"http:\\\/\\\/autosdelpodio.com\\\/autos\\\/#\\\/schema\\\/logo\\\/image\\\/\"},\"sameAs\":[\"https:\\\/\\\/www.facebook.com\\\/profile.php?id=100057192590976&amp;amp;amp;amp;amp;amp;amp;amp;amp;amp;amp;amp;amp;amp;amp;amp;amp;amp;ref=ts\",\"https:\\\/\\\/x.com\\\/autosdelpodio\",\"https:\\\/\\\/www.youtube.com\\\/user\\\/AutosdelPodio\"]},{\"@type\":\"Person\",\"@id\":\"http:\\\/\\\/autosdelpodio.com\\\/autos\\\/#\\\/schema\\\/person\\\/e88353cabf768863fdf874e30120f3ba\",\"name\":\"wi022230\",\"image\":{\"@type\":\"ImageObject\",\"inLanguage\":\"es\",\"@id\":\"http:\\\/\\\/autosdelpodio.com\\\/autos\\\/wp-content\\\/litespeed\\\/avatar\\\/453fc9bdbb11d766ba4c7f14d0bd0aa9.jpg?ver=1776800006\",\"url\":\"http:\\\/\\\/autosdelpodio.com\\\/autos\\\/wp-content\\\/litespeed\\\/avatar\\\/453fc9bdbb11d766ba4c7f14d0bd0aa9.jpg?ver=1776800006\",\"contentUrl\":\"http:\\\/\\\/autosdelpodio.com\\\/autos\\\/wp-content\\\/litespeed\\\/avatar\\\/453fc9bdbb11d766ba4c7f14d0bd0aa9.jpg?ver=1776800006\",\"caption\":\"wi022230\"}}]}<\/script>\n<!-- \/ Yoast SEO plugin. -->","yoast_head_json":{"title":"Autos del Podio | Derecho a replica de Icardi","description":"Autos del Podio","robots":{"index":"index","follow":"follow","max-snippet":"max-snippet:-1","max-image-preview":"max-image-preview:large","max-video-preview":"max-video-preview:-1"},"canonical":"https:\/\/autosdelpodio.com\/autos\/derecho-a-replica-de-icardi\/","og_locale":"es_ES","og_type":"article","og_title":"Autos del Podio | Derecho a replica de Icardi","og_description":"Autos del Podio","og_url":"https:\/\/autosdelpodio.com\/autos\/derecho-a-replica-de-icardi\/","og_site_name":"Autos del Podio","article_publisher":"https:\/\/www.facebook.com\/profile.php?id=100057192590976&amp%3bamp%3bamp%3bamp%3bamp%3bamp%3bamp%3bamp%3bamp%3bamp%3bamp%3bamp%3bamp%3bamp%3bamp%3bamp%3bamp%3bamp%3bref=ts","article_published_time":"2010-12-07T23:51:59+00:00","author":"wi022230","twitter_card":"summary_large_image","twitter_creator":"@autosdelpodio","twitter_site":"@autosdelpodio","twitter_misc":{"Escrito por":"wi022230","Tiempo de lectura":"3 minutos"},"schema":{"@context":"https:\/\/schema.org","@graph":[{"@type":"Article","@id":"https:\/\/autosdelpodio.com\/autos\/derecho-a-replica-de-icardi\/#article","isPartOf":{"@id":"https:\/\/autosdelpodio.com\/autos\/derecho-a-replica-de-icardi\/"},"author":{"name":"wi022230","@id":"http:\/\/autosdelpodio.com\/autos\/#\/schema\/person\/e88353cabf768863fdf874e30120f3ba"},"headline":"Derecho a replica de Icardi","datePublished":"2010-12-07T23:51:59+00:00","mainEntityOfPage":{"@id":"https:\/\/autosdelpodio.com\/autos\/derecho-a-replica-de-icardi\/"},"wordCount":518,"commentCount":0,"publisher":{"@id":"http:\/\/autosdelpodio.com\/autos\/#organization"},"articleSection":["\u00daltimas noticias"],"inLanguage":"es","potentialAction":[{"@type":"CommentAction","name":"Comment","target":["https:\/\/autosdelpodio.com\/autos\/derecho-a-replica-de-icardi\/#respond"]}]},{"@type":"WebPage","@id":"https:\/\/autosdelpodio.com\/autos\/derecho-a-replica-de-icardi\/","url":"https:\/\/autosdelpodio.com\/autos\/derecho-a-replica-de-icardi\/","name":"Autos del Podio | Derecho a replica de Icardi","isPartOf":{"@id":"http:\/\/autosdelpodio.com\/autos\/#website"},"datePublished":"2010-12-07T23:51:59+00:00","description":"Autos del Podio","breadcrumb":{"@id":"https:\/\/autosdelpodio.com\/autos\/derecho-a-replica-de-icardi\/#breadcrumb"},"inLanguage":"es","potentialAction":[{"@type":"ReadAction","target":["https:\/\/autosdelpodio.com\/autos\/derecho-a-replica-de-icardi\/"]}]},{"@type":"BreadcrumbList","@id":"https:\/\/autosdelpodio.com\/autos\/derecho-a-replica-de-icardi\/#breadcrumb","itemListElement":[{"@type":"ListItem","position":1,"name":"Portada","item":"http:\/\/autosdelpodio.com\/autos\/"},{"@type":"ListItem","position":2,"name":"Derecho a replica de Icardi"}]},{"@type":"WebSite","@id":"http:\/\/autosdelpodio.com\/autos\/#website","url":"http:\/\/autosdelpodio.com\/autos\/","name":"Autos del Podio","description":"La sexta del deporte motor","publisher":{"@id":"http:\/\/autosdelpodio.com\/autos\/#organization"},"potentialAction":[{"@type":"SearchAction","target":{"@type":"EntryPoint","urlTemplate":"http:\/\/autosdelpodio.com\/autos\/?s={search_term_string}"},"query-input":{"@type":"PropertyValueSpecification","valueRequired":true,"valueName":"search_term_string"}}],"inLanguage":"es"},{"@type":"Organization","@id":"http:\/\/autosdelpodio.com\/autos\/#organization","name":"Autos del Podio","url":"http:\/\/autosdelpodio.com\/autos\/","logo":{"@type":"ImageObject","inLanguage":"es","@id":"http:\/\/autosdelpodio.com\/autos\/#\/schema\/logo\/image\/","url":"http:\/\/autosdelpodio.com\/autos\/wp-content\/uploads\/2020\/08\/Logo_AR.jpg","contentUrl":"http:\/\/autosdelpodio.com\/autos\/wp-content\/uploads\/2020\/08\/Logo_AR.jpg","width":1038,"height":1044,"caption":"Autos del Podio"},"image":{"@id":"http:\/\/autosdelpodio.com\/autos\/#\/schema\/logo\/image\/"},"sameAs":["https:\/\/www.facebook.com\/profile.php?id=100057192590976&amp;amp;amp;amp;amp;amp;amp;amp;amp;amp;amp;amp;amp;amp;amp;amp;amp;amp;ref=ts","https:\/\/x.com\/autosdelpodio","https:\/\/www.youtube.com\/user\/AutosdelPodio"]},{"@type":"Person","@id":"http:\/\/autosdelpodio.com\/autos\/#\/schema\/person\/e88353cabf768863fdf874e30120f3ba","name":"wi022230","image":{"@type":"ImageObject","inLanguage":"es","@id":"http:\/\/autosdelpodio.com\/autos\/wp-content\/litespeed\/avatar\/453fc9bdbb11d766ba4c7f14d0bd0aa9.jpg?ver=1776800006","url":"http:\/\/autosdelpodio.com\/autos\/wp-content\/litespeed\/avatar\/453fc9bdbb11d766ba4c7f14d0bd0aa9.jpg?ver=1776800006","contentUrl":"http:\/\/autosdelpodio.com\/autos\/wp-content\/litespeed\/avatar\/453fc9bdbb11d766ba4c7f14d0bd0aa9.jpg?ver=1776800006","caption":"wi022230"}}]}},"views":432,"_links":{"self":[{"href":"http:\/\/autosdelpodio.com\/autos\/wp-json\/wp\/v2\/posts\/95","targetHints":{"allow":["GET"]}}],"collection":[{"href":"http:\/\/autosdelpodio.com\/autos\/wp-json\/wp\/v2\/posts"}],"about":[{"href":"http:\/\/autosdelpodio.com\/autos\/wp-json\/wp\/v2\/types\/post"}],"author":[{"embeddable":true,"href":"http:\/\/autosdelpodio.com\/autos\/wp-json\/wp\/v2\/users\/1"}],"replies":[{"embeddable":true,"href":"http:\/\/autosdelpodio.com\/autos\/wp-json\/wp\/v2\/comments?post=95"}],"version-history":[{"count":0,"href":"http:\/\/autosdelpodio.com\/autos\/wp-json\/wp\/v2\/posts\/95\/revisions"}],"wp:attachment":[{"href":"http:\/\/autosdelpodio.com\/autos\/wp-json\/wp\/v2\/media?parent=95"}],"wp:term":[{"taxonomy":"category","embeddable":true,"href":"http:\/\/autosdelpodio.com\/autos\/wp-json\/wp\/v2\/categories?post=95"},{"taxonomy":"post_tag","embeddable":true,"href":"http:\/\/autosdelpodio.com\/autos\/wp-json\/wp\/v2\/tags?post=95"}],"curies":[{"name":"wp","href":"https:\/\/api.w.org\/{rel}","templated":true}]}}