{"id":9554,"date":"2026-09-01T00:00:00","date_gmt":"2026-09-01T03:00:00","guid":{"rendered":"https:\/\/autosdelpodio.com\/autos\/?p=9554"},"modified":"2026-08-31T15:48:01","modified_gmt":"2026-08-31T18:48:01","slug":"la-primera-chiva","status":"publish","type":"post","link":"http:\/\/autosdelpodio.com\/autos\/la-primera-chiva\/","title":{"rendered":"La primera \u201cChiva\u201d"},"content":{"rendered":"\n<p class=\"wp-block-paragraph\">Cuando en marzo de 1959 el gobierno de Arturo Frondizi impuls\u00f3 la radicaci\u00f3n de las f\u00e1bricas automotrices, las compa\u00f1\u00edas de origen norteamericano priorizaron la puesta en producci\u00f3n de veh\u00edculos utilitarios, tanto pick ups como camiones y chasis de colectivos. Esta estrategia se basaba en algunas ventajas que ofrec\u00eda el marco legal vigente para este tipo de productos; por un lado una menor exigencia de componentes nacionales (40%) y por otro, aranceles inferiores para la importaci\u00f3n de autopartes.<\/p>\n\n\n\n<p class=\"wp-block-paragraph\">En este marco, el 16 de julio de 1959 General Motors Argentina present\u00f3 al Gobierno Nacional un plan de inversiones de 20 millones de d\u00f3lares para fabricar automotores y aumentar su capacidad de producci\u00f3n en el pa\u00eds.La actividad productiva de General Motors de Argentina se remontaba a 1925, cuando hab\u00eda iniciado sus primeras experiencias como montadora. En 1959, la compa\u00f1\u00eda contaba con dos plantas fabriles ubicadas en Barracas, en la Capital Federal y en el Partido de Gral. San Mart\u00edn, en el Gran Buenos Aires. Ambas dispon\u00edan depoco m\u00e1s de 150 experimentados empleados, con una trayectoria de servicios a la empresa superior a los veinte a\u00f1os.<\/p>\n\n\n\n<p class=\"wp-block-paragraph\">El proyecto fue aprobado por el Poder Ejecutivo a trav\u00e9s del Decreto 11.625\/59 del 18 de&nbsp; septiembre del mismo a\u00f1o. Una parte importante de la inversi\u00f3n estaba destinada a la construcci\u00f3n de una nueva planta de motores Bedford nafteros y diesel en las instalaciones de San Mart\u00edn. El plan de la empresa proyectaba una producci\u00f3n de 10.500 automotores para 1960, que se incrementar\u00eda a 19.000 unidades en 1964 entre veh\u00edculos comerciales livianos y chasis para camiones y colectivos.&nbsp;<\/p>\n\n\n\n<p class=\"wp-block-paragraph\">De acuerdo a la propuesta presentada, GM fabricar\u00eda en el pa\u00eds los camiones Bedford Serie J-6 y Serie J-1 y la pick up Chevrolet Serie 3000. En este \u00faltimo caso, la compa\u00f1\u00eda proyectaba una producci\u00f3n de 7.500 unidadespara el primer a\u00f1o y 8.000 para el segundo.<\/p>\n\n\n\n<p class=\"wp-block-paragraph\">El 9 de diciembre de 1959, en una reuni\u00f3n realizada en el Alvear Palace Hotel, fue presentada al periodismo local, la primera camioneta Chevrolet modelo 1960 armada en el pa\u00eds. Cuatro meses despu\u00e9s de aprobados los planes de fabricaci\u00f3n, el 25 de enero de 1960 sali\u00f3 de la l\u00ednea de montaje de la Planta Barracas, la primera pick up Chevrolet argentina.&nbsp;<\/p>\n\n\n\n<figure class=\"wp-block-gallery has-nested-images columns-default is-cropped wp-block-gallery-1 is-layout-flex wp-block-gallery-is-layout-flex\">\n<figure class=\"wp-block-image size-full\"><img fetchpriority=\"high\" decoding=\"async\" width=\"500\" height=\"325\" data-id=\"9559\" src=\"https:\/\/autosdelpodio.com\/autos\/wp-content\/uploads\/2026\/09\/Caja_Apache_Chevrolet.jpg\" alt=\"\" class=\"wp-image-9559\" srcset=\"http:\/\/autosdelpodio.com\/autos\/wp-content\/uploads\/2026\/09\/Caja_Apache_Chevrolet.jpg 500w, http:\/\/autosdelpodio.com\/autos\/wp-content\/uploads\/2026\/09\/Caja_Apache_Chevrolet-300x195.jpg 300w\" sizes=\"(max-width: 500px) 100vw, 500px\" \/><figcaption class=\"wp-element-caption\">Chevrolet Apache: Madera, acero y pura leyenda.<\/figcaption><\/figure>\n<\/figure>\n\n\n\n<p class=\"wp-block-paragraph\"><\/p>\n\n\n\n<p class=\"wp-block-paragraph\">El modelo que GM fabricaba en el pa\u00eds correspond\u00eda a la nueva generaci\u00f3n presentada en Estados Unidos durante 1959. La l\u00ednea remplazaba a la exitosa serie <em>Task Force<\/em> y llevaba la denominaci\u00f3n C para los veh\u00edculos con tracci\u00f3n simple y K para los de tracci\u00f3n integral. Al mismo tiempo fueron remplazadas las designaciones 3100, 3200 y 3600 que identificaban a los utilitarios de \u00bdt cajacorta, \u00bd t cajalarga y \u00be t. En su lugar se adoptaron las denominaciones 10, 20 y 30, respectivamente. En tanto se mantuvieron los nombres \u201cApache\u201d para las series 10, 20, 30 y 40, \u201cVikings\u201d para las 50 y 60 y \u201cSpartans\u201d para la serie grande, 70 y 80.<\/p>\n\n\n\n<p class=\"wp-block-paragraph\">Para producir en nuestro pa\u00eds, GM eligi\u00f3 el modelo m\u00e1s liviano que correspond\u00eda a la serie C 14. Se lo ofrec\u00eda en tres versiones de carrocer\u00eda: chasis cabina (modelo 1403), con caja \u201cStepside\u201d (modelo 1404) y con caja \u201cFleetside\u201d (modelo 1434). El contenido nacional era de alrededor del 40%, que de acuerdo a los planes previstos deb\u00eda incrementarse anualmente. La producci\u00f3n de la mayor\u00eda de sus partes se realizaba en la planta de San Mart\u00edn y el montaje final en la de Barracas. Las primeras unidades que salieron de la l\u00ednea de montaje correspond\u00edan al modelo 1404, caracterizado por su caja m\u00e1s angosta con los guardabarros salientes y un estribo entre la cabina y los guardabarros que serv\u00eda como escal\u00f3n para acceder a la caja.<\/p>\n\n\n\n<p class=\"wp-block-paragraph\">La pick up estaba equipada con el motor Thriftmaster de seis cilindros en l\u00ednea, \u00e1rbol de levas lateral, 3.860 cc y 126 hp a 4.000 rpm. Adoptaba un radiador para servicio pesado.Para adaptarlo a la calidad de las naftas nacionales de 70-72 octanos, y evitar problemas de pistoneo, la compresi\u00f3n fue reducida a 7,25:1. Con nafta com\u00fan recorr\u00eda entre 7 y 7,5 kil\u00f3metros por litro, en tanto que con s\u00faper (82 octanos) la distancia se elevaba a 9 kil\u00f3metros (con el motor 230, los ensayos de la revista Motor arrojaron un promedio de 20,6 l\/100 km). La velocidad m\u00e1xima era de alrededor de 140 km\/h.<\/p>\n\n\n\n<p class=\"wp-block-paragraph\">La transmisi\u00f3n sobre las ruedas traseras se confiaba a una caja de tres velocidades, con segunda y tercera sincronizadas. La selectora de cambios se ubicaba en la columna de la direcci\u00f3n.<\/p>\n\n\n\n<p class=\"wp-block-paragraph\"><em>Por Gustavo Feder &#8211; Continuar\u00e1<\/em><\/p>\n\n\n\n<p class=\"wp-block-paragraph\"><\/p>\n\n\n\n<figure class=\"wp-block-pullquote\"><blockquote><p><mark style=\"background-color:rgba(0, 0, 0, 0)\" class=\"has-inline-color has-cm-color-3-color\"><em>\u00abEscribimos y generamos contenido con la misma pasi\u00f3n con la que vos le\u00e9s. Al ser un\u00a0<\/em><strong><em>medio autogestionado<\/em><\/strong><em>, cada palabra es un esfuerzo propio que compartimos con nuestra gente. Si valor\u00e1s esta independencia, sumate con un aporte al Alias\u00a0<\/em><strong><em>AUTOS.DELPODIO<\/em><\/strong><em>\u00a0<\/em><br><em>Tu solidaridad es el combustible que mantiene este refugio encendido para todos los que amamos los motores.\u00bb<\/em><\/mark><\/p><\/blockquote><\/figure>\n","protected":false},"excerpt":{"rendered":"<p>Cuando en marzo de 1959 el gobierno de Arturo Frondizi impuls\u00f3 la radicaci\u00f3n de las f\u00e1bricas automotrices, las compa\u00f1\u00edas de<\/p>\n","protected":false},"author":3,"featured_media":9555,"comment_status":"open","ping_status":"open","sticky":false,"template":"","format":"standard","meta":{"colormag_page_container_layout":"default_layout","colormag_page_sidebar_layout":"default_layout","footnotes":""},"categories":[21,6],"tags":[37,122,66,32,129,35],"class_list":["post-9554","post","type-post","status-publish","format-standard","has-post-thumbnail","hentry","category-autos-eternos","category-newsflash","tag-chevrolet","tag-gmc","tag-gustavo-feder","tag-industria-automotriz","tag-pick-up","tag-republica-argentina"],"yoast_head":"<!-- This site is optimized with the Yoast SEO plugin v28.3 - https:\/\/yoast.com\/product\/yoast-seo-wordpress\/ -->\n<title>Autos del Podio | La primera \u201cChiva\u201d<\/title>\n<meta name=\"description\" content=\"Autos del Podio General Motors Argentina inici\u00f3 su actividad productiva en el pa\u00eds con la pick up Chevrolet. Por el dise\u00f1o de su chasis y carrocer\u00eda, en su momento result\u00f3 el utilitario m\u00e1s moderno y confortable del mercado local.\" \/>\n<meta name=\"robots\" content=\"index, follow, max-snippet:-1, max-image-preview:large, max-video-preview:-1\" \/>\n<link rel=\"canonical\" href=\"https:\/\/autosdelpodio.com\/autos\/la-primera-chiva\/\" \/>\n<meta property=\"og:locale\" content=\"es_ES\" \/>\n<meta property=\"og:type\" content=\"article\" \/>\n<meta property=\"og:title\" content=\"Pick Up Chevrolet\" \/>\n<meta property=\"og:description\" content=\"General Motors Argentina inici\u00f3 su actividad productiva en el pa\u00eds con la pick up Chevrolet. Por el dise\u00f1o de su chasis y carrocer\u00eda, en su momento result\u00f3 el utilitario m\u00e1s moderno y confortable del mercado local.\" \/>\n<meta property=\"og:url\" content=\"https:\/\/autosdelpodio.com\/autos\/la-primera-chiva\/\" \/>\n<meta property=\"og:site_name\" content=\"Autos del Podio\" \/>\n<meta property=\"article:publisher\" content=\"https:\/\/www.facebook.com\/profile.php?id=100057192590976&amp;amp%3bamp%3bamp%3bamp%3bamp%3bamp%3bamp%3bamp%3bamp%3bamp%3bamp%3bamp%3bamp%3bamp%3bamp%3bamp%3bamp%3bamp%3bref=ts\" \/>\n<meta property=\"article:published_time\" content=\"2026-09-01T03:00:00+00:00\" \/>\n<meta property=\"og:image\" content=\"https:\/\/autosdelpodio.com\/autos\/wp-content\/uploads\/2026\/08\/PickUp_gmc_Portada.jpg\" \/>\n\t<meta property=\"og:image:width\" content=\"500\" \/>\n\t<meta property=\"og:image:height\" content=\"325\" \/>\n\t<meta property=\"og:image:type\" content=\"image\/jpeg\" \/>\n<meta name=\"author\" content=\"autosdelpodio\" \/>\n<meta name=\"twitter:card\" content=\"summary_large_image\" \/>\n<meta name=\"twitter:creator\" content=\"@autosdelpodio\" \/>\n<meta name=\"twitter:site\" content=\"@autosdelpodio\" \/>\n<meta name=\"twitter:label1\" content=\"Escrito por\" \/>\n\t<meta name=\"twitter:data1\" content=\"autosdelpodio\" \/>\n\t<meta name=\"twitter:label2\" content=\"Tiempo de lectura\" \/>\n\t<meta name=\"twitter:data2\" content=\"4 minutos\" \/>\n<script type=\"application\/ld+json\" class=\"yoast-schema-graph\">{\"@context\":\"https:\\\/\\\/schema.org\",\"@graph\":[{\"@type\":\"Article\",\"@id\":\"https:\\\/\\\/autosdelpodio.com\\\/autos\\\/la-primera-chiva\\\/#article\",\"isPartOf\":{\"@id\":\"https:\\\/\\\/autosdelpodio.com\\\/autos\\\/la-primera-chiva\\\/\"},\"author\":{\"name\":\"autosdelpodio\",\"@id\":\"http:\\\/\\\/autosdelpodio.com\\\/autos\\\/#\\\/schema\\\/person\\\/993527a4d01c3acdd3d6bce3770bc942\"},\"headline\":\"La primera \u201cChiva\u201d\",\"datePublished\":\"2026-09-01T03:00:00+00:00\",\"mainEntityOfPage\":{\"@id\":\"https:\\\/\\\/autosdelpodio.com\\\/autos\\\/la-primera-chiva\\\/\"},\"wordCount\":834,\"commentCount\":0,\"publisher\":{\"@id\":\"http:\\\/\\\/autosdelpodio.com\\\/autos\\\/#organization\"},\"image\":{\"@id\":\"https:\\\/\\\/autosdelpodio.com\\\/autos\\\/la-primera-chiva\\\/#primaryimage\"},\"thumbnailUrl\":\"http:\\\/\\\/autosdelpodio.com\\\/autos\\\/wp-content\\\/uploads\\\/2026\\\/08\\\/PickUp_gmc_Portada.jpg\",\"keywords\":[\"Chevrolet\",\"GMC\",\"Gustavo Feder\",\"Industria Automotriz\",\"Pick Up\",\"Republica Argentina\"],\"articleSection\":[\"Autos Eternos\",\"Destacado\"],\"inLanguage\":\"es\",\"potentialAction\":[{\"@type\":\"CommentAction\",\"name\":\"Comment\",\"target\":[\"https:\\\/\\\/autosdelpodio.com\\\/autos\\\/la-primera-chiva\\\/#respond\"]}]},{\"@type\":\"WebPage\",\"@id\":\"https:\\\/\\\/autosdelpodio.com\\\/autos\\\/la-primera-chiva\\\/\",\"url\":\"https:\\\/\\\/autosdelpodio.com\\\/autos\\\/la-primera-chiva\\\/\",\"name\":\"Autos del Podio | La primera \u201cChiva\u201d\",\"isPartOf\":{\"@id\":\"http:\\\/\\\/autosdelpodio.com\\\/autos\\\/#website\"},\"primaryImageOfPage\":{\"@id\":\"https:\\\/\\\/autosdelpodio.com\\\/autos\\\/la-primera-chiva\\\/#primaryimage\"},\"image\":{\"@id\":\"https:\\\/\\\/autosdelpodio.com\\\/autos\\\/la-primera-chiva\\\/#primaryimage\"},\"thumbnailUrl\":\"http:\\\/\\\/autosdelpodio.com\\\/autos\\\/wp-content\\\/uploads\\\/2026\\\/08\\\/PickUp_gmc_Portada.jpg\",\"datePublished\":\"2026-09-01T03:00:00+00:00\",\"description\":\"Autos del Podio General Motors Argentina inici\u00f3 su actividad productiva en el pa\u00eds con la pick up Chevrolet. Por el dise\u00f1o de su chasis y carrocer\u00eda, en su momento result\u00f3 el utilitario m\u00e1s moderno y confortable del mercado local.\",\"breadcrumb\":{\"@id\":\"https:\\\/\\\/autosdelpodio.com\\\/autos\\\/la-primera-chiva\\\/#breadcrumb\"},\"inLanguage\":\"es\",\"potentialAction\":[{\"@type\":\"ReadAction\",\"target\":[\"https:\\\/\\\/autosdelpodio.com\\\/autos\\\/la-primera-chiva\\\/\"]}]},{\"@type\":\"ImageObject\",\"inLanguage\":\"es\",\"@id\":\"https:\\\/\\\/autosdelpodio.com\\\/autos\\\/la-primera-chiva\\\/#primaryimage\",\"url\":\"http:\\\/\\\/autosdelpodio.com\\\/autos\\\/wp-content\\\/uploads\\\/2026\\\/08\\\/PickUp_gmc_Portada.jpg\",\"contentUrl\":\"http:\\\/\\\/autosdelpodio.com\\\/autos\\\/wp-content\\\/uploads\\\/2026\\\/08\\\/PickUp_gmc_Portada.jpg\",\"width\":500,\"height\":325},{\"@type\":\"BreadcrumbList\",\"@id\":\"https:\\\/\\\/autosdelpodio.com\\\/autos\\\/la-primera-chiva\\\/#breadcrumb\",\"itemListElement\":[{\"@type\":\"ListItem\",\"position\":1,\"name\":\"Portada\",\"item\":\"http:\\\/\\\/autosdelpodio.com\\\/autos\\\/\"},{\"@type\":\"ListItem\",\"position\":2,\"name\":\"La primera \u201cChiva\u201d\"}]},{\"@type\":\"WebSite\",\"@id\":\"http:\\\/\\\/autosdelpodio.com\\\/autos\\\/#website\",\"url\":\"http:\\\/\\\/autosdelpodio.com\\\/autos\\\/\",\"name\":\"Autos del Podio\",\"description\":\"La sexta del deporte motor\",\"publisher\":{\"@id\":\"http:\\\/\\\/autosdelpodio.com\\\/autos\\\/#organization\"},\"potentialAction\":[{\"@type\":\"SearchAction\",\"target\":{\"@type\":\"EntryPoint\",\"urlTemplate\":\"http:\\\/\\\/autosdelpodio.com\\\/autos\\\/?s={search_term_string}\"},\"query-input\":{\"@type\":\"PropertyValueSpecification\",\"valueRequired\":true,\"valueName\":\"search_term_string\"}}],\"inLanguage\":\"es\"},{\"@type\":\"Organization\",\"@id\":\"http:\\\/\\\/autosdelpodio.com\\\/autos\\\/#organization\",\"name\":\"Autos del Podio\",\"url\":\"http:\\\/\\\/autosdelpodio.com\\\/autos\\\/\",\"logo\":{\"@type\":\"ImageObject\",\"inLanguage\":\"es\",\"@id\":\"http:\\\/\\\/autosdelpodio.com\\\/autos\\\/#\\\/schema\\\/logo\\\/image\\\/\",\"url\":\"http:\\\/\\\/autosdelpodio.com\\\/autos\\\/wp-content\\\/uploads\\\/2020\\\/08\\\/Logo_AR.jpg\",\"contentUrl\":\"http:\\\/\\\/autosdelpodio.com\\\/autos\\\/wp-content\\\/uploads\\\/2020\\\/08\\\/Logo_AR.jpg\",\"width\":1038,\"height\":1044,\"caption\":\"Autos del Podio\"},\"image\":{\"@id\":\"http:\\\/\\\/autosdelpodio.com\\\/autos\\\/#\\\/schema\\\/logo\\\/image\\\/\"},\"sameAs\":[\"https:\\\/\\\/www.facebook.com\\\/profile.php?id=100057192590976&amp;amp;amp;amp;amp;amp;amp;amp;amp;amp;amp;amp;amp;amp;amp;amp;amp;amp;ref=ts\",\"https:\\\/\\\/x.com\\\/autosdelpodio\",\"https:\\\/\\\/www.youtube.com\\\/user\\\/AutosdelPodio\"]},{\"@type\":\"Person\",\"@id\":\"http:\\\/\\\/autosdelpodio.com\\\/autos\\\/#\\\/schema\\\/person\\\/993527a4d01c3acdd3d6bce3770bc942\",\"name\":\"autosdelpodio\",\"image\":{\"@type\":\"ImageObject\",\"inLanguage\":\"es\",\"@id\":\"http:\\\/\\\/autosdelpodio.com\\\/autos\\\/wp-content\\\/litespeed\\\/avatar\\\/aa8f65cd201a80f6b844f63278aa84af.jpg?ver=1787686324\",\"url\":\"http:\\\/\\\/autosdelpodio.com\\\/autos\\\/wp-content\\\/litespeed\\\/avatar\\\/aa8f65cd201a80f6b844f63278aa84af.jpg?ver=1787686324\",\"contentUrl\":\"http:\\\/\\\/autosdelpodio.com\\\/autos\\\/wp-content\\\/litespeed\\\/avatar\\\/aa8f65cd201a80f6b844f63278aa84af.jpg?ver=1787686324\",\"caption\":\"autosdelpodio\"}}]}<\/script>\n<!-- \/ Yoast SEO plugin. -->","yoast_head_json":{"title":"Autos del Podio | La primera \u201cChiva\u201d","description":"Autos del Podio General Motors Argentina inici\u00f3 su actividad productiva en el pa\u00eds con la pick up Chevrolet. Por el dise\u00f1o de su chasis y carrocer\u00eda, en su momento result\u00f3 el utilitario m\u00e1s moderno y confortable del mercado local.","robots":{"index":"index","follow":"follow","max-snippet":"max-snippet:-1","max-image-preview":"max-image-preview:large","max-video-preview":"max-video-preview:-1"},"canonical":"https:\/\/autosdelpodio.com\/autos\/la-primera-chiva\/","og_locale":"es_ES","og_type":"article","og_title":"Pick Up Chevrolet","og_description":"General Motors Argentina inici\u00f3 su actividad productiva en el pa\u00eds con la pick up Chevrolet. Por el dise\u00f1o de su chasis y carrocer\u00eda, en su momento result\u00f3 el utilitario m\u00e1s moderno y confortable del mercado local.","og_url":"https:\/\/autosdelpodio.com\/autos\/la-primera-chiva\/","og_site_name":"Autos del Podio","article_publisher":"https:\/\/www.facebook.com\/profile.php?id=100057192590976&amp%3bamp%3bamp%3bamp%3bamp%3bamp%3bamp%3bamp%3bamp%3bamp%3bamp%3bamp%3bamp%3bamp%3bamp%3bamp%3bamp%3bamp%3bref=ts","article_published_time":"2026-09-01T03:00:00+00:00","og_image":[{"width":500,"height":325,"url":"https:\/\/autosdelpodio.com\/autos\/wp-content\/uploads\/2026\/08\/PickUp_gmc_Portada.jpg","type":"image\/jpeg"}],"author":"autosdelpodio","twitter_card":"summary_large_image","twitter_creator":"@autosdelpodio","twitter_site":"@autosdelpodio","twitter_misc":{"Escrito por":"autosdelpodio","Tiempo de lectura":"4 minutos"},"schema":{"@context":"https:\/\/schema.org","@graph":[{"@type":"Article","@id":"https:\/\/autosdelpodio.com\/autos\/la-primera-chiva\/#article","isPartOf":{"@id":"https:\/\/autosdelpodio.com\/autos\/la-primera-chiva\/"},"author":{"name":"autosdelpodio","@id":"http:\/\/autosdelpodio.com\/autos\/#\/schema\/person\/993527a4d01c3acdd3d6bce3770bc942"},"headline":"La primera \u201cChiva\u201d","datePublished":"2026-09-01T03:00:00+00:00","mainEntityOfPage":{"@id":"https:\/\/autosdelpodio.com\/autos\/la-primera-chiva\/"},"wordCount":834,"commentCount":0,"publisher":{"@id":"http:\/\/autosdelpodio.com\/autos\/#organization"},"image":{"@id":"https:\/\/autosdelpodio.com\/autos\/la-primera-chiva\/#primaryimage"},"thumbnailUrl":"http:\/\/autosdelpodio.com\/autos\/wp-content\/uploads\/2026\/08\/PickUp_gmc_Portada.jpg","keywords":["Chevrolet","GMC","Gustavo Feder","Industria Automotriz","Pick Up","Republica Argentina"],"articleSection":["Autos Eternos","Destacado"],"inLanguage":"es","potentialAction":[{"@type":"CommentAction","name":"Comment","target":["https:\/\/autosdelpodio.com\/autos\/la-primera-chiva\/#respond"]}]},{"@type":"WebPage","@id":"https:\/\/autosdelpodio.com\/autos\/la-primera-chiva\/","url":"https:\/\/autosdelpodio.com\/autos\/la-primera-chiva\/","name":"Autos del Podio | La primera \u201cChiva\u201d","isPartOf":{"@id":"http:\/\/autosdelpodio.com\/autos\/#website"},"primaryImageOfPage":{"@id":"https:\/\/autosdelpodio.com\/autos\/la-primera-chiva\/#primaryimage"},"image":{"@id":"https:\/\/autosdelpodio.com\/autos\/la-primera-chiva\/#primaryimage"},"thumbnailUrl":"http:\/\/autosdelpodio.com\/autos\/wp-content\/uploads\/2026\/08\/PickUp_gmc_Portada.jpg","datePublished":"2026-09-01T03:00:00+00:00","description":"Autos del Podio General Motors Argentina inici\u00f3 su actividad productiva en el pa\u00eds con la pick up Chevrolet. Por el dise\u00f1o de su chasis y carrocer\u00eda, en su momento result\u00f3 el utilitario m\u00e1s moderno y confortable del mercado local.","breadcrumb":{"@id":"https:\/\/autosdelpodio.com\/autos\/la-primera-chiva\/#breadcrumb"},"inLanguage":"es","potentialAction":[{"@type":"ReadAction","target":["https:\/\/autosdelpodio.com\/autos\/la-primera-chiva\/"]}]},{"@type":"ImageObject","inLanguage":"es","@id":"https:\/\/autosdelpodio.com\/autos\/la-primera-chiva\/#primaryimage","url":"http:\/\/autosdelpodio.com\/autos\/wp-content\/uploads\/2026\/08\/PickUp_gmc_Portada.jpg","contentUrl":"http:\/\/autosdelpodio.com\/autos\/wp-content\/uploads\/2026\/08\/PickUp_gmc_Portada.jpg","width":500,"height":325},{"@type":"BreadcrumbList","@id":"https:\/\/autosdelpodio.com\/autos\/la-primera-chiva\/#breadcrumb","itemListElement":[{"@type":"ListItem","position":1,"name":"Portada","item":"http:\/\/autosdelpodio.com\/autos\/"},{"@type":"ListItem","position":2,"name":"La primera \u201cChiva\u201d"}]},{"@type":"WebSite","@id":"http:\/\/autosdelpodio.com\/autos\/#website","url":"http:\/\/autosdelpodio.com\/autos\/","name":"Autos del Podio","description":"La sexta del deporte motor","publisher":{"@id":"http:\/\/autosdelpodio.com\/autos\/#organization"},"potentialAction":[{"@type":"SearchAction","target":{"@type":"EntryPoint","urlTemplate":"http:\/\/autosdelpodio.com\/autos\/?s={search_term_string}"},"query-input":{"@type":"PropertyValueSpecification","valueRequired":true,"valueName":"search_term_string"}}],"inLanguage":"es"},{"@type":"Organization","@id":"http:\/\/autosdelpodio.com\/autos\/#organization","name":"Autos del Podio","url":"http:\/\/autosdelpodio.com\/autos\/","logo":{"@type":"ImageObject","inLanguage":"es","@id":"http:\/\/autosdelpodio.com\/autos\/#\/schema\/logo\/image\/","url":"http:\/\/autosdelpodio.com\/autos\/wp-content\/uploads\/2020\/08\/Logo_AR.jpg","contentUrl":"http:\/\/autosdelpodio.com\/autos\/wp-content\/uploads\/2020\/08\/Logo_AR.jpg","width":1038,"height":1044,"caption":"Autos del Podio"},"image":{"@id":"http:\/\/autosdelpodio.com\/autos\/#\/schema\/logo\/image\/"},"sameAs":["https:\/\/www.facebook.com\/profile.php?id=100057192590976&amp;amp;amp;amp;amp;amp;amp;amp;amp;amp;amp;amp;amp;amp;amp;amp;amp;amp;ref=ts","https:\/\/x.com\/autosdelpodio","https:\/\/www.youtube.com\/user\/AutosdelPodio"]},{"@type":"Person","@id":"http:\/\/autosdelpodio.com\/autos\/#\/schema\/person\/993527a4d01c3acdd3d6bce3770bc942","name":"autosdelpodio","image":{"@type":"ImageObject","inLanguage":"es","@id":"http:\/\/autosdelpodio.com\/autos\/wp-content\/litespeed\/avatar\/aa8f65cd201a80f6b844f63278aa84af.jpg?ver=1787686324","url":"http:\/\/autosdelpodio.com\/autos\/wp-content\/litespeed\/avatar\/aa8f65cd201a80f6b844f63278aa84af.jpg?ver=1787686324","contentUrl":"http:\/\/autosdelpodio.com\/autos\/wp-content\/litespeed\/avatar\/aa8f65cd201a80f6b844f63278aa84af.jpg?ver=1787686324","caption":"autosdelpodio"}}]}},"_links":{"self":[{"href":"http:\/\/autosdelpodio.com\/autos\/wp-json\/wp\/v2\/posts\/9554","targetHints":{"allow":["GET"]}}],"collection":[{"href":"http:\/\/autosdelpodio.com\/autos\/wp-json\/wp\/v2\/posts"}],"about":[{"href":"http:\/\/autosdelpodio.com\/autos\/wp-json\/wp\/v2\/types\/post"}],"author":[{"embeddable":true,"href":"http:\/\/autosdelpodio.com\/autos\/wp-json\/wp\/v2\/users\/3"}],"replies":[{"embeddable":true,"href":"http:\/\/autosdelpodio.com\/autos\/wp-json\/wp\/v2\/comments?post=9554"}],"version-history":[{"count":4,"href":"http:\/\/autosdelpodio.com\/autos\/wp-json\/wp\/v2\/posts\/9554\/revisions"}],"predecessor-version":[{"id":9562,"href":"http:\/\/autosdelpodio.com\/autos\/wp-json\/wp\/v2\/posts\/9554\/revisions\/9562"}],"wp:featuredmedia":[{"embeddable":true,"href":"http:\/\/autosdelpodio.com\/autos\/wp-json\/wp\/v2\/media\/9555"}],"wp:attachment":[{"href":"http:\/\/autosdelpodio.com\/autos\/wp-json\/wp\/v2\/media?parent=9554"}],"wp:term":[{"taxonomy":"category","embeddable":true,"href":"http:\/\/autosdelpodio.com\/autos\/wp-json\/wp\/v2\/categories?post=9554"},{"taxonomy":"post_tag","embeddable":true,"href":"http:\/\/autosdelpodio.com\/autos\/wp-json\/wp\/v2\/tags?post=9554"}],"curies":[{"name":"wp","href":"https:\/\/api.w.org\/{rel}","templated":true}]}}