{"id":9565,"date":"2026-09-02T17:19:13","date_gmt":"2026-09-02T20:19:13","guid":{"rendered":"https:\/\/autosdelpodio.com\/autos\/?p=9565"},"modified":"2026-09-02T17:19:54","modified_gmt":"2026-09-02T20:19:54","slug":"se-viene-el-xxiii-gran-premio-argentino-historico","status":"publish","type":"post","link":"http:\/\/autosdelpodio.com\/autos\/se-viene-el-xxiii-gran-premio-argentino-historico\/","title":{"rendered":"Se viene el XXIII Gran Premio Argentino Hist\u00f3rico"},"content":{"rendered":"\n<p class=\"wp-block-paragraph\">La tradicional competencia partir\u00e1 desde la Ciudad de Buenos Aires y atravesar\u00e1 progresivamente las provincias de Buenos Aires, C\u00f3rdoba, Catamarca y San Juan, rindiendo homenaje a los grandes pilotos y competencias que forjaron la historia del automovilismo argentino uniendo las siguientes etapas:<\/p>\n\n\n\n<p class=\"wp-block-paragraph\"><em>Ciudad de Buenos Aires \u2013 Luj\u00e1n<br>Luj\u00e1n \u2013 Alta Gracia<br>Alta Gracia \u2013 Catamarca<br>Catamarca \u2013 San Juan<br>San Juan \u2013 C\u00f3rdoba<\/em><\/p>\n\n\n\n<p class=\"wp-block-paragraph\">Como es tradici\u00f3n, la largada se realizar\u00e1 desde la sede central del ACA, previa exposici\u00f3n de los veh\u00edculos en el parque cerrado ubicado sobre Mariscal Castilla, entre las avenidas Del Libertador y Figueroa Alcorta, donde el p\u00fablico podr\u00e1 apreciar de cerca los autom\u00f3viles que formar\u00e1n parte de la carrera.<\/p>\n\n\n\n<p class=\"wp-block-paragraph\">Cabe destacar que el Gran Premio es una competencia de regularidad a nivel nacional, y adem\u00e1s est\u00e1 encuadrado dentro del campeonato CODASUR de regularidad hist\u00f3rica. Esta carrera mantiene su tradicional perfil solidario mediante la colaboraci\u00f3n con C\u00e1ritas Argentina, instituci\u00f3n que recibe alimentos no perecederos recolectados durante el desarrollo de cada etapa. En este sentido, es un verdadero museo itinerante al servicio del pa\u00eds, que recorre miles de kil\u00f3metros uniendo el esp\u00edritu automotor y el tur\u00edstico, ya que moviliza a alrededor de 500 personas -incluyendo pilotos, navegantes, prensa, equipos de auxilio y autoridades-, generando un impacto muy positivo en las econom\u00edas locales a trav\u00e9s del consumo y la ocupaci\u00f3n hotelera.<\/p>\n\n\n\n<p class=\"wp-block-paragraph\"><strong>&nbsp;<\/strong>M\u00e1s info:&nbsp;<a href=\"https:\/\/www.gph.aca.org.ar\/\" target=\"_blank\" rel=\"noopener\">https:\/\/www.gph.aca.org.ar\/<\/a><\/p>\n\n\n\n<p class=\"wp-block-paragraph\"><\/p>\n\n\n\n<figure class=\"wp-block-pullquote\"><blockquote><p><mark style=\"background-color:rgba(0, 0, 0, 0)\" class=\"has-inline-color has-cm-color-3-color\"><em>\u00abEscribimos y generamos contenido con la misma pasi\u00f3n con la que vos le\u00e9s. Al ser un\u00a0<\/em><strong><em>medio autogestionado<\/em><\/strong><em>, cada palabra es un esfuerzo propio que compartimos con nuestra gente. Si valor\u00e1s esta independencia, sumate con un aporte al Alias\u00a0<\/em><strong><em>AUTOS.DELPODIO<\/em><\/strong><em>\u00a0<\/em><br><em>Tu solidaridad es el combustible que mantiene este refugio encendido para todos los que amamos los motores.\u00bb<\/em><\/mark><\/p><\/blockquote><\/figure>\n","protected":false},"excerpt":{"rendered":"<p>La tradicional competencia partir\u00e1 desde la Ciudad de Buenos Aires y atravesar\u00e1 progresivamente las provincias de Buenos Aires, C\u00f3rdoba, Catamarca<\/p>\n","protected":false},"author":3,"featured_media":428,"comment_status":"open","ping_status":"open","sticky":false,"template":"","format":"standard","meta":{"colormag_page_container_layout":"default_layout","colormag_page_sidebar_layout":"default_layout","footnotes":""},"categories":[6,5],"tags":[321,509,626,35],"class_list":["post-9565","post","type-post","status-publish","format-standard","has-post-thumbnail","hentry","category-newsflash","category-latest-news","tag-aca","tag-codasur","tag-gran-premio-historico","tag-republica-argentina"],"yoast_head":"<!-- This site is optimized with the Yoast SEO plugin v28.4 - https:\/\/yoast.com\/product\/yoast-seo-wordpress\/ -->\n<title>Autos del Podio | Se viene el XXIII Gran Premio Argentino Hist\u00f3rico<\/title>\n<meta name=\"description\" content=\"Autos del Podio Del 18 al 25 de septiembre se desarrollar\u00e1 la 23\u00aa edici\u00f3n del Gran Premio Argentino Hist\u00f3rico.\" \/>\n<meta name=\"robots\" content=\"index, follow, max-snippet:-1, max-image-preview:large, max-video-preview:-1\" \/>\n<link rel=\"canonical\" href=\"https:\/\/autosdelpodio.com\/autos\/se-viene-el-xxiii-gran-premio-argentino-historico\/\" \/>\n<meta property=\"og:locale\" content=\"es_ES\" \/>\n<meta property=\"og:type\" content=\"article\" \/>\n<meta property=\"og:title\" content=\"#GPH\" \/>\n<meta property=\"og:description\" content=\"Del 18 al 25 de septiembre se desarrollar\u00e1 la 23\u00aa edici\u00f3n del Gran Premio Argentino Hist\u00f3rico.\" \/>\n<meta property=\"og:url\" content=\"https:\/\/autosdelpodio.com\/autos\/se-viene-el-xxiii-gran-premio-argentino-historico\/\" \/>\n<meta property=\"og:site_name\" content=\"Autos del Podio\" \/>\n<meta property=\"article:publisher\" content=\"https:\/\/www.facebook.com\/profile.php?id=100057192590976&amp;amp%3bamp%3bamp%3bamp%3bamp%3bamp%3bamp%3bamp%3bamp%3bamp%3bamp%3bamp%3bamp%3bamp%3bamp%3bamp%3bamp%3bamp%3bref=ts\" \/>\n<meta property=\"article:published_time\" content=\"2026-09-02T20:19:13+00:00\" \/>\n<meta property=\"article:modified_time\" content=\"2026-09-02T20:19:54+00:00\" \/>\n<meta property=\"og:image\" content=\"http:\/\/autosdelpodio.com\/autos\/wp-content\/uploads\/2012\/05\/x-gran-premio-argentino-histrico-2012-e1658183945616.jpg\" \/>\n\t<meta property=\"og:image:width\" content=\"500\" \/>\n\t<meta property=\"og:image:height\" content=\"207\" \/>\n\t<meta property=\"og:image:type\" content=\"image\/jpeg\" \/>\n<meta name=\"author\" content=\"autosdelpodio\" \/>\n<meta name=\"twitter:card\" content=\"summary_large_image\" \/>\n<meta name=\"twitter:creator\" content=\"@autosdelpodio\" \/>\n<meta name=\"twitter:site\" content=\"@autosdelpodio\" \/>\n<meta name=\"twitter:label1\" content=\"Escrito por\" \/>\n\t<meta name=\"twitter:data1\" content=\"autosdelpodio\" \/>\n\t<meta name=\"twitter:label2\" content=\"Tiempo de lectura\" \/>\n\t<meta name=\"twitter:data2\" content=\"2 minutos\" \/>\n<script type=\"application\/ld+json\" class=\"yoast-schema-graph\">{\"@context\":\"https:\\\/\\\/schema.org\",\"@graph\":[{\"@type\":\"Article\",\"@id\":\"https:\\\/\\\/autosdelpodio.com\\\/autos\\\/se-viene-el-xxiii-gran-premio-argentino-historico\\\/#article\",\"isPartOf\":{\"@id\":\"https:\\\/\\\/autosdelpodio.com\\\/autos\\\/se-viene-el-xxiii-gran-premio-argentino-historico\\\/\"},\"author\":{\"name\":\"autosdelpodio\",\"@id\":\"https:\\\/\\\/autosdelpodio.com\\\/autos\\\/#\\\/schema\\\/person\\\/993527a4d01c3acdd3d6bce3770bc942\"},\"headline\":\"Se viene el XXIII Gran Premio Argentino Hist\u00f3rico\",\"datePublished\":\"2026-09-02T20:19:13+00:00\",\"dateModified\":\"2026-09-02T20:19:54+00:00\",\"mainEntityOfPage\":{\"@id\":\"https:\\\/\\\/autosdelpodio.com\\\/autos\\\/se-viene-el-xxiii-gran-premio-argentino-historico\\\/\"},\"wordCount\":315,\"commentCount\":0,\"publisher\":{\"@id\":\"https:\\\/\\\/autosdelpodio.com\\\/autos\\\/#organization\"},\"image\":{\"@id\":\"https:\\\/\\\/autosdelpodio.com\\\/autos\\\/se-viene-el-xxiii-gran-premio-argentino-historico\\\/#primaryimage\"},\"thumbnailUrl\":\"http:\\\/\\\/autosdelpodio.com\\\/autos\\\/wp-content\\\/uploads\\\/2012\\\/05\\\/x-gran-premio-argentino-histrico-2012-e1658183945616.jpg\",\"keywords\":[\"ACA\",\"CODASUR\",\"Gran Premio Historico\",\"Republica Argentina\"],\"articleSection\":[\"Destacado\",\"\u00daltimas noticias\"],\"inLanguage\":\"es\",\"potentialAction\":[{\"@type\":\"CommentAction\",\"name\":\"Comment\",\"target\":[\"https:\\\/\\\/autosdelpodio.com\\\/autos\\\/se-viene-el-xxiii-gran-premio-argentino-historico\\\/#respond\"]}]},{\"@type\":\"WebPage\",\"@id\":\"https:\\\/\\\/autosdelpodio.com\\\/autos\\\/se-viene-el-xxiii-gran-premio-argentino-historico\\\/\",\"url\":\"https:\\\/\\\/autosdelpodio.com\\\/autos\\\/se-viene-el-xxiii-gran-premio-argentino-historico\\\/\",\"name\":\"Autos del Podio | Se viene el XXIII Gran Premio Argentino Hist\u00f3rico\",\"isPartOf\":{\"@id\":\"https:\\\/\\\/autosdelpodio.com\\\/autos\\\/#website\"},\"primaryImageOfPage\":{\"@id\":\"https:\\\/\\\/autosdelpodio.com\\\/autos\\\/se-viene-el-xxiii-gran-premio-argentino-historico\\\/#primaryimage\"},\"image\":{\"@id\":\"https:\\\/\\\/autosdelpodio.com\\\/autos\\\/se-viene-el-xxiii-gran-premio-argentino-historico\\\/#primaryimage\"},\"thumbnailUrl\":\"http:\\\/\\\/autosdelpodio.com\\\/autos\\\/wp-content\\\/uploads\\\/2012\\\/05\\\/x-gran-premio-argentino-histrico-2012-e1658183945616.jpg\",\"datePublished\":\"2026-09-02T20:19:13+00:00\",\"dateModified\":\"2026-09-02T20:19:54+00:00\",\"description\":\"Autos del Podio Del 18 al 25 de septiembre se desarrollar\u00e1 la 23\u00aa edici\u00f3n del Gran Premio Argentino Hist\u00f3rico.\",\"breadcrumb\":{\"@id\":\"https:\\\/\\\/autosdelpodio.com\\\/autos\\\/se-viene-el-xxiii-gran-premio-argentino-historico\\\/#breadcrumb\"},\"inLanguage\":\"es\",\"potentialAction\":[{\"@type\":\"ReadAction\",\"target\":[\"https:\\\/\\\/autosdelpodio.com\\\/autos\\\/se-viene-el-xxiii-gran-premio-argentino-historico\\\/\"]}]},{\"@type\":\"ImageObject\",\"inLanguage\":\"es\",\"@id\":\"https:\\\/\\\/autosdelpodio.com\\\/autos\\\/se-viene-el-xxiii-gran-premio-argentino-historico\\\/#primaryimage\",\"url\":\"http:\\\/\\\/autosdelpodio.com\\\/autos\\\/wp-content\\\/uploads\\\/2012\\\/05\\\/x-gran-premio-argentino-histrico-2012-e1658183945616.jpg\",\"contentUrl\":\"http:\\\/\\\/autosdelpodio.com\\\/autos\\\/wp-content\\\/uploads\\\/2012\\\/05\\\/x-gran-premio-argentino-histrico-2012-e1658183945616.jpg\",\"width\":500,\"height\":207},{\"@type\":\"BreadcrumbList\",\"@id\":\"https:\\\/\\\/autosdelpodio.com\\\/autos\\\/se-viene-el-xxiii-gran-premio-argentino-historico\\\/#breadcrumb\",\"itemListElement\":[{\"@type\":\"ListItem\",\"position\":1,\"name\":\"Portada\",\"item\":\"https:\\\/\\\/autosdelpodio.com\\\/autos\\\/\"},{\"@type\":\"ListItem\",\"position\":2,\"name\":\"Se viene el XXIII Gran Premio Argentino Hist\u00f3rico\"}]},{\"@type\":\"WebSite\",\"@id\":\"https:\\\/\\\/autosdelpodio.com\\\/autos\\\/#website\",\"url\":\"https:\\\/\\\/autosdelpodio.com\\\/autos\\\/\",\"name\":\"Autos del Podio\",\"description\":\"La sexta del deporte motor\",\"publisher\":{\"@id\":\"https:\\\/\\\/autosdelpodio.com\\\/autos\\\/#organization\"},\"potentialAction\":[{\"@type\":\"SearchAction\",\"target\":{\"@type\":\"EntryPoint\",\"urlTemplate\":\"https:\\\/\\\/autosdelpodio.com\\\/autos\\\/?s={search_term_string}\"},\"query-input\":{\"@type\":\"PropertyValueSpecification\",\"valueRequired\":true,\"valueName\":\"search_term_string\"}}],\"inLanguage\":\"es\"},{\"@type\":\"Organization\",\"@id\":\"https:\\\/\\\/autosdelpodio.com\\\/autos\\\/#organization\",\"name\":\"Autos del Podio\",\"url\":\"https:\\\/\\\/autosdelpodio.com\\\/autos\\\/\",\"logo\":{\"@type\":\"ImageObject\",\"inLanguage\":\"es\",\"@id\":\"https:\\\/\\\/autosdelpodio.com\\\/autos\\\/#\\\/schema\\\/logo\\\/image\\\/\",\"url\":\"http:\\\/\\\/autosdelpodio.com\\\/autos\\\/wp-content\\\/uploads\\\/2020\\\/08\\\/Logo_AR.jpg\",\"contentUrl\":\"http:\\\/\\\/autosdelpodio.com\\\/autos\\\/wp-content\\\/uploads\\\/2020\\\/08\\\/Logo_AR.jpg\",\"width\":1038,\"height\":1044,\"caption\":\"Autos del Podio\"},\"image\":{\"@id\":\"https:\\\/\\\/autosdelpodio.com\\\/autos\\\/#\\\/schema\\\/logo\\\/image\\\/\"},\"sameAs\":[\"https:\\\/\\\/www.facebook.com\\\/profile.php?id=100057192590976&amp;amp;amp;amp;amp;amp;amp;amp;amp;amp;amp;amp;amp;amp;amp;amp;amp;amp;ref=ts\",\"https:\\\/\\\/x.com\\\/autosdelpodio\",\"https:\\\/\\\/www.youtube.com\\\/user\\\/AutosdelPodio\"]},{\"@type\":\"Person\",\"@id\":\"https:\\\/\\\/autosdelpodio.com\\\/autos\\\/#\\\/schema\\\/person\\\/993527a4d01c3acdd3d6bce3770bc942\",\"name\":\"autosdelpodio\",\"image\":{\"@type\":\"ImageObject\",\"inLanguage\":\"es\",\"@id\":\"http:\\\/\\\/autosdelpodio.com\\\/autos\\\/wp-content\\\/litespeed\\\/avatar\\\/aa8f65cd201a80f6b844f63278aa84af.jpg?ver=1788291139\",\"url\":\"http:\\\/\\\/autosdelpodio.com\\\/autos\\\/wp-content\\\/litespeed\\\/avatar\\\/aa8f65cd201a80f6b844f63278aa84af.jpg?ver=1788291139\",\"contentUrl\":\"http:\\\/\\\/autosdelpodio.com\\\/autos\\\/wp-content\\\/litespeed\\\/avatar\\\/aa8f65cd201a80f6b844f63278aa84af.jpg?ver=1788291139\",\"caption\":\"autosdelpodio\"}}]}<\/script>\n<!-- \/ Yoast SEO plugin. -->","yoast_head_json":{"title":"Autos del Podio | Se viene el XXIII Gran Premio Argentino Hist\u00f3rico","description":"Autos del Podio Del 18 al 25 de septiembre se desarrollar\u00e1 la 23\u00aa edici\u00f3n del Gran Premio Argentino Hist\u00f3rico.","robots":{"index":"index","follow":"follow","max-snippet":"max-snippet:-1","max-image-preview":"max-image-preview:large","max-video-preview":"max-video-preview:-1"},"canonical":"https:\/\/autosdelpodio.com\/autos\/se-viene-el-xxiii-gran-premio-argentino-historico\/","og_locale":"es_ES","og_type":"article","og_title":"#GPH","og_description":"Del 18 al 25 de septiembre se desarrollar\u00e1 la 23\u00aa edici\u00f3n del Gran Premio Argentino Hist\u00f3rico.","og_url":"https:\/\/autosdelpodio.com\/autos\/se-viene-el-xxiii-gran-premio-argentino-historico\/","og_site_name":"Autos del Podio","article_publisher":"https:\/\/www.facebook.com\/profile.php?id=100057192590976&amp%3bamp%3bamp%3bamp%3bamp%3bamp%3bamp%3bamp%3bamp%3bamp%3bamp%3bamp%3bamp%3bamp%3bamp%3bamp%3bamp%3bamp%3bref=ts","article_published_time":"2026-09-02T20:19:13+00:00","article_modified_time":"2026-09-02T20:19:54+00:00","og_image":[{"width":500,"height":207,"url":"http:\/\/autosdelpodio.com\/autos\/wp-content\/uploads\/2012\/05\/x-gran-premio-argentino-histrico-2012-e1658183945616.jpg","type":"image\/jpeg"}],"author":"autosdelpodio","twitter_card":"summary_large_image","twitter_creator":"@autosdelpodio","twitter_site":"@autosdelpodio","twitter_misc":{"Escrito por":"autosdelpodio","Tiempo de lectura":"2 minutos"},"schema":{"@context":"https:\/\/schema.org","@graph":[{"@type":"Article","@id":"https:\/\/autosdelpodio.com\/autos\/se-viene-el-xxiii-gran-premio-argentino-historico\/#article","isPartOf":{"@id":"https:\/\/autosdelpodio.com\/autos\/se-viene-el-xxiii-gran-premio-argentino-historico\/"},"author":{"name":"autosdelpodio","@id":"https:\/\/autosdelpodio.com\/autos\/#\/schema\/person\/993527a4d01c3acdd3d6bce3770bc942"},"headline":"Se viene el XXIII Gran Premio Argentino Hist\u00f3rico","datePublished":"2026-09-02T20:19:13+00:00","dateModified":"2026-09-02T20:19:54+00:00","mainEntityOfPage":{"@id":"https:\/\/autosdelpodio.com\/autos\/se-viene-el-xxiii-gran-premio-argentino-historico\/"},"wordCount":315,"commentCount":0,"publisher":{"@id":"https:\/\/autosdelpodio.com\/autos\/#organization"},"image":{"@id":"https:\/\/autosdelpodio.com\/autos\/se-viene-el-xxiii-gran-premio-argentino-historico\/#primaryimage"},"thumbnailUrl":"http:\/\/autosdelpodio.com\/autos\/wp-content\/uploads\/2012\/05\/x-gran-premio-argentino-histrico-2012-e1658183945616.jpg","keywords":["ACA","CODASUR","Gran Premio Historico","Republica Argentina"],"articleSection":["Destacado","\u00daltimas noticias"],"inLanguage":"es","potentialAction":[{"@type":"CommentAction","name":"Comment","target":["https:\/\/autosdelpodio.com\/autos\/se-viene-el-xxiii-gran-premio-argentino-historico\/#respond"]}]},{"@type":"WebPage","@id":"https:\/\/autosdelpodio.com\/autos\/se-viene-el-xxiii-gran-premio-argentino-historico\/","url":"https:\/\/autosdelpodio.com\/autos\/se-viene-el-xxiii-gran-premio-argentino-historico\/","name":"Autos del Podio | Se viene el XXIII Gran Premio Argentino Hist\u00f3rico","isPartOf":{"@id":"https:\/\/autosdelpodio.com\/autos\/#website"},"primaryImageOfPage":{"@id":"https:\/\/autosdelpodio.com\/autos\/se-viene-el-xxiii-gran-premio-argentino-historico\/#primaryimage"},"image":{"@id":"https:\/\/autosdelpodio.com\/autos\/se-viene-el-xxiii-gran-premio-argentino-historico\/#primaryimage"},"thumbnailUrl":"http:\/\/autosdelpodio.com\/autos\/wp-content\/uploads\/2012\/05\/x-gran-premio-argentino-histrico-2012-e1658183945616.jpg","datePublished":"2026-09-02T20:19:13+00:00","dateModified":"2026-09-02T20:19:54+00:00","description":"Autos del Podio Del 18 al 25 de septiembre se desarrollar\u00e1 la 23\u00aa edici\u00f3n del Gran Premio Argentino Hist\u00f3rico.","breadcrumb":{"@id":"https:\/\/autosdelpodio.com\/autos\/se-viene-el-xxiii-gran-premio-argentino-historico\/#breadcrumb"},"inLanguage":"es","potentialAction":[{"@type":"ReadAction","target":["https:\/\/autosdelpodio.com\/autos\/se-viene-el-xxiii-gran-premio-argentino-historico\/"]}]},{"@type":"ImageObject","inLanguage":"es","@id":"https:\/\/autosdelpodio.com\/autos\/se-viene-el-xxiii-gran-premio-argentino-historico\/#primaryimage","url":"http:\/\/autosdelpodio.com\/autos\/wp-content\/uploads\/2012\/05\/x-gran-premio-argentino-histrico-2012-e1658183945616.jpg","contentUrl":"http:\/\/autosdelpodio.com\/autos\/wp-content\/uploads\/2012\/05\/x-gran-premio-argentino-histrico-2012-e1658183945616.jpg","width":500,"height":207},{"@type":"BreadcrumbList","@id":"https:\/\/autosdelpodio.com\/autos\/se-viene-el-xxiii-gran-premio-argentino-historico\/#breadcrumb","itemListElement":[{"@type":"ListItem","position":1,"name":"Portada","item":"https:\/\/autosdelpodio.com\/autos\/"},{"@type":"ListItem","position":2,"name":"Se viene el XXIII Gran Premio Argentino Hist\u00f3rico"}]},{"@type":"WebSite","@id":"https:\/\/autosdelpodio.com\/autos\/#website","url":"https:\/\/autosdelpodio.com\/autos\/","name":"Autos del Podio","description":"La sexta del deporte motor","publisher":{"@id":"https:\/\/autosdelpodio.com\/autos\/#organization"},"potentialAction":[{"@type":"SearchAction","target":{"@type":"EntryPoint","urlTemplate":"https:\/\/autosdelpodio.com\/autos\/?s={search_term_string}"},"query-input":{"@type":"PropertyValueSpecification","valueRequired":true,"valueName":"search_term_string"}}],"inLanguage":"es"},{"@type":"Organization","@id":"https:\/\/autosdelpodio.com\/autos\/#organization","name":"Autos del Podio","url":"https:\/\/autosdelpodio.com\/autos\/","logo":{"@type":"ImageObject","inLanguage":"es","@id":"https:\/\/autosdelpodio.com\/autos\/#\/schema\/logo\/image\/","url":"http:\/\/autosdelpodio.com\/autos\/wp-content\/uploads\/2020\/08\/Logo_AR.jpg","contentUrl":"http:\/\/autosdelpodio.com\/autos\/wp-content\/uploads\/2020\/08\/Logo_AR.jpg","width":1038,"height":1044,"caption":"Autos del Podio"},"image":{"@id":"https:\/\/autosdelpodio.com\/autos\/#\/schema\/logo\/image\/"},"sameAs":["https:\/\/www.facebook.com\/profile.php?id=100057192590976&amp;amp;amp;amp;amp;amp;amp;amp;amp;amp;amp;amp;amp;amp;amp;amp;amp;amp;ref=ts","https:\/\/x.com\/autosdelpodio","https:\/\/www.youtube.com\/user\/AutosdelPodio"]},{"@type":"Person","@id":"https:\/\/autosdelpodio.com\/autos\/#\/schema\/person\/993527a4d01c3acdd3d6bce3770bc942","name":"autosdelpodio","image":{"@type":"ImageObject","inLanguage":"es","@id":"http:\/\/autosdelpodio.com\/autos\/wp-content\/litespeed\/avatar\/aa8f65cd201a80f6b844f63278aa84af.jpg?ver=1788291139","url":"http:\/\/autosdelpodio.com\/autos\/wp-content\/litespeed\/avatar\/aa8f65cd201a80f6b844f63278aa84af.jpg?ver=1788291139","contentUrl":"http:\/\/autosdelpodio.com\/autos\/wp-content\/litespeed\/avatar\/aa8f65cd201a80f6b844f63278aa84af.jpg?ver=1788291139","caption":"autosdelpodio"}}]}},"_links":{"self":[{"href":"http:\/\/autosdelpodio.com\/autos\/wp-json\/wp\/v2\/posts\/9565","targetHints":{"allow":["GET"]}}],"collection":[{"href":"http:\/\/autosdelpodio.com\/autos\/wp-json\/wp\/v2\/posts"}],"about":[{"href":"http:\/\/autosdelpodio.com\/autos\/wp-json\/wp\/v2\/types\/post"}],"author":[{"embeddable":true,"href":"http:\/\/autosdelpodio.com\/autos\/wp-json\/wp\/v2\/users\/3"}],"replies":[{"embeddable":true,"href":"http:\/\/autosdelpodio.com\/autos\/wp-json\/wp\/v2\/comments?post=9565"}],"version-history":[{"count":2,"href":"http:\/\/autosdelpodio.com\/autos\/wp-json\/wp\/v2\/posts\/9565\/revisions"}],"predecessor-version":[{"id":9568,"href":"http:\/\/autosdelpodio.com\/autos\/wp-json\/wp\/v2\/posts\/9565\/revisions\/9568"}],"wp:featuredmedia":[{"embeddable":true,"href":"http:\/\/autosdelpodio.com\/autos\/wp-json\/wp\/v2\/media\/428"}],"wp:attachment":[{"href":"http:\/\/autosdelpodio.com\/autos\/wp-json\/wp\/v2\/media?parent=9565"}],"wp:term":[{"taxonomy":"category","embeddable":true,"href":"http:\/\/autosdelpodio.com\/autos\/wp-json\/wp\/v2\/categories?post=9565"},{"taxonomy":"post_tag","embeddable":true,"href":"http:\/\/autosdelpodio.com\/autos\/wp-json\/wp\/v2\/tags?post=9565"}],"curies":[{"name":"wp","href":"https:\/\/api.w.org\/{rel}","templated":true}]}}