{"id":9572,"date":"2026-09-06T16:17:36","date_gmt":"2026-09-06T19:17:36","guid":{"rendered":"https:\/\/autosdelpodio.com\/autos\/?p=9572"},"modified":"2026-09-06T16:17:38","modified_gmt":"2026-09-06T19:17:38","slug":"ponce-fue-profeta-en-su-tierra","status":"publish","type":"post","link":"http:\/\/autosdelpodio.com\/autos\/ponce-fue-profeta-en-su-tierra\/","title":{"rendered":"Ponce fue profeta en su tierra"},"content":{"rendered":"\n<p class=\"wp-block-paragraph\">Gabriel Ponce de Leon gano la final de la septima fecha del TC2000, disputada este domingo 6 de septiembre en el autodromo Eusebio Marcilla de Junin. El evento se llevo a cabo en un marco de actividad conjunta junto al Top Race, lo que atrajo un buen caudal de publico. El piloto local, al mando del Toyota Corolla Cross del Corsi Sport, se quedo con el triunfo ante su publico y sumo su exito numero 27 en la categoria. La clave de la competencia estuvo en la ventana de cambio obligatorio de neumaticos, donde la estrategia de su equipo le permitio superar a Marcelo Ciarrocchi.<\/p>\n\n\n\n<p class=\"wp-block-paragraph\">En el inicio, Ciarrocchi largo adelante y lidero la primera parte, que incluyo la neutralizacion de la carrera por el despiste de Benjamin Squaglia. El desarrollo cambio cuando se abrieron los boxes: Ponce de Leon ingreso temprano y realizo una detencion rapida. Cuando Ciarrocchi paro giros mas tarde, el juninense ya venia en velocidad y le quito el primer puesto. Sobre el cierre, Rossi aprovecho un exceso de Ciarrocchi para terminar segundo, dejando al cordobes en la tercera posicion. El campeonato continuara el proximo 27 de septiembre en el autodromo El Zonda de San Juan.<\/p>\n\n\n\n<p class=\"wp-block-paragraph\"><strong><em>Final TC2000 &#8211; Junin &#8211; Fecha 7<\/em><\/strong><\/p>\n\n\n\n<figure class=\"wp-block-table\"><table class=\"has-fixed-layout\"><tbody><tr><td>1<\/td><td>GABRIEL PONCE DE LEON<\/td><td>&#8211;<\/td><\/tr><tr><td>2<\/td><td>MATIAS ROSSI<\/td><td>1.013<\/td><\/tr><tr><td>3<\/td><td>MARCELO CIARROCCHI<\/td><td>4.370<\/td><\/tr><tr><td>4<\/td><td>FACUNDO ALDRIGHETTI<\/td><td>9.314<\/td><\/tr><tr><td>5<\/td><td>FIGGO BESSONE<\/td><td>26.102<\/td><\/tr><tr><td>6<\/td><td>LUCAS CARABAJAL<\/td><td>38.512<\/td><\/tr><tr><td>7<\/td><td>EMILIANO STANG<\/td><td>50.608<\/td><\/tr><tr><td>8<\/td><td>NICOLAS PALAU<\/td><td>55.877<\/td><\/tr><tr><td>9<\/td><td>FRANCO VIVIAN<\/td><td>1:15.485<\/td><\/tr><tr><td>\u2014<\/td><td>FRANCO MORILLO<\/td><td>11 Laps<\/td><\/tr><tr><td>\u2014<\/td><td>MATIAS RODRIGUEZ<\/td><td>14 Laps<\/td><\/tr><tr><td>\u2014<\/td><td>VALENTIN YANKELEVICH<\/td><td>15 Laps<\/td><\/tr><tr><td>\u2014<\/td><td>NICOLAS TRAUT<\/td><td>21 Laps<\/td><\/tr><tr><td>\u2014<\/td><td>BENJAMIN SQUAGLIA<\/td><td>23 Laps<\/td><\/tr><tr><td>\u2014<\/td><td>FRANCISCO MONARCA<\/td><td>24 Laps<br><br><\/td><\/tr><\/tbody><\/table><\/figure>\n\n\n\n<p class=\"wp-block-paragraph\"><\/p>\n\n\n\n<figure class=\"wp-block-pullquote\"><blockquote><p><mark style=\"background-color:rgba(0, 0, 0, 0)\" class=\"has-inline-color has-cm-color-3-color\"><em>\u00abEscribimos y generamos contenido con la misma pasi\u00f3n con la que vos le\u00e9s. Al ser un\u00a0<\/em><strong><em>medio autogestionado<\/em><\/strong><em>, cada palabra es un esfuerzo propio que compartimos con nuestra gente. Si valor\u00e1s esta independencia, sumate con un aporte al Alias\u00a0<\/em><strong><em>AUTOS.DELPODIO<\/em><\/strong><em>\u00a0<\/em><br><em>Tu solidaridad es el combustible que mantiene este refugio encendido para todos los que amamos los motores.\u00bb<\/em><\/mark><\/p><\/blockquote><\/figure>\n","protected":false},"excerpt":{"rendered":"<p>Gabriel Ponce de Leon gano la final de la septima fecha del TC2000, disputada este domingo 6 de septiembre en<\/p>\n","protected":false},"author":3,"featured_media":8677,"comment_status":"open","ping_status":"open","sticky":false,"template":"","format":"standard","meta":{"colormag_page_container_layout":"default_layout","colormag_page_sidebar_layout":"default_layout","footnotes":""},"categories":[6,5],"tags":[852,169,217,326],"class_list":["post-9572","post","type-post","status-publish","format-standard","has-post-thumbnail","hentry","category-newsflash","category-latest-news","tag-gabriel-ponce-de-leon","tag-junin","tag-tc2000","tag-toyota"],"yoast_head":"<!-- This site is optimized with the Yoast SEO plugin v28.4 - https:\/\/yoast.com\/product\/yoast-seo-wordpress\/ -->\n<title>Autos del Podio | Ponce fue profeta en su tierra<\/title>\n<meta name=\"description\" content=\"Autos del Podio El piloto local se impuso en el aut\u00f3dromo Eusebio Marcilla con el Toyota del Corsi Sport. Mat\u00edas Rossi y Marcelo Ciarrocchi completaron el podio. La pr\u00f3xima cita ser\u00e1 en San Juan.\" \/>\n<meta name=\"robots\" content=\"index, follow, max-snippet:-1, max-image-preview:large, max-video-preview:-1\" \/>\n<link rel=\"canonical\" href=\"https:\/\/autosdelpodio.com\/autos\/ponce-fue-profeta-en-su-tierra\/\" \/>\n<meta property=\"og:locale\" content=\"es_ES\" \/>\n<meta property=\"og:type\" content=\"article\" \/>\n<meta property=\"og:title\" content=\"#TC2000enJunin\" \/>\n<meta property=\"og:description\" content=\"El piloto local se impuso en el aut\u00f3dromo Eusebio Marcilla con el Toyota del Corsi Sport. Mat\u00edas Rossi y Marcelo Ciarrocchi completaron el podio. La pr\u00f3xima cita ser\u00e1 en San Juan.\" \/>\n<meta property=\"og:url\" content=\"https:\/\/autosdelpodio.com\/autos\/ponce-fue-profeta-en-su-tierra\/\" \/>\n<meta property=\"og:site_name\" content=\"Autos del Podio\" \/>\n<meta property=\"article:publisher\" content=\"https:\/\/www.facebook.com\/profile.php?id=100057192590976&amp;amp%3bamp%3bamp%3bamp%3bamp%3bamp%3bamp%3bamp%3bamp%3bamp%3bamp%3bamp%3bamp%3bamp%3bamp%3bamp%3bamp%3bamp%3bref=ts\" \/>\n<meta property=\"article:published_time\" content=\"2026-09-06T19:17:36+00:00\" \/>\n<meta property=\"article:modified_time\" content=\"2026-09-06T19:17:38+00:00\" \/>\n<meta property=\"og:image\" content=\"http:\/\/autosdelpodio.com\/autos\/wp-content\/uploads\/2025\/10\/Ponce_de_Leon_TC2000_SUV.jpg\" \/>\n\t<meta property=\"og:image:width\" content=\"500\" \/>\n\t<meta property=\"og:image:height\" content=\"350\" \/>\n\t<meta property=\"og:image:type\" content=\"image\/jpeg\" \/>\n<meta name=\"author\" content=\"autosdelpodio\" \/>\n<meta name=\"twitter:card\" content=\"summary_large_image\" \/>\n<meta name=\"twitter:creator\" content=\"@autosdelpodio\" \/>\n<meta name=\"twitter:site\" content=\"@autosdelpodio\" \/>\n<meta name=\"twitter:label1\" content=\"Escrito por\" \/>\n\t<meta name=\"twitter:data1\" content=\"autosdelpodio\" \/>\n\t<meta name=\"twitter:label2\" content=\"Tiempo de lectura\" \/>\n\t<meta name=\"twitter:data2\" content=\"2 minutos\" \/>\n<script type=\"application\/ld+json\" class=\"yoast-schema-graph\">{\"@context\":\"https:\\\/\\\/schema.org\",\"@graph\":[{\"@type\":\"Article\",\"@id\":\"https:\\\/\\\/autosdelpodio.com\\\/autos\\\/ponce-fue-profeta-en-su-tierra\\\/#article\",\"isPartOf\":{\"@id\":\"https:\\\/\\\/autosdelpodio.com\\\/autos\\\/ponce-fue-profeta-en-su-tierra\\\/\"},\"author\":{\"name\":\"autosdelpodio\",\"@id\":\"http:\\\/\\\/autosdelpodio.com\\\/autos\\\/#\\\/schema\\\/person\\\/993527a4d01c3acdd3d6bce3770bc942\"},\"headline\":\"Ponce fue profeta en su tierra\",\"datePublished\":\"2026-09-06T19:17:36+00:00\",\"dateModified\":\"2026-09-06T19:17:38+00:00\",\"mainEntityOfPage\":{\"@id\":\"https:\\\/\\\/autosdelpodio.com\\\/autos\\\/ponce-fue-profeta-en-su-tierra\\\/\"},\"wordCount\":309,\"commentCount\":0,\"publisher\":{\"@id\":\"http:\\\/\\\/autosdelpodio.com\\\/autos\\\/#organization\"},\"image\":{\"@id\":\"https:\\\/\\\/autosdelpodio.com\\\/autos\\\/ponce-fue-profeta-en-su-tierra\\\/#primaryimage\"},\"thumbnailUrl\":\"http:\\\/\\\/autosdelpodio.com\\\/autos\\\/wp-content\\\/uploads\\\/2025\\\/10\\\/Ponce_de_Leon_TC2000_SUV.jpg\",\"keywords\":[\"Gabriel Ponce de Leon\",\"Junin\",\"TC2000\",\"Toyota\"],\"articleSection\":[\"Destacado\",\"\u00daltimas noticias\"],\"inLanguage\":\"es\",\"potentialAction\":[{\"@type\":\"CommentAction\",\"name\":\"Comment\",\"target\":[\"https:\\\/\\\/autosdelpodio.com\\\/autos\\\/ponce-fue-profeta-en-su-tierra\\\/#respond\"]}]},{\"@type\":\"WebPage\",\"@id\":\"https:\\\/\\\/autosdelpodio.com\\\/autos\\\/ponce-fue-profeta-en-su-tierra\\\/\",\"url\":\"https:\\\/\\\/autosdelpodio.com\\\/autos\\\/ponce-fue-profeta-en-su-tierra\\\/\",\"name\":\"Autos del Podio | Ponce fue profeta en su tierra\",\"isPartOf\":{\"@id\":\"http:\\\/\\\/autosdelpodio.com\\\/autos\\\/#website\"},\"primaryImageOfPage\":{\"@id\":\"https:\\\/\\\/autosdelpodio.com\\\/autos\\\/ponce-fue-profeta-en-su-tierra\\\/#primaryimage\"},\"image\":{\"@id\":\"https:\\\/\\\/autosdelpodio.com\\\/autos\\\/ponce-fue-profeta-en-su-tierra\\\/#primaryimage\"},\"thumbnailUrl\":\"http:\\\/\\\/autosdelpodio.com\\\/autos\\\/wp-content\\\/uploads\\\/2025\\\/10\\\/Ponce_de_Leon_TC2000_SUV.jpg\",\"datePublished\":\"2026-09-06T19:17:36+00:00\",\"dateModified\":\"2026-09-06T19:17:38+00:00\",\"description\":\"Autos del Podio El piloto local se impuso en el aut\u00f3dromo Eusebio Marcilla con el Toyota del Corsi Sport. Mat\u00edas Rossi y Marcelo Ciarrocchi completaron el podio. La pr\u00f3xima cita ser\u00e1 en San Juan.\",\"breadcrumb\":{\"@id\":\"https:\\\/\\\/autosdelpodio.com\\\/autos\\\/ponce-fue-profeta-en-su-tierra\\\/#breadcrumb\"},\"inLanguage\":\"es\",\"potentialAction\":[{\"@type\":\"ReadAction\",\"target\":[\"https:\\\/\\\/autosdelpodio.com\\\/autos\\\/ponce-fue-profeta-en-su-tierra\\\/\"]}]},{\"@type\":\"ImageObject\",\"inLanguage\":\"es\",\"@id\":\"https:\\\/\\\/autosdelpodio.com\\\/autos\\\/ponce-fue-profeta-en-su-tierra\\\/#primaryimage\",\"url\":\"http:\\\/\\\/autosdelpodio.com\\\/autos\\\/wp-content\\\/uploads\\\/2025\\\/10\\\/Ponce_de_Leon_TC2000_SUV.jpg\",\"contentUrl\":\"http:\\\/\\\/autosdelpodio.com\\\/autos\\\/wp-content\\\/uploads\\\/2025\\\/10\\\/Ponce_de_Leon_TC2000_SUV.jpg\",\"width\":500,\"height\":350},{\"@type\":\"BreadcrumbList\",\"@id\":\"https:\\\/\\\/autosdelpodio.com\\\/autos\\\/ponce-fue-profeta-en-su-tierra\\\/#breadcrumb\",\"itemListElement\":[{\"@type\":\"ListItem\",\"position\":1,\"name\":\"Portada\",\"item\":\"http:\\\/\\\/autosdelpodio.com\\\/autos\\\/\"},{\"@type\":\"ListItem\",\"position\":2,\"name\":\"Ponce fue profeta en su tierra\"}]},{\"@type\":\"WebSite\",\"@id\":\"http:\\\/\\\/autosdelpodio.com\\\/autos\\\/#website\",\"url\":\"http:\\\/\\\/autosdelpodio.com\\\/autos\\\/\",\"name\":\"Autos del Podio\",\"description\":\"La sexta del deporte motor\",\"publisher\":{\"@id\":\"http:\\\/\\\/autosdelpodio.com\\\/autos\\\/#organization\"},\"potentialAction\":[{\"@type\":\"SearchAction\",\"target\":{\"@type\":\"EntryPoint\",\"urlTemplate\":\"http:\\\/\\\/autosdelpodio.com\\\/autos\\\/?s={search_term_string}\"},\"query-input\":{\"@type\":\"PropertyValueSpecification\",\"valueRequired\":true,\"valueName\":\"search_term_string\"}}],\"inLanguage\":\"es\"},{\"@type\":\"Organization\",\"@id\":\"http:\\\/\\\/autosdelpodio.com\\\/autos\\\/#organization\",\"name\":\"Autos del Podio\",\"url\":\"http:\\\/\\\/autosdelpodio.com\\\/autos\\\/\",\"logo\":{\"@type\":\"ImageObject\",\"inLanguage\":\"es\",\"@id\":\"http:\\\/\\\/autosdelpodio.com\\\/autos\\\/#\\\/schema\\\/logo\\\/image\\\/\",\"url\":\"http:\\\/\\\/autosdelpodio.com\\\/autos\\\/wp-content\\\/uploads\\\/2020\\\/08\\\/Logo_AR.jpg\",\"contentUrl\":\"http:\\\/\\\/autosdelpodio.com\\\/autos\\\/wp-content\\\/uploads\\\/2020\\\/08\\\/Logo_AR.jpg\",\"width\":1038,\"height\":1044,\"caption\":\"Autos del Podio\"},\"image\":{\"@id\":\"http:\\\/\\\/autosdelpodio.com\\\/autos\\\/#\\\/schema\\\/logo\\\/image\\\/\"},\"sameAs\":[\"https:\\\/\\\/www.facebook.com\\\/profile.php?id=100057192590976&amp;amp;amp;amp;amp;amp;amp;amp;amp;amp;amp;amp;amp;amp;amp;amp;amp;amp;ref=ts\",\"https:\\\/\\\/x.com\\\/autosdelpodio\",\"https:\\\/\\\/www.youtube.com\\\/user\\\/AutosdelPodio\"]},{\"@type\":\"Person\",\"@id\":\"http:\\\/\\\/autosdelpodio.com\\\/autos\\\/#\\\/schema\\\/person\\\/993527a4d01c3acdd3d6bce3770bc942\",\"name\":\"autosdelpodio\",\"image\":{\"@type\":\"ImageObject\",\"inLanguage\":\"es\",\"@id\":\"http:\\\/\\\/autosdelpodio.com\\\/autos\\\/wp-content\\\/litespeed\\\/avatar\\\/aa8f65cd201a80f6b844f63278aa84af.jpg?ver=1788291139\",\"url\":\"http:\\\/\\\/autosdelpodio.com\\\/autos\\\/wp-content\\\/litespeed\\\/avatar\\\/aa8f65cd201a80f6b844f63278aa84af.jpg?ver=1788291139\",\"contentUrl\":\"http:\\\/\\\/autosdelpodio.com\\\/autos\\\/wp-content\\\/litespeed\\\/avatar\\\/aa8f65cd201a80f6b844f63278aa84af.jpg?ver=1788291139\",\"caption\":\"autosdelpodio\"}}]}<\/script>\n<!-- \/ Yoast SEO plugin. -->","yoast_head_json":{"title":"Autos del Podio | Ponce fue profeta en su tierra","description":"Autos del Podio El piloto local se impuso en el aut\u00f3dromo Eusebio Marcilla con el Toyota del Corsi Sport. Mat\u00edas Rossi y Marcelo Ciarrocchi completaron el podio. La pr\u00f3xima cita ser\u00e1 en San Juan.","robots":{"index":"index","follow":"follow","max-snippet":"max-snippet:-1","max-image-preview":"max-image-preview:large","max-video-preview":"max-video-preview:-1"},"canonical":"https:\/\/autosdelpodio.com\/autos\/ponce-fue-profeta-en-su-tierra\/","og_locale":"es_ES","og_type":"article","og_title":"#TC2000enJunin","og_description":"El piloto local se impuso en el aut\u00f3dromo Eusebio Marcilla con el Toyota del Corsi Sport. Mat\u00edas Rossi y Marcelo Ciarrocchi completaron el podio. La pr\u00f3xima cita ser\u00e1 en San Juan.","og_url":"https:\/\/autosdelpodio.com\/autos\/ponce-fue-profeta-en-su-tierra\/","og_site_name":"Autos del Podio","article_publisher":"https:\/\/www.facebook.com\/profile.php?id=100057192590976&amp%3bamp%3bamp%3bamp%3bamp%3bamp%3bamp%3bamp%3bamp%3bamp%3bamp%3bamp%3bamp%3bamp%3bamp%3bamp%3bamp%3bamp%3bref=ts","article_published_time":"2026-09-06T19:17:36+00:00","article_modified_time":"2026-09-06T19:17:38+00:00","og_image":[{"width":500,"height":350,"url":"http:\/\/autosdelpodio.com\/autos\/wp-content\/uploads\/2025\/10\/Ponce_de_Leon_TC2000_SUV.jpg","type":"image\/jpeg"}],"author":"autosdelpodio","twitter_card":"summary_large_image","twitter_creator":"@autosdelpodio","twitter_site":"@autosdelpodio","twitter_misc":{"Escrito por":"autosdelpodio","Tiempo de lectura":"2 minutos"},"schema":{"@context":"https:\/\/schema.org","@graph":[{"@type":"Article","@id":"https:\/\/autosdelpodio.com\/autos\/ponce-fue-profeta-en-su-tierra\/#article","isPartOf":{"@id":"https:\/\/autosdelpodio.com\/autos\/ponce-fue-profeta-en-su-tierra\/"},"author":{"name":"autosdelpodio","@id":"http:\/\/autosdelpodio.com\/autos\/#\/schema\/person\/993527a4d01c3acdd3d6bce3770bc942"},"headline":"Ponce fue profeta en su tierra","datePublished":"2026-09-06T19:17:36+00:00","dateModified":"2026-09-06T19:17:38+00:00","mainEntityOfPage":{"@id":"https:\/\/autosdelpodio.com\/autos\/ponce-fue-profeta-en-su-tierra\/"},"wordCount":309,"commentCount":0,"publisher":{"@id":"http:\/\/autosdelpodio.com\/autos\/#organization"},"image":{"@id":"https:\/\/autosdelpodio.com\/autos\/ponce-fue-profeta-en-su-tierra\/#primaryimage"},"thumbnailUrl":"http:\/\/autosdelpodio.com\/autos\/wp-content\/uploads\/2025\/10\/Ponce_de_Leon_TC2000_SUV.jpg","keywords":["Gabriel Ponce de Leon","Junin","TC2000","Toyota"],"articleSection":["Destacado","\u00daltimas noticias"],"inLanguage":"es","potentialAction":[{"@type":"CommentAction","name":"Comment","target":["https:\/\/autosdelpodio.com\/autos\/ponce-fue-profeta-en-su-tierra\/#respond"]}]},{"@type":"WebPage","@id":"https:\/\/autosdelpodio.com\/autos\/ponce-fue-profeta-en-su-tierra\/","url":"https:\/\/autosdelpodio.com\/autos\/ponce-fue-profeta-en-su-tierra\/","name":"Autos del Podio | Ponce fue profeta en su tierra","isPartOf":{"@id":"http:\/\/autosdelpodio.com\/autos\/#website"},"primaryImageOfPage":{"@id":"https:\/\/autosdelpodio.com\/autos\/ponce-fue-profeta-en-su-tierra\/#primaryimage"},"image":{"@id":"https:\/\/autosdelpodio.com\/autos\/ponce-fue-profeta-en-su-tierra\/#primaryimage"},"thumbnailUrl":"http:\/\/autosdelpodio.com\/autos\/wp-content\/uploads\/2025\/10\/Ponce_de_Leon_TC2000_SUV.jpg","datePublished":"2026-09-06T19:17:36+00:00","dateModified":"2026-09-06T19:17:38+00:00","description":"Autos del Podio El piloto local se impuso en el aut\u00f3dromo Eusebio Marcilla con el Toyota del Corsi Sport. Mat\u00edas Rossi y Marcelo Ciarrocchi completaron el podio. La pr\u00f3xima cita ser\u00e1 en San Juan.","breadcrumb":{"@id":"https:\/\/autosdelpodio.com\/autos\/ponce-fue-profeta-en-su-tierra\/#breadcrumb"},"inLanguage":"es","potentialAction":[{"@type":"ReadAction","target":["https:\/\/autosdelpodio.com\/autos\/ponce-fue-profeta-en-su-tierra\/"]}]},{"@type":"ImageObject","inLanguage":"es","@id":"https:\/\/autosdelpodio.com\/autos\/ponce-fue-profeta-en-su-tierra\/#primaryimage","url":"http:\/\/autosdelpodio.com\/autos\/wp-content\/uploads\/2025\/10\/Ponce_de_Leon_TC2000_SUV.jpg","contentUrl":"http:\/\/autosdelpodio.com\/autos\/wp-content\/uploads\/2025\/10\/Ponce_de_Leon_TC2000_SUV.jpg","width":500,"height":350},{"@type":"BreadcrumbList","@id":"https:\/\/autosdelpodio.com\/autos\/ponce-fue-profeta-en-su-tierra\/#breadcrumb","itemListElement":[{"@type":"ListItem","position":1,"name":"Portada","item":"http:\/\/autosdelpodio.com\/autos\/"},{"@type":"ListItem","position":2,"name":"Ponce fue profeta en su tierra"}]},{"@type":"WebSite","@id":"http:\/\/autosdelpodio.com\/autos\/#website","url":"http:\/\/autosdelpodio.com\/autos\/","name":"Autos del Podio","description":"La sexta del deporte motor","publisher":{"@id":"http:\/\/autosdelpodio.com\/autos\/#organization"},"potentialAction":[{"@type":"SearchAction","target":{"@type":"EntryPoint","urlTemplate":"http:\/\/autosdelpodio.com\/autos\/?s={search_term_string}"},"query-input":{"@type":"PropertyValueSpecification","valueRequired":true,"valueName":"search_term_string"}}],"inLanguage":"es"},{"@type":"Organization","@id":"http:\/\/autosdelpodio.com\/autos\/#organization","name":"Autos del Podio","url":"http:\/\/autosdelpodio.com\/autos\/","logo":{"@type":"ImageObject","inLanguage":"es","@id":"http:\/\/autosdelpodio.com\/autos\/#\/schema\/logo\/image\/","url":"http:\/\/autosdelpodio.com\/autos\/wp-content\/uploads\/2020\/08\/Logo_AR.jpg","contentUrl":"http:\/\/autosdelpodio.com\/autos\/wp-content\/uploads\/2020\/08\/Logo_AR.jpg","width":1038,"height":1044,"caption":"Autos del Podio"},"image":{"@id":"http:\/\/autosdelpodio.com\/autos\/#\/schema\/logo\/image\/"},"sameAs":["https:\/\/www.facebook.com\/profile.php?id=100057192590976&amp;amp;amp;amp;amp;amp;amp;amp;amp;amp;amp;amp;amp;amp;amp;amp;amp;amp;ref=ts","https:\/\/x.com\/autosdelpodio","https:\/\/www.youtube.com\/user\/AutosdelPodio"]},{"@type":"Person","@id":"http:\/\/autosdelpodio.com\/autos\/#\/schema\/person\/993527a4d01c3acdd3d6bce3770bc942","name":"autosdelpodio","image":{"@type":"ImageObject","inLanguage":"es","@id":"http:\/\/autosdelpodio.com\/autos\/wp-content\/litespeed\/avatar\/aa8f65cd201a80f6b844f63278aa84af.jpg?ver=1788291139","url":"http:\/\/autosdelpodio.com\/autos\/wp-content\/litespeed\/avatar\/aa8f65cd201a80f6b844f63278aa84af.jpg?ver=1788291139","contentUrl":"http:\/\/autosdelpodio.com\/autos\/wp-content\/litespeed\/avatar\/aa8f65cd201a80f6b844f63278aa84af.jpg?ver=1788291139","caption":"autosdelpodio"}}]}},"_links":{"self":[{"href":"http:\/\/autosdelpodio.com\/autos\/wp-json\/wp\/v2\/posts\/9572","targetHints":{"allow":["GET"]}}],"collection":[{"href":"http:\/\/autosdelpodio.com\/autos\/wp-json\/wp\/v2\/posts"}],"about":[{"href":"http:\/\/autosdelpodio.com\/autos\/wp-json\/wp\/v2\/types\/post"}],"author":[{"embeddable":true,"href":"http:\/\/autosdelpodio.com\/autos\/wp-json\/wp\/v2\/users\/3"}],"replies":[{"embeddable":true,"href":"http:\/\/autosdelpodio.com\/autos\/wp-json\/wp\/v2\/comments?post=9572"}],"version-history":[{"count":3,"href":"http:\/\/autosdelpodio.com\/autos\/wp-json\/wp\/v2\/posts\/9572\/revisions"}],"predecessor-version":[{"id":9576,"href":"http:\/\/autosdelpodio.com\/autos\/wp-json\/wp\/v2\/posts\/9572\/revisions\/9576"}],"wp:featuredmedia":[{"embeddable":true,"href":"http:\/\/autosdelpodio.com\/autos\/wp-json\/wp\/v2\/media\/8677"}],"wp:attachment":[{"href":"http:\/\/autosdelpodio.com\/autos\/wp-json\/wp\/v2\/media?parent=9572"}],"wp:term":[{"taxonomy":"category","embeddable":true,"href":"http:\/\/autosdelpodio.com\/autos\/wp-json\/wp\/v2\/categories?post=9572"},{"taxonomy":"post_tag","embeddable":true,"href":"http:\/\/autosdelpodio.com\/autos\/wp-json\/wp\/v2\/tags?post=9572"}],"curies":[{"name":"wp","href":"https:\/\/api.w.org\/{rel}","templated":true}]}}