{"id":965,"date":"2014-04-06T16:58:13","date_gmt":"2014-04-06T16:58:13","guid":{"rendered":"http:\/\/autosdelpodio.com\/autos\/2014\/04\/06\/trv6-golpe-de-escena\/"},"modified":"2014-04-06T16:58:13","modified_gmt":"2014-04-06T16:58:13","slug":"trv6-golpe-de-escena","status":"publish","type":"post","link":"http:\/\/autosdelpodio.com\/autos\/trv6-golpe-de-escena\/","title":{"rendered":"TRV6: Golpe de escena"},"content":{"rendered":"<p style=\"text-align: justify;\"><span style=\"line-height: 1.3em;\">Gustavo Micheloud (Ford Mondeo) obtuvo su segundo triunfo consecutivo en el Top Race V6 producto de la rotura de la caja de cambio del Mercedes de Agust\u00edn Canapino a instancias de la bandera a cuadro en el Autodromo Rosendo Hernandez de San Luis.Pese al ins\u00f3lito episodio pudo capturar el ultimo escal\u00f3n del podio de la competencia denominada especial con cambio de neumaticos. <\/span><\/p>\n<p>  <!--more-->  <\/p>\n<p><span style=\"text-align: justify; line-height: 1.3em;\">Juan Cruz Alvarez, en su regreso a la categor\u00eda y cambio de equipo mediante arrib\u00f3 segundo para darle el 1-2 al equipo SchicK Racing.<\/span><\/p>\n<p style=\"text-align: justify;\">Producto de estas victorias Gustavo Micheloud lidera la etapa regular, que tendr\u00e1 continuidad el pr\u00f3ximo 11 de Mayo, cuando el TRV6 se presente en el Autodromo de Ober\u00e1, provincia de Misiones.<\/p>\n<p><strong>Final Top Race V6 a 30 Vueltas<\/strong><\/p>\n<p>1<span style=\"white-space: pre;\"> <\/span>333<span style=\"white-space: pre;\"> <\/span>MICHELOUD GUSTAVO<span style=\"white-space: pre;\"> <\/span>MONDEO<span style=\"white-space: pre;\"> <\/span>47;29,238<span style=\"white-space: pre;\"> <\/span><\/p>\n<p>2<span style=\"white-space: pre;\"> <\/span>2<span style=\"white-space: pre;\"> <\/span>ALVAREZ JUAN CRUZ<span style=\"white-space: pre;\"> <\/span>MONDEO<span style=\"white-space: pre;\"> <\/span>47;29,633<span style=\"white-space: pre;\"> <\/span>0,395<\/p>\n<p>3<span style=\"white-space: pre;\"> <\/span>1<span style=\"white-space: pre;\"> <\/span>CANAPINO AGUSTIN<span style=\"white-space: pre;\"> <\/span>MERCEDES<span style=\"white-space: pre;\"> <\/span>47;29,721<span style=\"white-space: pre;\"> <\/span>0,483<\/p>\n<p>4<span style=\"white-space: pre;\"> <\/span>29<span style=\"white-space: pre;\"> <\/span>RISSATI RICARDO<span style=\"white-space: pre;\"> <\/span>PASSAT<span style=\"white-space: pre;\"> <\/span>47;30,015<span style=\"white-space: pre;\"> <\/span>0,777<\/p>\n<p>5<span style=\"white-space: pre;\"> <\/span>17<span style=\"white-space: pre;\"> <\/span>COTIGNOLA NICOLAS<span style=\"white-space: pre;\"> <\/span>MONDEO<span style=\"white-space: pre;\"> <\/span>47;30,567<span style=\"white-space: pre;\"> <\/span>1,329<\/p>\n<p>6<span style=\"white-space: pre;\"> <\/span>3<span style=\"white-space: pre;\"> <\/span>MORGENSTERN RAFAEL<span style=\"white-space: pre;\"> <\/span>LANCER<span style=\"white-space: pre;\"> <\/span>47;31,122<span style=\"white-space: pre;\"> <\/span>1,884<\/p>\n<p>7<span style=\"white-space: pre;\"> <\/span>666<span style=\"white-space: pre;\"> <\/span>TADEI GUSTAVO<span style=\"white-space: pre;\"> <\/span>CRUZE<span style=\"white-space: pre;\"> <\/span>47;34,507<span style=\"white-space: pre;\"> <\/span>5,269<\/p>\n<p>8<span style=\"white-space: pre;\"> <\/span>55<span style=\"white-space: pre;\"> <\/span>AGRELO MARCELO<span style=\"white-space: pre;\"> <\/span>CRUZE<span style=\"white-space: pre;\"> <\/span>47;35,671<span style=\"white-space: pre;\"> <\/span>6,433<\/p>\n<p>9<span style=\"white-space: pre;\"> <\/span>317<span style=\"white-space: pre;\"> <\/span>DI PALMA MARCOS<span style=\"white-space: pre;\"> <\/span>PASSAT<span style=\"white-space: pre;\"> <\/span>47;36,480<span style=\"white-space: pre;\"> <\/span>7,242<\/p>\n<p>10<span style=\"white-space: pre;\"> <\/span>9<span style=\"white-space: pre;\"> <\/span>SIRVENT GERMAN<span style=\"white-space: pre;\"> <\/span>CRUZE<span style=\"white-space: pre;\"> <\/span>47;40,834<span style=\"white-space: pre;\"> <\/span>11,596<\/p>\n<p>11<span style=\"white-space: pre;\"> <\/span>63<span style=\"white-space: pre;\"> <\/span>GIROLAMI NESTOR<span style=\"white-space: pre;\"> <\/span>LANCER<span style=\"white-space: pre;\"> <\/span>47;41,155<span style=\"white-space: pre;\"> <\/span>11,917<\/p>\n<p>12<span style=\"white-space: pre;\"> <\/span>10<span style=\"white-space: pre;\"> <\/span>AZAR DIEGO<span style=\"white-space: pre;\"> <\/span>MERCEDES<span style=\"white-space: pre;\"> <\/span>47;45,991<span style=\"white-space: pre;\"> <\/span>16,753<\/p>\n<p>13<span style=\"white-space: pre;\"> <\/span>23<span style=\"white-space: pre;\"> <\/span>BENAMO LUCAS<span style=\"white-space: pre;\"> <\/span>PASSAT<span style=\"white-space: pre;\"> <\/span>47;50,699<span style=\"white-space: pre;\"> <\/span>21,461<\/p>\n<p>14<span style=\"white-space: pre;\"> <\/span>7<span style=\"white-space: pre;\"> <\/span>SGANGA ANTONINO<span style=\"white-space: pre;\"> <\/span>MERCEDES<span style=\"white-space: pre;\"> <\/span>47;58,780<span style=\"white-space: pre;\"> <\/span>29,542<\/p>\n<p>15<span style=\"white-space: pre;\"> <\/span>12<span style=\"white-space: pre;\"> <\/span>MOISES FEDERICO<span style=\"white-space: pre;\"> <\/span>MERCEDES<span style=\"white-space: pre;\"> <\/span>48;11,309<span style=\"white-space: pre;\"> <\/span>42,071<\/p>\n<p>16<span style=\"white-space: pre;\"> <\/span>18<span style=\"white-space: pre;\"> <\/span>VAZQUEZ MARCOS<span style=\"white-space: pre;\"> <\/span>LANCER<span style=\"white-space: pre;\"> <\/span>48;11,769<span style=\"white-space: pre;\"> <\/span>42,531<\/p>\n<p>17<span style=\"white-space: pre;\"> <\/span>31<span style=\"white-space: pre;\"> <\/span>GIROLAMI FRANCO<span style=\"white-space: pre;\"> <\/span>PASSAT<span style=\"white-space: pre;\"> <\/span>48;21,611<span style=\"white-space: pre;\"> <\/span>52,373<\/p>\n<p>18<span style=\"white-space: pre;\"> <\/span>33<span style=\"white-space: pre;\"> <\/span>CHAR IGNACIO<span style=\"white-space: pre;\"> <\/span>PASSAT<span style=\"white-space: pre;\"> <\/span>48;49,513<span style=\"white-space: pre;\"> <\/span>1;20,275<\/p>\n<p>19<span style=\"white-space: pre;\"> <\/span>19<span style=\"white-space: pre;\"> <\/span>KRUJOSKI HUMBERTO<span style=\"white-space: pre;\"> <\/span>MERCEDES<span style=\"white-space: pre;\"> <\/span>48;52,622<span style=\"white-space: pre;\"> <\/span>1;23,384<\/p>\n<p>20<span style=\"white-space: pre;\"> <\/span>32<span style=\"white-space: pre;\"> <\/span>LEGUIZAMON ALEJANDRO<span style=\"white-space: pre;\"> <\/span>MERCEDES<span style=\"white-space: pre;\"> <\/span>39;34,237<span style=\"white-space: pre;\"> <\/span>1192:54;52,295<\/p>\n","protected":false},"excerpt":{"rendered":"<p>Gustavo Micheloud (Ford Mondeo) obtuvo su segundo triunfo consecutivo en el Top Race V6 producto de la rotura de la<\/p>\n","protected":false},"author":1,"featured_media":0,"comment_status":"open","ping_status":"open","sticky":false,"template":"","format":"standard","meta":{"colormag_page_container_layout":"default_layout","colormag_page_sidebar_layout":"default_layout","footnotes":""},"categories":[5],"tags":[],"class_list":["post-965","post","type-post","status-publish","format-standard","hentry","category-latest-news"],"yoast_head":"<!-- This site is optimized with the Yoast SEO plugin v27.4 - https:\/\/yoast.com\/product\/yoast-seo-wordpress\/ -->\n<title>Autos del Podio | TRV6: Golpe de escena<\/title>\n<meta name=\"description\" content=\"Autos del Podio\" \/>\n<meta name=\"robots\" content=\"index, follow, max-snippet:-1, max-image-preview:large, max-video-preview:-1\" \/>\n<link rel=\"canonical\" href=\"http:\/\/autosdelpodio.com\/autos\/trv6-golpe-de-escena\/\" \/>\n<meta property=\"og:locale\" content=\"es_ES\" \/>\n<meta property=\"og:type\" content=\"article\" \/>\n<meta property=\"og:title\" content=\"Autos del Podio | TRV6: Golpe de escena\" \/>\n<meta property=\"og:description\" content=\"Autos del Podio\" \/>\n<meta property=\"og:url\" content=\"http:\/\/autosdelpodio.com\/autos\/trv6-golpe-de-escena\/\" \/>\n<meta property=\"og:site_name\" content=\"Autos del Podio\" \/>\n<meta property=\"article:publisher\" content=\"https:\/\/www.facebook.com\/profile.php?id=100057192590976&amp;amp%3bamp%3bamp%3bamp%3bamp%3bamp%3bamp%3bamp%3bamp%3bamp%3bamp%3bamp%3bamp%3bamp%3bamp%3bamp%3bamp%3bamp%3bref=ts\" \/>\n<meta property=\"article:published_time\" content=\"2014-04-06T16:58:13+00:00\" \/>\n<meta name=\"author\" content=\"wi022230\" \/>\n<meta name=\"twitter:card\" content=\"summary_large_image\" \/>\n<meta name=\"twitter:creator\" content=\"@autosdelpodio\" \/>\n<meta name=\"twitter:site\" content=\"@autosdelpodio\" \/>\n<meta name=\"twitter:label1\" content=\"Escrito por\" \/>\n\t<meta name=\"twitter:data1\" content=\"wi022230\" \/>\n\t<meta name=\"twitter:label2\" content=\"Tiempo de lectura\" \/>\n\t<meta name=\"twitter:data2\" content=\"1 minuto\" \/>\n<script type=\"application\/ld+json\" class=\"yoast-schema-graph\">{\"@context\":\"https:\\\/\\\/schema.org\",\"@graph\":[{\"@type\":\"Article\",\"@id\":\"http:\\\/\\\/autosdelpodio.com\\\/autos\\\/trv6-golpe-de-escena\\\/#article\",\"isPartOf\":{\"@id\":\"http:\\\/\\\/autosdelpodio.com\\\/autos\\\/trv6-golpe-de-escena\\\/\"},\"author\":{\"name\":\"wi022230\",\"@id\":\"http:\\\/\\\/autosdelpodio.com\\\/autos\\\/#\\\/schema\\\/person\\\/e88353cabf768863fdf874e30120f3ba\"},\"headline\":\"TRV6: Golpe de escena\",\"datePublished\":\"2014-04-06T16:58:13+00:00\",\"mainEntityOfPage\":{\"@id\":\"http:\\\/\\\/autosdelpodio.com\\\/autos\\\/trv6-golpe-de-escena\\\/\"},\"wordCount\":194,\"commentCount\":0,\"publisher\":{\"@id\":\"http:\\\/\\\/autosdelpodio.com\\\/autos\\\/#organization\"},\"articleSection\":[\"\u00daltimas noticias\"],\"inLanguage\":\"es\",\"potentialAction\":[{\"@type\":\"CommentAction\",\"name\":\"Comment\",\"target\":[\"http:\\\/\\\/autosdelpodio.com\\\/autos\\\/trv6-golpe-de-escena\\\/#respond\"]}]},{\"@type\":\"WebPage\",\"@id\":\"http:\\\/\\\/autosdelpodio.com\\\/autos\\\/trv6-golpe-de-escena\\\/\",\"url\":\"http:\\\/\\\/autosdelpodio.com\\\/autos\\\/trv6-golpe-de-escena\\\/\",\"name\":\"Autos del Podio | TRV6: Golpe de escena\",\"isPartOf\":{\"@id\":\"http:\\\/\\\/autosdelpodio.com\\\/autos\\\/#website\"},\"datePublished\":\"2014-04-06T16:58:13+00:00\",\"description\":\"Autos del Podio\",\"breadcrumb\":{\"@id\":\"http:\\\/\\\/autosdelpodio.com\\\/autos\\\/trv6-golpe-de-escena\\\/#breadcrumb\"},\"inLanguage\":\"es\",\"potentialAction\":[{\"@type\":\"ReadAction\",\"target\":[\"http:\\\/\\\/autosdelpodio.com\\\/autos\\\/trv6-golpe-de-escena\\\/\"]}]},{\"@type\":\"BreadcrumbList\",\"@id\":\"http:\\\/\\\/autosdelpodio.com\\\/autos\\\/trv6-golpe-de-escena\\\/#breadcrumb\",\"itemListElement\":[{\"@type\":\"ListItem\",\"position\":1,\"name\":\"Portada\",\"item\":\"http:\\\/\\\/autosdelpodio.com\\\/autos\\\/\"},{\"@type\":\"ListItem\",\"position\":2,\"name\":\"TRV6: Golpe de escena\"}]},{\"@type\":\"WebSite\",\"@id\":\"http:\\\/\\\/autosdelpodio.com\\\/autos\\\/#website\",\"url\":\"http:\\\/\\\/autosdelpodio.com\\\/autos\\\/\",\"name\":\"Autos del Podio\",\"description\":\"La sexta del deporte motor\",\"publisher\":{\"@id\":\"http:\\\/\\\/autosdelpodio.com\\\/autos\\\/#organization\"},\"potentialAction\":[{\"@type\":\"SearchAction\",\"target\":{\"@type\":\"EntryPoint\",\"urlTemplate\":\"http:\\\/\\\/autosdelpodio.com\\\/autos\\\/?s={search_term_string}\"},\"query-input\":{\"@type\":\"PropertyValueSpecification\",\"valueRequired\":true,\"valueName\":\"search_term_string\"}}],\"inLanguage\":\"es\"},{\"@type\":\"Organization\",\"@id\":\"http:\\\/\\\/autosdelpodio.com\\\/autos\\\/#organization\",\"name\":\"Autos del Podio\",\"url\":\"http:\\\/\\\/autosdelpodio.com\\\/autos\\\/\",\"logo\":{\"@type\":\"ImageObject\",\"inLanguage\":\"es\",\"@id\":\"http:\\\/\\\/autosdelpodio.com\\\/autos\\\/#\\\/schema\\\/logo\\\/image\\\/\",\"url\":\"http:\\\/\\\/autosdelpodio.com\\\/autos\\\/wp-content\\\/uploads\\\/2020\\\/08\\\/Logo_AR.jpg\",\"contentUrl\":\"http:\\\/\\\/autosdelpodio.com\\\/autos\\\/wp-content\\\/uploads\\\/2020\\\/08\\\/Logo_AR.jpg\",\"width\":1038,\"height\":1044,\"caption\":\"Autos del Podio\"},\"image\":{\"@id\":\"http:\\\/\\\/autosdelpodio.com\\\/autos\\\/#\\\/schema\\\/logo\\\/image\\\/\"},\"sameAs\":[\"https:\\\/\\\/www.facebook.com\\\/profile.php?id=100057192590976&amp;amp;amp;amp;amp;amp;amp;amp;amp;amp;amp;amp;amp;amp;amp;amp;amp;amp;ref=ts\",\"https:\\\/\\\/x.com\\\/autosdelpodio\",\"https:\\\/\\\/www.youtube.com\\\/user\\\/AutosdelPodio\"]},{\"@type\":\"Person\",\"@id\":\"http:\\\/\\\/autosdelpodio.com\\\/autos\\\/#\\\/schema\\\/person\\\/e88353cabf768863fdf874e30120f3ba\",\"name\":\"wi022230\",\"image\":{\"@type\":\"ImageObject\",\"inLanguage\":\"es\",\"@id\":\"http:\\\/\\\/autosdelpodio.com\\\/autos\\\/wp-content\\\/litespeed\\\/avatar\\\/453fc9bdbb11d766ba4c7f14d0bd0aa9.jpg?ver=1776800006\",\"url\":\"http:\\\/\\\/autosdelpodio.com\\\/autos\\\/wp-content\\\/litespeed\\\/avatar\\\/453fc9bdbb11d766ba4c7f14d0bd0aa9.jpg?ver=1776800006\",\"contentUrl\":\"http:\\\/\\\/autosdelpodio.com\\\/autos\\\/wp-content\\\/litespeed\\\/avatar\\\/453fc9bdbb11d766ba4c7f14d0bd0aa9.jpg?ver=1776800006\",\"caption\":\"wi022230\"}}]}<\/script>\n<!-- \/ Yoast SEO plugin. -->","yoast_head_json":{"title":"Autos del Podio | TRV6: Golpe de escena","description":"Autos del Podio","robots":{"index":"index","follow":"follow","max-snippet":"max-snippet:-1","max-image-preview":"max-image-preview:large","max-video-preview":"max-video-preview:-1"},"canonical":"http:\/\/autosdelpodio.com\/autos\/trv6-golpe-de-escena\/","og_locale":"es_ES","og_type":"article","og_title":"Autos del Podio | TRV6: Golpe de escena","og_description":"Autos del Podio","og_url":"http:\/\/autosdelpodio.com\/autos\/trv6-golpe-de-escena\/","og_site_name":"Autos del Podio","article_publisher":"https:\/\/www.facebook.com\/profile.php?id=100057192590976&amp%3bamp%3bamp%3bamp%3bamp%3bamp%3bamp%3bamp%3bamp%3bamp%3bamp%3bamp%3bamp%3bamp%3bamp%3bamp%3bamp%3bamp%3bref=ts","article_published_time":"2014-04-06T16:58:13+00:00","author":"wi022230","twitter_card":"summary_large_image","twitter_creator":"@autosdelpodio","twitter_site":"@autosdelpodio","twitter_misc":{"Escrito por":"wi022230","Tiempo de lectura":"1 minuto"},"schema":{"@context":"https:\/\/schema.org","@graph":[{"@type":"Article","@id":"http:\/\/autosdelpodio.com\/autos\/trv6-golpe-de-escena\/#article","isPartOf":{"@id":"http:\/\/autosdelpodio.com\/autos\/trv6-golpe-de-escena\/"},"author":{"name":"wi022230","@id":"http:\/\/autosdelpodio.com\/autos\/#\/schema\/person\/e88353cabf768863fdf874e30120f3ba"},"headline":"TRV6: Golpe de escena","datePublished":"2014-04-06T16:58:13+00:00","mainEntityOfPage":{"@id":"http:\/\/autosdelpodio.com\/autos\/trv6-golpe-de-escena\/"},"wordCount":194,"commentCount":0,"publisher":{"@id":"http:\/\/autosdelpodio.com\/autos\/#organization"},"articleSection":["\u00daltimas noticias"],"inLanguage":"es","potentialAction":[{"@type":"CommentAction","name":"Comment","target":["http:\/\/autosdelpodio.com\/autos\/trv6-golpe-de-escena\/#respond"]}]},{"@type":"WebPage","@id":"http:\/\/autosdelpodio.com\/autos\/trv6-golpe-de-escena\/","url":"http:\/\/autosdelpodio.com\/autos\/trv6-golpe-de-escena\/","name":"Autos del Podio | TRV6: Golpe de escena","isPartOf":{"@id":"http:\/\/autosdelpodio.com\/autos\/#website"},"datePublished":"2014-04-06T16:58:13+00:00","description":"Autos del Podio","breadcrumb":{"@id":"http:\/\/autosdelpodio.com\/autos\/trv6-golpe-de-escena\/#breadcrumb"},"inLanguage":"es","potentialAction":[{"@type":"ReadAction","target":["http:\/\/autosdelpodio.com\/autos\/trv6-golpe-de-escena\/"]}]},{"@type":"BreadcrumbList","@id":"http:\/\/autosdelpodio.com\/autos\/trv6-golpe-de-escena\/#breadcrumb","itemListElement":[{"@type":"ListItem","position":1,"name":"Portada","item":"http:\/\/autosdelpodio.com\/autos\/"},{"@type":"ListItem","position":2,"name":"TRV6: Golpe de escena"}]},{"@type":"WebSite","@id":"http:\/\/autosdelpodio.com\/autos\/#website","url":"http:\/\/autosdelpodio.com\/autos\/","name":"Autos del Podio","description":"La sexta del deporte motor","publisher":{"@id":"http:\/\/autosdelpodio.com\/autos\/#organization"},"potentialAction":[{"@type":"SearchAction","target":{"@type":"EntryPoint","urlTemplate":"http:\/\/autosdelpodio.com\/autos\/?s={search_term_string}"},"query-input":{"@type":"PropertyValueSpecification","valueRequired":true,"valueName":"search_term_string"}}],"inLanguage":"es"},{"@type":"Organization","@id":"http:\/\/autosdelpodio.com\/autos\/#organization","name":"Autos del Podio","url":"http:\/\/autosdelpodio.com\/autos\/","logo":{"@type":"ImageObject","inLanguage":"es","@id":"http:\/\/autosdelpodio.com\/autos\/#\/schema\/logo\/image\/","url":"http:\/\/autosdelpodio.com\/autos\/wp-content\/uploads\/2020\/08\/Logo_AR.jpg","contentUrl":"http:\/\/autosdelpodio.com\/autos\/wp-content\/uploads\/2020\/08\/Logo_AR.jpg","width":1038,"height":1044,"caption":"Autos del Podio"},"image":{"@id":"http:\/\/autosdelpodio.com\/autos\/#\/schema\/logo\/image\/"},"sameAs":["https:\/\/www.facebook.com\/profile.php?id=100057192590976&amp;amp;amp;amp;amp;amp;amp;amp;amp;amp;amp;amp;amp;amp;amp;amp;amp;amp;ref=ts","https:\/\/x.com\/autosdelpodio","https:\/\/www.youtube.com\/user\/AutosdelPodio"]},{"@type":"Person","@id":"http:\/\/autosdelpodio.com\/autos\/#\/schema\/person\/e88353cabf768863fdf874e30120f3ba","name":"wi022230","image":{"@type":"ImageObject","inLanguage":"es","@id":"http:\/\/autosdelpodio.com\/autos\/wp-content\/litespeed\/avatar\/453fc9bdbb11d766ba4c7f14d0bd0aa9.jpg?ver=1776800006","url":"http:\/\/autosdelpodio.com\/autos\/wp-content\/litespeed\/avatar\/453fc9bdbb11d766ba4c7f14d0bd0aa9.jpg?ver=1776800006","contentUrl":"http:\/\/autosdelpodio.com\/autos\/wp-content\/litespeed\/avatar\/453fc9bdbb11d766ba4c7f14d0bd0aa9.jpg?ver=1776800006","caption":"wi022230"}}]}},"views":435,"_links":{"self":[{"href":"http:\/\/autosdelpodio.com\/autos\/wp-json\/wp\/v2\/posts\/965","targetHints":{"allow":["GET"]}}],"collection":[{"href":"http:\/\/autosdelpodio.com\/autos\/wp-json\/wp\/v2\/posts"}],"about":[{"href":"http:\/\/autosdelpodio.com\/autos\/wp-json\/wp\/v2\/types\/post"}],"author":[{"embeddable":true,"href":"http:\/\/autosdelpodio.com\/autos\/wp-json\/wp\/v2\/users\/1"}],"replies":[{"embeddable":true,"href":"http:\/\/autosdelpodio.com\/autos\/wp-json\/wp\/v2\/comments?post=965"}],"version-history":[{"count":0,"href":"http:\/\/autosdelpodio.com\/autos\/wp-json\/wp\/v2\/posts\/965\/revisions"}],"wp:attachment":[{"href":"http:\/\/autosdelpodio.com\/autos\/wp-json\/wp\/v2\/media?parent=965"}],"wp:term":[{"taxonomy":"category","embeddable":true,"href":"http:\/\/autosdelpodio.com\/autos\/wp-json\/wp\/v2\/categories?post=965"},{"taxonomy":"post_tag","embeddable":true,"href":"http:\/\/autosdelpodio.com\/autos\/wp-json\/wp\/v2\/tags?post=965"}],"curies":[{"name":"wp","href":"https:\/\/api.w.org\/{rel}","templated":true}]}}