{"id":967,"date":"2014-04-06T20:02:22","date_gmt":"2014-04-06T20:02:22","guid":{"rendered":"http:\/\/autosdelpodio.com\/autos\/2014\/04\/06\/mercedes-es-cosa-seria-en-la-formula-1\/"},"modified":"2014-04-06T20:02:22","modified_gmt":"2014-04-06T20:02:22","slug":"mercedes-es-cosa-seria-en-la-formula-1","status":"publish","type":"post","link":"http:\/\/autosdelpodio.com\/autos\/mercedes-es-cosa-seria-en-la-formula-1\/","title":{"rendered":"Mercedes es cosa seria en la Formula 1"},"content":{"rendered":"<p>Lewis Hamilton se qued\u00f3 con el Gran Premio de Bahrein.Ratificando el buen momento del equipo alem\u00e1n, su compa\u00f1ero de equipo Nico Rosberg y Sergio \u201cCheco\u201d Perez con Force India completaron el podio.<\/p>\n<p>  <!--more-->  <\/p>\n<p><span style=\"line-height: 1.3em;\">En funci\u00f3n del campeonato Rosberg acumula 61 puntos, luego lo siguen Hamilton con 50 y m\u00e1s relegado Nico Hulkenberg (Force India) con 28.<\/span><\/p>\n<p><span style=\"line-height: 1.3em;\">La pr\u00f3xima se disputar\u00e1 entre el 18 y el 20 de Abril, en lo que ser\u00e1 el GP de China. <\/span><\/p>\n<p><span style=\"line-height: 1.3em;\"><strong>Final a \u00a056 vueltas \u2013 GP de Bahrein<\/strong><\/span><\/p>\n<p>1. Lewis Hamilton \u00a0 \u00a0 \u00a0 \u00a0Mercedes \u00a0 \u00a0 \u00a0 \u00a0 \u00a0 \u00a0 \u00a0 \u00a0 \u00a01h38m42.743<\/p>\n<p>2. Nico Rosberg \u00a0 \u00a0 \u00a0 \u00a0 \u00a0Mercedes \u00a0 \u00a0 \u00a0 \u00a0 \u00a0 \u00a0 \u00a0 \u00a0 \u00a0+1.085s<\/p>\n<p>3. Sergio Perez \u00a0 \u00a0 \u00a0 \u00a0 \u00a0Force India-Mercedes \u00a0 \u00a0 \u00a0+24.067s<\/p>\n<p>4. Daniel Ricciardo \u00a0 \u00a0 \u00a0Red Bull-Renault \u00a0 \u00a0 \u00a0 \u00a0 \u00a0+24.489s<\/p>\n<p>5. Nico Hulkenberg \u00a0 \u00a0 \u00a0 Force India-Mercedes \u00a0 \u00a0 \u00a0+28.654s<\/p>\n<p>6. Sebastian Vettel \u00a0 \u00a0 \u00a0Red Bull-Renault \u00a0 \u00a0 \u00a0 \u00a0 \u00a0+29.879s<\/p>\n<p>7. Felipe Massa \u00a0 \u00a0 \u00a0 \u00a0 \u00a0Williams-Mercedes \u00a0 \u00a0 \u00a0 \u00a0 +31.200s<\/p>\n<p>8. Valtteri Bottas \u00a0 \u00a0 \u00a0 Williams-Mercedes \u00a0 \u00a0 \u00a0 \u00a0 +31.800s<\/p>\n<p>09. Fernando Alonso \u00a0 \u00a0 \u00a0 Ferrari \u00a0 \u00a0 \u00a0 \u00a0 \u00a0 \u00a0 \u00a0 \u00a0 \u00a0 +32.500s<\/p>\n<p>10. Kimi Raikkonen \u00a0 \u00a0 \u00a0 \u00a0Ferrari \u00a0 \u00a0 \u00a0 \u00a0 \u00a0 \u00a0 \u00a0 \u00a0 \u00a0 +33.400s<\/p>\n<p>11. Daniil Kvyat \u00a0 \u00a0 \u00a0 \u00a0 \u00a0Toro Rosso-Renault \u00a0 \u00a0 \u00a0 \u00a0+41.300s<\/p>\n<p>12. Romain Grosjean \u00a0 \u00a0 \u00a0 Lotus-Renault \u00a0 \u00a0 \u00a0 \u00a0 \u00a0 \u00a0 +43.100s<\/p>\n<p>13. Max Chilton \u00a0 \u00a0 \u00a0 \u00a0 \u00a0 Marussia-Ferrari \u00a0 \u00a0 \u00a0 \u00a0 \u00a0+59.900s<\/p>\n<p>14. Pastor Maldonado \u00a0 \u00a0 \u00a0Lotus-Renault \u00a0 \u00a0 \u00a0 \u00a0 \u00a0 \u00a0 +1m02.800s<\/p>\n<p>15. Kamui Kobayashi \u00a0 \u00a0 \u00a0 Caterham-Renault \u00a0 \u00a0 \u00a0 \u00a0 \u00a0+1m27.900s<\/p>\n<p>16. Jules Bianchi \u00a0 \u00a0 \u00a0 \u00a0 Marussia-Ferrari \u00a0 \u00a0 \u00a0 \u00a0 \u00a0+1 vta<\/p>\n<p>17. Jenson Button \u00a0 \u00a0 \u00a0 \u00a0 McLaren-Mercedes \u00a0 \u00a0 \u00a0 \u00a0 \u00a0+2 vtas<\/p>\n<p>18. Kevin Magnussen \u00a0 \u00a0 \u00a0 McLaren-Mercedes \u00a0 \u00a0 \u00a0 \u00a040 vtas<\/p>\n<p>19.Esteban Gutierrez \u00a0 \u00a0 Sauber-Ferrari \u00a0 \u00a0 \u00a0 \u00a0 \u00a039 vtas<\/p>\n<p>20.Marcus Ericsson \u00a0 \u00a0 \u00a0 Caterham-Renault \u00a0 \u00a0 \u00a0 \u00a033 vtas<\/p>\n<p>21. \u00a0Jean-Eric Vergne \u00a0 \u00a0 \u00a0Toro Rosso-Renault \u00a0 \u00a0 \u00a018 vtas<\/p>\n<p>22. Adrian Sutil \u00a0 \u00a0 \u00a0 \u00a0 \u00a0Sauber-Ferrari \u00a0 \u00a0 \u00a0 \u00a0 \u00a017 vtas<\/p>\n","protected":false},"excerpt":{"rendered":"<p>Lewis Hamilton se qued\u00f3 con el Gran Premio de Bahrein.Ratificando el buen momento del equipo alem\u00e1n, su compa\u00f1ero de equipo<\/p>\n","protected":false},"author":1,"featured_media":0,"comment_status":"open","ping_status":"open","sticky":false,"template":"","format":"standard","meta":{"colormag_page_container_layout":"default_layout","colormag_page_sidebar_layout":"default_layout","footnotes":""},"categories":[5],"tags":[],"class_list":["post-967","post","type-post","status-publish","format-standard","hentry","category-latest-news"],"yoast_head":"<!-- This site is optimized with the Yoast SEO plugin v27.4 - https:\/\/yoast.com\/product\/yoast-seo-wordpress\/ -->\n<title>Autos del Podio | Mercedes es cosa seria en la Formula 1<\/title>\n<meta name=\"description\" content=\"Autos del Podio\" \/>\n<meta name=\"robots\" content=\"index, follow, max-snippet:-1, max-image-preview:large, max-video-preview:-1\" \/>\n<link rel=\"canonical\" href=\"http:\/\/autosdelpodio.com\/autos\/mercedes-es-cosa-seria-en-la-formula-1\/\" \/>\n<meta property=\"og:locale\" content=\"es_ES\" \/>\n<meta property=\"og:type\" content=\"article\" \/>\n<meta property=\"og:title\" content=\"Autos del Podio | Mercedes es cosa seria en la Formula 1\" \/>\n<meta property=\"og:description\" content=\"Autos del Podio\" \/>\n<meta property=\"og:url\" content=\"http:\/\/autosdelpodio.com\/autos\/mercedes-es-cosa-seria-en-la-formula-1\/\" \/>\n<meta property=\"og:site_name\" content=\"Autos del Podio\" \/>\n<meta property=\"article:publisher\" content=\"https:\/\/www.facebook.com\/profile.php?id=100057192590976&amp;amp%3bamp%3bamp%3bamp%3bamp%3bamp%3bamp%3bamp%3bamp%3bamp%3bamp%3bamp%3bamp%3bamp%3bamp%3bamp%3bamp%3bamp%3bref=ts\" \/>\n<meta property=\"article:published_time\" content=\"2014-04-06T20:02:22+00:00\" \/>\n<meta name=\"author\" content=\"wi022230\" \/>\n<meta name=\"twitter:card\" content=\"summary_large_image\" \/>\n<meta name=\"twitter:creator\" content=\"@autosdelpodio\" \/>\n<meta name=\"twitter:site\" content=\"@autosdelpodio\" \/>\n<meta name=\"twitter:label1\" content=\"Escrito por\" \/>\n\t<meta name=\"twitter:data1\" content=\"wi022230\" \/>\n\t<meta name=\"twitter:label2\" content=\"Tiempo de lectura\" \/>\n\t<meta name=\"twitter:data2\" content=\"1 minuto\" \/>\n<script type=\"application\/ld+json\" class=\"yoast-schema-graph\">{\"@context\":\"https:\\\/\\\/schema.org\",\"@graph\":[{\"@type\":\"Article\",\"@id\":\"http:\\\/\\\/autosdelpodio.com\\\/autos\\\/mercedes-es-cosa-seria-en-la-formula-1\\\/#article\",\"isPartOf\":{\"@id\":\"http:\\\/\\\/autosdelpodio.com\\\/autos\\\/mercedes-es-cosa-seria-en-la-formula-1\\\/\"},\"author\":{\"name\":\"wi022230\",\"@id\":\"http:\\\/\\\/autosdelpodio.com\\\/autos\\\/#\\\/schema\\\/person\\\/e88353cabf768863fdf874e30120f3ba\"},\"headline\":\"Mercedes es cosa seria en la Formula 1\",\"datePublished\":\"2014-04-06T20:02:22+00:00\",\"mainEntityOfPage\":{\"@id\":\"http:\\\/\\\/autosdelpodio.com\\\/autos\\\/mercedes-es-cosa-seria-en-la-formula-1\\\/\"},\"wordCount\":186,\"commentCount\":0,\"publisher\":{\"@id\":\"http:\\\/\\\/autosdelpodio.com\\\/autos\\\/#organization\"},\"articleSection\":[\"\u00daltimas noticias\"],\"inLanguage\":\"es\",\"potentialAction\":[{\"@type\":\"CommentAction\",\"name\":\"Comment\",\"target\":[\"http:\\\/\\\/autosdelpodio.com\\\/autos\\\/mercedes-es-cosa-seria-en-la-formula-1\\\/#respond\"]}]},{\"@type\":\"WebPage\",\"@id\":\"http:\\\/\\\/autosdelpodio.com\\\/autos\\\/mercedes-es-cosa-seria-en-la-formula-1\\\/\",\"url\":\"http:\\\/\\\/autosdelpodio.com\\\/autos\\\/mercedes-es-cosa-seria-en-la-formula-1\\\/\",\"name\":\"Autos del Podio | Mercedes es cosa seria en la Formula 1\",\"isPartOf\":{\"@id\":\"http:\\\/\\\/autosdelpodio.com\\\/autos\\\/#website\"},\"datePublished\":\"2014-04-06T20:02:22+00:00\",\"description\":\"Autos del Podio\",\"breadcrumb\":{\"@id\":\"http:\\\/\\\/autosdelpodio.com\\\/autos\\\/mercedes-es-cosa-seria-en-la-formula-1\\\/#breadcrumb\"},\"inLanguage\":\"es\",\"potentialAction\":[{\"@type\":\"ReadAction\",\"target\":[\"http:\\\/\\\/autosdelpodio.com\\\/autos\\\/mercedes-es-cosa-seria-en-la-formula-1\\\/\"]}]},{\"@type\":\"BreadcrumbList\",\"@id\":\"http:\\\/\\\/autosdelpodio.com\\\/autos\\\/mercedes-es-cosa-seria-en-la-formula-1\\\/#breadcrumb\",\"itemListElement\":[{\"@type\":\"ListItem\",\"position\":1,\"name\":\"Portada\",\"item\":\"http:\\\/\\\/autosdelpodio.com\\\/autos\\\/\"},{\"@type\":\"ListItem\",\"position\":2,\"name\":\"Mercedes es cosa seria en la Formula 1\"}]},{\"@type\":\"WebSite\",\"@id\":\"http:\\\/\\\/autosdelpodio.com\\\/autos\\\/#website\",\"url\":\"http:\\\/\\\/autosdelpodio.com\\\/autos\\\/\",\"name\":\"Autos del Podio\",\"description\":\"La sexta del deporte motor\",\"publisher\":{\"@id\":\"http:\\\/\\\/autosdelpodio.com\\\/autos\\\/#organization\"},\"potentialAction\":[{\"@type\":\"SearchAction\",\"target\":{\"@type\":\"EntryPoint\",\"urlTemplate\":\"http:\\\/\\\/autosdelpodio.com\\\/autos\\\/?s={search_term_string}\"},\"query-input\":{\"@type\":\"PropertyValueSpecification\",\"valueRequired\":true,\"valueName\":\"search_term_string\"}}],\"inLanguage\":\"es\"},{\"@type\":\"Organization\",\"@id\":\"http:\\\/\\\/autosdelpodio.com\\\/autos\\\/#organization\",\"name\":\"Autos del Podio\",\"url\":\"http:\\\/\\\/autosdelpodio.com\\\/autos\\\/\",\"logo\":{\"@type\":\"ImageObject\",\"inLanguage\":\"es\",\"@id\":\"http:\\\/\\\/autosdelpodio.com\\\/autos\\\/#\\\/schema\\\/logo\\\/image\\\/\",\"url\":\"http:\\\/\\\/autosdelpodio.com\\\/autos\\\/wp-content\\\/uploads\\\/2020\\\/08\\\/Logo_AR.jpg\",\"contentUrl\":\"http:\\\/\\\/autosdelpodio.com\\\/autos\\\/wp-content\\\/uploads\\\/2020\\\/08\\\/Logo_AR.jpg\",\"width\":1038,\"height\":1044,\"caption\":\"Autos del Podio\"},\"image\":{\"@id\":\"http:\\\/\\\/autosdelpodio.com\\\/autos\\\/#\\\/schema\\\/logo\\\/image\\\/\"},\"sameAs\":[\"https:\\\/\\\/www.facebook.com\\\/profile.php?id=100057192590976&amp;amp;amp;amp;amp;amp;amp;amp;amp;amp;amp;amp;amp;amp;amp;amp;amp;amp;ref=ts\",\"https:\\\/\\\/x.com\\\/autosdelpodio\",\"https:\\\/\\\/www.youtube.com\\\/user\\\/AutosdelPodio\"]},{\"@type\":\"Person\",\"@id\":\"http:\\\/\\\/autosdelpodio.com\\\/autos\\\/#\\\/schema\\\/person\\\/e88353cabf768863fdf874e30120f3ba\",\"name\":\"wi022230\",\"image\":{\"@type\":\"ImageObject\",\"inLanguage\":\"es\",\"@id\":\"http:\\\/\\\/autosdelpodio.com\\\/autos\\\/wp-content\\\/litespeed\\\/avatar\\\/453fc9bdbb11d766ba4c7f14d0bd0aa9.jpg?ver=1776800006\",\"url\":\"http:\\\/\\\/autosdelpodio.com\\\/autos\\\/wp-content\\\/litespeed\\\/avatar\\\/453fc9bdbb11d766ba4c7f14d0bd0aa9.jpg?ver=1776800006\",\"contentUrl\":\"http:\\\/\\\/autosdelpodio.com\\\/autos\\\/wp-content\\\/litespeed\\\/avatar\\\/453fc9bdbb11d766ba4c7f14d0bd0aa9.jpg?ver=1776800006\",\"caption\":\"wi022230\"}}]}<\/script>\n<!-- \/ Yoast SEO plugin. -->","yoast_head_json":{"title":"Autos del Podio | Mercedes es cosa seria en la Formula 1","description":"Autos del Podio","robots":{"index":"index","follow":"follow","max-snippet":"max-snippet:-1","max-image-preview":"max-image-preview:large","max-video-preview":"max-video-preview:-1"},"canonical":"http:\/\/autosdelpodio.com\/autos\/mercedes-es-cosa-seria-en-la-formula-1\/","og_locale":"es_ES","og_type":"article","og_title":"Autos del Podio | Mercedes es cosa seria en la Formula 1","og_description":"Autos del Podio","og_url":"http:\/\/autosdelpodio.com\/autos\/mercedes-es-cosa-seria-en-la-formula-1\/","og_site_name":"Autos del Podio","article_publisher":"https:\/\/www.facebook.com\/profile.php?id=100057192590976&amp%3bamp%3bamp%3bamp%3bamp%3bamp%3bamp%3bamp%3bamp%3bamp%3bamp%3bamp%3bamp%3bamp%3bamp%3bamp%3bamp%3bamp%3bref=ts","article_published_time":"2014-04-06T20:02:22+00:00","author":"wi022230","twitter_card":"summary_large_image","twitter_creator":"@autosdelpodio","twitter_site":"@autosdelpodio","twitter_misc":{"Escrito por":"wi022230","Tiempo de lectura":"1 minuto"},"schema":{"@context":"https:\/\/schema.org","@graph":[{"@type":"Article","@id":"http:\/\/autosdelpodio.com\/autos\/mercedes-es-cosa-seria-en-la-formula-1\/#article","isPartOf":{"@id":"http:\/\/autosdelpodio.com\/autos\/mercedes-es-cosa-seria-en-la-formula-1\/"},"author":{"name":"wi022230","@id":"http:\/\/autosdelpodio.com\/autos\/#\/schema\/person\/e88353cabf768863fdf874e30120f3ba"},"headline":"Mercedes es cosa seria en la Formula 1","datePublished":"2014-04-06T20:02:22+00:00","mainEntityOfPage":{"@id":"http:\/\/autosdelpodio.com\/autos\/mercedes-es-cosa-seria-en-la-formula-1\/"},"wordCount":186,"commentCount":0,"publisher":{"@id":"http:\/\/autosdelpodio.com\/autos\/#organization"},"articleSection":["\u00daltimas noticias"],"inLanguage":"es","potentialAction":[{"@type":"CommentAction","name":"Comment","target":["http:\/\/autosdelpodio.com\/autos\/mercedes-es-cosa-seria-en-la-formula-1\/#respond"]}]},{"@type":"WebPage","@id":"http:\/\/autosdelpodio.com\/autos\/mercedes-es-cosa-seria-en-la-formula-1\/","url":"http:\/\/autosdelpodio.com\/autos\/mercedes-es-cosa-seria-en-la-formula-1\/","name":"Autos del Podio | Mercedes es cosa seria en la Formula 1","isPartOf":{"@id":"http:\/\/autosdelpodio.com\/autos\/#website"},"datePublished":"2014-04-06T20:02:22+00:00","description":"Autos del Podio","breadcrumb":{"@id":"http:\/\/autosdelpodio.com\/autos\/mercedes-es-cosa-seria-en-la-formula-1\/#breadcrumb"},"inLanguage":"es","potentialAction":[{"@type":"ReadAction","target":["http:\/\/autosdelpodio.com\/autos\/mercedes-es-cosa-seria-en-la-formula-1\/"]}]},{"@type":"BreadcrumbList","@id":"http:\/\/autosdelpodio.com\/autos\/mercedes-es-cosa-seria-en-la-formula-1\/#breadcrumb","itemListElement":[{"@type":"ListItem","position":1,"name":"Portada","item":"http:\/\/autosdelpodio.com\/autos\/"},{"@type":"ListItem","position":2,"name":"Mercedes es cosa seria en la Formula 1"}]},{"@type":"WebSite","@id":"http:\/\/autosdelpodio.com\/autos\/#website","url":"http:\/\/autosdelpodio.com\/autos\/","name":"Autos del Podio","description":"La sexta del deporte motor","publisher":{"@id":"http:\/\/autosdelpodio.com\/autos\/#organization"},"potentialAction":[{"@type":"SearchAction","target":{"@type":"EntryPoint","urlTemplate":"http:\/\/autosdelpodio.com\/autos\/?s={search_term_string}"},"query-input":{"@type":"PropertyValueSpecification","valueRequired":true,"valueName":"search_term_string"}}],"inLanguage":"es"},{"@type":"Organization","@id":"http:\/\/autosdelpodio.com\/autos\/#organization","name":"Autos del Podio","url":"http:\/\/autosdelpodio.com\/autos\/","logo":{"@type":"ImageObject","inLanguage":"es","@id":"http:\/\/autosdelpodio.com\/autos\/#\/schema\/logo\/image\/","url":"http:\/\/autosdelpodio.com\/autos\/wp-content\/uploads\/2020\/08\/Logo_AR.jpg","contentUrl":"http:\/\/autosdelpodio.com\/autos\/wp-content\/uploads\/2020\/08\/Logo_AR.jpg","width":1038,"height":1044,"caption":"Autos del Podio"},"image":{"@id":"http:\/\/autosdelpodio.com\/autos\/#\/schema\/logo\/image\/"},"sameAs":["https:\/\/www.facebook.com\/profile.php?id=100057192590976&amp;amp;amp;amp;amp;amp;amp;amp;amp;amp;amp;amp;amp;amp;amp;amp;amp;amp;ref=ts","https:\/\/x.com\/autosdelpodio","https:\/\/www.youtube.com\/user\/AutosdelPodio"]},{"@type":"Person","@id":"http:\/\/autosdelpodio.com\/autos\/#\/schema\/person\/e88353cabf768863fdf874e30120f3ba","name":"wi022230","image":{"@type":"ImageObject","inLanguage":"es","@id":"http:\/\/autosdelpodio.com\/autos\/wp-content\/litespeed\/avatar\/453fc9bdbb11d766ba4c7f14d0bd0aa9.jpg?ver=1776800006","url":"http:\/\/autosdelpodio.com\/autos\/wp-content\/litespeed\/avatar\/453fc9bdbb11d766ba4c7f14d0bd0aa9.jpg?ver=1776800006","contentUrl":"http:\/\/autosdelpodio.com\/autos\/wp-content\/litespeed\/avatar\/453fc9bdbb11d766ba4c7f14d0bd0aa9.jpg?ver=1776800006","caption":"wi022230"}}]}},"views":760,"_links":{"self":[{"href":"http:\/\/autosdelpodio.com\/autos\/wp-json\/wp\/v2\/posts\/967","targetHints":{"allow":["GET"]}}],"collection":[{"href":"http:\/\/autosdelpodio.com\/autos\/wp-json\/wp\/v2\/posts"}],"about":[{"href":"http:\/\/autosdelpodio.com\/autos\/wp-json\/wp\/v2\/types\/post"}],"author":[{"embeddable":true,"href":"http:\/\/autosdelpodio.com\/autos\/wp-json\/wp\/v2\/users\/1"}],"replies":[{"embeddable":true,"href":"http:\/\/autosdelpodio.com\/autos\/wp-json\/wp\/v2\/comments?post=967"}],"version-history":[{"count":0,"href":"http:\/\/autosdelpodio.com\/autos\/wp-json\/wp\/v2\/posts\/967\/revisions"}],"wp:attachment":[{"href":"http:\/\/autosdelpodio.com\/autos\/wp-json\/wp\/v2\/media?parent=967"}],"wp:term":[{"taxonomy":"category","embeddable":true,"href":"http:\/\/autosdelpodio.com\/autos\/wp-json\/wp\/v2\/categories?post=967"},{"taxonomy":"post_tag","embeddable":true,"href":"http:\/\/autosdelpodio.com\/autos\/wp-json\/wp\/v2\/tags?post=967"}],"curies":[{"name":"wp","href":"https:\/\/api.w.org\/{rel}","templated":true}]}}