{"id":994,"date":"2014-05-11T19:19:47","date_gmt":"2014-05-11T19:19:47","guid":{"rendered":"http:\/\/autosdelpodio.com\/autos\/2014\/05\/11\/trv6-los-fierros-son-asi\/"},"modified":"2014-05-11T19:19:47","modified_gmt":"2014-05-11T19:19:47","slug":"trv6-los-fierros-son-asi","status":"publish","type":"post","link":"http:\/\/autosdelpodio.com\/autos\/trv6-los-fierros-son-asi\/","title":{"rendered":"TRV6: Los fierros son as\u00ed"},"content":{"rendered":"<p style=\"text-align: justify;\">Gustavo Tadei (Chevrolet Cruze) pudo capturar un triunfo que era para Agust\u00edn Canapino (Mercedes E), quien nuevamente se qued\u00f3 en los \u00faltimos metros y lleg\u00f3 casi con el envi\u00f3n a capturar el ultimo escal\u00f3n del podio.Juan Cruz Alvarez (VW Passat) fue segundo.<\/p>\n<p style=\"text-align: justify;\">En una carrera entretenida, y ante un buen marco de publico en Ober\u00e1, provincia de Misiones, el motor V6 de Canapino comenz\u00f3 a fallar a instancias de la bandera a cuadros tal como le hab\u00eda ocurrido en San Luis la fecha pasada.Como en aquel momento lo hizo Gustavo Micheloud, lo propio hizo Tadei, heredar la carrera.<\/p>\n<p>  <!--more-->  <\/p>\n<p><span style=\"text-align: justify; line-height: 1.3em;\">El premio consuelo para Agust\u00edn Canapino fue al menos retener la punta del campeonato.<\/span><\/p>\n<p style=\"text-align: justify;\">La pr\u00f3xima fecha ser\u00e1 el 21 y 22 de Junio en Resistencia, Chaco.<\/p>\n<p><strong>Clasificaci\u00f3n Final &#8211; 24 vueltas<\/strong><\/p>\n<p>1<span style=\"white-space:pre\"> <\/span>666<span style=\"white-space:pre\"> <\/span>TADEI GUSTAVO<span style=\"white-space:pre\"> <\/span>CRUZE<span style=\"white-space:pre\"> <\/span>50;00,481<span style=\"white-space:pre\"> <\/span><\/p>\n<p>2<span style=\"white-space:pre\"> <\/span>2<span style=\"white-space:pre\"> <\/span>ALVAREZ JUAN CRUZ<span style=\"white-space:pre\"> <\/span>PASSAT<span style=\"white-space:pre\"> <\/span>50;06,418<span style=\"white-space:pre\"> <\/span>5,937<\/p>\n<p>3<span style=\"white-space:pre\"> <\/span>1<span style=\"white-space:pre\"> <\/span>CANAPINO AGUSTIN<span style=\"white-space:pre\"> <\/span>MERCEDES<span style=\"white-space:pre\"> <\/span>50;11,245<span style=\"white-space:pre\"> <\/span>10,764<\/p>\n<p>4<span style=\"white-space:pre\"> <\/span>3<span style=\"white-space:pre\"> <\/span>MORGENSTERN RAFAEL<span style=\"white-space:pre\"> <\/span>LANCER<span style=\"white-space:pre\"> <\/span>50;12,712<span style=\"white-space:pre\"> <\/span>12,231<\/p>\n<p>5<span style=\"white-space:pre\"> <\/span>17<span style=\"white-space:pre\"> <\/span>COTIGNOLA NICOLAS<span style=\"white-space:pre\"> <\/span>MONDEO<span style=\"white-space:pre\"> <\/span>50;14,152<span style=\"white-space:pre\"> <\/span>13,671<\/p>\n<p>6<span style=\"white-space:pre\"> <\/span>63<span style=\"white-space:pre\"> <\/span>GIROLAMI NESTOR<span style=\"white-space:pre\"> <\/span>LANCER<span style=\"white-space:pre\"> <\/span>50;14,200<span style=\"white-space:pre\"> <\/span>13,719<\/p>\n<p>7<span style=\"white-space:pre\"> <\/span>10<span style=\"white-space:pre\"> <\/span>AZAR DIEGO<span style=\"white-space:pre\"> <\/span>MERCEDES<span style=\"white-space:pre\"> <\/span>50;22,062<span style=\"white-space:pre\"> <\/span>21,581<\/p>\n<p>8<span style=\"white-space:pre\"> <\/span>55<span style=\"white-space:pre\"> <\/span>AGRELO MARCELO<span style=\"white-space:pre\"> <\/span>CRUZE<span style=\"white-space:pre\"> <\/span>50;22,577<span style=\"white-space:pre\"> <\/span>22,096<\/p>\n<p>9<span style=\"white-space:pre\"> <\/span>333<span style=\"white-space:pre\"> <\/span>MICHELOUD GUSTAVO<span style=\"white-space:pre\"> <\/span>MONDEO<span style=\"white-space:pre\"> <\/span>50;25,133<span style=\"white-space:pre\"> <\/span>24,652<\/p>\n<p>10<span style=\"white-space:pre\"> <\/span>18<span style=\"white-space:pre\"> <\/span>VAZQUEZ MARCOS<span style=\"white-space:pre\"> <\/span>LANCER<span style=\"white-space:pre\"> <\/span>50;30,541<span style=\"white-space:pre\"> <\/span>30,060<\/p>\n<p>11<span style=\"white-space:pre\"> <\/span>7<span style=\"white-space:pre\"> <\/span>SGANGA ANTONINO<span style=\"white-space:pre\"> <\/span>MERCEDES<span style=\"white-space:pre\"> <\/span>50;42,781<span style=\"white-space:pre\"> <\/span>42,300<\/p>\n<p>12<span style=\"white-space:pre\"> <\/span>12<span style=\"white-space:pre\"> <\/span>MOISES FEDERICO<span style=\"white-space:pre\"> <\/span>MERCEDES<span style=\"white-space:pre\"> <\/span>50;48,525<span style=\"white-space:pre\"> <\/span>48,044<\/p>\n<p>13<span style=\"white-space:pre\"> <\/span>23<span style=\"white-space:pre\"> <\/span>BENAMO LUCAS<span style=\"white-space:pre\"> <\/span>PASSAT<span style=\"white-space:pre\"> <\/span>50;49,813<span style=\"white-space:pre\"> <\/span>49,332<\/p>\n<p>14<span style=\"white-space:pre\"> <\/span>93<span style=\"white-space:pre\"> <\/span>RODRIGUEZ MATIAS<span style=\"white-space:pre\"> <\/span>PASSAT<span style=\"white-space:pre\"> <\/span>51;19,949<span style=\"white-space:pre\"> <\/span>1;19,468<\/p>\n<p>15<span style=\"white-space:pre\"> <\/span>317<span style=\"white-space:pre\"> <\/span>DI PALMA MARCOS<span style=\"white-space:pre\"> <\/span>PASSAT<span style=\"white-space:pre\"> <\/span>44;49,069<span style=\"white-space:pre\"> <\/span>1192:57;35,884<\/p>\n<p>16<span style=\"white-space:pre\"> <\/span>33<span style=\"white-space:pre\"> <\/span>CHAR IGNACIO<span style=\"white-space:pre\"> <\/span>PASSAT<span style=\"white-space:pre\"> <\/span>35;21,080<span style=\"white-space:pre\"> <\/span>1192:48;07,895<\/p>\n<p>17<span style=\"white-space:pre\"> <\/span>19<span style=\"white-space:pre\"> <\/span>KRUJOSKI HUMBERTO<span style=\"white-space:pre\"> <\/span>MERCEDES<span style=\"white-space:pre\"> <\/span>13;04,320<span style=\"white-space:pre\"> <\/span>1192:25;51,135<\/p>\n<p>18<span style=\"white-space:pre\"> <\/span>9<span style=\"white-space:pre\"> <\/span>SIRVENT GERMAN<span style=\"white-space:pre\"> <\/span>CRUZE<span style=\"white-space:pre\"> <\/span>13;04,713<span style=\"white-space:pre\"> <\/span>1192:25;51,528<\/p>\n<p>19<span style=\"white-space:pre\"> <\/span>29<span style=\"white-space:pre\"> <\/span>RISSATI RICARDO<span style=\"white-space:pre\"> <\/span>PASSAT<span style=\"white-space:pre\"> <\/span>0,000<span style=\"white-space:pre\"> <\/span>1192:12;46,815<\/p>\n","protected":false},"excerpt":{"rendered":"<p>Gustavo Tadei (Chevrolet Cruze) pudo capturar un triunfo que era para Agust\u00edn Canapino (Mercedes E), quien nuevamente se qued\u00f3 en<\/p>\n","protected":false},"author":1,"featured_media":0,"comment_status":"open","ping_status":"open","sticky":false,"template":"","format":"standard","meta":{"colormag_page_container_layout":"default_layout","colormag_page_sidebar_layout":"default_layout","footnotes":""},"categories":[5],"tags":[],"class_list":["post-994","post","type-post","status-publish","format-standard","hentry","category-latest-news"],"yoast_head":"<!-- This site is optimized with the Yoast SEO plugin v27.5 - https:\/\/yoast.com\/product\/yoast-seo-wordpress\/ -->\n<title>Autos del Podio | TRV6: Los fierros son as\u00ed<\/title>\n<meta name=\"description\" content=\"Autos del Podio\" \/>\n<meta name=\"robots\" content=\"index, follow, max-snippet:-1, max-image-preview:large, max-video-preview:-1\" \/>\n<link rel=\"canonical\" href=\"http:\/\/autosdelpodio.com\/autos\/trv6-los-fierros-son-asi\/\" \/>\n<meta property=\"og:locale\" content=\"es_ES\" \/>\n<meta property=\"og:type\" content=\"article\" \/>\n<meta property=\"og:title\" content=\"Autos del Podio | TRV6: Los fierros son as\u00ed\" \/>\n<meta property=\"og:description\" content=\"Autos del Podio\" \/>\n<meta property=\"og:url\" content=\"http:\/\/autosdelpodio.com\/autos\/trv6-los-fierros-son-asi\/\" \/>\n<meta property=\"og:site_name\" content=\"Autos del Podio\" \/>\n<meta property=\"article:publisher\" content=\"https:\/\/www.facebook.com\/profile.php?id=100057192590976&amp;amp%3bamp%3bamp%3bamp%3bamp%3bamp%3bamp%3bamp%3bamp%3bamp%3bamp%3bamp%3bamp%3bamp%3bamp%3bamp%3bamp%3bamp%3bref=ts\" \/>\n<meta property=\"article:published_time\" content=\"2014-05-11T19:19:47+00:00\" \/>\n<meta name=\"author\" content=\"wi022230\" \/>\n<meta name=\"twitter:card\" content=\"summary_large_image\" \/>\n<meta name=\"twitter:creator\" content=\"@autosdelpodio\" \/>\n<meta name=\"twitter:site\" content=\"@autosdelpodio\" \/>\n<meta name=\"twitter:label1\" content=\"Escrito por\" \/>\n\t<meta name=\"twitter:data1\" content=\"wi022230\" \/>\n\t<meta name=\"twitter:label2\" content=\"Tiempo de lectura\" \/>\n\t<meta name=\"twitter:data2\" content=\"1 minuto\" \/>\n<script type=\"application\/ld+json\" class=\"yoast-schema-graph\">{\"@context\":\"https:\\\/\\\/schema.org\",\"@graph\":[{\"@type\":\"Article\",\"@id\":\"http:\\\/\\\/autosdelpodio.com\\\/autos\\\/trv6-los-fierros-son-asi\\\/#article\",\"isPartOf\":{\"@id\":\"http:\\\/\\\/autosdelpodio.com\\\/autos\\\/trv6-los-fierros-son-asi\\\/\"},\"author\":{\"name\":\"wi022230\",\"@id\":\"http:\\\/\\\/autosdelpodio.com\\\/autos\\\/#\\\/schema\\\/person\\\/e88353cabf768863fdf874e30120f3ba\"},\"headline\":\"TRV6: Los fierros son as\u00ed\",\"datePublished\":\"2014-05-11T19:19:47+00:00\",\"mainEntityOfPage\":{\"@id\":\"http:\\\/\\\/autosdelpodio.com\\\/autos\\\/trv6-los-fierros-son-asi\\\/\"},\"wordCount\":200,\"commentCount\":0,\"publisher\":{\"@id\":\"http:\\\/\\\/autosdelpodio.com\\\/autos\\\/#organization\"},\"articleSection\":[\"\u00daltimas noticias\"],\"inLanguage\":\"es\",\"potentialAction\":[{\"@type\":\"CommentAction\",\"name\":\"Comment\",\"target\":[\"http:\\\/\\\/autosdelpodio.com\\\/autos\\\/trv6-los-fierros-son-asi\\\/#respond\"]}]},{\"@type\":\"WebPage\",\"@id\":\"http:\\\/\\\/autosdelpodio.com\\\/autos\\\/trv6-los-fierros-son-asi\\\/\",\"url\":\"http:\\\/\\\/autosdelpodio.com\\\/autos\\\/trv6-los-fierros-son-asi\\\/\",\"name\":\"Autos del Podio | TRV6: Los fierros son as\u00ed\",\"isPartOf\":{\"@id\":\"http:\\\/\\\/autosdelpodio.com\\\/autos\\\/#website\"},\"datePublished\":\"2014-05-11T19:19:47+00:00\",\"description\":\"Autos del Podio\",\"breadcrumb\":{\"@id\":\"http:\\\/\\\/autosdelpodio.com\\\/autos\\\/trv6-los-fierros-son-asi\\\/#breadcrumb\"},\"inLanguage\":\"es\",\"potentialAction\":[{\"@type\":\"ReadAction\",\"target\":[\"http:\\\/\\\/autosdelpodio.com\\\/autos\\\/trv6-los-fierros-son-asi\\\/\"]}]},{\"@type\":\"BreadcrumbList\",\"@id\":\"http:\\\/\\\/autosdelpodio.com\\\/autos\\\/trv6-los-fierros-son-asi\\\/#breadcrumb\",\"itemListElement\":[{\"@type\":\"ListItem\",\"position\":1,\"name\":\"Portada\",\"item\":\"http:\\\/\\\/autosdelpodio.com\\\/autos\\\/\"},{\"@type\":\"ListItem\",\"position\":2,\"name\":\"TRV6: Los fierros son as\u00ed\"}]},{\"@type\":\"WebSite\",\"@id\":\"http:\\\/\\\/autosdelpodio.com\\\/autos\\\/#website\",\"url\":\"http:\\\/\\\/autosdelpodio.com\\\/autos\\\/\",\"name\":\"Autos del Podio\",\"description\":\"La sexta del deporte motor\",\"publisher\":{\"@id\":\"http:\\\/\\\/autosdelpodio.com\\\/autos\\\/#organization\"},\"potentialAction\":[{\"@type\":\"SearchAction\",\"target\":{\"@type\":\"EntryPoint\",\"urlTemplate\":\"http:\\\/\\\/autosdelpodio.com\\\/autos\\\/?s={search_term_string}\"},\"query-input\":{\"@type\":\"PropertyValueSpecification\",\"valueRequired\":true,\"valueName\":\"search_term_string\"}}],\"inLanguage\":\"es\"},{\"@type\":\"Organization\",\"@id\":\"http:\\\/\\\/autosdelpodio.com\\\/autos\\\/#organization\",\"name\":\"Autos del Podio\",\"url\":\"http:\\\/\\\/autosdelpodio.com\\\/autos\\\/\",\"logo\":{\"@type\":\"ImageObject\",\"inLanguage\":\"es\",\"@id\":\"http:\\\/\\\/autosdelpodio.com\\\/autos\\\/#\\\/schema\\\/logo\\\/image\\\/\",\"url\":\"http:\\\/\\\/autosdelpodio.com\\\/autos\\\/wp-content\\\/uploads\\\/2020\\\/08\\\/Logo_AR.jpg\",\"contentUrl\":\"http:\\\/\\\/autosdelpodio.com\\\/autos\\\/wp-content\\\/uploads\\\/2020\\\/08\\\/Logo_AR.jpg\",\"width\":1038,\"height\":1044,\"caption\":\"Autos del Podio\"},\"image\":{\"@id\":\"http:\\\/\\\/autosdelpodio.com\\\/autos\\\/#\\\/schema\\\/logo\\\/image\\\/\"},\"sameAs\":[\"https:\\\/\\\/www.facebook.com\\\/profile.php?id=100057192590976&amp;amp;amp;amp;amp;amp;amp;amp;amp;amp;amp;amp;amp;amp;amp;amp;amp;amp;ref=ts\",\"https:\\\/\\\/x.com\\\/autosdelpodio\",\"https:\\\/\\\/www.youtube.com\\\/user\\\/AutosdelPodio\"]},{\"@type\":\"Person\",\"@id\":\"http:\\\/\\\/autosdelpodio.com\\\/autos\\\/#\\\/schema\\\/person\\\/e88353cabf768863fdf874e30120f3ba\",\"name\":\"wi022230\",\"image\":{\"@type\":\"ImageObject\",\"inLanguage\":\"es\",\"@id\":\"http:\\\/\\\/autosdelpodio.com\\\/autos\\\/wp-content\\\/litespeed\\\/avatar\\\/453fc9bdbb11d766ba4c7f14d0bd0aa9.jpg?ver=1777404874\",\"url\":\"http:\\\/\\\/autosdelpodio.com\\\/autos\\\/wp-content\\\/litespeed\\\/avatar\\\/453fc9bdbb11d766ba4c7f14d0bd0aa9.jpg?ver=1777404874\",\"contentUrl\":\"http:\\\/\\\/autosdelpodio.com\\\/autos\\\/wp-content\\\/litespeed\\\/avatar\\\/453fc9bdbb11d766ba4c7f14d0bd0aa9.jpg?ver=1777404874\",\"caption\":\"wi022230\"}}]}<\/script>\n<!-- \/ Yoast SEO plugin. -->","yoast_head_json":{"title":"Autos del Podio | TRV6: Los fierros son as\u00ed","description":"Autos del Podio","robots":{"index":"index","follow":"follow","max-snippet":"max-snippet:-1","max-image-preview":"max-image-preview:large","max-video-preview":"max-video-preview:-1"},"canonical":"http:\/\/autosdelpodio.com\/autos\/trv6-los-fierros-son-asi\/","og_locale":"es_ES","og_type":"article","og_title":"Autos del Podio | TRV6: Los fierros son as\u00ed","og_description":"Autos del Podio","og_url":"http:\/\/autosdelpodio.com\/autos\/trv6-los-fierros-son-asi\/","og_site_name":"Autos del Podio","article_publisher":"https:\/\/www.facebook.com\/profile.php?id=100057192590976&amp%3bamp%3bamp%3bamp%3bamp%3bamp%3bamp%3bamp%3bamp%3bamp%3bamp%3bamp%3bamp%3bamp%3bamp%3bamp%3bamp%3bamp%3bref=ts","article_published_time":"2014-05-11T19:19:47+00:00","author":"wi022230","twitter_card":"summary_large_image","twitter_creator":"@autosdelpodio","twitter_site":"@autosdelpodio","twitter_misc":{"Escrito por":"wi022230","Tiempo de lectura":"1 minuto"},"schema":{"@context":"https:\/\/schema.org","@graph":[{"@type":"Article","@id":"http:\/\/autosdelpodio.com\/autos\/trv6-los-fierros-son-asi\/#article","isPartOf":{"@id":"http:\/\/autosdelpodio.com\/autos\/trv6-los-fierros-son-asi\/"},"author":{"name":"wi022230","@id":"http:\/\/autosdelpodio.com\/autos\/#\/schema\/person\/e88353cabf768863fdf874e30120f3ba"},"headline":"TRV6: Los fierros son as\u00ed","datePublished":"2014-05-11T19:19:47+00:00","mainEntityOfPage":{"@id":"http:\/\/autosdelpodio.com\/autos\/trv6-los-fierros-son-asi\/"},"wordCount":200,"commentCount":0,"publisher":{"@id":"http:\/\/autosdelpodio.com\/autos\/#organization"},"articleSection":["\u00daltimas noticias"],"inLanguage":"es","potentialAction":[{"@type":"CommentAction","name":"Comment","target":["http:\/\/autosdelpodio.com\/autos\/trv6-los-fierros-son-asi\/#respond"]}]},{"@type":"WebPage","@id":"http:\/\/autosdelpodio.com\/autos\/trv6-los-fierros-son-asi\/","url":"http:\/\/autosdelpodio.com\/autos\/trv6-los-fierros-son-asi\/","name":"Autos del Podio | TRV6: Los fierros son as\u00ed","isPartOf":{"@id":"http:\/\/autosdelpodio.com\/autos\/#website"},"datePublished":"2014-05-11T19:19:47+00:00","description":"Autos del Podio","breadcrumb":{"@id":"http:\/\/autosdelpodio.com\/autos\/trv6-los-fierros-son-asi\/#breadcrumb"},"inLanguage":"es","potentialAction":[{"@type":"ReadAction","target":["http:\/\/autosdelpodio.com\/autos\/trv6-los-fierros-son-asi\/"]}]},{"@type":"BreadcrumbList","@id":"http:\/\/autosdelpodio.com\/autos\/trv6-los-fierros-son-asi\/#breadcrumb","itemListElement":[{"@type":"ListItem","position":1,"name":"Portada","item":"http:\/\/autosdelpodio.com\/autos\/"},{"@type":"ListItem","position":2,"name":"TRV6: Los fierros son as\u00ed"}]},{"@type":"WebSite","@id":"http:\/\/autosdelpodio.com\/autos\/#website","url":"http:\/\/autosdelpodio.com\/autos\/","name":"Autos del Podio","description":"La sexta del deporte motor","publisher":{"@id":"http:\/\/autosdelpodio.com\/autos\/#organization"},"potentialAction":[{"@type":"SearchAction","target":{"@type":"EntryPoint","urlTemplate":"http:\/\/autosdelpodio.com\/autos\/?s={search_term_string}"},"query-input":{"@type":"PropertyValueSpecification","valueRequired":true,"valueName":"search_term_string"}}],"inLanguage":"es"},{"@type":"Organization","@id":"http:\/\/autosdelpodio.com\/autos\/#organization","name":"Autos del Podio","url":"http:\/\/autosdelpodio.com\/autos\/","logo":{"@type":"ImageObject","inLanguage":"es","@id":"http:\/\/autosdelpodio.com\/autos\/#\/schema\/logo\/image\/","url":"http:\/\/autosdelpodio.com\/autos\/wp-content\/uploads\/2020\/08\/Logo_AR.jpg","contentUrl":"http:\/\/autosdelpodio.com\/autos\/wp-content\/uploads\/2020\/08\/Logo_AR.jpg","width":1038,"height":1044,"caption":"Autos del Podio"},"image":{"@id":"http:\/\/autosdelpodio.com\/autos\/#\/schema\/logo\/image\/"},"sameAs":["https:\/\/www.facebook.com\/profile.php?id=100057192590976&amp;amp;amp;amp;amp;amp;amp;amp;amp;amp;amp;amp;amp;amp;amp;amp;amp;amp;ref=ts","https:\/\/x.com\/autosdelpodio","https:\/\/www.youtube.com\/user\/AutosdelPodio"]},{"@type":"Person","@id":"http:\/\/autosdelpodio.com\/autos\/#\/schema\/person\/e88353cabf768863fdf874e30120f3ba","name":"wi022230","image":{"@type":"ImageObject","inLanguage":"es","@id":"http:\/\/autosdelpodio.com\/autos\/wp-content\/litespeed\/avatar\/453fc9bdbb11d766ba4c7f14d0bd0aa9.jpg?ver=1777404874","url":"http:\/\/autosdelpodio.com\/autos\/wp-content\/litespeed\/avatar\/453fc9bdbb11d766ba4c7f14d0bd0aa9.jpg?ver=1777404874","contentUrl":"http:\/\/autosdelpodio.com\/autos\/wp-content\/litespeed\/avatar\/453fc9bdbb11d766ba4c7f14d0bd0aa9.jpg?ver=1777404874","caption":"wi022230"}}]}},"views":661,"_links":{"self":[{"href":"http:\/\/autosdelpodio.com\/autos\/wp-json\/wp\/v2\/posts\/994","targetHints":{"allow":["GET"]}}],"collection":[{"href":"http:\/\/autosdelpodio.com\/autos\/wp-json\/wp\/v2\/posts"}],"about":[{"href":"http:\/\/autosdelpodio.com\/autos\/wp-json\/wp\/v2\/types\/post"}],"author":[{"embeddable":true,"href":"http:\/\/autosdelpodio.com\/autos\/wp-json\/wp\/v2\/users\/1"}],"replies":[{"embeddable":true,"href":"http:\/\/autosdelpodio.com\/autos\/wp-json\/wp\/v2\/comments?post=994"}],"version-history":[{"count":0,"href":"http:\/\/autosdelpodio.com\/autos\/wp-json\/wp\/v2\/posts\/994\/revisions"}],"wp:attachment":[{"href":"http:\/\/autosdelpodio.com\/autos\/wp-json\/wp\/v2\/media?parent=994"}],"wp:term":[{"taxonomy":"category","embeddable":true,"href":"http:\/\/autosdelpodio.com\/autos\/wp-json\/wp\/v2\/categories?post=994"},{"taxonomy":"post_tag","embeddable":true,"href":"http:\/\/autosdelpodio.com\/autos\/wp-json\/wp\/v2\/tags?post=994"}],"curies":[{"name":"wp","href":"https:\/\/api.w.org\/{rel}","templated":true}]}}