{"id":1260,"date":"2015-09-10T00:53:34","date_gmt":"2015-09-10T00:53:34","guid":{"rendered":"http:\/\/autosdelpodio.com\/autos\/2015\/09\/10\/mercado-de-pases-f1-2016\/"},"modified":"2015-09-10T00:53:34","modified_gmt":"2015-09-10T00:53:34","slug":"mercado-de-pases-f1-2016","status":"publish","type":"post","link":"https:\/\/autosdelpodio.com\/autos\/mercado-de-pases-f1-2016\/","title":{"rendered":"Mercado de Pases F1 2016"},"content":{"rendered":"<\/p>\n<p style=\"text-align: justify;\">Se va definiendo el 2016 en la m\u00e1xima categor\u00eda equipo por equipo y piloto por piloto.Mercedes y Ferrari seguir\u00e1n con los mismos binomios.Restan ocupar un par de butacas.<\/p>\n<p style=\"text-align: justify;\">\u2022 <strong>Mercedes:<\/strong> Lewis Hamilton (Inglaterra)-Nico Rosberg (Alemania)<\/p>\n<p style=\"text-align: justify;\">\u2022 <strong>Ferrari:<\/strong> Sebastian Vettel (Alemania) -Kimi Raikkonen (Finlandia)<\/p>\n<p style=\"text-align: justify;\">\u2022 <strong>RedBull:<\/strong> Est\u00e1 confirmado Daniel Ricciardo (Australia) &#8211; En principio seguir\u00eda Daniil Kvyat (Rusia)<\/p>\n<p style=\"text-align: justify;\">\u2022 <strong>McLaren:<\/strong> Siguen Fernando Alonso (Espa\u00f1a) y Jenson Button (Inglaterra)<\/p>\n<p style=\"text-align: justify;\">\u2022 <strong>Lotus:<\/strong> Sigue Pastor Maldonado (Venezuela).Se incorpora el campe\u00f3n 2014 del GP2 Series Jolyon Palmer (Gran Breta\u00f1a) en reemplazo de Romain Grosjeain.<\/p>\n<p style=\"text-align: justify;\">\u2022 <strong>Sauber:<\/strong> han sido confirmados Marcus Ericsson (Suecia) \u00a0y Felipe Nasr (Brasil)<\/p>\n<p style=\"text-align: justify;\">\u2022 <strong>ToroRosso:<\/strong> siguen Max Verstappen (Holanda) y Carlos Sainz Jr (Espa\u00f1a)<\/p>\n<p style=\"text-align: justify;\">\u2022 <strong>Williams:<\/strong> siguen Felipe Massa (Brasil)-Valtteri Bottas (Finlandia)<\/p>\n<p style=\"text-align: justify;\">\u2022 <strong>Force India:<\/strong> siguen Sergio Perez (Mexico) y\u00a0<span style=\"font-size: 12.16px; line-height: 1.3em;\">Nico Hulkenberg (Alemania) que tiene contrato hasta 2017.<\/span><\/p>\n<p style=\"text-align: justify;\">\u2022 <strong>Haas:<\/strong> definir\u00e1 en Octubre su binomio de pilotos.Suenan Esteban Gutierrez (Mexico) y Romain Grosjeain (Francia).<\/p>\n<p style=\"text-align: justify;\">\u2022 <strong>Manor :<\/strong> debe definir su continuidad como equipo en la categor\u00eda.Deja los motores Ferrari para utilizar los de Mercedes.<\/p>\n<p style=\"text-align: justify;\"><em>Foto: Autos del Podio &#8211; Salon del Automovil Bs. As. 2015<\/em><\/p>\n<p style=\"text-align: justify;\">\u00a0<\/p>\n","protected":false},"excerpt":{"rendered":"<p>Se va definiendo el 2016 en la m\u00e1xima categor\u00eda equipo por equipo y piloto por piloto.Mercedes y Ferrari seguir\u00e1n con<\/p>\n","protected":false},"author":1,"featured_media":1259,"comment_status":"open","ping_status":"open","sticky":false,"template":"","format":"standard","meta":{"colormag_page_container_layout":"default_layout","colormag_page_sidebar_layout":"default_layout","footnotes":""},"categories":[5],"tags":[],"class_list":["post-1260","post","type-post","status-publish","format-standard","has-post-thumbnail","hentry","category-latest-news"],"yoast_head":"<!-- This site is optimized with the Yoast SEO plugin v27.5 - https:\/\/yoast.com\/product\/yoast-seo-wordpress\/ -->\n<title>Autos del Podio | Mercado de Pases F1 2016<\/title>\n<meta name=\"description\" content=\"Autos del Podio\" \/>\n<meta name=\"robots\" content=\"index, follow, max-snippet:-1, max-image-preview:large, max-video-preview:-1\" \/>\n<link rel=\"canonical\" href=\"http:\/\/autosdelpodio.com\/autos\/mercado-de-pases-f1-2016\/\" \/>\n<meta property=\"og:locale\" content=\"es_ES\" \/>\n<meta property=\"og:type\" content=\"article\" \/>\n<meta property=\"og:title\" content=\"Autos del Podio | Mercado de Pases F1 2016\" \/>\n<meta property=\"og:description\" content=\"Autos del Podio\" \/>\n<meta property=\"og:url\" content=\"http:\/\/autosdelpodio.com\/autos\/mercado-de-pases-f1-2016\/\" \/>\n<meta property=\"og:site_name\" content=\"Autos del Podio\" \/>\n<meta property=\"article:publisher\" content=\"https:\/\/www.facebook.com\/profile.php?id=100057192590976&amp;amp%3bamp%3bamp%3bamp%3bamp%3bamp%3bamp%3bamp%3bamp%3bamp%3bamp%3bamp%3bamp%3bamp%3bamp%3bamp%3bamp%3bamp%3bref=ts\" \/>\n<meta property=\"article:published_time\" content=\"2015-09-10T00:53:34+00:00\" \/>\n<meta property=\"og:image\" content=\"http:\/\/autosdelpodio.com\/autos\/wp-content\/uploads\/2015\/09\/f1_mclaren_2015.jpg\" \/>\n\t<meta property=\"og:image:width\" content=\"1978\" \/>\n\t<meta property=\"og:image:height\" content=\"1081\" \/>\n\t<meta property=\"og:image:type\" content=\"image\/jpeg\" \/>\n<meta name=\"author\" content=\"wi022230\" \/>\n<meta name=\"twitter:card\" content=\"summary_large_image\" \/>\n<meta name=\"twitter:creator\" content=\"@autosdelpodio\" \/>\n<meta name=\"twitter:site\" content=\"@autosdelpodio\" \/>\n<meta name=\"twitter:label1\" content=\"Escrito por\" \/>\n\t<meta name=\"twitter:data1\" content=\"wi022230\" \/>\n\t<meta name=\"twitter:label2\" content=\"Tiempo de lectura\" \/>\n\t<meta name=\"twitter:data2\" content=\"1 minuto\" \/>\n<script type=\"application\/ld+json\" class=\"yoast-schema-graph\">{\"@context\":\"https:\\\/\\\/schema.org\",\"@graph\":[{\"@type\":\"Article\",\"@id\":\"http:\\\/\\\/autosdelpodio.com\\\/autos\\\/mercado-de-pases-f1-2016\\\/#article\",\"isPartOf\":{\"@id\":\"http:\\\/\\\/autosdelpodio.com\\\/autos\\\/mercado-de-pases-f1-2016\\\/\"},\"author\":{\"name\":\"wi022230\",\"@id\":\"http:\\\/\\\/autosdelpodio.com\\\/autos\\\/#\\\/schema\\\/person\\\/e88353cabf768863fdf874e30120f3ba\"},\"headline\":\"Mercado de Pases F1 2016\",\"datePublished\":\"2015-09-10T00:53:34+00:00\",\"mainEntityOfPage\":{\"@id\":\"http:\\\/\\\/autosdelpodio.com\\\/autos\\\/mercado-de-pases-f1-2016\\\/\"},\"wordCount\":187,\"commentCount\":0,\"publisher\":{\"@id\":\"http:\\\/\\\/autosdelpodio.com\\\/autos\\\/#organization\"},\"image\":{\"@id\":\"http:\\\/\\\/autosdelpodio.com\\\/autos\\\/mercado-de-pases-f1-2016\\\/#primaryimage\"},\"thumbnailUrl\":\"https:\\\/\\\/autosdelpodio.com\\\/autos\\\/wp-content\\\/uploads\\\/2015\\\/09\\\/f1_mclaren_2015.jpg\",\"articleSection\":[\"\u00daltimas noticias\"],\"inLanguage\":\"es\",\"potentialAction\":[{\"@type\":\"CommentAction\",\"name\":\"Comment\",\"target\":[\"http:\\\/\\\/autosdelpodio.com\\\/autos\\\/mercado-de-pases-f1-2016\\\/#respond\"]}]},{\"@type\":\"WebPage\",\"@id\":\"http:\\\/\\\/autosdelpodio.com\\\/autos\\\/mercado-de-pases-f1-2016\\\/\",\"url\":\"http:\\\/\\\/autosdelpodio.com\\\/autos\\\/mercado-de-pases-f1-2016\\\/\",\"name\":\"Autos del Podio | Mercado de Pases F1 2016\",\"isPartOf\":{\"@id\":\"http:\\\/\\\/autosdelpodio.com\\\/autos\\\/#website\"},\"primaryImageOfPage\":{\"@id\":\"http:\\\/\\\/autosdelpodio.com\\\/autos\\\/mercado-de-pases-f1-2016\\\/#primaryimage\"},\"image\":{\"@id\":\"http:\\\/\\\/autosdelpodio.com\\\/autos\\\/mercado-de-pases-f1-2016\\\/#primaryimage\"},\"thumbnailUrl\":\"https:\\\/\\\/autosdelpodio.com\\\/autos\\\/wp-content\\\/uploads\\\/2015\\\/09\\\/f1_mclaren_2015.jpg\",\"datePublished\":\"2015-09-10T00:53:34+00:00\",\"description\":\"Autos del Podio\",\"breadcrumb\":{\"@id\":\"http:\\\/\\\/autosdelpodio.com\\\/autos\\\/mercado-de-pases-f1-2016\\\/#breadcrumb\"},\"inLanguage\":\"es\",\"potentialAction\":[{\"@type\":\"ReadAction\",\"target\":[\"http:\\\/\\\/autosdelpodio.com\\\/autos\\\/mercado-de-pases-f1-2016\\\/\"]}]},{\"@type\":\"ImageObject\",\"inLanguage\":\"es\",\"@id\":\"http:\\\/\\\/autosdelpodio.com\\\/autos\\\/mercado-de-pases-f1-2016\\\/#primaryimage\",\"url\":\"https:\\\/\\\/autosdelpodio.com\\\/autos\\\/wp-content\\\/uploads\\\/2015\\\/09\\\/f1_mclaren_2015.jpg\",\"contentUrl\":\"https:\\\/\\\/autosdelpodio.com\\\/autos\\\/wp-content\\\/uploads\\\/2015\\\/09\\\/f1_mclaren_2015.jpg\",\"width\":1978,\"height\":1081},{\"@type\":\"BreadcrumbList\",\"@id\":\"http:\\\/\\\/autosdelpodio.com\\\/autos\\\/mercado-de-pases-f1-2016\\\/#breadcrumb\",\"itemListElement\":[{\"@type\":\"ListItem\",\"position\":1,\"name\":\"Portada\",\"item\":\"http:\\\/\\\/autosdelpodio.com\\\/autos\\\/\"},{\"@type\":\"ListItem\",\"position\":2,\"name\":\"Mercado de Pases F1 2016\"}]},{\"@type\":\"WebSite\",\"@id\":\"http:\\\/\\\/autosdelpodio.com\\\/autos\\\/#website\",\"url\":\"http:\\\/\\\/autosdelpodio.com\\\/autos\\\/\",\"name\":\"Autos del Podio\",\"description\":\"La sexta del deporte motor\",\"publisher\":{\"@id\":\"http:\\\/\\\/autosdelpodio.com\\\/autos\\\/#organization\"},\"potentialAction\":[{\"@type\":\"SearchAction\",\"target\":{\"@type\":\"EntryPoint\",\"urlTemplate\":\"http:\\\/\\\/autosdelpodio.com\\\/autos\\\/?s={search_term_string}\"},\"query-input\":{\"@type\":\"PropertyValueSpecification\",\"valueRequired\":true,\"valueName\":\"search_term_string\"}}],\"inLanguage\":\"es\"},{\"@type\":\"Organization\",\"@id\":\"http:\\\/\\\/autosdelpodio.com\\\/autos\\\/#organization\",\"name\":\"Autos del Podio\",\"url\":\"http:\\\/\\\/autosdelpodio.com\\\/autos\\\/\",\"logo\":{\"@type\":\"ImageObject\",\"inLanguage\":\"es\",\"@id\":\"http:\\\/\\\/autosdelpodio.com\\\/autos\\\/#\\\/schema\\\/logo\\\/image\\\/\",\"url\":\"http:\\\/\\\/autosdelpodio.com\\\/autos\\\/wp-content\\\/uploads\\\/2020\\\/08\\\/Logo_AR.jpg\",\"contentUrl\":\"http:\\\/\\\/autosdelpodio.com\\\/autos\\\/wp-content\\\/uploads\\\/2020\\\/08\\\/Logo_AR.jpg\",\"width\":1038,\"height\":1044,\"caption\":\"Autos del Podio\"},\"image\":{\"@id\":\"http:\\\/\\\/autosdelpodio.com\\\/autos\\\/#\\\/schema\\\/logo\\\/image\\\/\"},\"sameAs\":[\"https:\\\/\\\/www.facebook.com\\\/profile.php?id=100057192590976&amp;amp;amp;amp;amp;amp;amp;amp;amp;amp;amp;amp;amp;amp;amp;amp;amp;amp;ref=ts\",\"https:\\\/\\\/x.com\\\/autosdelpodio\",\"https:\\\/\\\/www.youtube.com\\\/user\\\/AutosdelPodio\"]},{\"@type\":\"Person\",\"@id\":\"http:\\\/\\\/autosdelpodio.com\\\/autos\\\/#\\\/schema\\\/person\\\/e88353cabf768863fdf874e30120f3ba\",\"name\":\"wi022230\",\"image\":{\"@type\":\"ImageObject\",\"inLanguage\":\"es\",\"@id\":\"https:\\\/\\\/autosdelpodio.com\\\/autos\\\/wp-content\\\/litespeed\\\/avatar\\\/453fc9bdbb11d766ba4c7f14d0bd0aa9.jpg?ver=1777404874\",\"url\":\"https:\\\/\\\/autosdelpodio.com\\\/autos\\\/wp-content\\\/litespeed\\\/avatar\\\/453fc9bdbb11d766ba4c7f14d0bd0aa9.jpg?ver=1777404874\",\"contentUrl\":\"https:\\\/\\\/autosdelpodio.com\\\/autos\\\/wp-content\\\/litespeed\\\/avatar\\\/453fc9bdbb11d766ba4c7f14d0bd0aa9.jpg?ver=1777404874\",\"caption\":\"wi022230\"}}]}<\/script>\n<!-- \/ Yoast SEO plugin. -->","yoast_head_json":{"title":"Autos del Podio | Mercado de Pases F1 2016","description":"Autos del Podio","robots":{"index":"index","follow":"follow","max-snippet":"max-snippet:-1","max-image-preview":"max-image-preview:large","max-video-preview":"max-video-preview:-1"},"canonical":"http:\/\/autosdelpodio.com\/autos\/mercado-de-pases-f1-2016\/","og_locale":"es_ES","og_type":"article","og_title":"Autos del Podio | Mercado de Pases F1 2016","og_description":"Autos del Podio","og_url":"http:\/\/autosdelpodio.com\/autos\/mercado-de-pases-f1-2016\/","og_site_name":"Autos del Podio","article_publisher":"https:\/\/www.facebook.com\/profile.php?id=100057192590976&amp%3bamp%3bamp%3bamp%3bamp%3bamp%3bamp%3bamp%3bamp%3bamp%3bamp%3bamp%3bamp%3bamp%3bamp%3bamp%3bamp%3bamp%3bref=ts","article_published_time":"2015-09-10T00:53:34+00:00","og_image":[{"width":1978,"height":1081,"url":"http:\/\/autosdelpodio.com\/autos\/wp-content\/uploads\/2015\/09\/f1_mclaren_2015.jpg","type":"image\/jpeg"}],"author":"wi022230","twitter_card":"summary_large_image","twitter_creator":"@autosdelpodio","twitter_site":"@autosdelpodio","twitter_misc":{"Escrito por":"wi022230","Tiempo de lectura":"1 minuto"},"schema":{"@context":"https:\/\/schema.org","@graph":[{"@type":"Article","@id":"http:\/\/autosdelpodio.com\/autos\/mercado-de-pases-f1-2016\/#article","isPartOf":{"@id":"http:\/\/autosdelpodio.com\/autos\/mercado-de-pases-f1-2016\/"},"author":{"name":"wi022230","@id":"http:\/\/autosdelpodio.com\/autos\/#\/schema\/person\/e88353cabf768863fdf874e30120f3ba"},"headline":"Mercado de Pases F1 2016","datePublished":"2015-09-10T00:53:34+00:00","mainEntityOfPage":{"@id":"http:\/\/autosdelpodio.com\/autos\/mercado-de-pases-f1-2016\/"},"wordCount":187,"commentCount":0,"publisher":{"@id":"http:\/\/autosdelpodio.com\/autos\/#organization"},"image":{"@id":"http:\/\/autosdelpodio.com\/autos\/mercado-de-pases-f1-2016\/#primaryimage"},"thumbnailUrl":"https:\/\/autosdelpodio.com\/autos\/wp-content\/uploads\/2015\/09\/f1_mclaren_2015.jpg","articleSection":["\u00daltimas noticias"],"inLanguage":"es","potentialAction":[{"@type":"CommentAction","name":"Comment","target":["http:\/\/autosdelpodio.com\/autos\/mercado-de-pases-f1-2016\/#respond"]}]},{"@type":"WebPage","@id":"http:\/\/autosdelpodio.com\/autos\/mercado-de-pases-f1-2016\/","url":"http:\/\/autosdelpodio.com\/autos\/mercado-de-pases-f1-2016\/","name":"Autos del Podio | Mercado de Pases F1 2016","isPartOf":{"@id":"http:\/\/autosdelpodio.com\/autos\/#website"},"primaryImageOfPage":{"@id":"http:\/\/autosdelpodio.com\/autos\/mercado-de-pases-f1-2016\/#primaryimage"},"image":{"@id":"http:\/\/autosdelpodio.com\/autos\/mercado-de-pases-f1-2016\/#primaryimage"},"thumbnailUrl":"https:\/\/autosdelpodio.com\/autos\/wp-content\/uploads\/2015\/09\/f1_mclaren_2015.jpg","datePublished":"2015-09-10T00:53:34+00:00","description":"Autos del Podio","breadcrumb":{"@id":"http:\/\/autosdelpodio.com\/autos\/mercado-de-pases-f1-2016\/#breadcrumb"},"inLanguage":"es","potentialAction":[{"@type":"ReadAction","target":["http:\/\/autosdelpodio.com\/autos\/mercado-de-pases-f1-2016\/"]}]},{"@type":"ImageObject","inLanguage":"es","@id":"http:\/\/autosdelpodio.com\/autos\/mercado-de-pases-f1-2016\/#primaryimage","url":"https:\/\/autosdelpodio.com\/autos\/wp-content\/uploads\/2015\/09\/f1_mclaren_2015.jpg","contentUrl":"https:\/\/autosdelpodio.com\/autos\/wp-content\/uploads\/2015\/09\/f1_mclaren_2015.jpg","width":1978,"height":1081},{"@type":"BreadcrumbList","@id":"http:\/\/autosdelpodio.com\/autos\/mercado-de-pases-f1-2016\/#breadcrumb","itemListElement":[{"@type":"ListItem","position":1,"name":"Portada","item":"http:\/\/autosdelpodio.com\/autos\/"},{"@type":"ListItem","position":2,"name":"Mercado de Pases F1 2016"}]},{"@type":"WebSite","@id":"http:\/\/autosdelpodio.com\/autos\/#website","url":"http:\/\/autosdelpodio.com\/autos\/","name":"Autos del Podio","description":"La sexta del deporte motor","publisher":{"@id":"http:\/\/autosdelpodio.com\/autos\/#organization"},"potentialAction":[{"@type":"SearchAction","target":{"@type":"EntryPoint","urlTemplate":"http:\/\/autosdelpodio.com\/autos\/?s={search_term_string}"},"query-input":{"@type":"PropertyValueSpecification","valueRequired":true,"valueName":"search_term_string"}}],"inLanguage":"es"},{"@type":"Organization","@id":"http:\/\/autosdelpodio.com\/autos\/#organization","name":"Autos del Podio","url":"http:\/\/autosdelpodio.com\/autos\/","logo":{"@type":"ImageObject","inLanguage":"es","@id":"http:\/\/autosdelpodio.com\/autos\/#\/schema\/logo\/image\/","url":"http:\/\/autosdelpodio.com\/autos\/wp-content\/uploads\/2020\/08\/Logo_AR.jpg","contentUrl":"http:\/\/autosdelpodio.com\/autos\/wp-content\/uploads\/2020\/08\/Logo_AR.jpg","width":1038,"height":1044,"caption":"Autos del Podio"},"image":{"@id":"http:\/\/autosdelpodio.com\/autos\/#\/schema\/logo\/image\/"},"sameAs":["https:\/\/www.facebook.com\/profile.php?id=100057192590976&amp;amp;amp;amp;amp;amp;amp;amp;amp;amp;amp;amp;amp;amp;amp;amp;amp;amp;ref=ts","https:\/\/x.com\/autosdelpodio","https:\/\/www.youtube.com\/user\/AutosdelPodio"]},{"@type":"Person","@id":"http:\/\/autosdelpodio.com\/autos\/#\/schema\/person\/e88353cabf768863fdf874e30120f3ba","name":"wi022230","image":{"@type":"ImageObject","inLanguage":"es","@id":"https:\/\/autosdelpodio.com\/autos\/wp-content\/litespeed\/avatar\/453fc9bdbb11d766ba4c7f14d0bd0aa9.jpg?ver=1777404874","url":"https:\/\/autosdelpodio.com\/autos\/wp-content\/litespeed\/avatar\/453fc9bdbb11d766ba4c7f14d0bd0aa9.jpg?ver=1777404874","contentUrl":"https:\/\/autosdelpodio.com\/autos\/wp-content\/litespeed\/avatar\/453fc9bdbb11d766ba4c7f14d0bd0aa9.jpg?ver=1777404874","caption":"wi022230"}}]}},"views":684,"_links":{"self":[{"href":"https:\/\/autosdelpodio.com\/autos\/wp-json\/wp\/v2\/posts\/1260","targetHints":{"allow":["GET"]}}],"collection":[{"href":"https:\/\/autosdelpodio.com\/autos\/wp-json\/wp\/v2\/posts"}],"about":[{"href":"https:\/\/autosdelpodio.com\/autos\/wp-json\/wp\/v2\/types\/post"}],"author":[{"embeddable":true,"href":"https:\/\/autosdelpodio.com\/autos\/wp-json\/wp\/v2\/users\/1"}],"replies":[{"embeddable":true,"href":"https:\/\/autosdelpodio.com\/autos\/wp-json\/wp\/v2\/comments?post=1260"}],"version-history":[{"count":0,"href":"https:\/\/autosdelpodio.com\/autos\/wp-json\/wp\/v2\/posts\/1260\/revisions"}],"wp:featuredmedia":[{"embeddable":true,"href":"https:\/\/autosdelpodio.com\/autos\/wp-json\/wp\/v2\/media\/1259"}],"wp:attachment":[{"href":"https:\/\/autosdelpodio.com\/autos\/wp-json\/wp\/v2\/media?parent=1260"}],"wp:term":[{"taxonomy":"category","embeddable":true,"href":"https:\/\/autosdelpodio.com\/autos\/wp-json\/wp\/v2\/categories?post=1260"},{"taxonomy":"post_tag","embeddable":true,"href":"https:\/\/autosdelpodio.com\/autos\/wp-json\/wp\/v2\/tags?post=1260"}],"curies":[{"name":"wp","href":"https:\/\/api.w.org\/{rel}","templated":true}]}}