{"id":1264,"date":"2015-09-20T20:47:24","date_gmt":"2015-09-20T20:47:24","guid":{"rendered":"http:\/\/autosdelpodio.com\/autos\/2015\/09\/20\/1-2-de-chevrolet\/"},"modified":"2015-09-20T20:47:24","modified_gmt":"2015-09-20T20:47:24","slug":"1-2-de-chevrolet","status":"publish","type":"post","link":"https:\/\/autosdelpodio.com\/autos\/1-2-de-chevrolet\/","title":{"rendered":"1-2 de Chevrolet"},"content":{"rendered":"<p style=\"text-align: justify;\">Leonel Pern\u00eda volvi\u00f3 al triunfo luego de 3 a\u00f1os y medio en el Turismo Carretera.Matias Rossi, nuevo lider de la Copa de Orio y Josito Di Palma con Torino completaron el podio en el Autodromo Rosendo Hernandez de San Luis.<\/p>\n<p style=\"text-align: justify;\">Matias Rossi lidera el torneo con 58 unidades, escoltado por Guillermo Ortelli con 46 y Agustin Canapino que suma 43, ambos con Chevrolet.Omar Martinez, ultimo ganador en Rafaela y ganador de la fase regular tuvo un fin de semana olvidable al arribar 28\u00b0.<\/p>\n<p style=\"text-align: justify;\">La segunda fecha del play off ser\u00e1 el 11 de octubre en el Aut\u00f3dromo \u00abJos\u00e9 Mu\u00f1iz\u00bb de R\u00edo Gallegos, en la provincia de Santa Cruz.<\/p>\n<p style=\"text-align: justify;\"><strong><em>Final TC a 25 Vueltas<\/em><\/strong><\/p>\n<p>1\u00b0<span style=\"white-space: pre;\"> <\/span>11<span style=\"white-space: pre;\"> <\/span>PERN\u00cdA, LEONEL<span style=\"white-space: pre;\"> <\/span>CHEVROLET<span style=\"white-space: pre;\"> <\/span>44:52.595<span style=\"white-space: pre;\"> <\/span>26<\/p>\n<p>2\u00b0<span style=\"white-space: pre;\"> <\/span>1<span style=\"white-space: pre;\"> <\/span>ROSSI, MAT\u00cdAS<span style=\"white-space: pre;\"> <\/span>CHEVROLET<span style=\"white-space: pre;\"> <\/span>44:53.055<span style=\"white-space: pre;\"> <\/span>0.460<span style=\"white-space: pre;\"> <\/span>26<\/p>\n<p>3\u00b0<span style=\"white-space: pre;\"> <\/span>18<span style=\"white-space: pre;\"> <\/span>DI PALMA, LU\u00cdS JOS\u00c9 (H)<span style=\"white-space: pre;\"> <\/span>TORINO<span style=\"white-space: pre;\"> <\/span>44:53.394<span style=\"white-space: pre;\"> <\/span>0.799<span style=\"white-space: pre;\"> <\/span>26<\/p>\n<p>4\u00b0<span style=\"white-space: pre;\"> <\/span>6<span style=\"white-space: pre;\"> <\/span>ORTELLI, GUILLERMO<span style=\"white-space: pre;\"> <\/span>CHEVROLET<span style=\"white-space: pre;\"> <\/span>44:53.856<span style=\"white-space: pre;\"> <\/span>1.261<span style=\"white-space: pre;\"> <\/span>26<\/p>\n<p>5\u00b0<span style=\"white-space: pre;\"> <\/span>86<span style=\"white-space: pre;\"> <\/span>CANAPINO, AGUST\u00cdN<span style=\"white-space: pre;\"> <\/span>CHEVROLET<span style=\"white-space: pre;\"> <\/span>44:54.252<span style=\"white-space: pre;\"> <\/span>1.657<span style=\"white-space: pre;\"> <\/span>26<\/p>\n<p>6\u00b0<span style=\"white-space: pre;\"> <\/span>23<span style=\"white-space: pre;\"> <\/span>PONTE, MART\u00cdN<span style=\"white-space: pre;\"> <\/span>DODGE<span style=\"white-space: pre;\"> <\/span>44:54.654<span style=\"white-space: pre;\"> <\/span>2.059<span style=\"white-space: pre;\"> <\/span>26<\/p>\n<p>7\u00b0<span style=\"white-space: pre;\"> <\/span>3<span style=\"white-space: pre;\"> <\/span>ARDUSSO, FACUNDO<span style=\"white-space: pre;\"> <\/span>DODGE<span style=\"white-space: pre;\"> <\/span>44:55.288<span style=\"white-space: pre;\"> <\/span>2.693<span style=\"white-space: pre;\"> <\/span>26<\/p>\n<p>8\u00b0<span style=\"white-space: pre;\"> <\/span>2<span style=\"white-space: pre;\"> <\/span>LEDESMA, CHRISTIAN<span style=\"white-space: pre;\"> <\/span>CHEVROLET<span style=\"white-space: pre;\"> <\/span>44:56.136<span style=\"white-space: pre;\"> <\/span>3.541<span style=\"white-space: pre;\"> <\/span>26<\/p>\n<p>9\u00b0<span style=\"white-space: pre;\"> <\/span>75<span style=\"white-space: pre;\"> <\/span>ALAUX, SERGIO<span style=\"white-space: pre;\"> <\/span>CHEVROLET<span style=\"white-space: pre;\"> <\/span>44:56.292<span style=\"white-space: pre;\"> <\/span>3.697<span style=\"white-space: pre;\"> <\/span>26<\/p>\n<p>10\u00b0<span style=\"white-space: pre;\"> <\/span>9<span style=\"white-space: pre;\"> <\/span>WERNER, MARIANO<span style=\"white-space: pre;\"> <\/span>FORD<span style=\"white-space: pre;\"> <\/span>44:57.070<span style=\"white-space: pre;\"> <\/span>4.475<span style=\"white-space: pre;\"> <\/span>26<\/p>\n<p>11\u00b0<span style=\"white-space: pre;\"> <\/span>24<span style=\"white-space: pre;\"> <\/span>SPATARO, EMILIANO<span style=\"white-space: pre;\"> <\/span>DODGE<span style=\"white-space: pre;\"> <\/span>44:57.505<span style=\"white-space: pre;\"> <\/span>4.910<span style=\"white-space: pre;\"> <\/span>26<\/p>\n<p>12\u00b0<span style=\"white-space: pre;\"> <\/span>115<span style=\"white-space: pre;\"> <\/span>FONTANA, NORBERTO<span style=\"white-space: pre;\"> <\/span>TORINO<span style=\"white-space: pre;\"> <\/span>44:57.628<span style=\"white-space: pre;\"> <\/span>5.033<span style=\"white-space: pre;\"> <\/span>26<\/p>\n<p>13\u00b0<span style=\"white-space: pre;\"> <\/span>144<span style=\"white-space: pre;\"> <\/span>SAVINO, JOS\u00c9<span style=\"white-space: pre;\"> <\/span>FORD<span style=\"white-space: pre;\"> <\/span>44:57.757<span style=\"white-space: pre;\"> <\/span>5.162<span style=\"white-space: pre;\"> <\/span>26<\/p>\n<p>14\u00b0<span style=\"white-space: pre;\"> <\/span>55<span style=\"white-space: pre;\"> <\/span>MANGONI, SANTIAGO<span style=\"white-space: pre;\"> <\/span>TORINO<span style=\"white-space: pre;\"> <\/span>44:58.231<span style=\"white-space: pre;\"> <\/span>5.636<span style=\"white-space: pre;\"> <\/span>26<\/p>\n<p>15\u00b0<span style=\"white-space: pre;\"> <\/span>111<span style=\"white-space: pre;\"> <\/span>SILVA, JUAN MANUEL<span style=\"white-space: pre;\"> <\/span>FORD<span style=\"white-space: pre;\"> <\/span>44:58.794<span style=\"white-space: pre;\"> <\/span>6.199<span style=\"white-space: pre;\"> <\/span>26<\/p>\n<p>16\u00b0<span style=\"white-space: pre;\"> <\/span>8<span style=\"white-space: pre;\"> <\/span>TRUCCO, JUAN MART\u00cdN<span style=\"white-space: pre;\"> <\/span>DODGE<span style=\"white-space: pre;\"> <\/span>44:58.906<span style=\"white-space: pre;\"> <\/span>6.311<span style=\"white-space: pre;\"> <\/span>26<\/p>\n<p>17\u00b0<span style=\"white-space: pre;\"> <\/span>38<span style=\"white-space: pre;\"> <\/span>SERRANO, MART\u00cdN<span style=\"white-space: pre;\"> <\/span>DODGE<span style=\"white-space: pre;\"> <\/span>44:59.273<span style=\"white-space: pre;\"> <\/span>6.678<span style=\"white-space: pre;\"> <\/span>26<\/p>\n<p>18\u00b0<span style=\"white-space: pre;\"> <\/span>99<span style=\"white-space: pre;\"> <\/span>JALAF, MAT\u00cdAS<span style=\"white-space: pre;\"> <\/span>FORD<span style=\"white-space: pre;\"> <\/span>44:59.647<span style=\"white-space: pre;\"> <\/span>7.052<span style=\"white-space: pre;\"> <\/span>26<\/p>\n<p>19\u00b0<span style=\"white-space: pre;\"> <\/span>14<span style=\"white-space: pre;\"> <\/span>TROSSET, NICOL\u00c1S<span style=\"white-space: pre;\"> <\/span>TORINO<span style=\"white-space: pre;\"> <\/span>45:01.476<span style=\"white-space: pre;\"> <\/span>8.881<span style=\"white-space: pre;\"> <\/span>26<\/p>\n<p>20\u00b0<span style=\"white-space: pre;\"> <\/span>88<span style=\"white-space: pre;\"> <\/span>ECHEVARR\u00cdA, CAMILO<span style=\"white-space: pre;\"> <\/span>TORINO<span style=\"white-space: pre;\"> <\/span>45:01.947<span style=\"white-space: pre;\"> <\/span>9.353<span style=\"white-space: pre;\"> <\/span>26<\/p>\n<p>21\u00b0<span style=\"white-space: pre;\"> <\/span>20<span style=\"white-space: pre;\"> <\/span>OKULOVICH, CARLOS<span style=\"white-space: pre;\"> <\/span>TORINO<span style=\"white-space: pre;\"> <\/span>45:02.012<span style=\"white-space: pre;\"> <\/span>9.418<span style=\"white-space: pre;\"> <\/span>26<\/p>\n<p>22\u00b0<span style=\"white-space: pre;\"> <\/span>5<span style=\"white-space: pre;\"> <\/span>CASTELLANO, JONATAN<span style=\"white-space: pre;\"> <\/span>DODGE<span style=\"white-space: pre;\"> <\/span>45:02.106<span style=\"white-space: pre;\"> <\/span>9.511<span style=\"white-space: pre;\"> <\/span>26<\/p>\n<p>23\u00b0<span style=\"white-space: pre;\"> <\/span>29<span style=\"white-space: pre;\"> <\/span>BONELLI, NICOL\u00c1S<span style=\"white-space: pre;\"> <\/span>FORD<span style=\"white-space: pre;\"> <\/span>45:02.592<span style=\"white-space: pre;\"> <\/span>9.998<span style=\"white-space: pre;\"> <\/span>26<\/p>\n<p>24\u00b0<span style=\"white-space: pre;\"> <\/span>15<span style=\"white-space: pre;\"> <\/span>MORIATIS, EMANUEL<span style=\"white-space: pre;\"> <\/span>FORD<span style=\"white-space: pre;\"> <\/span>45:02.627<span style=\"white-space: pre;\"> <\/span>10.032<span style=\"white-space: pre;\"> <\/span>26<\/p>\n<p>25\u00b0<span style=\"white-space: pre;\"> <\/span>31<span style=\"white-space: pre;\"> <\/span>GIANINI, JUAN PABLO<span style=\"white-space: pre;\"> <\/span>FORD<span style=\"white-space: pre;\"> <\/span>45:03.018<span style=\"white-space: pre;\"> <\/span>10.423<span style=\"white-space: pre;\"> <\/span>26<\/p>\n<p>26\u00b0<span style=\"white-space: pre;\"> <\/span>151<span style=\"white-space: pre;\"> <\/span>URCERA, JOS\u00c9 MANUEL<span style=\"white-space: pre;\"> <\/span>TORINO<span style=\"white-space: pre;\"> <\/span>45:03.302<span style=\"white-space: pre;\"> <\/span>10.708<span style=\"white-space: pre;\"> <\/span>26<\/p>\n<p>27\u00b0<span style=\"white-space: pre;\"> <\/span>82<span style=\"white-space: pre;\"> <\/span>LAMBIRIS, MAURICIO<span style=\"white-space: pre;\"> <\/span>TORINO<span style=\"white-space: pre;\"> <\/span>45:03.523<span style=\"white-space: pre;\"> <\/span>10.929<span style=\"white-space: pre;\"> <\/span>26<\/p>\n<p>28\u00b0<span style=\"white-space: pre;\"> <\/span>7<span style=\"white-space: pre;\"> <\/span>MART\u00cdNEZ, OMAR<span style=\"white-space: pre;\"> <\/span>FORD<span style=\"white-space: pre;\"> <\/span>45:03.713<span style=\"white-space: pre;\"> <\/span>11.118<span style=\"white-space: pre;\"> <\/span>26<\/p>\n<p>29\u00b0<span style=\"white-space: pre;\"> <\/span>12<span style=\"white-space: pre;\"> <\/span>PONCE DE LE\u00d3N, GABRIEL<span style=\"white-space: pre;\"> <\/span>FORD<span style=\"white-space: pre;\"> <\/span>45:03.944<span style=\"white-space: pre;\"> <\/span>11.349<span style=\"white-space: pre;\"> <\/span>26<\/p>\n<p>30\u00b0<span style=\"white-space: pre;\"> <\/span>101<span style=\"white-space: pre;\"> <\/span>UGALDE, LIONEL<span style=\"white-space: pre;\"> <\/span>FORD<span style=\"white-space: pre;\"> <\/span>45:04.565<span style=\"white-space: pre;\"> <\/span>11.970<span style=\"white-space: pre;\"> <\/span>26<\/p>\n<p>31\u00b0<span style=\"white-space: pre;\"> <\/span>37<span style=\"white-space: pre;\"> <\/span>MAZZACANE, GAST\u00d3N<span style=\"white-space: pre;\"> <\/span>CHEVROLET<span style=\"white-space: pre;\"> <\/span>45:04.690<span style=\"white-space: pre;\"> <\/span>12.096<span style=\"white-space: pre;\"> <\/span>26<\/p>\n<p>32\u00b0<span style=\"white-space: pre;\"> <\/span>63<span style=\"white-space: pre;\"> <\/span>BONELLI, PR\u00d3SPERO<span style=\"white-space: pre;\"> <\/span>FORD<span style=\"white-space: pre;\"> <\/span>45:04.976<span style=\"white-space: pre;\"> <\/span>12.381<span style=\"white-space: pre;\"> <\/span>26<\/p>\n<p>33\u00b0<span style=\"white-space: pre;\"> <\/span>113<span style=\"white-space: pre;\"> <\/span>DE CARLO, DIEGO<span style=\"white-space: pre;\"> <\/span>CHEVROLET<span style=\"white-space: pre;\"> <\/span>45:05.666<span style=\"white-space: pre;\"> <\/span>13.072<span style=\"white-space: pre;\"> <\/span>26<\/p>\n<p>34\u00b0<span style=\"white-space: pre;\"> <\/span>95<span style=\"white-space: pre;\"> <\/span>ALONSO, FEDERICO<span style=\"white-space: pre;\"> <\/span>TORINO<span style=\"white-space: pre;\"> <\/span>45:06.128<span style=\"white-space: pre;\"> <\/span>13.534<span style=\"white-space: pre;\"> <\/span>26<\/p>\n<p>35\u00b0<span style=\"white-space: pre;\"> <\/span>45<span style=\"white-space: pre;\"> <\/span>DOSE, CHRISTIAN<span style=\"white-space: pre;\"> <\/span>CHEVROLET<span style=\"white-space: pre;\"> <\/span>45:06.280<span style=\"white-space: pre;\"> <\/span>13.685<span style=\"white-space: pre;\"> <\/span>26<\/p>\n<p>36\u00b0<span style=\"white-space: pre;\"> <\/span>107<span style=\"white-space: pre;\"> <\/span>SOTRO, LEONEL<span style=\"white-space: pre;\"> <\/span>FORD<span style=\"white-space: pre;\"> <\/span>45:27.701<span style=\"white-space: pre;\"> <\/span>35.106<span style=\"white-space: pre;\"> <\/span>26<\/p>\n<p>37\u00b0<span style=\"white-space: pre;\"> <\/span>35<span style=\"white-space: pre;\"> <\/span>NOLESI, MATH\u00cdAS<span style=\"white-space: pre;\"> <\/span>FORD<span style=\"white-space: pre;\"> <\/span>36:57.074<span style=\"white-space: pre;\"> <\/span>a 4 v<span style=\"white-space: pre;\"> <\/span>22<\/p>\n<p>38\u00b0<span style=\"white-space: pre;\"> <\/span>129<span style=\"white-space: pre;\"> <\/span>GIALLOMBARDO, MAURO<span style=\"white-space: pre;\"> <\/span>FORD<span style=\"white-space: pre;\"> <\/span>35:17.231<span style=\"white-space: pre;\"> <\/span>a 5 v<span style=\"white-space: pre;\"> <\/span>21<\/p>\n<p>39\u00b0<span style=\"white-space: pre;\"> <\/span>91<span style=\"white-space: pre;\"> <\/span>CAMPANERA, LAUREANO<span style=\"white-space: pre;\"> <\/span>CHEVROLET<span style=\"white-space: pre;\"> <\/span>26:16.475<span style=\"white-space: pre;\"> <\/span>a 10 v<span style=\"white-space: pre;\"> <\/span>16<\/p>\n<p>40\u00b0<span style=\"white-space: pre;\"> <\/span>27<span style=\"white-space: pre;\"> <\/span>ALTUNA, MARIANO<span style=\"white-space: pre;\"> <\/span>CHEVROLET<span style=\"white-space: pre;\"> <\/span>26:51.899<span style=\"white-space: pre;\"> <\/span>a 10 v<span style=\"white-space: pre;\"> <\/span>16<\/p>\n<p>41\u00b0<span style=\"white-space: pre;\"> <\/span>10<span style=\"white-space: pre;\"> <\/span>ANGELINI, JUAN MARCOS<span style=\"white-space: pre;\"> <\/span>DODGE<span style=\"white-space: pre;\"> <\/span>09:50.651<span style=\"white-space: pre;\"> <\/span>a 20 v<span style=\"white-space: pre;\"> <\/span>6<\/p>\n<p>42\u00b0<span style=\"white-space: pre;\"> <\/span>69<span style=\"white-space: pre;\"> <\/span>GENTILE, PEDRO<span style=\"white-space: pre;\"> <\/span>CHEVROLET<span style=\"white-space: pre;\"> <\/span>08:37.912<span style=\"white-space: pre;\"> <\/span>a 21 v<span style=\"white-space: pre;\"> <\/span>5<\/p>\n","protected":false},"excerpt":{"rendered":"<p>Leonel Pern\u00eda volvi\u00f3 al triunfo luego de 3 a\u00f1os y medio en el Turismo Carretera.Matias Rossi, nuevo lider de la<\/p>\n","protected":false},"author":1,"featured_media":0,"comment_status":"open","ping_status":"open","sticky":false,"template":"","format":"standard","meta":{"colormag_page_container_layout":"default_layout","colormag_page_sidebar_layout":"default_layout","footnotes":""},"categories":[5],"tags":[],"class_list":["post-1264","post","type-post","status-publish","format-standard","hentry","category-latest-news"],"yoast_head":"<!-- This site is optimized with the Yoast SEO plugin v27.5 - https:\/\/yoast.com\/product\/yoast-seo-wordpress\/ -->\n<title>Autos del Podio | 1-2 de Chevrolet<\/title>\n<meta name=\"description\" content=\"Autos del Podio\" \/>\n<meta name=\"robots\" content=\"index, follow, max-snippet:-1, max-image-preview:large, max-video-preview:-1\" \/>\n<link rel=\"canonical\" href=\"http:\/\/autosdelpodio.com\/autos\/1-2-de-chevrolet\/\" \/>\n<meta property=\"og:locale\" content=\"es_ES\" \/>\n<meta property=\"og:type\" content=\"article\" \/>\n<meta property=\"og:title\" content=\"Autos del Podio | 1-2 de Chevrolet\" \/>\n<meta property=\"og:description\" content=\"Autos del Podio\" \/>\n<meta property=\"og:url\" content=\"http:\/\/autosdelpodio.com\/autos\/1-2-de-chevrolet\/\" \/>\n<meta property=\"og:site_name\" content=\"Autos del Podio\" \/>\n<meta property=\"article:publisher\" content=\"https:\/\/www.facebook.com\/profile.php?id=100057192590976&amp;amp%3bamp%3bamp%3bamp%3bamp%3bamp%3bamp%3bamp%3bamp%3bamp%3bamp%3bamp%3bamp%3bamp%3bamp%3bamp%3bamp%3bamp%3bref=ts\" \/>\n<meta property=\"article:published_time\" content=\"2015-09-20T20:47:24+00:00\" \/>\n<meta name=\"author\" content=\"wi022230\" \/>\n<meta name=\"twitter:card\" content=\"summary_large_image\" \/>\n<meta name=\"twitter:creator\" content=\"@autosdelpodio\" \/>\n<meta name=\"twitter:site\" content=\"@autosdelpodio\" \/>\n<meta name=\"twitter:label1\" content=\"Escrito por\" \/>\n\t<meta name=\"twitter:data1\" content=\"wi022230\" \/>\n\t<meta name=\"twitter:label2\" content=\"Tiempo de lectura\" \/>\n\t<meta name=\"twitter:data2\" content=\"1 minuto\" \/>\n<script type=\"application\/ld+json\" class=\"yoast-schema-graph\">{\"@context\":\"https:\\\/\\\/schema.org\",\"@graph\":[{\"@type\":\"Article\",\"@id\":\"http:\\\/\\\/autosdelpodio.com\\\/autos\\\/1-2-de-chevrolet\\\/#article\",\"isPartOf\":{\"@id\":\"http:\\\/\\\/autosdelpodio.com\\\/autos\\\/1-2-de-chevrolet\\\/\"},\"author\":{\"name\":\"wi022230\",\"@id\":\"http:\\\/\\\/autosdelpodio.com\\\/autos\\\/#\\\/schema\\\/person\\\/e88353cabf768863fdf874e30120f3ba\"},\"headline\":\"1-2 de Chevrolet\",\"datePublished\":\"2015-09-20T20:47:24+00:00\",\"mainEntityOfPage\":{\"@id\":\"http:\\\/\\\/autosdelpodio.com\\\/autos\\\/1-2-de-chevrolet\\\/\"},\"wordCount\":281,\"commentCount\":0,\"publisher\":{\"@id\":\"http:\\\/\\\/autosdelpodio.com\\\/autos\\\/#organization\"},\"articleSection\":[\"\u00daltimas noticias\"],\"inLanguage\":\"es\",\"potentialAction\":[{\"@type\":\"CommentAction\",\"name\":\"Comment\",\"target\":[\"http:\\\/\\\/autosdelpodio.com\\\/autos\\\/1-2-de-chevrolet\\\/#respond\"]}]},{\"@type\":\"WebPage\",\"@id\":\"http:\\\/\\\/autosdelpodio.com\\\/autos\\\/1-2-de-chevrolet\\\/\",\"url\":\"http:\\\/\\\/autosdelpodio.com\\\/autos\\\/1-2-de-chevrolet\\\/\",\"name\":\"Autos del Podio | 1-2 de Chevrolet\",\"isPartOf\":{\"@id\":\"http:\\\/\\\/autosdelpodio.com\\\/autos\\\/#website\"},\"datePublished\":\"2015-09-20T20:47:24+00:00\",\"description\":\"Autos del Podio\",\"breadcrumb\":{\"@id\":\"http:\\\/\\\/autosdelpodio.com\\\/autos\\\/1-2-de-chevrolet\\\/#breadcrumb\"},\"inLanguage\":\"es\",\"potentialAction\":[{\"@type\":\"ReadAction\",\"target\":[\"http:\\\/\\\/autosdelpodio.com\\\/autos\\\/1-2-de-chevrolet\\\/\"]}]},{\"@type\":\"BreadcrumbList\",\"@id\":\"http:\\\/\\\/autosdelpodio.com\\\/autos\\\/1-2-de-chevrolet\\\/#breadcrumb\",\"itemListElement\":[{\"@type\":\"ListItem\",\"position\":1,\"name\":\"Portada\",\"item\":\"http:\\\/\\\/autosdelpodio.com\\\/autos\\\/\"},{\"@type\":\"ListItem\",\"position\":2,\"name\":\"1-2 de Chevrolet\"}]},{\"@type\":\"WebSite\",\"@id\":\"http:\\\/\\\/autosdelpodio.com\\\/autos\\\/#website\",\"url\":\"http:\\\/\\\/autosdelpodio.com\\\/autos\\\/\",\"name\":\"Autos del Podio\",\"description\":\"La sexta del deporte motor\",\"publisher\":{\"@id\":\"http:\\\/\\\/autosdelpodio.com\\\/autos\\\/#organization\"},\"potentialAction\":[{\"@type\":\"SearchAction\",\"target\":{\"@type\":\"EntryPoint\",\"urlTemplate\":\"http:\\\/\\\/autosdelpodio.com\\\/autos\\\/?s={search_term_string}\"},\"query-input\":{\"@type\":\"PropertyValueSpecification\",\"valueRequired\":true,\"valueName\":\"search_term_string\"}}],\"inLanguage\":\"es\"},{\"@type\":\"Organization\",\"@id\":\"http:\\\/\\\/autosdelpodio.com\\\/autos\\\/#organization\",\"name\":\"Autos del Podio\",\"url\":\"http:\\\/\\\/autosdelpodio.com\\\/autos\\\/\",\"logo\":{\"@type\":\"ImageObject\",\"inLanguage\":\"es\",\"@id\":\"http:\\\/\\\/autosdelpodio.com\\\/autos\\\/#\\\/schema\\\/logo\\\/image\\\/\",\"url\":\"http:\\\/\\\/autosdelpodio.com\\\/autos\\\/wp-content\\\/uploads\\\/2020\\\/08\\\/Logo_AR.jpg\",\"contentUrl\":\"http:\\\/\\\/autosdelpodio.com\\\/autos\\\/wp-content\\\/uploads\\\/2020\\\/08\\\/Logo_AR.jpg\",\"width\":1038,\"height\":1044,\"caption\":\"Autos del Podio\"},\"image\":{\"@id\":\"http:\\\/\\\/autosdelpodio.com\\\/autos\\\/#\\\/schema\\\/logo\\\/image\\\/\"},\"sameAs\":[\"https:\\\/\\\/www.facebook.com\\\/profile.php?id=100057192590976&amp;amp;amp;amp;amp;amp;amp;amp;amp;amp;amp;amp;amp;amp;amp;amp;amp;amp;ref=ts\",\"https:\\\/\\\/x.com\\\/autosdelpodio\",\"https:\\\/\\\/www.youtube.com\\\/user\\\/AutosdelPodio\"]},{\"@type\":\"Person\",\"@id\":\"http:\\\/\\\/autosdelpodio.com\\\/autos\\\/#\\\/schema\\\/person\\\/e88353cabf768863fdf874e30120f3ba\",\"name\":\"wi022230\",\"image\":{\"@type\":\"ImageObject\",\"inLanguage\":\"es\",\"@id\":\"https:\\\/\\\/autosdelpodio.com\\\/autos\\\/wp-content\\\/litespeed\\\/avatar\\\/453fc9bdbb11d766ba4c7f14d0bd0aa9.jpg?ver=1777404874\",\"url\":\"https:\\\/\\\/autosdelpodio.com\\\/autos\\\/wp-content\\\/litespeed\\\/avatar\\\/453fc9bdbb11d766ba4c7f14d0bd0aa9.jpg?ver=1777404874\",\"contentUrl\":\"https:\\\/\\\/autosdelpodio.com\\\/autos\\\/wp-content\\\/litespeed\\\/avatar\\\/453fc9bdbb11d766ba4c7f14d0bd0aa9.jpg?ver=1777404874\",\"caption\":\"wi022230\"}}]}<\/script>\n<!-- \/ Yoast SEO plugin. -->","yoast_head_json":{"title":"Autos del Podio | 1-2 de Chevrolet","description":"Autos del Podio","robots":{"index":"index","follow":"follow","max-snippet":"max-snippet:-1","max-image-preview":"max-image-preview:large","max-video-preview":"max-video-preview:-1"},"canonical":"http:\/\/autosdelpodio.com\/autos\/1-2-de-chevrolet\/","og_locale":"es_ES","og_type":"article","og_title":"Autos del Podio | 1-2 de Chevrolet","og_description":"Autos del Podio","og_url":"http:\/\/autosdelpodio.com\/autos\/1-2-de-chevrolet\/","og_site_name":"Autos del Podio","article_publisher":"https:\/\/www.facebook.com\/profile.php?id=100057192590976&amp%3bamp%3bamp%3bamp%3bamp%3bamp%3bamp%3bamp%3bamp%3bamp%3bamp%3bamp%3bamp%3bamp%3bamp%3bamp%3bamp%3bamp%3bref=ts","article_published_time":"2015-09-20T20:47:24+00:00","author":"wi022230","twitter_card":"summary_large_image","twitter_creator":"@autosdelpodio","twitter_site":"@autosdelpodio","twitter_misc":{"Escrito por":"wi022230","Tiempo de lectura":"1 minuto"},"schema":{"@context":"https:\/\/schema.org","@graph":[{"@type":"Article","@id":"http:\/\/autosdelpodio.com\/autos\/1-2-de-chevrolet\/#article","isPartOf":{"@id":"http:\/\/autosdelpodio.com\/autos\/1-2-de-chevrolet\/"},"author":{"name":"wi022230","@id":"http:\/\/autosdelpodio.com\/autos\/#\/schema\/person\/e88353cabf768863fdf874e30120f3ba"},"headline":"1-2 de Chevrolet","datePublished":"2015-09-20T20:47:24+00:00","mainEntityOfPage":{"@id":"http:\/\/autosdelpodio.com\/autos\/1-2-de-chevrolet\/"},"wordCount":281,"commentCount":0,"publisher":{"@id":"http:\/\/autosdelpodio.com\/autos\/#organization"},"articleSection":["\u00daltimas noticias"],"inLanguage":"es","potentialAction":[{"@type":"CommentAction","name":"Comment","target":["http:\/\/autosdelpodio.com\/autos\/1-2-de-chevrolet\/#respond"]}]},{"@type":"WebPage","@id":"http:\/\/autosdelpodio.com\/autos\/1-2-de-chevrolet\/","url":"http:\/\/autosdelpodio.com\/autos\/1-2-de-chevrolet\/","name":"Autos del Podio | 1-2 de Chevrolet","isPartOf":{"@id":"http:\/\/autosdelpodio.com\/autos\/#website"},"datePublished":"2015-09-20T20:47:24+00:00","description":"Autos del Podio","breadcrumb":{"@id":"http:\/\/autosdelpodio.com\/autos\/1-2-de-chevrolet\/#breadcrumb"},"inLanguage":"es","potentialAction":[{"@type":"ReadAction","target":["http:\/\/autosdelpodio.com\/autos\/1-2-de-chevrolet\/"]}]},{"@type":"BreadcrumbList","@id":"http:\/\/autosdelpodio.com\/autos\/1-2-de-chevrolet\/#breadcrumb","itemListElement":[{"@type":"ListItem","position":1,"name":"Portada","item":"http:\/\/autosdelpodio.com\/autos\/"},{"@type":"ListItem","position":2,"name":"1-2 de Chevrolet"}]},{"@type":"WebSite","@id":"http:\/\/autosdelpodio.com\/autos\/#website","url":"http:\/\/autosdelpodio.com\/autos\/","name":"Autos del Podio","description":"La sexta del deporte motor","publisher":{"@id":"http:\/\/autosdelpodio.com\/autos\/#organization"},"potentialAction":[{"@type":"SearchAction","target":{"@type":"EntryPoint","urlTemplate":"http:\/\/autosdelpodio.com\/autos\/?s={search_term_string}"},"query-input":{"@type":"PropertyValueSpecification","valueRequired":true,"valueName":"search_term_string"}}],"inLanguage":"es"},{"@type":"Organization","@id":"http:\/\/autosdelpodio.com\/autos\/#organization","name":"Autos del Podio","url":"http:\/\/autosdelpodio.com\/autos\/","logo":{"@type":"ImageObject","inLanguage":"es","@id":"http:\/\/autosdelpodio.com\/autos\/#\/schema\/logo\/image\/","url":"http:\/\/autosdelpodio.com\/autos\/wp-content\/uploads\/2020\/08\/Logo_AR.jpg","contentUrl":"http:\/\/autosdelpodio.com\/autos\/wp-content\/uploads\/2020\/08\/Logo_AR.jpg","width":1038,"height":1044,"caption":"Autos del Podio"},"image":{"@id":"http:\/\/autosdelpodio.com\/autos\/#\/schema\/logo\/image\/"},"sameAs":["https:\/\/www.facebook.com\/profile.php?id=100057192590976&amp;amp;amp;amp;amp;amp;amp;amp;amp;amp;amp;amp;amp;amp;amp;amp;amp;amp;ref=ts","https:\/\/x.com\/autosdelpodio","https:\/\/www.youtube.com\/user\/AutosdelPodio"]},{"@type":"Person","@id":"http:\/\/autosdelpodio.com\/autos\/#\/schema\/person\/e88353cabf768863fdf874e30120f3ba","name":"wi022230","image":{"@type":"ImageObject","inLanguage":"es","@id":"https:\/\/autosdelpodio.com\/autos\/wp-content\/litespeed\/avatar\/453fc9bdbb11d766ba4c7f14d0bd0aa9.jpg?ver=1777404874","url":"https:\/\/autosdelpodio.com\/autos\/wp-content\/litespeed\/avatar\/453fc9bdbb11d766ba4c7f14d0bd0aa9.jpg?ver=1777404874","contentUrl":"https:\/\/autosdelpodio.com\/autos\/wp-content\/litespeed\/avatar\/453fc9bdbb11d766ba4c7f14d0bd0aa9.jpg?ver=1777404874","caption":"wi022230"}}]}},"views":531,"_links":{"self":[{"href":"https:\/\/autosdelpodio.com\/autos\/wp-json\/wp\/v2\/posts\/1264","targetHints":{"allow":["GET"]}}],"collection":[{"href":"https:\/\/autosdelpodio.com\/autos\/wp-json\/wp\/v2\/posts"}],"about":[{"href":"https:\/\/autosdelpodio.com\/autos\/wp-json\/wp\/v2\/types\/post"}],"author":[{"embeddable":true,"href":"https:\/\/autosdelpodio.com\/autos\/wp-json\/wp\/v2\/users\/1"}],"replies":[{"embeddable":true,"href":"https:\/\/autosdelpodio.com\/autos\/wp-json\/wp\/v2\/comments?post=1264"}],"version-history":[{"count":0,"href":"https:\/\/autosdelpodio.com\/autos\/wp-json\/wp\/v2\/posts\/1264\/revisions"}],"wp:attachment":[{"href":"https:\/\/autosdelpodio.com\/autos\/wp-json\/wp\/v2\/media?parent=1264"}],"wp:term":[{"taxonomy":"category","embeddable":true,"href":"https:\/\/autosdelpodio.com\/autos\/wp-json\/wp\/v2\/categories?post=1264"},{"taxonomy":"post_tag","embeddable":true,"href":"https:\/\/autosdelpodio.com\/autos\/wp-json\/wp\/v2\/tags?post=1264"}],"curies":[{"name":"wp","href":"https:\/\/api.w.org\/{rel}","templated":true}]}}