{"id":1286,"date":"2015-11-01T13:02:18","date_gmt":"2015-11-01T13:02:18","guid":{"rendered":"http:\/\/autosdelpodio.com\/autos\/2015\/11\/01\/bi-campeon\/"},"modified":"2015-11-01T13:02:18","modified_gmt":"2015-11-01T13:02:18","slug":"bi-campeon","status":"publish","type":"post","link":"https:\/\/autosdelpodio.com\/autos\/bi-campeon\/","title":{"rendered":"Bi campe\u00f3n"},"content":{"rendered":"<p style=\"text-align: justify;\">\n<p style=\"text-align: justify;\"><span style=\"font-size: 12.16px; line-height: 1.3em;\">Jos\u00e9 Mar\u00eda L\u00f3pez (Citro\u00ebn C-Elys\u00e9e) consigui\u00f3 el segundo t\u00edtulo consecutivo de WTCC, al ganar de manera contundente en la primera carrera en Tailandia.En la segunda carrera hubo bandera roja en lo que fue victoria de Tiago Monteiro (Honda) y cuarto puesto para \u00abPechito\u00bb, pero ya todo era anecdotico y para engrosar la estadistica.Lo concreto es que la Argentina vuelve a tener un campe\u00f3n del mundo en campeonatos FIA.<\/span><\/p>\n<p><strong><em>Final Carrera 1<\/em><\/strong><\/p>\n<p>1<span style=\"white-space:pre\"> <\/span>Jos\u00e9 Mar\u00eda L\u00d3PEZ<span style=\"white-space:pre\"> <\/span>Citro\u00ebn Total WTCC<span style=\"white-space:pre\"> <\/span>16<span style=\"white-space:pre\"> <\/span>16 GIROS<span style=\"white-space:pre\"> <\/span>1:39.647<\/p>\n<p>2<span style=\"white-space:pre\"> <\/span>S\u00e9bastien LOEB<span style=\"white-space:pre\"> <\/span>Citro\u00ebn Total WTCC<span style=\"white-space:pre\"> <\/span>16<span style=\"white-space:pre\"> <\/span>1.38<span style=\"white-space:pre\"> <\/span>1:39.577<\/p>\n<p>3<span style=\"white-space:pre\"> <\/span>MA Qing Hua<span style=\"white-space:pre\"> <\/span>Citro\u00ebn Total WTCC<span style=\"white-space:pre\"> <\/span>16<span style=\"white-space:pre\"> <\/span>6.376<span style=\"white-space:pre\"> <\/span>1:39.900<\/p>\n<p>4<span style=\"white-space:pre\"> <\/span>Mehdi BENNANI<span style=\"white-space:pre\"> <\/span>S\u00e9bastien Loeb Racing<span style=\"white-space:pre\"> <\/span>16<span style=\"white-space:pre\"> <\/span>7.202<span style=\"white-space:pre\"> <\/span>1:39.964<\/p>\n<p>5<span style=\"white-space:pre\"> <\/span>Gabriele TARQUINI<span style=\"white-space:pre\"> <\/span>Castrol Honda WTC Team<span style=\"white-space:pre\"> <\/span>16<span style=\"white-space:pre\"> <\/span>14.5<span style=\"white-space:pre\"> <\/span>1:40.586<\/p>\n<p>6<span style=\"white-space:pre\"> <\/span>Rob HUFF<span style=\"white-space:pre\"> <\/span>LADA Sport Rosneft<span style=\"white-space:pre\"> <\/span>16<span style=\"white-space:pre\"> <\/span>15.177<span style=\"white-space:pre\"> <\/span>1:40.141<\/p>\n<p>7<span style=\"white-space:pre\"> <\/span>Tiago MONTEIRO<span style=\"white-space:pre\"> <\/span>Castrol Honda WTC Team<span style=\"white-space:pre\"> <\/span>16<span style=\"white-space:pre\"> <\/span>18.493<span style=\"white-space:pre\"> <\/span>1:40.661<\/p>\n<p>8<span style=\"white-space:pre\"> <\/span>Stefano D&#8217;ASTE<span style=\"white-space:pre\"> <\/span>ALL-INKL.COM M\u00fcnnich Motorsport<span style=\"white-space:pre\"> <\/span>16<span style=\"white-space:pre\"> <\/span>21.004<span style=\"white-space:pre\"> <\/span>1:40.762<\/p>\n<p>9<span style=\"white-space:pre\"> <\/span>Gr\u00e9goire DEMOUSTIER<span style=\"white-space:pre\"> <\/span>Craft-Bamboo Racing<span style=\"white-space:pre\"> <\/span>16<span style=\"white-space:pre\"> <\/span>22.83<span style=\"white-space:pre\"> <\/span>1:40.834<\/p>\n<p>10<span style=\"white-space:pre\"> <\/span>Tin SRITRAI<span style=\"white-space:pre\"> <\/span>Campos Racing<span style=\"white-space:pre\"> <\/span>16<span style=\"white-space:pre\"> <\/span>27.419<span style=\"white-space:pre\"> <\/span>1:41.122<\/p>\n<p>11<span style=\"white-space:pre\"> <\/span>Tom CHILTON<span style=\"white-space:pre\"> <\/span>ROAL Motorsport<span style=\"white-space:pre\"> <\/span>11<span style=\"white-space:pre\"> <\/span><\/p>\n<p>12<span style=\"white-space:pre\"> <\/span>John FILIPPI<span style=\"white-space:pre\"> <\/span>Campos Racing<span style=\"white-space:pre\"> <\/span>6<span style=\"white-space:pre\"> <\/span><\/p>\n<p>13<span style=\"white-space:pre\"> <\/span>Yvan MULLER<span style=\"white-space:pre\"> <\/span>Citro\u00ebn Total WTCC<span style=\"white-space:pre\"> <\/span>4<span style=\"white-space:pre\"> <\/span><\/p>\n<p>14<span style=\"white-space:pre\"> <\/span>Norbert MICHELISZ<span style=\"white-space:pre\"> <\/span>Zeng\u0151 Motorsport<span style=\"white-space:pre\"> <\/span>1<span style=\"white-space:pre\"> <\/span><\/p>\n<p>15<span style=\"white-space:pre\"> <\/span>Hugo VALENTE<span style=\"white-space:pre\"> <\/span>Campos Racing<span style=\"white-space:pre\"> <\/span>0<span style=\"white-space:pre\"> <\/span><\/p>\n<p>16<span style=\"white-space:pre\"> <\/span>Nick CATSBURG<span style=\"white-space:pre\"> <\/span>LADA Sport Rosneft<span style=\"white-space:pre\"> <\/span>0<span style=\"white-space:pre\"> <\/span><\/p>\n<p>17<span style=\"white-space:pre\"> <\/span>Nicolas LAPIERRE<span style=\"white-space:pre\"> <\/span>LADA Sport Rosneft<span style=\"white-space:pre\"> <\/span>0<span style=\"white-space:pre\"> <\/span><\/p>\n<p>18<span style=\"white-space:pre\"> <\/span>Tom CORONEL<span style=\"white-space:pre\"> <\/span>ROAL Motorsport<span style=\"white-space:pre\"> <\/span>0<\/p>\n<p><em><strong>Final Carrera 2<\/strong><\/em><\/p>\n<p>1<span style=\"white-space:pre\"> <\/span>Tiago MONTEIRO<span style=\"white-space:pre\"> <\/span>Castrol Honda WTCC Team<span style=\"white-space:pre\"> <\/span>10<span style=\"white-space:pre\"> <\/span>16:39.856<\/p>\n<p>2<span style=\"white-space:pre\"> <\/span>S\u00e9bastien LOEB<span style=\"white-space:pre\"> <\/span>Citro\u00ebn Total WTCC<span style=\"white-space:pre\"> <\/span>10<span style=\"white-space:pre\"> <\/span>2.062<\/p>\n<p>3<span style=\"white-space:pre\"> <\/span>MA Qing Hua<span style=\"white-space:pre\"> <\/span>Citro\u00ebn Total WTCC<span style=\"white-space:pre\"> <\/span>10<span style=\"white-space:pre\"> <\/span>7.784<\/p>\n<p>4<span style=\"white-space:pre\"> <\/span>Jos\u00e9 Mar\u00eda L\u00d3PEZ<span style=\"white-space:pre\"> <\/span>Citro\u00ebn Total WTCC<span style=\"white-space:pre\"> <\/span>10<span style=\"white-space:pre\"> <\/span>12.596<\/p>\n<p>5<span style=\"white-space:pre\"> <\/span>Tom CHILTON<span style=\"white-space:pre\"> <\/span>ROAL Motorsport<span style=\"white-space:pre\"> <\/span>10<span style=\"white-space:pre\"> <\/span>13.815<\/p>\n<p>6<span style=\"white-space:pre\"> <\/span>Gabriele TARQUINI<span style=\"white-space:pre\"> <\/span>Castrol Honda WTCC Team<span style=\"white-space:pre\"> <\/span>10<span style=\"white-space:pre\"> <\/span>14.076<\/p>\n<p>7<span style=\"white-space:pre\"> <\/span>Rob HUFF<span style=\"white-space:pre\"> <\/span>LADA Sport Rosneft<span style=\"white-space:pre\"> <\/span>10<span style=\"white-space:pre\"> <\/span>14.671<\/p>\n<p>8<span style=\"white-space:pre\"> <\/span>Mehdi BENNANI<span style=\"white-space:pre\"> <\/span>S\u00e9bastien Loeb Racing<span style=\"white-space:pre\"> <\/span>10<span style=\"white-space:pre\"> <\/span>15.118<\/p>\n<p>9<span style=\"white-space:pre\"> <\/span>Stefano D&#8217;ASTE<span style=\"white-space:pre\"> <\/span>ALL-INKL.COM M\u00fcnnich Motorsport<span style=\"white-space:pre\"> <\/span>10<span style=\"white-space:pre\"> <\/span>18.301<\/p>\n<p>10<span style=\"white-space:pre\"> <\/span>Tin SRITRAI<span style=\"white-space:pre\"> <\/span>Campos Racing<span style=\"white-space:pre\"> <\/span>10<span style=\"white-space:pre\"> <\/span>19.705<\/p>\n<p>11<span style=\"white-space:pre\"> <\/span>Gr\u00e9goire DEMOUSTIER<span style=\"white-space:pre\"> <\/span>Craft-Bamboo Racing<span style=\"white-space:pre\"> <\/span>10<span style=\"white-space:pre\"> <\/span>20.225<\/p>\n<p>12<span style=\"white-space:pre\"> <\/span>John FILIPPI<span style=\"white-space:pre\"> <\/span>Campos Racing<span style=\"white-space:pre\"> <\/span>10<span style=\"white-space:pre\"> <\/span>23.746<\/p>\n<p>13<span style=\"white-space:pre\"> <\/span>Norbert MICHELISZ<span style=\"white-space:pre\"> <\/span>Zeng\u0151 Motorsport<span style=\"white-space:pre\"> <\/span>10<span style=\"white-space:pre\"> <\/span>35.062<\/p>\n<p>14<span style=\"white-space:pre\"> <\/span>Yvan MULLER<span style=\"white-space:pre\"> <\/span>Citro\u00ebn Total WTCC<span style=\"white-space:pre\"> <\/span>0<span style=\"white-space:pre\"> <\/span>Abandono<\/p>\n<p>15<span style=\"white-space:pre\"> <\/span>Nick CATSBURG<span style=\"white-space:pre\"> <\/span>LADA Sport Rosneft<span style=\"white-space:pre\"> <\/span>0<span style=\"white-space:pre\"> <\/span>No larg\u00f3<\/p>\n<p>16<span style=\"white-space:pre\"> <\/span>Hugo VALENTE<span style=\"white-space:pre\"> <\/span>Campos Racing<span style=\"white-space:pre\"> <\/span>0<span style=\"white-space:pre\"> <\/span>No larg\u00f3<\/p>\n<p>17<span style=\"white-space:pre\"> <\/span>Tom CORONEL<span style=\"white-space:pre\"> <\/span>ROAL Motorsport<span style=\"white-space:pre\"> <\/span>0<span style=\"white-space:pre\"> <\/span>No larg\u00f3<\/p>\n<p>18<span style=\"white-space:pre\"> <\/span>Nicolas LAPIERRE<span style=\"white-space:pre\"> <\/span>LADA Sport Rosneft<span style=\"white-space:pre\"> <\/span>0<span style=\"white-space:pre\"> <\/span>No larg\u00f3<\/p>\n<p><em>Foto: FIA WTCC\u00a0http:\/\/www.fiawtcc.com\/<\/em><\/p>\n","protected":false},"excerpt":{"rendered":"<p>Jos\u00e9 Mar\u00eda L\u00f3pez (Citro\u00ebn C-Elys\u00e9e) consigui\u00f3 el segundo t\u00edtulo consecutivo de WTCC, al ganar de manera contundente en la primera<\/p>\n","protected":false},"author":1,"featured_media":1285,"comment_status":"open","ping_status":"open","sticky":false,"template":"","format":"standard","meta":{"colormag_page_container_layout":"default_layout","colormag_page_sidebar_layout":"default_layout","footnotes":""},"categories":[5],"tags":[],"class_list":["post-1286","post","type-post","status-publish","format-standard","has-post-thumbnail","hentry","category-latest-news"],"yoast_head":"<!-- This site is optimized with the Yoast SEO plugin v27.4 - https:\/\/yoast.com\/product\/yoast-seo-wordpress\/ -->\n<title>Autos del Podio | Bi campe\u00f3n<\/title>\n<meta name=\"description\" content=\"Autos del Podio\" \/>\n<meta name=\"robots\" content=\"index, follow, max-snippet:-1, max-image-preview:large, max-video-preview:-1\" \/>\n<link rel=\"canonical\" href=\"https:\/\/autosdelpodio.com\/autos\/bi-campeon\/\" \/>\n<meta property=\"og:locale\" content=\"es_ES\" \/>\n<meta property=\"og:type\" content=\"article\" \/>\n<meta property=\"og:title\" content=\"Autos del Podio | Bi campe\u00f3n\" \/>\n<meta property=\"og:description\" content=\"Autos del Podio\" \/>\n<meta property=\"og:url\" content=\"https:\/\/autosdelpodio.com\/autos\/bi-campeon\/\" \/>\n<meta property=\"og:site_name\" content=\"Autos del Podio\" \/>\n<meta property=\"article:publisher\" content=\"https:\/\/www.facebook.com\/profile.php?id=100057192590976&amp;amp%3bamp%3bamp%3bamp%3bamp%3bamp%3bamp%3bamp%3bamp%3bamp%3bamp%3bamp%3bamp%3bamp%3bamp%3bamp%3bamp%3bamp%3bref=ts\" \/>\n<meta property=\"article:published_time\" content=\"2015-11-01T13:02:18+00:00\" \/>\n<meta property=\"og:image\" content=\"https:\/\/autosdelpodio.com\/autos\/wp-content\/uploads\/2015\/11\/pechito_wtcc.jpg\" \/>\n\t<meta property=\"og:image:width\" content=\"599\" \/>\n\t<meta property=\"og:image:height\" content=\"377\" \/>\n\t<meta property=\"og:image:type\" content=\"image\/jpeg\" \/>\n<meta name=\"author\" content=\"wi022230\" \/>\n<meta name=\"twitter:card\" content=\"summary_large_image\" \/>\n<meta name=\"twitter:creator\" content=\"@autosdelpodio\" \/>\n<meta name=\"twitter:site\" content=\"@autosdelpodio\" \/>\n<meta name=\"twitter:label1\" content=\"Escrito por\" \/>\n\t<meta name=\"twitter:data1\" content=\"wi022230\" \/>\n\t<meta name=\"twitter:label2\" content=\"Tiempo de lectura\" \/>\n\t<meta name=\"twitter:data2\" content=\"1 minuto\" \/>\n<script type=\"application\/ld+json\" class=\"yoast-schema-graph\">{\"@context\":\"https:\\\/\\\/schema.org\",\"@graph\":[{\"@type\":\"Article\",\"@id\":\"https:\\\/\\\/autosdelpodio.com\\\/autos\\\/bi-campeon\\\/#article\",\"isPartOf\":{\"@id\":\"https:\\\/\\\/autosdelpodio.com\\\/autos\\\/bi-campeon\\\/\"},\"author\":{\"name\":\"wi022230\",\"@id\":\"http:\\\/\\\/autosdelpodio.com\\\/autos\\\/#\\\/schema\\\/person\\\/e88353cabf768863fdf874e30120f3ba\"},\"headline\":\"Bi campe\u00f3n\",\"datePublished\":\"2015-11-01T13:02:18+00:00\",\"mainEntityOfPage\":{\"@id\":\"https:\\\/\\\/autosdelpodio.com\\\/autos\\\/bi-campeon\\\/\"},\"wordCount\":296,\"commentCount\":0,\"publisher\":{\"@id\":\"http:\\\/\\\/autosdelpodio.com\\\/autos\\\/#organization\"},\"image\":{\"@id\":\"https:\\\/\\\/autosdelpodio.com\\\/autos\\\/bi-campeon\\\/#primaryimage\"},\"thumbnailUrl\":\"https:\\\/\\\/autosdelpodio.com\\\/autos\\\/wp-content\\\/uploads\\\/2015\\\/11\\\/pechito_wtcc.jpg\",\"articleSection\":[\"\u00daltimas noticias\"],\"inLanguage\":\"es\",\"potentialAction\":[{\"@type\":\"CommentAction\",\"name\":\"Comment\",\"target\":[\"https:\\\/\\\/autosdelpodio.com\\\/autos\\\/bi-campeon\\\/#respond\"]}]},{\"@type\":\"WebPage\",\"@id\":\"https:\\\/\\\/autosdelpodio.com\\\/autos\\\/bi-campeon\\\/\",\"url\":\"https:\\\/\\\/autosdelpodio.com\\\/autos\\\/bi-campeon\\\/\",\"name\":\"Autos del Podio | Bi campe\u00f3n\",\"isPartOf\":{\"@id\":\"http:\\\/\\\/autosdelpodio.com\\\/autos\\\/#website\"},\"primaryImageOfPage\":{\"@id\":\"https:\\\/\\\/autosdelpodio.com\\\/autos\\\/bi-campeon\\\/#primaryimage\"},\"image\":{\"@id\":\"https:\\\/\\\/autosdelpodio.com\\\/autos\\\/bi-campeon\\\/#primaryimage\"},\"thumbnailUrl\":\"https:\\\/\\\/autosdelpodio.com\\\/autos\\\/wp-content\\\/uploads\\\/2015\\\/11\\\/pechito_wtcc.jpg\",\"datePublished\":\"2015-11-01T13:02:18+00:00\",\"description\":\"Autos del Podio\",\"breadcrumb\":{\"@id\":\"https:\\\/\\\/autosdelpodio.com\\\/autos\\\/bi-campeon\\\/#breadcrumb\"},\"inLanguage\":\"es\",\"potentialAction\":[{\"@type\":\"ReadAction\",\"target\":[\"https:\\\/\\\/autosdelpodio.com\\\/autos\\\/bi-campeon\\\/\"]}]},{\"@type\":\"ImageObject\",\"inLanguage\":\"es\",\"@id\":\"https:\\\/\\\/autosdelpodio.com\\\/autos\\\/bi-campeon\\\/#primaryimage\",\"url\":\"https:\\\/\\\/autosdelpodio.com\\\/autos\\\/wp-content\\\/uploads\\\/2015\\\/11\\\/pechito_wtcc.jpg\",\"contentUrl\":\"https:\\\/\\\/autosdelpodio.com\\\/autos\\\/wp-content\\\/uploads\\\/2015\\\/11\\\/pechito_wtcc.jpg\",\"width\":599,\"height\":377},{\"@type\":\"BreadcrumbList\",\"@id\":\"https:\\\/\\\/autosdelpodio.com\\\/autos\\\/bi-campeon\\\/#breadcrumb\",\"itemListElement\":[{\"@type\":\"ListItem\",\"position\":1,\"name\":\"Portada\",\"item\":\"http:\\\/\\\/autosdelpodio.com\\\/autos\\\/\"},{\"@type\":\"ListItem\",\"position\":2,\"name\":\"Bi campe\u00f3n\"}]},{\"@type\":\"WebSite\",\"@id\":\"http:\\\/\\\/autosdelpodio.com\\\/autos\\\/#website\",\"url\":\"http:\\\/\\\/autosdelpodio.com\\\/autos\\\/\",\"name\":\"Autos del Podio\",\"description\":\"La sexta del deporte motor\",\"publisher\":{\"@id\":\"http:\\\/\\\/autosdelpodio.com\\\/autos\\\/#organization\"},\"potentialAction\":[{\"@type\":\"SearchAction\",\"target\":{\"@type\":\"EntryPoint\",\"urlTemplate\":\"http:\\\/\\\/autosdelpodio.com\\\/autos\\\/?s={search_term_string}\"},\"query-input\":{\"@type\":\"PropertyValueSpecification\",\"valueRequired\":true,\"valueName\":\"search_term_string\"}}],\"inLanguage\":\"es\"},{\"@type\":\"Organization\",\"@id\":\"http:\\\/\\\/autosdelpodio.com\\\/autos\\\/#organization\",\"name\":\"Autos del Podio\",\"url\":\"http:\\\/\\\/autosdelpodio.com\\\/autos\\\/\",\"logo\":{\"@type\":\"ImageObject\",\"inLanguage\":\"es\",\"@id\":\"http:\\\/\\\/autosdelpodio.com\\\/autos\\\/#\\\/schema\\\/logo\\\/image\\\/\",\"url\":\"http:\\\/\\\/autosdelpodio.com\\\/autos\\\/wp-content\\\/uploads\\\/2020\\\/08\\\/Logo_AR.jpg\",\"contentUrl\":\"http:\\\/\\\/autosdelpodio.com\\\/autos\\\/wp-content\\\/uploads\\\/2020\\\/08\\\/Logo_AR.jpg\",\"width\":1038,\"height\":1044,\"caption\":\"Autos del Podio\"},\"image\":{\"@id\":\"http:\\\/\\\/autosdelpodio.com\\\/autos\\\/#\\\/schema\\\/logo\\\/image\\\/\"},\"sameAs\":[\"https:\\\/\\\/www.facebook.com\\\/profile.php?id=100057192590976&amp;amp;amp;amp;amp;amp;amp;amp;amp;amp;amp;amp;amp;amp;amp;amp;amp;amp;ref=ts\",\"https:\\\/\\\/x.com\\\/autosdelpodio\",\"https:\\\/\\\/www.youtube.com\\\/user\\\/AutosdelPodio\"]},{\"@type\":\"Person\",\"@id\":\"http:\\\/\\\/autosdelpodio.com\\\/autos\\\/#\\\/schema\\\/person\\\/e88353cabf768863fdf874e30120f3ba\",\"name\":\"wi022230\",\"image\":{\"@type\":\"ImageObject\",\"inLanguage\":\"es\",\"@id\":\"https:\\\/\\\/autosdelpodio.com\\\/autos\\\/wp-content\\\/litespeed\\\/avatar\\\/453fc9bdbb11d766ba4c7f14d0bd0aa9.jpg?ver=1776800006\",\"url\":\"https:\\\/\\\/autosdelpodio.com\\\/autos\\\/wp-content\\\/litespeed\\\/avatar\\\/453fc9bdbb11d766ba4c7f14d0bd0aa9.jpg?ver=1776800006\",\"contentUrl\":\"https:\\\/\\\/autosdelpodio.com\\\/autos\\\/wp-content\\\/litespeed\\\/avatar\\\/453fc9bdbb11d766ba4c7f14d0bd0aa9.jpg?ver=1776800006\",\"caption\":\"wi022230\"}}]}<\/script>\n<!-- \/ Yoast SEO plugin. -->","yoast_head_json":{"title":"Autos del Podio | Bi campe\u00f3n","description":"Autos del Podio","robots":{"index":"index","follow":"follow","max-snippet":"max-snippet:-1","max-image-preview":"max-image-preview:large","max-video-preview":"max-video-preview:-1"},"canonical":"https:\/\/autosdelpodio.com\/autos\/bi-campeon\/","og_locale":"es_ES","og_type":"article","og_title":"Autos del Podio | Bi campe\u00f3n","og_description":"Autos del Podio","og_url":"https:\/\/autosdelpodio.com\/autos\/bi-campeon\/","og_site_name":"Autos del Podio","article_publisher":"https:\/\/www.facebook.com\/profile.php?id=100057192590976&amp%3bamp%3bamp%3bamp%3bamp%3bamp%3bamp%3bamp%3bamp%3bamp%3bamp%3bamp%3bamp%3bamp%3bamp%3bamp%3bamp%3bamp%3bref=ts","article_published_time":"2015-11-01T13:02:18+00:00","og_image":[{"width":599,"height":377,"url":"https:\/\/autosdelpodio.com\/autos\/wp-content\/uploads\/2015\/11\/pechito_wtcc.jpg","type":"image\/jpeg"}],"author":"wi022230","twitter_card":"summary_large_image","twitter_creator":"@autosdelpodio","twitter_site":"@autosdelpodio","twitter_misc":{"Escrito por":"wi022230","Tiempo de lectura":"1 minuto"},"schema":{"@context":"https:\/\/schema.org","@graph":[{"@type":"Article","@id":"https:\/\/autosdelpodio.com\/autos\/bi-campeon\/#article","isPartOf":{"@id":"https:\/\/autosdelpodio.com\/autos\/bi-campeon\/"},"author":{"name":"wi022230","@id":"http:\/\/autosdelpodio.com\/autos\/#\/schema\/person\/e88353cabf768863fdf874e30120f3ba"},"headline":"Bi campe\u00f3n","datePublished":"2015-11-01T13:02:18+00:00","mainEntityOfPage":{"@id":"https:\/\/autosdelpodio.com\/autos\/bi-campeon\/"},"wordCount":296,"commentCount":0,"publisher":{"@id":"http:\/\/autosdelpodio.com\/autos\/#organization"},"image":{"@id":"https:\/\/autosdelpodio.com\/autos\/bi-campeon\/#primaryimage"},"thumbnailUrl":"https:\/\/autosdelpodio.com\/autos\/wp-content\/uploads\/2015\/11\/pechito_wtcc.jpg","articleSection":["\u00daltimas noticias"],"inLanguage":"es","potentialAction":[{"@type":"CommentAction","name":"Comment","target":["https:\/\/autosdelpodio.com\/autos\/bi-campeon\/#respond"]}]},{"@type":"WebPage","@id":"https:\/\/autosdelpodio.com\/autos\/bi-campeon\/","url":"https:\/\/autosdelpodio.com\/autos\/bi-campeon\/","name":"Autos del Podio | Bi campe\u00f3n","isPartOf":{"@id":"http:\/\/autosdelpodio.com\/autos\/#website"},"primaryImageOfPage":{"@id":"https:\/\/autosdelpodio.com\/autos\/bi-campeon\/#primaryimage"},"image":{"@id":"https:\/\/autosdelpodio.com\/autos\/bi-campeon\/#primaryimage"},"thumbnailUrl":"https:\/\/autosdelpodio.com\/autos\/wp-content\/uploads\/2015\/11\/pechito_wtcc.jpg","datePublished":"2015-11-01T13:02:18+00:00","description":"Autos del Podio","breadcrumb":{"@id":"https:\/\/autosdelpodio.com\/autos\/bi-campeon\/#breadcrumb"},"inLanguage":"es","potentialAction":[{"@type":"ReadAction","target":["https:\/\/autosdelpodio.com\/autos\/bi-campeon\/"]}]},{"@type":"ImageObject","inLanguage":"es","@id":"https:\/\/autosdelpodio.com\/autos\/bi-campeon\/#primaryimage","url":"https:\/\/autosdelpodio.com\/autos\/wp-content\/uploads\/2015\/11\/pechito_wtcc.jpg","contentUrl":"https:\/\/autosdelpodio.com\/autos\/wp-content\/uploads\/2015\/11\/pechito_wtcc.jpg","width":599,"height":377},{"@type":"BreadcrumbList","@id":"https:\/\/autosdelpodio.com\/autos\/bi-campeon\/#breadcrumb","itemListElement":[{"@type":"ListItem","position":1,"name":"Portada","item":"http:\/\/autosdelpodio.com\/autos\/"},{"@type":"ListItem","position":2,"name":"Bi campe\u00f3n"}]},{"@type":"WebSite","@id":"http:\/\/autosdelpodio.com\/autos\/#website","url":"http:\/\/autosdelpodio.com\/autos\/","name":"Autos del Podio","description":"La sexta del deporte motor","publisher":{"@id":"http:\/\/autosdelpodio.com\/autos\/#organization"},"potentialAction":[{"@type":"SearchAction","target":{"@type":"EntryPoint","urlTemplate":"http:\/\/autosdelpodio.com\/autos\/?s={search_term_string}"},"query-input":{"@type":"PropertyValueSpecification","valueRequired":true,"valueName":"search_term_string"}}],"inLanguage":"es"},{"@type":"Organization","@id":"http:\/\/autosdelpodio.com\/autos\/#organization","name":"Autos del Podio","url":"http:\/\/autosdelpodio.com\/autos\/","logo":{"@type":"ImageObject","inLanguage":"es","@id":"http:\/\/autosdelpodio.com\/autos\/#\/schema\/logo\/image\/","url":"http:\/\/autosdelpodio.com\/autos\/wp-content\/uploads\/2020\/08\/Logo_AR.jpg","contentUrl":"http:\/\/autosdelpodio.com\/autos\/wp-content\/uploads\/2020\/08\/Logo_AR.jpg","width":1038,"height":1044,"caption":"Autos del Podio"},"image":{"@id":"http:\/\/autosdelpodio.com\/autos\/#\/schema\/logo\/image\/"},"sameAs":["https:\/\/www.facebook.com\/profile.php?id=100057192590976&amp;amp;amp;amp;amp;amp;amp;amp;amp;amp;amp;amp;amp;amp;amp;amp;amp;amp;ref=ts","https:\/\/x.com\/autosdelpodio","https:\/\/www.youtube.com\/user\/AutosdelPodio"]},{"@type":"Person","@id":"http:\/\/autosdelpodio.com\/autos\/#\/schema\/person\/e88353cabf768863fdf874e30120f3ba","name":"wi022230","image":{"@type":"ImageObject","inLanguage":"es","@id":"https:\/\/autosdelpodio.com\/autos\/wp-content\/litespeed\/avatar\/453fc9bdbb11d766ba4c7f14d0bd0aa9.jpg?ver=1776800006","url":"https:\/\/autosdelpodio.com\/autos\/wp-content\/litespeed\/avatar\/453fc9bdbb11d766ba4c7f14d0bd0aa9.jpg?ver=1776800006","contentUrl":"https:\/\/autosdelpodio.com\/autos\/wp-content\/litespeed\/avatar\/453fc9bdbb11d766ba4c7f14d0bd0aa9.jpg?ver=1776800006","caption":"wi022230"}}]}},"views":1008,"_links":{"self":[{"href":"https:\/\/autosdelpodio.com\/autos\/wp-json\/wp\/v2\/posts\/1286","targetHints":{"allow":["GET"]}}],"collection":[{"href":"https:\/\/autosdelpodio.com\/autos\/wp-json\/wp\/v2\/posts"}],"about":[{"href":"https:\/\/autosdelpodio.com\/autos\/wp-json\/wp\/v2\/types\/post"}],"author":[{"embeddable":true,"href":"https:\/\/autosdelpodio.com\/autos\/wp-json\/wp\/v2\/users\/1"}],"replies":[{"embeddable":true,"href":"https:\/\/autosdelpodio.com\/autos\/wp-json\/wp\/v2\/comments?post=1286"}],"version-history":[{"count":0,"href":"https:\/\/autosdelpodio.com\/autos\/wp-json\/wp\/v2\/posts\/1286\/revisions"}],"wp:featuredmedia":[{"embeddable":true,"href":"https:\/\/autosdelpodio.com\/autos\/wp-json\/wp\/v2\/media\/1285"}],"wp:attachment":[{"href":"https:\/\/autosdelpodio.com\/autos\/wp-json\/wp\/v2\/media?parent=1286"}],"wp:term":[{"taxonomy":"category","embeddable":true,"href":"https:\/\/autosdelpodio.com\/autos\/wp-json\/wp\/v2\/categories?post=1286"},{"taxonomy":"post_tag","embeddable":true,"href":"https:\/\/autosdelpodio.com\/autos\/wp-json\/wp\/v2\/tags?post=1286"}],"curies":[{"name":"wp","href":"https:\/\/api.w.org\/{rel}","templated":true}]}}