{"id":2234,"date":"2020-06-12T16:37:51","date_gmt":"2020-06-12T16:37:51","guid":{"rendered":"http:\/\/autosdelpodio.com\/autos\/?p=2234"},"modified":"2020-06-13T01:01:51","modified_gmt":"2020-06-13T01:01:51","slug":"el-autodromo-de-chaco-fue-puesto-a-la-venta","status":"publish","type":"post","link":"https:\/\/autosdelpodio.com\/autos\/el-autodromo-de-chaco-fue-puesto-a-la-venta\/","title":{"rendered":"El aut\u00f3dromo de Chaco sali\u00f3 a la venta"},"content":{"rendered":"\n<p>El predio del Santiago \u00abYaco\u00bb Guarnieri fue tasado en 450 millones de pesos. La C\u00e1mara de Diputados de la provincia aprob\u00f3 en sesi\u00f3n extraordinaria el proyecto ley que impuls\u00f3 el gobernador de Chaco, Jorge Capitanich.<br> El circuito que tiene una extensi\u00f3n de 2.695 metros y fuera inaugurado un 24 de junio de 1979 figura en el listado junto a otros inmuebles tales como La Casa de Gobierno, Casa de la Provincia del Chaco (en Buenos Aires), Ex Pedi\u00e1trico y otras dependencias administradas por el estado provincial.<br><em> \u00abLos importes recaudados ser\u00e1n destinados a un fondo especial que tendr\u00e1 por destino la inversi\u00f3n para el mantenimiento y refacci\u00f3n de los inmuebles de cada jurisdicci\u00f3n, la adquisici\u00f3n para prestaci\u00f3n de servicios p\u00fablicos en materia de salud, seguridad, prevenci\u00f3n y fiscalizaci\u00f3n de las distintas \u00e1reas; y el desarrollo de proyectos o emprendimientos de inter\u00e9s p\u00fablico con destino residual, tur\u00edstico, industrial y\/o productivo\u00bb<\/em>, se\u00f1ala el mandatario provincial en dicho proyecto.<\/p>\n\n\n\n<p><em>Foto: Prensa TopRace<\/em><\/p>\n","protected":false},"excerpt":{"rendered":"<p>El predio del Santiago \u00abYaco\u00bb Guarnieri fue tasado en 450 millones de pesos. La C\u00e1mara de Diputados de la provincia<\/p>\n","protected":false},"author":3,"featured_media":2237,"comment_status":"open","ping_status":"open","sticky":false,"template":"","format":"standard","meta":{"colormag_page_container_layout":"default_layout","colormag_page_sidebar_layout":"default_layout","footnotes":""},"categories":[6,5],"tags":[265,263,264,35],"class_list":["post-2234","post","type-post","status-publish","format-standard","has-post-thumbnail","hentry","category-newsflash","category-latest-news","tag-autodromo-yaco-guarnieri","tag-chaco","tag-jorge-capitanich","tag-republica-argentina"],"yoast_head":"<!-- This site is optimized with the Yoast SEO plugin v27.5 - https:\/\/yoast.com\/product\/yoast-seo-wordpress\/ -->\n<title>Autos del Podio | El aut\u00f3dromo de Chaco sali\u00f3 a la venta<\/title>\n<meta name=\"description\" content=\"Autos del Podio\" \/>\n<meta name=\"robots\" content=\"index, follow, max-snippet:-1, max-image-preview:large, max-video-preview:-1\" \/>\n<link rel=\"canonical\" href=\"http:\/\/autosdelpodio.com\/autos\/el-autodromo-de-chaco-fue-puesto-a-la-venta\/\" \/>\n<meta property=\"og:locale\" content=\"es_ES\" \/>\n<meta property=\"og:type\" content=\"article\" \/>\n<meta property=\"og:title\" content=\"Autos del Podio | El aut\u00f3dromo de Chaco sali\u00f3 a la venta\" \/>\n<meta property=\"og:description\" content=\"Autos del Podio\" \/>\n<meta property=\"og:url\" content=\"http:\/\/autosdelpodio.com\/autos\/el-autodromo-de-chaco-fue-puesto-a-la-venta\/\" \/>\n<meta property=\"og:site_name\" content=\"Autos del Podio\" \/>\n<meta property=\"article:publisher\" content=\"https:\/\/www.facebook.com\/profile.php?id=100057192590976&amp;amp%3bamp%3bamp%3bamp%3bamp%3bamp%3bamp%3bamp%3bamp%3bamp%3bamp%3bamp%3bamp%3bamp%3bamp%3bamp%3bamp%3bamp%3bref=ts\" \/>\n<meta property=\"article:published_time\" content=\"2020-06-12T16:37:51+00:00\" \/>\n<meta property=\"article:modified_time\" content=\"2020-06-13T01:01:51+00:00\" \/>\n<meta property=\"og:image\" content=\"http:\/\/autosdelpodio.com\/autos\/wp-content\/uploads\/2020\/06\/Yaco_Guarnieri1-e1591980317851.jpg\" \/>\n\t<meta property=\"og:image:width\" content=\"800\" \/>\n\t<meta property=\"og:image:height\" content=\"531\" \/>\n\t<meta property=\"og:image:type\" content=\"image\/jpeg\" \/>\n<meta name=\"author\" content=\"autosdelpodio\" \/>\n<meta name=\"twitter:card\" content=\"summary_large_image\" \/>\n<meta name=\"twitter:creator\" content=\"@autosdelpodio\" \/>\n<meta name=\"twitter:site\" content=\"@autosdelpodio\" \/>\n<meta name=\"twitter:label1\" content=\"Escrito por\" \/>\n\t<meta name=\"twitter:data1\" content=\"autosdelpodio\" \/>\n\t<meta name=\"twitter:label2\" content=\"Tiempo de lectura\" \/>\n\t<meta name=\"twitter:data2\" content=\"1 minuto\" \/>\n<script type=\"application\/ld+json\" class=\"yoast-schema-graph\">{\"@context\":\"https:\\\/\\\/schema.org\",\"@graph\":[{\"@type\":\"Article\",\"@id\":\"http:\\\/\\\/autosdelpodio.com\\\/autos\\\/el-autodromo-de-chaco-fue-puesto-a-la-venta\\\/#article\",\"isPartOf\":{\"@id\":\"http:\\\/\\\/autosdelpodio.com\\\/autos\\\/el-autodromo-de-chaco-fue-puesto-a-la-venta\\\/\"},\"author\":{\"name\":\"autosdelpodio\",\"@id\":\"http:\\\/\\\/autosdelpodio.com\\\/autos\\\/#\\\/schema\\\/person\\\/993527a4d01c3acdd3d6bce3770bc942\"},\"headline\":\"El aut\u00f3dromo de Chaco sali\u00f3 a la venta\",\"datePublished\":\"2020-06-12T16:37:51+00:00\",\"dateModified\":\"2020-06-13T01:01:51+00:00\",\"mainEntityOfPage\":{\"@id\":\"http:\\\/\\\/autosdelpodio.com\\\/autos\\\/el-autodromo-de-chaco-fue-puesto-a-la-venta\\\/\"},\"wordCount\":181,\"commentCount\":1,\"publisher\":{\"@id\":\"http:\\\/\\\/autosdelpodio.com\\\/autos\\\/#organization\"},\"image\":{\"@id\":\"http:\\\/\\\/autosdelpodio.com\\\/autos\\\/el-autodromo-de-chaco-fue-puesto-a-la-venta\\\/#primaryimage\"},\"thumbnailUrl\":\"https:\\\/\\\/autosdelpodio.com\\\/autos\\\/wp-content\\\/uploads\\\/2020\\\/06\\\/Yaco_Guarnieri1-e1591980317851.jpg\",\"keywords\":[\"Autodromo Yaco Guarnieri\",\"Chaco\",\"Jorge Capitanich\",\"Republica Argentina\"],\"articleSection\":[\"Destacado\",\"\u00daltimas noticias\"],\"inLanguage\":\"es\",\"potentialAction\":[{\"@type\":\"CommentAction\",\"name\":\"Comment\",\"target\":[\"http:\\\/\\\/autosdelpodio.com\\\/autos\\\/el-autodromo-de-chaco-fue-puesto-a-la-venta\\\/#respond\"]}]},{\"@type\":\"WebPage\",\"@id\":\"http:\\\/\\\/autosdelpodio.com\\\/autos\\\/el-autodromo-de-chaco-fue-puesto-a-la-venta\\\/\",\"url\":\"http:\\\/\\\/autosdelpodio.com\\\/autos\\\/el-autodromo-de-chaco-fue-puesto-a-la-venta\\\/\",\"name\":\"Autos del Podio | El aut\u00f3dromo de Chaco sali\u00f3 a la venta\",\"isPartOf\":{\"@id\":\"http:\\\/\\\/autosdelpodio.com\\\/autos\\\/#website\"},\"primaryImageOfPage\":{\"@id\":\"http:\\\/\\\/autosdelpodio.com\\\/autos\\\/el-autodromo-de-chaco-fue-puesto-a-la-venta\\\/#primaryimage\"},\"image\":{\"@id\":\"http:\\\/\\\/autosdelpodio.com\\\/autos\\\/el-autodromo-de-chaco-fue-puesto-a-la-venta\\\/#primaryimage\"},\"thumbnailUrl\":\"https:\\\/\\\/autosdelpodio.com\\\/autos\\\/wp-content\\\/uploads\\\/2020\\\/06\\\/Yaco_Guarnieri1-e1591980317851.jpg\",\"datePublished\":\"2020-06-12T16:37:51+00:00\",\"dateModified\":\"2020-06-13T01:01:51+00:00\",\"description\":\"Autos del Podio\",\"breadcrumb\":{\"@id\":\"http:\\\/\\\/autosdelpodio.com\\\/autos\\\/el-autodromo-de-chaco-fue-puesto-a-la-venta\\\/#breadcrumb\"},\"inLanguage\":\"es\",\"potentialAction\":[{\"@type\":\"ReadAction\",\"target\":[\"http:\\\/\\\/autosdelpodio.com\\\/autos\\\/el-autodromo-de-chaco-fue-puesto-a-la-venta\\\/\"]}]},{\"@type\":\"ImageObject\",\"inLanguage\":\"es\",\"@id\":\"http:\\\/\\\/autosdelpodio.com\\\/autos\\\/el-autodromo-de-chaco-fue-puesto-a-la-venta\\\/#primaryimage\",\"url\":\"https:\\\/\\\/autosdelpodio.com\\\/autos\\\/wp-content\\\/uploads\\\/2020\\\/06\\\/Yaco_Guarnieri1-e1591980317851.jpg\",\"contentUrl\":\"https:\\\/\\\/autosdelpodio.com\\\/autos\\\/wp-content\\\/uploads\\\/2020\\\/06\\\/Yaco_Guarnieri1-e1591980317851.jpg\",\"width\":800,\"height\":531},{\"@type\":\"BreadcrumbList\",\"@id\":\"http:\\\/\\\/autosdelpodio.com\\\/autos\\\/el-autodromo-de-chaco-fue-puesto-a-la-venta\\\/#breadcrumb\",\"itemListElement\":[{\"@type\":\"ListItem\",\"position\":1,\"name\":\"Portada\",\"item\":\"http:\\\/\\\/autosdelpodio.com\\\/autos\\\/\"},{\"@type\":\"ListItem\",\"position\":2,\"name\":\"El aut\u00f3dromo de Chaco sali\u00f3 a la venta\"}]},{\"@type\":\"WebSite\",\"@id\":\"http:\\\/\\\/autosdelpodio.com\\\/autos\\\/#website\",\"url\":\"http:\\\/\\\/autosdelpodio.com\\\/autos\\\/\",\"name\":\"Autos del Podio\",\"description\":\"La sexta del deporte motor\",\"publisher\":{\"@id\":\"http:\\\/\\\/autosdelpodio.com\\\/autos\\\/#organization\"},\"potentialAction\":[{\"@type\":\"SearchAction\",\"target\":{\"@type\":\"EntryPoint\",\"urlTemplate\":\"http:\\\/\\\/autosdelpodio.com\\\/autos\\\/?s={search_term_string}\"},\"query-input\":{\"@type\":\"PropertyValueSpecification\",\"valueRequired\":true,\"valueName\":\"search_term_string\"}}],\"inLanguage\":\"es\"},{\"@type\":\"Organization\",\"@id\":\"http:\\\/\\\/autosdelpodio.com\\\/autos\\\/#organization\",\"name\":\"Autos del Podio\",\"url\":\"http:\\\/\\\/autosdelpodio.com\\\/autos\\\/\",\"logo\":{\"@type\":\"ImageObject\",\"inLanguage\":\"es\",\"@id\":\"http:\\\/\\\/autosdelpodio.com\\\/autos\\\/#\\\/schema\\\/logo\\\/image\\\/\",\"url\":\"http:\\\/\\\/autosdelpodio.com\\\/autos\\\/wp-content\\\/uploads\\\/2020\\\/08\\\/Logo_AR.jpg\",\"contentUrl\":\"http:\\\/\\\/autosdelpodio.com\\\/autos\\\/wp-content\\\/uploads\\\/2020\\\/08\\\/Logo_AR.jpg\",\"width\":1038,\"height\":1044,\"caption\":\"Autos del Podio\"},\"image\":{\"@id\":\"http:\\\/\\\/autosdelpodio.com\\\/autos\\\/#\\\/schema\\\/logo\\\/image\\\/\"},\"sameAs\":[\"https:\\\/\\\/www.facebook.com\\\/profile.php?id=100057192590976&amp;amp;amp;amp;amp;amp;amp;amp;amp;amp;amp;amp;amp;amp;amp;amp;amp;amp;ref=ts\",\"https:\\\/\\\/x.com\\\/autosdelpodio\",\"https:\\\/\\\/www.youtube.com\\\/user\\\/AutosdelPodio\"]},{\"@type\":\"Person\",\"@id\":\"http:\\\/\\\/autosdelpodio.com\\\/autos\\\/#\\\/schema\\\/person\\\/993527a4d01c3acdd3d6bce3770bc942\",\"name\":\"autosdelpodio\",\"image\":{\"@type\":\"ImageObject\",\"inLanguage\":\"es\",\"@id\":\"https:\\\/\\\/autosdelpodio.com\\\/autos\\\/wp-content\\\/litespeed\\\/avatar\\\/aa8f65cd201a80f6b844f63278aa84af.jpg?ver=1777403005\",\"url\":\"https:\\\/\\\/autosdelpodio.com\\\/autos\\\/wp-content\\\/litespeed\\\/avatar\\\/aa8f65cd201a80f6b844f63278aa84af.jpg?ver=1777403005\",\"contentUrl\":\"https:\\\/\\\/autosdelpodio.com\\\/autos\\\/wp-content\\\/litespeed\\\/avatar\\\/aa8f65cd201a80f6b844f63278aa84af.jpg?ver=1777403005\",\"caption\":\"autosdelpodio\"}}]}<\/script>\n<!-- \/ Yoast SEO plugin. -->","yoast_head_json":{"title":"Autos del Podio | El aut\u00f3dromo de Chaco sali\u00f3 a la venta","description":"Autos del Podio","robots":{"index":"index","follow":"follow","max-snippet":"max-snippet:-1","max-image-preview":"max-image-preview:large","max-video-preview":"max-video-preview:-1"},"canonical":"http:\/\/autosdelpodio.com\/autos\/el-autodromo-de-chaco-fue-puesto-a-la-venta\/","og_locale":"es_ES","og_type":"article","og_title":"Autos del Podio | El aut\u00f3dromo de Chaco sali\u00f3 a la venta","og_description":"Autos del Podio","og_url":"http:\/\/autosdelpodio.com\/autos\/el-autodromo-de-chaco-fue-puesto-a-la-venta\/","og_site_name":"Autos del Podio","article_publisher":"https:\/\/www.facebook.com\/profile.php?id=100057192590976&amp%3bamp%3bamp%3bamp%3bamp%3bamp%3bamp%3bamp%3bamp%3bamp%3bamp%3bamp%3bamp%3bamp%3bamp%3bamp%3bamp%3bamp%3bref=ts","article_published_time":"2020-06-12T16:37:51+00:00","article_modified_time":"2020-06-13T01:01:51+00:00","og_image":[{"width":800,"height":531,"url":"http:\/\/autosdelpodio.com\/autos\/wp-content\/uploads\/2020\/06\/Yaco_Guarnieri1-e1591980317851.jpg","type":"image\/jpeg"}],"author":"autosdelpodio","twitter_card":"summary_large_image","twitter_creator":"@autosdelpodio","twitter_site":"@autosdelpodio","twitter_misc":{"Escrito por":"autosdelpodio","Tiempo de lectura":"1 minuto"},"schema":{"@context":"https:\/\/schema.org","@graph":[{"@type":"Article","@id":"http:\/\/autosdelpodio.com\/autos\/el-autodromo-de-chaco-fue-puesto-a-la-venta\/#article","isPartOf":{"@id":"http:\/\/autosdelpodio.com\/autos\/el-autodromo-de-chaco-fue-puesto-a-la-venta\/"},"author":{"name":"autosdelpodio","@id":"http:\/\/autosdelpodio.com\/autos\/#\/schema\/person\/993527a4d01c3acdd3d6bce3770bc942"},"headline":"El aut\u00f3dromo de Chaco sali\u00f3 a la venta","datePublished":"2020-06-12T16:37:51+00:00","dateModified":"2020-06-13T01:01:51+00:00","mainEntityOfPage":{"@id":"http:\/\/autosdelpodio.com\/autos\/el-autodromo-de-chaco-fue-puesto-a-la-venta\/"},"wordCount":181,"commentCount":1,"publisher":{"@id":"http:\/\/autosdelpodio.com\/autos\/#organization"},"image":{"@id":"http:\/\/autosdelpodio.com\/autos\/el-autodromo-de-chaco-fue-puesto-a-la-venta\/#primaryimage"},"thumbnailUrl":"https:\/\/autosdelpodio.com\/autos\/wp-content\/uploads\/2020\/06\/Yaco_Guarnieri1-e1591980317851.jpg","keywords":["Autodromo Yaco Guarnieri","Chaco","Jorge Capitanich","Republica Argentina"],"articleSection":["Destacado","\u00daltimas noticias"],"inLanguage":"es","potentialAction":[{"@type":"CommentAction","name":"Comment","target":["http:\/\/autosdelpodio.com\/autos\/el-autodromo-de-chaco-fue-puesto-a-la-venta\/#respond"]}]},{"@type":"WebPage","@id":"http:\/\/autosdelpodio.com\/autos\/el-autodromo-de-chaco-fue-puesto-a-la-venta\/","url":"http:\/\/autosdelpodio.com\/autos\/el-autodromo-de-chaco-fue-puesto-a-la-venta\/","name":"Autos del Podio | El aut\u00f3dromo de Chaco sali\u00f3 a la venta","isPartOf":{"@id":"http:\/\/autosdelpodio.com\/autos\/#website"},"primaryImageOfPage":{"@id":"http:\/\/autosdelpodio.com\/autos\/el-autodromo-de-chaco-fue-puesto-a-la-venta\/#primaryimage"},"image":{"@id":"http:\/\/autosdelpodio.com\/autos\/el-autodromo-de-chaco-fue-puesto-a-la-venta\/#primaryimage"},"thumbnailUrl":"https:\/\/autosdelpodio.com\/autos\/wp-content\/uploads\/2020\/06\/Yaco_Guarnieri1-e1591980317851.jpg","datePublished":"2020-06-12T16:37:51+00:00","dateModified":"2020-06-13T01:01:51+00:00","description":"Autos del Podio","breadcrumb":{"@id":"http:\/\/autosdelpodio.com\/autos\/el-autodromo-de-chaco-fue-puesto-a-la-venta\/#breadcrumb"},"inLanguage":"es","potentialAction":[{"@type":"ReadAction","target":["http:\/\/autosdelpodio.com\/autos\/el-autodromo-de-chaco-fue-puesto-a-la-venta\/"]}]},{"@type":"ImageObject","inLanguage":"es","@id":"http:\/\/autosdelpodio.com\/autos\/el-autodromo-de-chaco-fue-puesto-a-la-venta\/#primaryimage","url":"https:\/\/autosdelpodio.com\/autos\/wp-content\/uploads\/2020\/06\/Yaco_Guarnieri1-e1591980317851.jpg","contentUrl":"https:\/\/autosdelpodio.com\/autos\/wp-content\/uploads\/2020\/06\/Yaco_Guarnieri1-e1591980317851.jpg","width":800,"height":531},{"@type":"BreadcrumbList","@id":"http:\/\/autosdelpodio.com\/autos\/el-autodromo-de-chaco-fue-puesto-a-la-venta\/#breadcrumb","itemListElement":[{"@type":"ListItem","position":1,"name":"Portada","item":"http:\/\/autosdelpodio.com\/autos\/"},{"@type":"ListItem","position":2,"name":"El aut\u00f3dromo de Chaco sali\u00f3 a la venta"}]},{"@type":"WebSite","@id":"http:\/\/autosdelpodio.com\/autos\/#website","url":"http:\/\/autosdelpodio.com\/autos\/","name":"Autos del Podio","description":"La sexta del deporte motor","publisher":{"@id":"http:\/\/autosdelpodio.com\/autos\/#organization"},"potentialAction":[{"@type":"SearchAction","target":{"@type":"EntryPoint","urlTemplate":"http:\/\/autosdelpodio.com\/autos\/?s={search_term_string}"},"query-input":{"@type":"PropertyValueSpecification","valueRequired":true,"valueName":"search_term_string"}}],"inLanguage":"es"},{"@type":"Organization","@id":"http:\/\/autosdelpodio.com\/autos\/#organization","name":"Autos del Podio","url":"http:\/\/autosdelpodio.com\/autos\/","logo":{"@type":"ImageObject","inLanguage":"es","@id":"http:\/\/autosdelpodio.com\/autos\/#\/schema\/logo\/image\/","url":"http:\/\/autosdelpodio.com\/autos\/wp-content\/uploads\/2020\/08\/Logo_AR.jpg","contentUrl":"http:\/\/autosdelpodio.com\/autos\/wp-content\/uploads\/2020\/08\/Logo_AR.jpg","width":1038,"height":1044,"caption":"Autos del Podio"},"image":{"@id":"http:\/\/autosdelpodio.com\/autos\/#\/schema\/logo\/image\/"},"sameAs":["https:\/\/www.facebook.com\/profile.php?id=100057192590976&amp;amp;amp;amp;amp;amp;amp;amp;amp;amp;amp;amp;amp;amp;amp;amp;amp;amp;ref=ts","https:\/\/x.com\/autosdelpodio","https:\/\/www.youtube.com\/user\/AutosdelPodio"]},{"@type":"Person","@id":"http:\/\/autosdelpodio.com\/autos\/#\/schema\/person\/993527a4d01c3acdd3d6bce3770bc942","name":"autosdelpodio","image":{"@type":"ImageObject","inLanguage":"es","@id":"https:\/\/autosdelpodio.com\/autos\/wp-content\/litespeed\/avatar\/aa8f65cd201a80f6b844f63278aa84af.jpg?ver=1777403005","url":"https:\/\/autosdelpodio.com\/autos\/wp-content\/litespeed\/avatar\/aa8f65cd201a80f6b844f63278aa84af.jpg?ver=1777403005","contentUrl":"https:\/\/autosdelpodio.com\/autos\/wp-content\/litespeed\/avatar\/aa8f65cd201a80f6b844f63278aa84af.jpg?ver=1777403005","caption":"autosdelpodio"}}]}},"views":901,"_links":{"self":[{"href":"https:\/\/autosdelpodio.com\/autos\/wp-json\/wp\/v2\/posts\/2234","targetHints":{"allow":["GET"]}}],"collection":[{"href":"https:\/\/autosdelpodio.com\/autos\/wp-json\/wp\/v2\/posts"}],"about":[{"href":"https:\/\/autosdelpodio.com\/autos\/wp-json\/wp\/v2\/types\/post"}],"author":[{"embeddable":true,"href":"https:\/\/autosdelpodio.com\/autos\/wp-json\/wp\/v2\/users\/3"}],"replies":[{"embeddable":true,"href":"https:\/\/autosdelpodio.com\/autos\/wp-json\/wp\/v2\/comments?post=2234"}],"version-history":[{"count":5,"href":"https:\/\/autosdelpodio.com\/autos\/wp-json\/wp\/v2\/posts\/2234\/revisions"}],"predecessor-version":[{"id":2240,"href":"https:\/\/autosdelpodio.com\/autos\/wp-json\/wp\/v2\/posts\/2234\/revisions\/2240"}],"wp:featuredmedia":[{"embeddable":true,"href":"https:\/\/autosdelpodio.com\/autos\/wp-json\/wp\/v2\/media\/2237"}],"wp:attachment":[{"href":"https:\/\/autosdelpodio.com\/autos\/wp-json\/wp\/v2\/media?parent=2234"}],"wp:term":[{"taxonomy":"category","embeddable":true,"href":"https:\/\/autosdelpodio.com\/autos\/wp-json\/wp\/v2\/categories?post=2234"},{"taxonomy":"post_tag","embeddable":true,"href":"https:\/\/autosdelpodio.com\/autos\/wp-json\/wp\/v2\/tags?post=2234"}],"curies":[{"name":"wp","href":"https:\/\/api.w.org\/{rel}","templated":true}]}}