{"id":421,"date":"2012-05-14T02:53:36","date_gmt":"2012-05-14T02:53:36","guid":{"rendered":"http:\/\/autosdelpodio.com\/autos\/2012\/05\/14\/la-primera-de-martin-basso-en-tc-el-1-2-3-de-chevrolet-y-del-dole-racing\/"},"modified":"2012-05-14T02:53:36","modified_gmt":"2012-05-14T02:53:36","slug":"la-primera-de-martin-basso-en-tc-el-1-2-3-de-chevrolet-y-del-dole-racing","status":"publish","type":"post","link":"https:\/\/autosdelpodio.com\/autos\/la-primera-de-martin-basso-en-tc-el-1-2-3-de-chevrolet-y-del-dole-racing\/","title":{"rendered":"La primera de Martin Basso en TC, el 1-2-3 de Chevrolet y del Dole Racing"},"content":{"rendered":"<p><span style=\"font-size: x-small;\"> <\/p>\n<p style=\"text-align: justify;\">En su regreso luego de un parate de 2 fechas Martin Basso obtuvo su primera carrera en el TC y redonde\u00f3 un brillante trabajo para el Dole Racing con los 3 Chevrolet cuatro autos en en el podio de Termas.<\/p>\n<p style=\"text-align: justify;\">Nestor Girolami (Torino) sigue arriba en el torneo con 85,5 puntos; segundo se mantiene Mat\u00edas Rossi (Chevrolet) con 75,5 y tercero es Gabriel Ponce de Le\u00f3n (Ford) con 55 unidades. La pr\u00f3xima fecha, la sexta de la fase regular, ser\u00e1 el 3 de junio en R\u00edo Cuarto, C\u00f3rdoba.<\/p>\n<p>  <!--more-->  <span style=\"font-size: x-small;\"> <\/p>\n<p><p>\u00a0<\/p>\n<p>1 Basso, Mart\u00edn (Chevrolet) 41:05.050<\/p>\n<p>2 Ortelli, Guillermo (Chevrolet) 41:08.647<\/p>\n<p>3 Alaux, Sergio(Chevrolet) 41:14.495<\/p>\n<p>4 Girolami, N\u00e9stor (Torino) 41:16.885<\/p>\n<p>5 Angelini, Juan Marcos (Dodge) 41:17.873<\/p>\n<p>6 Moriatis, Emanuel (Ford) 41:19.818<\/p>\n<p>7 Di Palma, Lu\u00eds Jos\u00e9 H(Torino) 41:20.511<\/p>\n<p>8 Bonelli, Pr\u00f3spero(Ford) 41:22.082<\/p>\n<p>9 Aventin, Diego(Ford) 41:22.681<\/p>\n<p>10 Ledesma, Christian(Chevrolet) 41:23.115<\/p>\n<p>11 Ponce de Le\u00f3n, Gabriel(Ford) 41:23.497<\/p>\n<p>12 Castellano, Jonatan(Dodge) 41:28.251<\/p>\n<p>13 Altuna, Mariano(Chevrolet) 41:30.684<\/p>\n<p>14 Giallombardo, Mauro(Ford) 41:30.842<\/p>\n<p>15 Silva, Juan Manuel(Ford) 41:31.193<\/p>\n<p>16 Rossi, Mat\u00edas(Chevrolet) 41:31.464<\/p>\n<p>17 Mart\u00ednez, Omar(Ford) 41:33.249<\/p>\n<p>18 Trucco, Juan Mart\u00edn(Dodge) 41:33.577<\/p>\n<p>19 Sotro, Leonel(Ford) 41:42.202<\/p>\n<p>20 Nolesi, Mathias(Ford) 41:42.798<\/p>\n<p>21 Canapino, Agust\u00edn(Chevrolet) 41:43.588<\/p>\n<p>22 Ugalde, Lionel(Ford) 41:43.848<\/p>\n<p>23 Savino, Jos\u00e9(Ford) 41:45.792<\/p>\n<p>24 Ciantini, Jos\u00e9(Dodge) 41:51.557<\/p>\n<p>25 Bosio, Ezequiel(Torino) 41:54.627<\/p>\n<p>26 Spataro, Emiliano(Dodge) 42:00.005<\/p>\n<p>27 L\u00f3pez, Jos\u00e9 Mar\u00eda(Chevrolet) 42:00.647<\/p>\n<p>28 Verna, Rafael(Dodge) 42:01.606<\/p>\n<p>29 De Carlo, Diego(Chevrolet) 42:08.337<\/p>\n<p>30 Pichini , Mauro(Ford) 42:08.727<\/p>\n<p>31 Jalaf, Mat\u00edas(Ford) 42:18.191<\/p>\n<p>32 Del Bo , Roberto(Chevrolet) 42:19.071<\/p>\n<p>33 Urretavizcaya, Tom\u00e1s(Torino) 42:23.205<\/p>\n<p>34 Mazzacane, Gast\u00f3n(Chevrolet) 37:59.356<\/p>\n<p>35 Sol\u00eds, Gustavo(Ford) 27:04.690<\/p>\n<p>36 Juan, Maximiliano(Ford) 25:51.625<\/p>\n<p>37 Mulet, Leandro(Chevrolet) 26:34.621<\/p>\n<p>38 Ponte, Mart\u00edn(Torino) 20:38.528<\/p>\n<p>39 Kohler, Claudio(Dodge) 15:32.502<\/p>\n<p>40 Oubi\u00f1a, Adri\u00e1n(Ford) 16:19.250<\/p>\n<p>41 Werner, Mariano(Ford) 14:07.707<\/p>\n<p>42 Dose, Christian(Chevrolet) 14:59.330<\/p>\n<p>43 Campanera, Laureano(Chevrolet) 03:23.336<\/p>\n<p>44 Gianini, Juan Pablo(Ford) 03:28.755<\/p>\n<p>45 Pern\u00eda, Leonel(Chevrolet) 01:41.182<\/p>\n<\/p>\n<p> <\/span><\/span><\/p>\n<p>\u00a0<\/p>\n","protected":false},"excerpt":{"rendered":"<p>En su regreso luego de un parate de 2 fechas Martin Basso obtuvo su primera carrera en el TC y<\/p>\n","protected":false},"author":1,"featured_media":0,"comment_status":"open","ping_status":"open","sticky":false,"template":"","format":"standard","meta":{"colormag_page_container_layout":"default_layout","colormag_page_sidebar_layout":"default_layout","footnotes":""},"categories":[5],"tags":[],"class_list":["post-421","post","type-post","status-publish","format-standard","hentry","category-latest-news"],"yoast_head":"<!-- This site is optimized with the Yoast SEO plugin v27.4 - https:\/\/yoast.com\/product\/yoast-seo-wordpress\/ -->\n<title>Autos del Podio | La primera de Martin Basso en TC, el 1-2-3 de Chevrolet y del Dole Racing<\/title>\n<meta name=\"description\" content=\"Autos del Podio\" \/>\n<meta name=\"robots\" content=\"index, follow, max-snippet:-1, max-image-preview:large, max-video-preview:-1\" \/>\n<link rel=\"canonical\" href=\"https:\/\/autosdelpodio.com\/autos\/la-primera-de-martin-basso-en-tc-el-1-2-3-de-chevrolet-y-del-dole-racing\/\" \/>\n<meta property=\"og:locale\" content=\"es_ES\" \/>\n<meta property=\"og:type\" content=\"article\" \/>\n<meta property=\"og:title\" content=\"Autos del Podio | La primera de Martin Basso en TC, el 1-2-3 de Chevrolet y del Dole Racing\" \/>\n<meta property=\"og:description\" content=\"Autos del Podio\" \/>\n<meta property=\"og:url\" content=\"https:\/\/autosdelpodio.com\/autos\/la-primera-de-martin-basso-en-tc-el-1-2-3-de-chevrolet-y-del-dole-racing\/\" \/>\n<meta property=\"og:site_name\" content=\"Autos del Podio\" \/>\n<meta property=\"article:publisher\" content=\"https:\/\/www.facebook.com\/profile.php?id=100057192590976&amp;amp%3bamp%3bamp%3bamp%3bamp%3bamp%3bamp%3bamp%3bamp%3bamp%3bamp%3bamp%3bamp%3bamp%3bamp%3bamp%3bamp%3bamp%3bref=ts\" \/>\n<meta property=\"article:published_time\" content=\"2012-05-14T02:53:36+00:00\" \/>\n<meta name=\"author\" content=\"wi022230\" \/>\n<meta name=\"twitter:card\" content=\"summary_large_image\" \/>\n<meta name=\"twitter:creator\" content=\"@autosdelpodio\" \/>\n<meta name=\"twitter:site\" content=\"@autosdelpodio\" \/>\n<meta name=\"twitter:label1\" content=\"Escrito por\" \/>\n\t<meta name=\"twitter:data1\" content=\"wi022230\" \/>\n\t<meta name=\"twitter:label2\" content=\"Tiempo de lectura\" \/>\n\t<meta name=\"twitter:data2\" content=\"1 minuto\" \/>\n<script type=\"application\/ld+json\" class=\"yoast-schema-graph\">{\"@context\":\"https:\\\/\\\/schema.org\",\"@graph\":[{\"@type\":\"Article\",\"@id\":\"https:\\\/\\\/autosdelpodio.com\\\/autos\\\/la-primera-de-martin-basso-en-tc-el-1-2-3-de-chevrolet-y-del-dole-racing\\\/#article\",\"isPartOf\":{\"@id\":\"https:\\\/\\\/autosdelpodio.com\\\/autos\\\/la-primera-de-martin-basso-en-tc-el-1-2-3-de-chevrolet-y-del-dole-racing\\\/\"},\"author\":{\"name\":\"wi022230\",\"@id\":\"http:\\\/\\\/autosdelpodio.com\\\/autos\\\/#\\\/schema\\\/person\\\/e88353cabf768863fdf874e30120f3ba\"},\"headline\":\"La primera de Martin Basso en TC, el 1-2-3 de Chevrolet y del Dole Racing\",\"datePublished\":\"2012-05-14T02:53:36+00:00\",\"mainEntityOfPage\":{\"@id\":\"https:\\\/\\\/autosdelpodio.com\\\/autos\\\/la-primera-de-martin-basso-en-tc-el-1-2-3-de-chevrolet-y-del-dole-racing\\\/\"},\"wordCount\":269,\"commentCount\":0,\"publisher\":{\"@id\":\"http:\\\/\\\/autosdelpodio.com\\\/autos\\\/#organization\"},\"articleSection\":[\"\u00daltimas noticias\"],\"inLanguage\":\"es\",\"potentialAction\":[{\"@type\":\"CommentAction\",\"name\":\"Comment\",\"target\":[\"https:\\\/\\\/autosdelpodio.com\\\/autos\\\/la-primera-de-martin-basso-en-tc-el-1-2-3-de-chevrolet-y-del-dole-racing\\\/#respond\"]}]},{\"@type\":\"WebPage\",\"@id\":\"https:\\\/\\\/autosdelpodio.com\\\/autos\\\/la-primera-de-martin-basso-en-tc-el-1-2-3-de-chevrolet-y-del-dole-racing\\\/\",\"url\":\"https:\\\/\\\/autosdelpodio.com\\\/autos\\\/la-primera-de-martin-basso-en-tc-el-1-2-3-de-chevrolet-y-del-dole-racing\\\/\",\"name\":\"Autos del Podio | La primera de Martin Basso en TC, el 1-2-3 de Chevrolet y del Dole Racing\",\"isPartOf\":{\"@id\":\"http:\\\/\\\/autosdelpodio.com\\\/autos\\\/#website\"},\"datePublished\":\"2012-05-14T02:53:36+00:00\",\"description\":\"Autos del Podio\",\"breadcrumb\":{\"@id\":\"https:\\\/\\\/autosdelpodio.com\\\/autos\\\/la-primera-de-martin-basso-en-tc-el-1-2-3-de-chevrolet-y-del-dole-racing\\\/#breadcrumb\"},\"inLanguage\":\"es\",\"potentialAction\":[{\"@type\":\"ReadAction\",\"target\":[\"https:\\\/\\\/autosdelpodio.com\\\/autos\\\/la-primera-de-martin-basso-en-tc-el-1-2-3-de-chevrolet-y-del-dole-racing\\\/\"]}]},{\"@type\":\"BreadcrumbList\",\"@id\":\"https:\\\/\\\/autosdelpodio.com\\\/autos\\\/la-primera-de-martin-basso-en-tc-el-1-2-3-de-chevrolet-y-del-dole-racing\\\/#breadcrumb\",\"itemListElement\":[{\"@type\":\"ListItem\",\"position\":1,\"name\":\"Portada\",\"item\":\"http:\\\/\\\/autosdelpodio.com\\\/autos\\\/\"},{\"@type\":\"ListItem\",\"position\":2,\"name\":\"La primera de Martin Basso en TC, el 1-2-3 de Chevrolet y del Dole Racing\"}]},{\"@type\":\"WebSite\",\"@id\":\"http:\\\/\\\/autosdelpodio.com\\\/autos\\\/#website\",\"url\":\"http:\\\/\\\/autosdelpodio.com\\\/autos\\\/\",\"name\":\"Autos del Podio\",\"description\":\"La sexta del deporte motor\",\"publisher\":{\"@id\":\"http:\\\/\\\/autosdelpodio.com\\\/autos\\\/#organization\"},\"potentialAction\":[{\"@type\":\"SearchAction\",\"target\":{\"@type\":\"EntryPoint\",\"urlTemplate\":\"http:\\\/\\\/autosdelpodio.com\\\/autos\\\/?s={search_term_string}\"},\"query-input\":{\"@type\":\"PropertyValueSpecification\",\"valueRequired\":true,\"valueName\":\"search_term_string\"}}],\"inLanguage\":\"es\"},{\"@type\":\"Organization\",\"@id\":\"http:\\\/\\\/autosdelpodio.com\\\/autos\\\/#organization\",\"name\":\"Autos del Podio\",\"url\":\"http:\\\/\\\/autosdelpodio.com\\\/autos\\\/\",\"logo\":{\"@type\":\"ImageObject\",\"inLanguage\":\"es\",\"@id\":\"http:\\\/\\\/autosdelpodio.com\\\/autos\\\/#\\\/schema\\\/logo\\\/image\\\/\",\"url\":\"http:\\\/\\\/autosdelpodio.com\\\/autos\\\/wp-content\\\/uploads\\\/2020\\\/08\\\/Logo_AR.jpg\",\"contentUrl\":\"http:\\\/\\\/autosdelpodio.com\\\/autos\\\/wp-content\\\/uploads\\\/2020\\\/08\\\/Logo_AR.jpg\",\"width\":1038,\"height\":1044,\"caption\":\"Autos del Podio\"},\"image\":{\"@id\":\"http:\\\/\\\/autosdelpodio.com\\\/autos\\\/#\\\/schema\\\/logo\\\/image\\\/\"},\"sameAs\":[\"https:\\\/\\\/www.facebook.com\\\/profile.php?id=100057192590976&amp;amp;amp;amp;amp;amp;amp;amp;amp;amp;amp;amp;amp;amp;amp;amp;amp;amp;ref=ts\",\"https:\\\/\\\/x.com\\\/autosdelpodio\",\"https:\\\/\\\/www.youtube.com\\\/user\\\/AutosdelPodio\"]},{\"@type\":\"Person\",\"@id\":\"http:\\\/\\\/autosdelpodio.com\\\/autos\\\/#\\\/schema\\\/person\\\/e88353cabf768863fdf874e30120f3ba\",\"name\":\"wi022230\",\"image\":{\"@type\":\"ImageObject\",\"inLanguage\":\"es\",\"@id\":\"https:\\\/\\\/autosdelpodio.com\\\/autos\\\/wp-content\\\/litespeed\\\/avatar\\\/453fc9bdbb11d766ba4c7f14d0bd0aa9.jpg?ver=1776800006\",\"url\":\"https:\\\/\\\/autosdelpodio.com\\\/autos\\\/wp-content\\\/litespeed\\\/avatar\\\/453fc9bdbb11d766ba4c7f14d0bd0aa9.jpg?ver=1776800006\",\"contentUrl\":\"https:\\\/\\\/autosdelpodio.com\\\/autos\\\/wp-content\\\/litespeed\\\/avatar\\\/453fc9bdbb11d766ba4c7f14d0bd0aa9.jpg?ver=1776800006\",\"caption\":\"wi022230\"}}]}<\/script>\n<!-- \/ Yoast SEO plugin. -->","yoast_head_json":{"title":"Autos del Podio | La primera de Martin Basso en TC, el 1-2-3 de Chevrolet y del Dole Racing","description":"Autos del Podio","robots":{"index":"index","follow":"follow","max-snippet":"max-snippet:-1","max-image-preview":"max-image-preview:large","max-video-preview":"max-video-preview:-1"},"canonical":"https:\/\/autosdelpodio.com\/autos\/la-primera-de-martin-basso-en-tc-el-1-2-3-de-chevrolet-y-del-dole-racing\/","og_locale":"es_ES","og_type":"article","og_title":"Autos del Podio | La primera de Martin Basso en TC, el 1-2-3 de Chevrolet y del Dole Racing","og_description":"Autos del Podio","og_url":"https:\/\/autosdelpodio.com\/autos\/la-primera-de-martin-basso-en-tc-el-1-2-3-de-chevrolet-y-del-dole-racing\/","og_site_name":"Autos del Podio","article_publisher":"https:\/\/www.facebook.com\/profile.php?id=100057192590976&amp%3bamp%3bamp%3bamp%3bamp%3bamp%3bamp%3bamp%3bamp%3bamp%3bamp%3bamp%3bamp%3bamp%3bamp%3bamp%3bamp%3bamp%3bref=ts","article_published_time":"2012-05-14T02:53:36+00:00","author":"wi022230","twitter_card":"summary_large_image","twitter_creator":"@autosdelpodio","twitter_site":"@autosdelpodio","twitter_misc":{"Escrito por":"wi022230","Tiempo de lectura":"1 minuto"},"schema":{"@context":"https:\/\/schema.org","@graph":[{"@type":"Article","@id":"https:\/\/autosdelpodio.com\/autos\/la-primera-de-martin-basso-en-tc-el-1-2-3-de-chevrolet-y-del-dole-racing\/#article","isPartOf":{"@id":"https:\/\/autosdelpodio.com\/autos\/la-primera-de-martin-basso-en-tc-el-1-2-3-de-chevrolet-y-del-dole-racing\/"},"author":{"name":"wi022230","@id":"http:\/\/autosdelpodio.com\/autos\/#\/schema\/person\/e88353cabf768863fdf874e30120f3ba"},"headline":"La primera de Martin Basso en TC, el 1-2-3 de Chevrolet y del Dole Racing","datePublished":"2012-05-14T02:53:36+00:00","mainEntityOfPage":{"@id":"https:\/\/autosdelpodio.com\/autos\/la-primera-de-martin-basso-en-tc-el-1-2-3-de-chevrolet-y-del-dole-racing\/"},"wordCount":269,"commentCount":0,"publisher":{"@id":"http:\/\/autosdelpodio.com\/autos\/#organization"},"articleSection":["\u00daltimas noticias"],"inLanguage":"es","potentialAction":[{"@type":"CommentAction","name":"Comment","target":["https:\/\/autosdelpodio.com\/autos\/la-primera-de-martin-basso-en-tc-el-1-2-3-de-chevrolet-y-del-dole-racing\/#respond"]}]},{"@type":"WebPage","@id":"https:\/\/autosdelpodio.com\/autos\/la-primera-de-martin-basso-en-tc-el-1-2-3-de-chevrolet-y-del-dole-racing\/","url":"https:\/\/autosdelpodio.com\/autos\/la-primera-de-martin-basso-en-tc-el-1-2-3-de-chevrolet-y-del-dole-racing\/","name":"Autos del Podio | La primera de Martin Basso en TC, el 1-2-3 de Chevrolet y del Dole Racing","isPartOf":{"@id":"http:\/\/autosdelpodio.com\/autos\/#website"},"datePublished":"2012-05-14T02:53:36+00:00","description":"Autos del Podio","breadcrumb":{"@id":"https:\/\/autosdelpodio.com\/autos\/la-primera-de-martin-basso-en-tc-el-1-2-3-de-chevrolet-y-del-dole-racing\/#breadcrumb"},"inLanguage":"es","potentialAction":[{"@type":"ReadAction","target":["https:\/\/autosdelpodio.com\/autos\/la-primera-de-martin-basso-en-tc-el-1-2-3-de-chevrolet-y-del-dole-racing\/"]}]},{"@type":"BreadcrumbList","@id":"https:\/\/autosdelpodio.com\/autos\/la-primera-de-martin-basso-en-tc-el-1-2-3-de-chevrolet-y-del-dole-racing\/#breadcrumb","itemListElement":[{"@type":"ListItem","position":1,"name":"Portada","item":"http:\/\/autosdelpodio.com\/autos\/"},{"@type":"ListItem","position":2,"name":"La primera de Martin Basso en TC, el 1-2-3 de Chevrolet y del Dole Racing"}]},{"@type":"WebSite","@id":"http:\/\/autosdelpodio.com\/autos\/#website","url":"http:\/\/autosdelpodio.com\/autos\/","name":"Autos del Podio","description":"La sexta del deporte motor","publisher":{"@id":"http:\/\/autosdelpodio.com\/autos\/#organization"},"potentialAction":[{"@type":"SearchAction","target":{"@type":"EntryPoint","urlTemplate":"http:\/\/autosdelpodio.com\/autos\/?s={search_term_string}"},"query-input":{"@type":"PropertyValueSpecification","valueRequired":true,"valueName":"search_term_string"}}],"inLanguage":"es"},{"@type":"Organization","@id":"http:\/\/autosdelpodio.com\/autos\/#organization","name":"Autos del Podio","url":"http:\/\/autosdelpodio.com\/autos\/","logo":{"@type":"ImageObject","inLanguage":"es","@id":"http:\/\/autosdelpodio.com\/autos\/#\/schema\/logo\/image\/","url":"http:\/\/autosdelpodio.com\/autos\/wp-content\/uploads\/2020\/08\/Logo_AR.jpg","contentUrl":"http:\/\/autosdelpodio.com\/autos\/wp-content\/uploads\/2020\/08\/Logo_AR.jpg","width":1038,"height":1044,"caption":"Autos del Podio"},"image":{"@id":"http:\/\/autosdelpodio.com\/autos\/#\/schema\/logo\/image\/"},"sameAs":["https:\/\/www.facebook.com\/profile.php?id=100057192590976&amp;amp;amp;amp;amp;amp;amp;amp;amp;amp;amp;amp;amp;amp;amp;amp;amp;amp;ref=ts","https:\/\/x.com\/autosdelpodio","https:\/\/www.youtube.com\/user\/AutosdelPodio"]},{"@type":"Person","@id":"http:\/\/autosdelpodio.com\/autos\/#\/schema\/person\/e88353cabf768863fdf874e30120f3ba","name":"wi022230","image":{"@type":"ImageObject","inLanguage":"es","@id":"https:\/\/autosdelpodio.com\/autos\/wp-content\/litespeed\/avatar\/453fc9bdbb11d766ba4c7f14d0bd0aa9.jpg?ver=1776800006","url":"https:\/\/autosdelpodio.com\/autos\/wp-content\/litespeed\/avatar\/453fc9bdbb11d766ba4c7f14d0bd0aa9.jpg?ver=1776800006","contentUrl":"https:\/\/autosdelpodio.com\/autos\/wp-content\/litespeed\/avatar\/453fc9bdbb11d766ba4c7f14d0bd0aa9.jpg?ver=1776800006","caption":"wi022230"}}]}},"views":518,"_links":{"self":[{"href":"https:\/\/autosdelpodio.com\/autos\/wp-json\/wp\/v2\/posts\/421","targetHints":{"allow":["GET"]}}],"collection":[{"href":"https:\/\/autosdelpodio.com\/autos\/wp-json\/wp\/v2\/posts"}],"about":[{"href":"https:\/\/autosdelpodio.com\/autos\/wp-json\/wp\/v2\/types\/post"}],"author":[{"embeddable":true,"href":"https:\/\/autosdelpodio.com\/autos\/wp-json\/wp\/v2\/users\/1"}],"replies":[{"embeddable":true,"href":"https:\/\/autosdelpodio.com\/autos\/wp-json\/wp\/v2\/comments?post=421"}],"version-history":[{"count":0,"href":"https:\/\/autosdelpodio.com\/autos\/wp-json\/wp\/v2\/posts\/421\/revisions"}],"wp:attachment":[{"href":"https:\/\/autosdelpodio.com\/autos\/wp-json\/wp\/v2\/media?parent=421"}],"wp:term":[{"taxonomy":"category","embeddable":true,"href":"https:\/\/autosdelpodio.com\/autos\/wp-json\/wp\/v2\/categories?post=421"},{"taxonomy":"post_tag","embeddable":true,"href":"https:\/\/autosdelpodio.com\/autos\/wp-json\/wp\/v2\/tags?post=421"}],"curies":[{"name":"wp","href":"https:\/\/api.w.org\/{rel}","templated":true}]}}