{"id":4636,"date":"2021-09-01T15:45:53","date_gmt":"2021-09-01T18:45:53","guid":{"rendered":"http:\/\/autosdelpodio.com\/autos\/?p=4636"},"modified":"2021-09-01T15:45:54","modified_gmt":"2021-09-01T18:45:54","slug":"kimi-raikkonen-anuncio-su-retiro-de-la-formula-1","status":"publish","type":"post","link":"https:\/\/autosdelpodio.com\/autos\/kimi-raikkonen-anuncio-su-retiro-de-la-formula-1\/","title":{"rendered":"Kimi Raikkonen anunci\u00f3 su retiro de la Formula 1"},"content":{"rendered":"\n<p>\u00abThe Iceman\u00bb comunic\u00f3 a trav\u00e9s de sus redes sociales que la temporada actual ser\u00e1 la ultima dentro de la m\u00e1xima. El campe\u00f3n 2007 con Ferrari y actual volante de Alfa Romeo de 41 a\u00f1os acumula 21 victorias y 103 podios en la categor\u00eda.<br><em>\u00abEso es todo. Esta ser\u00e1 mi \u00faltima temporada en la F\u00f3rmula 1. Esta es una decisi\u00f3n que tom\u00e9 durante el invierno pasado. No ha sido una decisi\u00f3n f\u00e1cil pero despu\u00e9s de esta temporada llega el momento de nuevas cosas. A pesar de que la temporada a\u00fan est\u00e1 en desarrollo, quiero agradecer a mi familia, a todos mis equipos, a todos los involucrados en mi carrera deportiva y especialmente a todos ustedes, grandes fan\u00e1ticos, que me han apoyado todo este tiempo\u00bb.<br>\u00abLa F\u00f3rmula 1 podr\u00eda llegar a su fin para m\u00ed, pero hay mucho m\u00e1s en la vida que quiero experimentar y disfrutar. \u00a1Nos vemos despu\u00e9s de todo esto!\u00bb<br>Sinceramente, Kimi.<\/em><\/p>\n","protected":false},"excerpt":{"rendered":"<p>\u00abThe Iceman\u00bb comunic\u00f3 a trav\u00e9s de sus redes sociales que la temporada actual ser\u00e1 la ultima dentro de la m\u00e1xima.<\/p>\n","protected":false},"author":3,"featured_media":1751,"comment_status":"open","ping_status":"open","sticky":false,"template":"","format":"standard","meta":{"colormag_page_container_layout":"default_layout","colormag_page_sidebar_layout":"default_layout","footnotes":""},"categories":[16,5],"tags":[606,75,161,605],"class_list":["post-4636","post","type-post","status-publish","format-standard","has-post-thumbnail","hentry","category-recta-principal","category-latest-news","tag-alfa-romeo","tag-formula-1","tag-gp","tag-kimi-raikkonen"],"yoast_head":"<!-- This site is optimized with the Yoast SEO plugin v27.5 - https:\/\/yoast.com\/product\/yoast-seo-wordpress\/ -->\n<title>Autos del Podio | Kimi Raikkonen anunci\u00f3 su retiro de la Formula 1<\/title>\n<meta name=\"description\" content=\"Autos del Podio El finland\u00e9s lleva disputados 341 GP y un campeonato del mundo en la F1\" \/>\n<meta name=\"robots\" content=\"index, follow, max-snippet:-1, max-image-preview:large, max-video-preview:-1\" \/>\n<link rel=\"canonical\" href=\"http:\/\/autosdelpodio.com\/autos\/kimi-raikkonen-anuncio-su-retiro-de-la-formula-1\/\" \/>\n<meta property=\"og:locale\" content=\"es_ES\" \/>\n<meta property=\"og:type\" content=\"article\" \/>\n<meta property=\"og:title\" content=\"Autos del Podio | Kimi Raikkonen anunci\u00f3 su retiro de la Formula 1\" \/>\n<meta property=\"og:description\" content=\"Autos del Podio El finland\u00e9s lleva disputados 341 GP y un campeonato del mundo en la F1\" \/>\n<meta property=\"og:url\" content=\"http:\/\/autosdelpodio.com\/autos\/kimi-raikkonen-anuncio-su-retiro-de-la-formula-1\/\" \/>\n<meta property=\"og:site_name\" content=\"Autos del Podio\" \/>\n<meta property=\"article:publisher\" content=\"https:\/\/www.facebook.com\/profile.php?id=100057192590976&amp;amp%3bamp%3bamp%3bamp%3bamp%3bamp%3bamp%3bamp%3bamp%3bamp%3bamp%3bamp%3bamp%3bamp%3bamp%3bamp%3bamp%3bamp%3bref=ts\" \/>\n<meta property=\"article:published_time\" content=\"2021-09-01T18:45:53+00:00\" \/>\n<meta property=\"article:modified_time\" content=\"2021-09-01T18:45:54+00:00\" \/>\n<meta property=\"og:image\" content=\"http:\/\/autosdelpodio.com\/autos\/wp-content\/uploads\/2020\/04\/Logo_F1_-e1621029352226.jpg\" \/>\n\t<meta property=\"og:image:width\" content=\"500\" \/>\n\t<meta property=\"og:image:height\" content=\"278\" \/>\n\t<meta property=\"og:image:type\" content=\"image\/jpeg\" \/>\n<meta name=\"author\" content=\"autosdelpodio\" \/>\n<meta name=\"twitter:card\" content=\"summary_large_image\" \/>\n<meta name=\"twitter:creator\" content=\"@autosdelpodio\" \/>\n<meta name=\"twitter:site\" content=\"@autosdelpodio\" \/>\n<meta name=\"twitter:label1\" content=\"Escrito por\" \/>\n\t<meta name=\"twitter:data1\" content=\"autosdelpodio\" \/>\n\t<meta name=\"twitter:label2\" content=\"Tiempo de lectura\" \/>\n\t<meta name=\"twitter:data2\" content=\"1 minuto\" \/>\n<script type=\"application\/ld+json\" class=\"yoast-schema-graph\">{\"@context\":\"https:\\\/\\\/schema.org\",\"@graph\":[{\"@type\":\"Article\",\"@id\":\"http:\\\/\\\/autosdelpodio.com\\\/autos\\\/kimi-raikkonen-anuncio-su-retiro-de-la-formula-1\\\/#article\",\"isPartOf\":{\"@id\":\"http:\\\/\\\/autosdelpodio.com\\\/autos\\\/kimi-raikkonen-anuncio-su-retiro-de-la-formula-1\\\/\"},\"author\":{\"name\":\"autosdelpodio\",\"@id\":\"http:\\\/\\\/autosdelpodio.com\\\/autos\\\/#\\\/schema\\\/person\\\/993527a4d01c3acdd3d6bce3770bc942\"},\"headline\":\"Kimi Raikkonen anunci\u00f3 su retiro de la Formula 1\",\"datePublished\":\"2021-09-01T18:45:53+00:00\",\"dateModified\":\"2021-09-01T18:45:54+00:00\",\"mainEntityOfPage\":{\"@id\":\"http:\\\/\\\/autosdelpodio.com\\\/autos\\\/kimi-raikkonen-anuncio-su-retiro-de-la-formula-1\\\/\"},\"wordCount\":171,\"commentCount\":1,\"publisher\":{\"@id\":\"http:\\\/\\\/autosdelpodio.com\\\/autos\\\/#organization\"},\"image\":{\"@id\":\"http:\\\/\\\/autosdelpodio.com\\\/autos\\\/kimi-raikkonen-anuncio-su-retiro-de-la-formula-1\\\/#primaryimage\"},\"thumbnailUrl\":\"https:\\\/\\\/autosdelpodio.com\\\/autos\\\/wp-content\\\/uploads\\\/2020\\\/04\\\/Logo_F1_-e1621029352226.jpg\",\"keywords\":[\"Alfa Romeo\",\"Formula 1\",\"GP\",\"Kimi Raikkonen\"],\"articleSection\":[\"Recta Principal\",\"\u00daltimas noticias\"],\"inLanguage\":\"es\",\"potentialAction\":[{\"@type\":\"CommentAction\",\"name\":\"Comment\",\"target\":[\"http:\\\/\\\/autosdelpodio.com\\\/autos\\\/kimi-raikkonen-anuncio-su-retiro-de-la-formula-1\\\/#respond\"]}]},{\"@type\":\"WebPage\",\"@id\":\"http:\\\/\\\/autosdelpodio.com\\\/autos\\\/kimi-raikkonen-anuncio-su-retiro-de-la-formula-1\\\/\",\"url\":\"http:\\\/\\\/autosdelpodio.com\\\/autos\\\/kimi-raikkonen-anuncio-su-retiro-de-la-formula-1\\\/\",\"name\":\"Autos del Podio | Kimi Raikkonen anunci\u00f3 su retiro de la Formula 1\",\"isPartOf\":{\"@id\":\"http:\\\/\\\/autosdelpodio.com\\\/autos\\\/#website\"},\"primaryImageOfPage\":{\"@id\":\"http:\\\/\\\/autosdelpodio.com\\\/autos\\\/kimi-raikkonen-anuncio-su-retiro-de-la-formula-1\\\/#primaryimage\"},\"image\":{\"@id\":\"http:\\\/\\\/autosdelpodio.com\\\/autos\\\/kimi-raikkonen-anuncio-su-retiro-de-la-formula-1\\\/#primaryimage\"},\"thumbnailUrl\":\"https:\\\/\\\/autosdelpodio.com\\\/autos\\\/wp-content\\\/uploads\\\/2020\\\/04\\\/Logo_F1_-e1621029352226.jpg\",\"datePublished\":\"2021-09-01T18:45:53+00:00\",\"dateModified\":\"2021-09-01T18:45:54+00:00\",\"description\":\"Autos del Podio El finland\u00e9s lleva disputados 341 GP y un campeonato del mundo en la F1\",\"breadcrumb\":{\"@id\":\"http:\\\/\\\/autosdelpodio.com\\\/autos\\\/kimi-raikkonen-anuncio-su-retiro-de-la-formula-1\\\/#breadcrumb\"},\"inLanguage\":\"es\",\"potentialAction\":[{\"@type\":\"ReadAction\",\"target\":[\"http:\\\/\\\/autosdelpodio.com\\\/autos\\\/kimi-raikkonen-anuncio-su-retiro-de-la-formula-1\\\/\"]}]},{\"@type\":\"ImageObject\",\"inLanguage\":\"es\",\"@id\":\"http:\\\/\\\/autosdelpodio.com\\\/autos\\\/kimi-raikkonen-anuncio-su-retiro-de-la-formula-1\\\/#primaryimage\",\"url\":\"https:\\\/\\\/autosdelpodio.com\\\/autos\\\/wp-content\\\/uploads\\\/2020\\\/04\\\/Logo_F1_-e1621029352226.jpg\",\"contentUrl\":\"https:\\\/\\\/autosdelpodio.com\\\/autos\\\/wp-content\\\/uploads\\\/2020\\\/04\\\/Logo_F1_-e1621029352226.jpg\",\"width\":500,\"height\":278},{\"@type\":\"BreadcrumbList\",\"@id\":\"http:\\\/\\\/autosdelpodio.com\\\/autos\\\/kimi-raikkonen-anuncio-su-retiro-de-la-formula-1\\\/#breadcrumb\",\"itemListElement\":[{\"@type\":\"ListItem\",\"position\":1,\"name\":\"Portada\",\"item\":\"http:\\\/\\\/autosdelpodio.com\\\/autos\\\/\"},{\"@type\":\"ListItem\",\"position\":2,\"name\":\"Kimi Raikkonen anunci\u00f3 su retiro de la Formula 1\"}]},{\"@type\":\"WebSite\",\"@id\":\"http:\\\/\\\/autosdelpodio.com\\\/autos\\\/#website\",\"url\":\"http:\\\/\\\/autosdelpodio.com\\\/autos\\\/\",\"name\":\"Autos del Podio\",\"description\":\"La sexta del deporte motor\",\"publisher\":{\"@id\":\"http:\\\/\\\/autosdelpodio.com\\\/autos\\\/#organization\"},\"potentialAction\":[{\"@type\":\"SearchAction\",\"target\":{\"@type\":\"EntryPoint\",\"urlTemplate\":\"http:\\\/\\\/autosdelpodio.com\\\/autos\\\/?s={search_term_string}\"},\"query-input\":{\"@type\":\"PropertyValueSpecification\",\"valueRequired\":true,\"valueName\":\"search_term_string\"}}],\"inLanguage\":\"es\"},{\"@type\":\"Organization\",\"@id\":\"http:\\\/\\\/autosdelpodio.com\\\/autos\\\/#organization\",\"name\":\"Autos del Podio\",\"url\":\"http:\\\/\\\/autosdelpodio.com\\\/autos\\\/\",\"logo\":{\"@type\":\"ImageObject\",\"inLanguage\":\"es\",\"@id\":\"http:\\\/\\\/autosdelpodio.com\\\/autos\\\/#\\\/schema\\\/logo\\\/image\\\/\",\"url\":\"http:\\\/\\\/autosdelpodio.com\\\/autos\\\/wp-content\\\/uploads\\\/2020\\\/08\\\/Logo_AR.jpg\",\"contentUrl\":\"http:\\\/\\\/autosdelpodio.com\\\/autos\\\/wp-content\\\/uploads\\\/2020\\\/08\\\/Logo_AR.jpg\",\"width\":1038,\"height\":1044,\"caption\":\"Autos del Podio\"},\"image\":{\"@id\":\"http:\\\/\\\/autosdelpodio.com\\\/autos\\\/#\\\/schema\\\/logo\\\/image\\\/\"},\"sameAs\":[\"https:\\\/\\\/www.facebook.com\\\/profile.php?id=100057192590976&amp;amp;amp;amp;amp;amp;amp;amp;amp;amp;amp;amp;amp;amp;amp;amp;amp;amp;ref=ts\",\"https:\\\/\\\/x.com\\\/autosdelpodio\",\"https:\\\/\\\/www.youtube.com\\\/user\\\/AutosdelPodio\"]},{\"@type\":\"Person\",\"@id\":\"http:\\\/\\\/autosdelpodio.com\\\/autos\\\/#\\\/schema\\\/person\\\/993527a4d01c3acdd3d6bce3770bc942\",\"name\":\"autosdelpodio\",\"image\":{\"@type\":\"ImageObject\",\"inLanguage\":\"es\",\"@id\":\"https:\\\/\\\/autosdelpodio.com\\\/autos\\\/wp-content\\\/litespeed\\\/avatar\\\/aa8f65cd201a80f6b844f63278aa84af.jpg?ver=1777403005\",\"url\":\"https:\\\/\\\/autosdelpodio.com\\\/autos\\\/wp-content\\\/litespeed\\\/avatar\\\/aa8f65cd201a80f6b844f63278aa84af.jpg?ver=1777403005\",\"contentUrl\":\"https:\\\/\\\/autosdelpodio.com\\\/autos\\\/wp-content\\\/litespeed\\\/avatar\\\/aa8f65cd201a80f6b844f63278aa84af.jpg?ver=1777403005\",\"caption\":\"autosdelpodio\"}}]}<\/script>\n<!-- \/ Yoast SEO plugin. -->","yoast_head_json":{"title":"Autos del Podio | Kimi Raikkonen anunci\u00f3 su retiro de la Formula 1","description":"Autos del Podio El finland\u00e9s lleva disputados 341 GP y un campeonato del mundo en la F1","robots":{"index":"index","follow":"follow","max-snippet":"max-snippet:-1","max-image-preview":"max-image-preview:large","max-video-preview":"max-video-preview:-1"},"canonical":"http:\/\/autosdelpodio.com\/autos\/kimi-raikkonen-anuncio-su-retiro-de-la-formula-1\/","og_locale":"es_ES","og_type":"article","og_title":"Autos del Podio | Kimi Raikkonen anunci\u00f3 su retiro de la Formula 1","og_description":"Autos del Podio El finland\u00e9s lleva disputados 341 GP y un campeonato del mundo en la F1","og_url":"http:\/\/autosdelpodio.com\/autos\/kimi-raikkonen-anuncio-su-retiro-de-la-formula-1\/","og_site_name":"Autos del Podio","article_publisher":"https:\/\/www.facebook.com\/profile.php?id=100057192590976&amp%3bamp%3bamp%3bamp%3bamp%3bamp%3bamp%3bamp%3bamp%3bamp%3bamp%3bamp%3bamp%3bamp%3bamp%3bamp%3bamp%3bamp%3bref=ts","article_published_time":"2021-09-01T18:45:53+00:00","article_modified_time":"2021-09-01T18:45:54+00:00","og_image":[{"width":500,"height":278,"url":"http:\/\/autosdelpodio.com\/autos\/wp-content\/uploads\/2020\/04\/Logo_F1_-e1621029352226.jpg","type":"image\/jpeg"}],"author":"autosdelpodio","twitter_card":"summary_large_image","twitter_creator":"@autosdelpodio","twitter_site":"@autosdelpodio","twitter_misc":{"Escrito por":"autosdelpodio","Tiempo de lectura":"1 minuto"},"schema":{"@context":"https:\/\/schema.org","@graph":[{"@type":"Article","@id":"http:\/\/autosdelpodio.com\/autos\/kimi-raikkonen-anuncio-su-retiro-de-la-formula-1\/#article","isPartOf":{"@id":"http:\/\/autosdelpodio.com\/autos\/kimi-raikkonen-anuncio-su-retiro-de-la-formula-1\/"},"author":{"name":"autosdelpodio","@id":"http:\/\/autosdelpodio.com\/autos\/#\/schema\/person\/993527a4d01c3acdd3d6bce3770bc942"},"headline":"Kimi Raikkonen anunci\u00f3 su retiro de la Formula 1","datePublished":"2021-09-01T18:45:53+00:00","dateModified":"2021-09-01T18:45:54+00:00","mainEntityOfPage":{"@id":"http:\/\/autosdelpodio.com\/autos\/kimi-raikkonen-anuncio-su-retiro-de-la-formula-1\/"},"wordCount":171,"commentCount":1,"publisher":{"@id":"http:\/\/autosdelpodio.com\/autos\/#organization"},"image":{"@id":"http:\/\/autosdelpodio.com\/autos\/kimi-raikkonen-anuncio-su-retiro-de-la-formula-1\/#primaryimage"},"thumbnailUrl":"https:\/\/autosdelpodio.com\/autos\/wp-content\/uploads\/2020\/04\/Logo_F1_-e1621029352226.jpg","keywords":["Alfa Romeo","Formula 1","GP","Kimi Raikkonen"],"articleSection":["Recta Principal","\u00daltimas noticias"],"inLanguage":"es","potentialAction":[{"@type":"CommentAction","name":"Comment","target":["http:\/\/autosdelpodio.com\/autos\/kimi-raikkonen-anuncio-su-retiro-de-la-formula-1\/#respond"]}]},{"@type":"WebPage","@id":"http:\/\/autosdelpodio.com\/autos\/kimi-raikkonen-anuncio-su-retiro-de-la-formula-1\/","url":"http:\/\/autosdelpodio.com\/autos\/kimi-raikkonen-anuncio-su-retiro-de-la-formula-1\/","name":"Autos del Podio | Kimi Raikkonen anunci\u00f3 su retiro de la Formula 1","isPartOf":{"@id":"http:\/\/autosdelpodio.com\/autos\/#website"},"primaryImageOfPage":{"@id":"http:\/\/autosdelpodio.com\/autos\/kimi-raikkonen-anuncio-su-retiro-de-la-formula-1\/#primaryimage"},"image":{"@id":"http:\/\/autosdelpodio.com\/autos\/kimi-raikkonen-anuncio-su-retiro-de-la-formula-1\/#primaryimage"},"thumbnailUrl":"https:\/\/autosdelpodio.com\/autos\/wp-content\/uploads\/2020\/04\/Logo_F1_-e1621029352226.jpg","datePublished":"2021-09-01T18:45:53+00:00","dateModified":"2021-09-01T18:45:54+00:00","description":"Autos del Podio El finland\u00e9s lleva disputados 341 GP y un campeonato del mundo en la F1","breadcrumb":{"@id":"http:\/\/autosdelpodio.com\/autos\/kimi-raikkonen-anuncio-su-retiro-de-la-formula-1\/#breadcrumb"},"inLanguage":"es","potentialAction":[{"@type":"ReadAction","target":["http:\/\/autosdelpodio.com\/autos\/kimi-raikkonen-anuncio-su-retiro-de-la-formula-1\/"]}]},{"@type":"ImageObject","inLanguage":"es","@id":"http:\/\/autosdelpodio.com\/autos\/kimi-raikkonen-anuncio-su-retiro-de-la-formula-1\/#primaryimage","url":"https:\/\/autosdelpodio.com\/autos\/wp-content\/uploads\/2020\/04\/Logo_F1_-e1621029352226.jpg","contentUrl":"https:\/\/autosdelpodio.com\/autos\/wp-content\/uploads\/2020\/04\/Logo_F1_-e1621029352226.jpg","width":500,"height":278},{"@type":"BreadcrumbList","@id":"http:\/\/autosdelpodio.com\/autos\/kimi-raikkonen-anuncio-su-retiro-de-la-formula-1\/#breadcrumb","itemListElement":[{"@type":"ListItem","position":1,"name":"Portada","item":"http:\/\/autosdelpodio.com\/autos\/"},{"@type":"ListItem","position":2,"name":"Kimi Raikkonen anunci\u00f3 su retiro de la Formula 1"}]},{"@type":"WebSite","@id":"http:\/\/autosdelpodio.com\/autos\/#website","url":"http:\/\/autosdelpodio.com\/autos\/","name":"Autos del Podio","description":"La sexta del deporte motor","publisher":{"@id":"http:\/\/autosdelpodio.com\/autos\/#organization"},"potentialAction":[{"@type":"SearchAction","target":{"@type":"EntryPoint","urlTemplate":"http:\/\/autosdelpodio.com\/autos\/?s={search_term_string}"},"query-input":{"@type":"PropertyValueSpecification","valueRequired":true,"valueName":"search_term_string"}}],"inLanguage":"es"},{"@type":"Organization","@id":"http:\/\/autosdelpodio.com\/autos\/#organization","name":"Autos del Podio","url":"http:\/\/autosdelpodio.com\/autos\/","logo":{"@type":"ImageObject","inLanguage":"es","@id":"http:\/\/autosdelpodio.com\/autos\/#\/schema\/logo\/image\/","url":"http:\/\/autosdelpodio.com\/autos\/wp-content\/uploads\/2020\/08\/Logo_AR.jpg","contentUrl":"http:\/\/autosdelpodio.com\/autos\/wp-content\/uploads\/2020\/08\/Logo_AR.jpg","width":1038,"height":1044,"caption":"Autos del Podio"},"image":{"@id":"http:\/\/autosdelpodio.com\/autos\/#\/schema\/logo\/image\/"},"sameAs":["https:\/\/www.facebook.com\/profile.php?id=100057192590976&amp;amp;amp;amp;amp;amp;amp;amp;amp;amp;amp;amp;amp;amp;amp;amp;amp;amp;ref=ts","https:\/\/x.com\/autosdelpodio","https:\/\/www.youtube.com\/user\/AutosdelPodio"]},{"@type":"Person","@id":"http:\/\/autosdelpodio.com\/autos\/#\/schema\/person\/993527a4d01c3acdd3d6bce3770bc942","name":"autosdelpodio","image":{"@type":"ImageObject","inLanguage":"es","@id":"https:\/\/autosdelpodio.com\/autos\/wp-content\/litespeed\/avatar\/aa8f65cd201a80f6b844f63278aa84af.jpg?ver=1777403005","url":"https:\/\/autosdelpodio.com\/autos\/wp-content\/litespeed\/avatar\/aa8f65cd201a80f6b844f63278aa84af.jpg?ver=1777403005","contentUrl":"https:\/\/autosdelpodio.com\/autos\/wp-content\/litespeed\/avatar\/aa8f65cd201a80f6b844f63278aa84af.jpg?ver=1777403005","caption":"autosdelpodio"}}]}},"views":660,"_links":{"self":[{"href":"https:\/\/autosdelpodio.com\/autos\/wp-json\/wp\/v2\/posts\/4636","targetHints":{"allow":["GET"]}}],"collection":[{"href":"https:\/\/autosdelpodio.com\/autos\/wp-json\/wp\/v2\/posts"}],"about":[{"href":"https:\/\/autosdelpodio.com\/autos\/wp-json\/wp\/v2\/types\/post"}],"author":[{"embeddable":true,"href":"https:\/\/autosdelpodio.com\/autos\/wp-json\/wp\/v2\/users\/3"}],"replies":[{"embeddable":true,"href":"https:\/\/autosdelpodio.com\/autos\/wp-json\/wp\/v2\/comments?post=4636"}],"version-history":[{"count":1,"href":"https:\/\/autosdelpodio.com\/autos\/wp-json\/wp\/v2\/posts\/4636\/revisions"}],"predecessor-version":[{"id":4637,"href":"https:\/\/autosdelpodio.com\/autos\/wp-json\/wp\/v2\/posts\/4636\/revisions\/4637"}],"wp:featuredmedia":[{"embeddable":true,"href":"https:\/\/autosdelpodio.com\/autos\/wp-json\/wp\/v2\/media\/1751"}],"wp:attachment":[{"href":"https:\/\/autosdelpodio.com\/autos\/wp-json\/wp\/v2\/media?parent=4636"}],"wp:term":[{"taxonomy":"category","embeddable":true,"href":"https:\/\/autosdelpodio.com\/autos\/wp-json\/wp\/v2\/categories?post=4636"},{"taxonomy":"post_tag","embeddable":true,"href":"https:\/\/autosdelpodio.com\/autos\/wp-json\/wp\/v2\/tags?post=4636"}],"curies":[{"name":"wp","href":"https:\/\/api.w.org\/{rel}","templated":true}]}}