{"id":5677,"date":"2022-04-18T21:01:31","date_gmt":"2022-04-19T00:01:31","guid":{"rendered":"http:\/\/autosdelpodio.com\/autos\/?p=5677"},"modified":"2022-04-18T21:01:31","modified_gmt":"2022-04-19T00:01:31","slug":"motorlibros-en-la-feria-internacional-del-libro-de-buenos-aires","status":"publish","type":"post","link":"https:\/\/autosdelpodio.com\/autos\/motorlibros-en-la-feria-internacional-del-libro-de-buenos-aires\/","title":{"rendered":"Motorlibros en la Feria Internacional del Libro de Buenos Aires"},"content":{"rendered":"\n<p>Entre el 28 de abril y el 16 de mayo de 2022, el cat\u00e1logo completo de Motorlibros estar\u00e1 a disposici\u00f3n del p\u00fablico en el Stand 725, pabell\u00f3n Verde del predio La Rural, en Palermo (CABA).<br>Volvemos a la Feria con los libros que han puesto a nuestra industria automotriz y el automovilismo en el lugar de los hitos hist\u00f3ricos que siempre merecieron. Motorlibros construye un cat\u00e1logo a la altura de sus protagonistas, con la pluma de los expertos que dan cuenta de esos logros y permiten revivir las emociones generadas en las pistas y a la vista de los hermosos autos cl\u00e1sicos.<br>A nuestros t\u00edtulos de la pasi\u00f3n fierrera sumaremos los mejores libros del tema publicados por otras editoriales, lo que convierte la visita al stand de Motorlibros en una experiencia imperdible.<br>M\u00e1s info: <a href=\"https:\/\/www.lenguajeclaro.com\/categoria-producto\/catalogo\/motorlibros\/\" target=\"_blank\" rel=\"noreferrer noopener\">https:\/\/www.lenguajeclaro.com\/categoria-producto\/catalogo\/motorlibros\/<\/a><\/p>\n","protected":false},"excerpt":{"rendered":"<p>Entre el 28 de abril y el 16 de mayo de 2022, el cat\u00e1logo completo de Motorlibros estar\u00e1 a disposici\u00f3n<\/p>\n","protected":false},"author":3,"featured_media":5679,"comment_status":"open","ping_status":"open","sticky":false,"template":"","format":"standard","meta":{"colormag_page_container_layout":"default_layout","colormag_page_sidebar_layout":"default_layout","footnotes":""},"categories":[6,5],"tags":[371,68,667,668,35],"class_list":["post-5677","post","type-post","status-publish","format-standard","has-post-thumbnail","hentry","category-newsflash","category-latest-news","tag-caba","tag-exposiciones","tag-feria-del-libro","tag-motorlibros","tag-republica-argentina"],"yoast_head":"<!-- This site is optimized with the Yoast SEO plugin v27.5 - https:\/\/yoast.com\/product\/yoast-seo-wordpress\/ -->\n<title>Autos del Podio | Motorlibros en la Feria Internacional del Libro de Buenos Aires<\/title>\n<meta name=\"description\" content=\"Autos del Podio La Feria del Libro se lleva a cabo en la Rural de Palermo del 28 de Abril al 16 de Mayo\" \/>\n<meta name=\"robots\" content=\"index, follow, max-snippet:-1, max-image-preview:large, max-video-preview:-1\" \/>\n<link rel=\"canonical\" href=\"http:\/\/autosdelpodio.com\/autos\/motorlibros-en-la-feria-internacional-del-libro-de-buenos-aires\/\" \/>\n<meta property=\"og:locale\" content=\"es_ES\" \/>\n<meta property=\"og:type\" content=\"article\" \/>\n<meta property=\"og:title\" content=\"Autos del Podio | Motorlibros en la Feria Internacional del Libro de Buenos Aires\" \/>\n<meta property=\"og:description\" content=\"Autos del Podio La Feria del Libro se lleva a cabo en la Rural de Palermo del 28 de Abril al 16 de Mayo\" \/>\n<meta property=\"og:url\" content=\"http:\/\/autosdelpodio.com\/autos\/motorlibros-en-la-feria-internacional-del-libro-de-buenos-aires\/\" \/>\n<meta property=\"og:site_name\" content=\"Autos del Podio\" \/>\n<meta property=\"article:publisher\" content=\"https:\/\/www.facebook.com\/profile.php?id=100057192590976&amp;amp%3bamp%3bamp%3bamp%3bamp%3bamp%3bamp%3bamp%3bamp%3bamp%3bamp%3bamp%3bamp%3bamp%3bamp%3bamp%3bamp%3bamp%3bref=ts\" \/>\n<meta property=\"article:published_time\" content=\"2022-04-19T00:01:31+00:00\" \/>\n<meta property=\"og:image\" content=\"http:\/\/autosdelpodio.com\/autos\/wp-content\/uploads\/2022\/04\/Motorlibros.jpg\" \/>\n\t<meta property=\"og:image:width\" content=\"500\" \/>\n\t<meta property=\"og:image:height\" content=\"250\" \/>\n\t<meta property=\"og:image:type\" content=\"image\/jpeg\" \/>\n<meta name=\"author\" content=\"autosdelpodio\" \/>\n<meta name=\"twitter:card\" content=\"summary_large_image\" \/>\n<meta name=\"twitter:creator\" content=\"@autosdelpodio\" \/>\n<meta name=\"twitter:site\" content=\"@autosdelpodio\" \/>\n<meta name=\"twitter:label1\" content=\"Escrito por\" \/>\n\t<meta name=\"twitter:data1\" content=\"autosdelpodio\" \/>\n\t<meta name=\"twitter:label2\" content=\"Tiempo de lectura\" \/>\n\t<meta name=\"twitter:data2\" content=\"1 minuto\" \/>\n<script type=\"application\/ld+json\" class=\"yoast-schema-graph\">{\"@context\":\"https:\\\/\\\/schema.org\",\"@graph\":[{\"@type\":\"Article\",\"@id\":\"http:\\\/\\\/autosdelpodio.com\\\/autos\\\/motorlibros-en-la-feria-internacional-del-libro-de-buenos-aires\\\/#article\",\"isPartOf\":{\"@id\":\"http:\\\/\\\/autosdelpodio.com\\\/autos\\\/motorlibros-en-la-feria-internacional-del-libro-de-buenos-aires\\\/\"},\"author\":{\"name\":\"autosdelpodio\",\"@id\":\"http:\\\/\\\/autosdelpodio.com\\\/autos\\\/#\\\/schema\\\/person\\\/993527a4d01c3acdd3d6bce3770bc942\"},\"headline\":\"Motorlibros en la Feria Internacional del Libro de Buenos Aires\",\"datePublished\":\"2022-04-19T00:01:31+00:00\",\"mainEntityOfPage\":{\"@id\":\"http:\\\/\\\/autosdelpodio.com\\\/autos\\\/motorlibros-en-la-feria-internacional-del-libro-de-buenos-aires\\\/\"},\"wordCount\":157,\"commentCount\":0,\"publisher\":{\"@id\":\"http:\\\/\\\/autosdelpodio.com\\\/autos\\\/#organization\"},\"image\":{\"@id\":\"http:\\\/\\\/autosdelpodio.com\\\/autos\\\/motorlibros-en-la-feria-internacional-del-libro-de-buenos-aires\\\/#primaryimage\"},\"thumbnailUrl\":\"https:\\\/\\\/autosdelpodio.com\\\/autos\\\/wp-content\\\/uploads\\\/2022\\\/04\\\/Motorlibros.jpg\",\"keywords\":[\"CABA\",\"Exposiciones\",\"Feria del Libro\",\"Motorlibros\",\"Republica Argentina\"],\"articleSection\":[\"Destacado\",\"\u00daltimas noticias\"],\"inLanguage\":\"es\",\"potentialAction\":[{\"@type\":\"CommentAction\",\"name\":\"Comment\",\"target\":[\"http:\\\/\\\/autosdelpodio.com\\\/autos\\\/motorlibros-en-la-feria-internacional-del-libro-de-buenos-aires\\\/#respond\"]}]},{\"@type\":\"WebPage\",\"@id\":\"http:\\\/\\\/autosdelpodio.com\\\/autos\\\/motorlibros-en-la-feria-internacional-del-libro-de-buenos-aires\\\/\",\"url\":\"http:\\\/\\\/autosdelpodio.com\\\/autos\\\/motorlibros-en-la-feria-internacional-del-libro-de-buenos-aires\\\/\",\"name\":\"Autos del Podio | Motorlibros en la Feria Internacional del Libro de Buenos Aires\",\"isPartOf\":{\"@id\":\"http:\\\/\\\/autosdelpodio.com\\\/autos\\\/#website\"},\"primaryImageOfPage\":{\"@id\":\"http:\\\/\\\/autosdelpodio.com\\\/autos\\\/motorlibros-en-la-feria-internacional-del-libro-de-buenos-aires\\\/#primaryimage\"},\"image\":{\"@id\":\"http:\\\/\\\/autosdelpodio.com\\\/autos\\\/motorlibros-en-la-feria-internacional-del-libro-de-buenos-aires\\\/#primaryimage\"},\"thumbnailUrl\":\"https:\\\/\\\/autosdelpodio.com\\\/autos\\\/wp-content\\\/uploads\\\/2022\\\/04\\\/Motorlibros.jpg\",\"datePublished\":\"2022-04-19T00:01:31+00:00\",\"description\":\"Autos del Podio La Feria del Libro se lleva a cabo en la Rural de Palermo del 28 de Abril al 16 de Mayo\",\"breadcrumb\":{\"@id\":\"http:\\\/\\\/autosdelpodio.com\\\/autos\\\/motorlibros-en-la-feria-internacional-del-libro-de-buenos-aires\\\/#breadcrumb\"},\"inLanguage\":\"es\",\"potentialAction\":[{\"@type\":\"ReadAction\",\"target\":[\"http:\\\/\\\/autosdelpodio.com\\\/autos\\\/motorlibros-en-la-feria-internacional-del-libro-de-buenos-aires\\\/\"]}]},{\"@type\":\"ImageObject\",\"inLanguage\":\"es\",\"@id\":\"http:\\\/\\\/autosdelpodio.com\\\/autos\\\/motorlibros-en-la-feria-internacional-del-libro-de-buenos-aires\\\/#primaryimage\",\"url\":\"https:\\\/\\\/autosdelpodio.com\\\/autos\\\/wp-content\\\/uploads\\\/2022\\\/04\\\/Motorlibros.jpg\",\"contentUrl\":\"https:\\\/\\\/autosdelpodio.com\\\/autos\\\/wp-content\\\/uploads\\\/2022\\\/04\\\/Motorlibros.jpg\",\"width\":500,\"height\":250},{\"@type\":\"BreadcrumbList\",\"@id\":\"http:\\\/\\\/autosdelpodio.com\\\/autos\\\/motorlibros-en-la-feria-internacional-del-libro-de-buenos-aires\\\/#breadcrumb\",\"itemListElement\":[{\"@type\":\"ListItem\",\"position\":1,\"name\":\"Portada\",\"item\":\"http:\\\/\\\/autosdelpodio.com\\\/autos\\\/\"},{\"@type\":\"ListItem\",\"position\":2,\"name\":\"Motorlibros en la Feria Internacional del Libro de Buenos Aires\"}]},{\"@type\":\"WebSite\",\"@id\":\"http:\\\/\\\/autosdelpodio.com\\\/autos\\\/#website\",\"url\":\"http:\\\/\\\/autosdelpodio.com\\\/autos\\\/\",\"name\":\"Autos del Podio\",\"description\":\"La sexta del deporte motor\",\"publisher\":{\"@id\":\"http:\\\/\\\/autosdelpodio.com\\\/autos\\\/#organization\"},\"potentialAction\":[{\"@type\":\"SearchAction\",\"target\":{\"@type\":\"EntryPoint\",\"urlTemplate\":\"http:\\\/\\\/autosdelpodio.com\\\/autos\\\/?s={search_term_string}\"},\"query-input\":{\"@type\":\"PropertyValueSpecification\",\"valueRequired\":true,\"valueName\":\"search_term_string\"}}],\"inLanguage\":\"es\"},{\"@type\":\"Organization\",\"@id\":\"http:\\\/\\\/autosdelpodio.com\\\/autos\\\/#organization\",\"name\":\"Autos del Podio\",\"url\":\"http:\\\/\\\/autosdelpodio.com\\\/autos\\\/\",\"logo\":{\"@type\":\"ImageObject\",\"inLanguage\":\"es\",\"@id\":\"http:\\\/\\\/autosdelpodio.com\\\/autos\\\/#\\\/schema\\\/logo\\\/image\\\/\",\"url\":\"http:\\\/\\\/autosdelpodio.com\\\/autos\\\/wp-content\\\/uploads\\\/2020\\\/08\\\/Logo_AR.jpg\",\"contentUrl\":\"http:\\\/\\\/autosdelpodio.com\\\/autos\\\/wp-content\\\/uploads\\\/2020\\\/08\\\/Logo_AR.jpg\",\"width\":1038,\"height\":1044,\"caption\":\"Autos del Podio\"},\"image\":{\"@id\":\"http:\\\/\\\/autosdelpodio.com\\\/autos\\\/#\\\/schema\\\/logo\\\/image\\\/\"},\"sameAs\":[\"https:\\\/\\\/www.facebook.com\\\/profile.php?id=100057192590976&amp;amp;amp;amp;amp;amp;amp;amp;amp;amp;amp;amp;amp;amp;amp;amp;amp;amp;ref=ts\",\"https:\\\/\\\/x.com\\\/autosdelpodio\",\"https:\\\/\\\/www.youtube.com\\\/user\\\/AutosdelPodio\"]},{\"@type\":\"Person\",\"@id\":\"http:\\\/\\\/autosdelpodio.com\\\/autos\\\/#\\\/schema\\\/person\\\/993527a4d01c3acdd3d6bce3770bc942\",\"name\":\"autosdelpodio\",\"image\":{\"@type\":\"ImageObject\",\"inLanguage\":\"es\",\"@id\":\"https:\\\/\\\/autosdelpodio.com\\\/autos\\\/wp-content\\\/litespeed\\\/avatar\\\/aa8f65cd201a80f6b844f63278aa84af.jpg?ver=1777403005\",\"url\":\"https:\\\/\\\/autosdelpodio.com\\\/autos\\\/wp-content\\\/litespeed\\\/avatar\\\/aa8f65cd201a80f6b844f63278aa84af.jpg?ver=1777403005\",\"contentUrl\":\"https:\\\/\\\/autosdelpodio.com\\\/autos\\\/wp-content\\\/litespeed\\\/avatar\\\/aa8f65cd201a80f6b844f63278aa84af.jpg?ver=1777403005\",\"caption\":\"autosdelpodio\"}}]}<\/script>\n<!-- \/ Yoast SEO plugin. -->","yoast_head_json":{"title":"Autos del Podio | Motorlibros en la Feria Internacional del Libro de Buenos Aires","description":"Autos del Podio La Feria del Libro se lleva a cabo en la Rural de Palermo del 28 de Abril al 16 de Mayo","robots":{"index":"index","follow":"follow","max-snippet":"max-snippet:-1","max-image-preview":"max-image-preview:large","max-video-preview":"max-video-preview:-1"},"canonical":"http:\/\/autosdelpodio.com\/autos\/motorlibros-en-la-feria-internacional-del-libro-de-buenos-aires\/","og_locale":"es_ES","og_type":"article","og_title":"Autos del Podio | Motorlibros en la Feria Internacional del Libro de Buenos Aires","og_description":"Autos del Podio La Feria del Libro se lleva a cabo en la Rural de Palermo del 28 de Abril al 16 de Mayo","og_url":"http:\/\/autosdelpodio.com\/autos\/motorlibros-en-la-feria-internacional-del-libro-de-buenos-aires\/","og_site_name":"Autos del Podio","article_publisher":"https:\/\/www.facebook.com\/profile.php?id=100057192590976&amp%3bamp%3bamp%3bamp%3bamp%3bamp%3bamp%3bamp%3bamp%3bamp%3bamp%3bamp%3bamp%3bamp%3bamp%3bamp%3bamp%3bamp%3bref=ts","article_published_time":"2022-04-19T00:01:31+00:00","og_image":[{"width":500,"height":250,"url":"http:\/\/autosdelpodio.com\/autos\/wp-content\/uploads\/2022\/04\/Motorlibros.jpg","type":"image\/jpeg"}],"author":"autosdelpodio","twitter_card":"summary_large_image","twitter_creator":"@autosdelpodio","twitter_site":"@autosdelpodio","twitter_misc":{"Escrito por":"autosdelpodio","Tiempo de lectura":"1 minuto"},"schema":{"@context":"https:\/\/schema.org","@graph":[{"@type":"Article","@id":"http:\/\/autosdelpodio.com\/autos\/motorlibros-en-la-feria-internacional-del-libro-de-buenos-aires\/#article","isPartOf":{"@id":"http:\/\/autosdelpodio.com\/autos\/motorlibros-en-la-feria-internacional-del-libro-de-buenos-aires\/"},"author":{"name":"autosdelpodio","@id":"http:\/\/autosdelpodio.com\/autos\/#\/schema\/person\/993527a4d01c3acdd3d6bce3770bc942"},"headline":"Motorlibros en la Feria Internacional del Libro de Buenos Aires","datePublished":"2022-04-19T00:01:31+00:00","mainEntityOfPage":{"@id":"http:\/\/autosdelpodio.com\/autos\/motorlibros-en-la-feria-internacional-del-libro-de-buenos-aires\/"},"wordCount":157,"commentCount":0,"publisher":{"@id":"http:\/\/autosdelpodio.com\/autos\/#organization"},"image":{"@id":"http:\/\/autosdelpodio.com\/autos\/motorlibros-en-la-feria-internacional-del-libro-de-buenos-aires\/#primaryimage"},"thumbnailUrl":"https:\/\/autosdelpodio.com\/autos\/wp-content\/uploads\/2022\/04\/Motorlibros.jpg","keywords":["CABA","Exposiciones","Feria del Libro","Motorlibros","Republica Argentina"],"articleSection":["Destacado","\u00daltimas noticias"],"inLanguage":"es","potentialAction":[{"@type":"CommentAction","name":"Comment","target":["http:\/\/autosdelpodio.com\/autos\/motorlibros-en-la-feria-internacional-del-libro-de-buenos-aires\/#respond"]}]},{"@type":"WebPage","@id":"http:\/\/autosdelpodio.com\/autos\/motorlibros-en-la-feria-internacional-del-libro-de-buenos-aires\/","url":"http:\/\/autosdelpodio.com\/autos\/motorlibros-en-la-feria-internacional-del-libro-de-buenos-aires\/","name":"Autos del Podio | Motorlibros en la Feria Internacional del Libro de Buenos Aires","isPartOf":{"@id":"http:\/\/autosdelpodio.com\/autos\/#website"},"primaryImageOfPage":{"@id":"http:\/\/autosdelpodio.com\/autos\/motorlibros-en-la-feria-internacional-del-libro-de-buenos-aires\/#primaryimage"},"image":{"@id":"http:\/\/autosdelpodio.com\/autos\/motorlibros-en-la-feria-internacional-del-libro-de-buenos-aires\/#primaryimage"},"thumbnailUrl":"https:\/\/autosdelpodio.com\/autos\/wp-content\/uploads\/2022\/04\/Motorlibros.jpg","datePublished":"2022-04-19T00:01:31+00:00","description":"Autos del Podio La Feria del Libro se lleva a cabo en la Rural de Palermo del 28 de Abril al 16 de Mayo","breadcrumb":{"@id":"http:\/\/autosdelpodio.com\/autos\/motorlibros-en-la-feria-internacional-del-libro-de-buenos-aires\/#breadcrumb"},"inLanguage":"es","potentialAction":[{"@type":"ReadAction","target":["http:\/\/autosdelpodio.com\/autos\/motorlibros-en-la-feria-internacional-del-libro-de-buenos-aires\/"]}]},{"@type":"ImageObject","inLanguage":"es","@id":"http:\/\/autosdelpodio.com\/autos\/motorlibros-en-la-feria-internacional-del-libro-de-buenos-aires\/#primaryimage","url":"https:\/\/autosdelpodio.com\/autos\/wp-content\/uploads\/2022\/04\/Motorlibros.jpg","contentUrl":"https:\/\/autosdelpodio.com\/autos\/wp-content\/uploads\/2022\/04\/Motorlibros.jpg","width":500,"height":250},{"@type":"BreadcrumbList","@id":"http:\/\/autosdelpodio.com\/autos\/motorlibros-en-la-feria-internacional-del-libro-de-buenos-aires\/#breadcrumb","itemListElement":[{"@type":"ListItem","position":1,"name":"Portada","item":"http:\/\/autosdelpodio.com\/autos\/"},{"@type":"ListItem","position":2,"name":"Motorlibros en la Feria Internacional del Libro de Buenos Aires"}]},{"@type":"WebSite","@id":"http:\/\/autosdelpodio.com\/autos\/#website","url":"http:\/\/autosdelpodio.com\/autos\/","name":"Autos del Podio","description":"La sexta del deporte motor","publisher":{"@id":"http:\/\/autosdelpodio.com\/autos\/#organization"},"potentialAction":[{"@type":"SearchAction","target":{"@type":"EntryPoint","urlTemplate":"http:\/\/autosdelpodio.com\/autos\/?s={search_term_string}"},"query-input":{"@type":"PropertyValueSpecification","valueRequired":true,"valueName":"search_term_string"}}],"inLanguage":"es"},{"@type":"Organization","@id":"http:\/\/autosdelpodio.com\/autos\/#organization","name":"Autos del Podio","url":"http:\/\/autosdelpodio.com\/autos\/","logo":{"@type":"ImageObject","inLanguage":"es","@id":"http:\/\/autosdelpodio.com\/autos\/#\/schema\/logo\/image\/","url":"http:\/\/autosdelpodio.com\/autos\/wp-content\/uploads\/2020\/08\/Logo_AR.jpg","contentUrl":"http:\/\/autosdelpodio.com\/autos\/wp-content\/uploads\/2020\/08\/Logo_AR.jpg","width":1038,"height":1044,"caption":"Autos del Podio"},"image":{"@id":"http:\/\/autosdelpodio.com\/autos\/#\/schema\/logo\/image\/"},"sameAs":["https:\/\/www.facebook.com\/profile.php?id=100057192590976&amp;amp;amp;amp;amp;amp;amp;amp;amp;amp;amp;amp;amp;amp;amp;amp;amp;amp;ref=ts","https:\/\/x.com\/autosdelpodio","https:\/\/www.youtube.com\/user\/AutosdelPodio"]},{"@type":"Person","@id":"http:\/\/autosdelpodio.com\/autos\/#\/schema\/person\/993527a4d01c3acdd3d6bce3770bc942","name":"autosdelpodio","image":{"@type":"ImageObject","inLanguage":"es","@id":"https:\/\/autosdelpodio.com\/autos\/wp-content\/litespeed\/avatar\/aa8f65cd201a80f6b844f63278aa84af.jpg?ver=1777403005","url":"https:\/\/autosdelpodio.com\/autos\/wp-content\/litespeed\/avatar\/aa8f65cd201a80f6b844f63278aa84af.jpg?ver=1777403005","contentUrl":"https:\/\/autosdelpodio.com\/autos\/wp-content\/litespeed\/avatar\/aa8f65cd201a80f6b844f63278aa84af.jpg?ver=1777403005","caption":"autosdelpodio"}}]}},"views":589,"_links":{"self":[{"href":"https:\/\/autosdelpodio.com\/autos\/wp-json\/wp\/v2\/posts\/5677","targetHints":{"allow":["GET"]}}],"collection":[{"href":"https:\/\/autosdelpodio.com\/autos\/wp-json\/wp\/v2\/posts"}],"about":[{"href":"https:\/\/autosdelpodio.com\/autos\/wp-json\/wp\/v2\/types\/post"}],"author":[{"embeddable":true,"href":"https:\/\/autosdelpodio.com\/autos\/wp-json\/wp\/v2\/users\/3"}],"replies":[{"embeddable":true,"href":"https:\/\/autosdelpodio.com\/autos\/wp-json\/wp\/v2\/comments?post=5677"}],"version-history":[{"count":1,"href":"https:\/\/autosdelpodio.com\/autos\/wp-json\/wp\/v2\/posts\/5677\/revisions"}],"predecessor-version":[{"id":5678,"href":"https:\/\/autosdelpodio.com\/autos\/wp-json\/wp\/v2\/posts\/5677\/revisions\/5678"}],"wp:featuredmedia":[{"embeddable":true,"href":"https:\/\/autosdelpodio.com\/autos\/wp-json\/wp\/v2\/media\/5679"}],"wp:attachment":[{"href":"https:\/\/autosdelpodio.com\/autos\/wp-json\/wp\/v2\/media?parent=5677"}],"wp:term":[{"taxonomy":"category","embeddable":true,"href":"https:\/\/autosdelpodio.com\/autos\/wp-json\/wp\/v2\/categories?post=5677"},{"taxonomy":"post_tag","embeddable":true,"href":"https:\/\/autosdelpodio.com\/autos\/wp-json\/wp\/v2\/tags?post=5677"}],"curies":[{"name":"wp","href":"https:\/\/api.w.org\/{rel}","templated":true}]}}