{"id":5720,"date":"2022-05-01T13:45:37","date_gmt":"2022-05-01T16:45:37","guid":{"rendered":"http:\/\/autosdelpodio.com\/autos\/?p=5720"},"modified":"2022-05-01T14:00:15","modified_gmt":"2022-05-01T17:00:15","slug":"segundo-1-2-de-chevrolet","status":"publish","type":"post","link":"https:\/\/autosdelpodio.com\/autos\/segundo-1-2-de-chevrolet\/","title":{"rendered":"Segundo 1-2 de Chevrolet"},"content":{"rendered":"\n<p>Agust\u00edn Canapino se impuso de manera inobjetable en el Autdromo de Concordia para poner adelante los Cruze junto a Bernardo Llaver. Mat\u00edas Milla complet\u00f3 el podio.<br><a href=\"http:\/\/autosdelpodio.com\/autos\/1-2-de-chevrolet-con-canapa-al-frente\/\" target=\"_blank\" rel=\"noreferrer noopener\">Canapino, que ven\u00eda de vencer la fecha pasada en Bahia Blanca<\/a>, el S\u00e1bado y hab\u00eda hecho la Pole Position que le permiti\u00f3 largar el domingo desde la posici\u00f3n de privilegio, la cual a lo largo de 25 vueltas conserv\u00f3 para afianzarse como primer escolta en el campeonato con 83 puntos que lidera Julian Santero (Toyota Corollla) con 98.<br>La pr\u00f3xima fecha ser\u00e1 del 20 al 22 de mayo,en el Autodromo Centenario de Neuquen, en lo que cerrar\u00e1 la denominada \u00abSemana de la velocidad\u00bb<\/p>\n\n\n\n<p><strong>Final \u2013 TC2000 \u2013 Entre Rios &#8211; Fecha 3<\/strong><\/p>\n\n\n\n<p>POS. N\u00b0 PILOTO AUTO VTAS. TIEMPO DIF.<br><em>1 1 AGUST\u00cdN CANAPINO CHEVROLET 25 46;25.402<br>2 10 BERNARDO LLAVER CHEVROLET 25 46;26.775 1.373<br>3 8 MAT\u00cdAS MILLA RENAULT 25 46;28.802 3.400<br>4 68 JULI\u00c1N SANTERO TOYOTA 25 46;30.303 4.901<br>5 57 FRANCO VIVIAN CITRO\u00cbN 25 46;30.934 5.532<br>6 83 FACUNDO ARDUSSO HONDA 25 46;32.659 7.257<br>7 51 EXEQUIEL BASTIDAS FIAT 25 46;35.544 10.142<br>8 3 LEONEL PERN\u00cdA RENAULT 25 46;38.569 13.167<br>9 24 MAT\u00cdAS CRAVERO HONDA 25 46;38.867 13.465<br>10 5 FABI\u00c1N YANNANTUONI HONDA 25 46;39.425 14.023<br>11 55 GONZALO REILLY FIAT 25 46;40.179 14.777<br>12 78 FRANCO RIVA CHEVROLET 25 46;40.435 15.033<br>13 23 IGNACIO MONTENEGRO RENAULT 25 46;47.815 22.413<br>14 29 FACUNDO ALDRIGHETTI TOYOTA 24 46;40.996 1 vta<br>NC 17 FELIPE BARRIOS BUSTOS RENAULT 18 32;08.424 7 vtas<br>NC 41 JORGE BARRIO TOYOTA 17 32;04.443 8 vtas<br>NC 53 EUGENIO PROVENS TOYOTA 7 15;23.791 18 vtas<br>NC 67 NICOL\u00c1S TRAUT CHEVROLET 7 12;56.192 18 vtas<\/em><\/p>\n","protected":false},"excerpt":{"rendered":"<p>Agust\u00edn Canapino se impuso de manera inobjetable en el Autdromo de Concordia para poner adelante los Cruze junto a Bernardo<\/p>\n","protected":false},"author":3,"featured_media":5722,"comment_status":"open","ping_status":"open","sticky":false,"template":"","format":"standard","meta":{"colormag_page_container_layout":"default_layout","colormag_page_sidebar_layout":"default_layout","footnotes":""},"categories":[6,5],"tags":[367,540,368,217],"class_list":["post-5720","post","type-post","status-publish","format-standard","has-post-thumbnail","hentry","category-newsflash","category-latest-news","tag-agustin-canapino","tag-autodromo-concordia","tag-chevrolet-cruze","tag-tc2000"],"yoast_head":"<!-- This site is optimized with the Yoast SEO plugin v27.5 - https:\/\/yoast.com\/product\/yoast-seo-wordpress\/ -->\n<title>Autos del Podio | Segundo 1-2 de Chevrolet<\/title>\n<meta name=\"description\" content=\"Autos del Podio Agustin Canapino sigue de racha en el TC2000\" \/>\n<meta name=\"robots\" content=\"index, follow, max-snippet:-1, max-image-preview:large, max-video-preview:-1\" \/>\n<link rel=\"canonical\" href=\"http:\/\/autosdelpodio.com\/autos\/segundo-1-2-de-chevrolet\/\" \/>\n<meta property=\"og:locale\" content=\"es_ES\" \/>\n<meta property=\"og:type\" content=\"article\" \/>\n<meta property=\"og:title\" content=\"Autos del Podio | Segundo 1-2 de Chevrolet\" \/>\n<meta property=\"og:description\" content=\"Autos del Podio Agustin Canapino sigue de racha en el TC2000\" \/>\n<meta property=\"og:url\" content=\"http:\/\/autosdelpodio.com\/autos\/segundo-1-2-de-chevrolet\/\" \/>\n<meta property=\"og:site_name\" content=\"Autos del Podio\" \/>\n<meta property=\"article:publisher\" content=\"https:\/\/www.facebook.com\/profile.php?id=100057192590976&amp;amp%3bamp%3bamp%3bamp%3bamp%3bamp%3bamp%3bamp%3bamp%3bamp%3bamp%3bamp%3bamp%3bamp%3bamp%3bamp%3bamp%3bamp%3bref=ts\" \/>\n<meta property=\"article:published_time\" content=\"2022-05-01T16:45:37+00:00\" \/>\n<meta property=\"article:modified_time\" content=\"2022-05-01T17:00:15+00:00\" \/>\n<meta property=\"og:image\" content=\"http:\/\/autosdelpodio.com\/autos\/wp-content\/uploads\/2022\/05\/TC2000_New_500.jpg\" \/>\n\t<meta property=\"og:image:width\" content=\"500\" \/>\n\t<meta property=\"og:image:height\" content=\"250\" \/>\n\t<meta property=\"og:image:type\" content=\"image\/jpeg\" \/>\n<meta name=\"author\" content=\"autosdelpodio\" \/>\n<meta name=\"twitter:card\" content=\"summary_large_image\" \/>\n<meta name=\"twitter:creator\" content=\"@autosdelpodio\" \/>\n<meta name=\"twitter:site\" content=\"@autosdelpodio\" \/>\n<meta name=\"twitter:label1\" content=\"Escrito por\" \/>\n\t<meta name=\"twitter:data1\" content=\"autosdelpodio\" \/>\n\t<meta name=\"twitter:label2\" content=\"Tiempo de lectura\" \/>\n\t<meta name=\"twitter:data2\" content=\"2 minutos\" \/>\n<script type=\"application\/ld+json\" class=\"yoast-schema-graph\">{\"@context\":\"https:\\\/\\\/schema.org\",\"@graph\":[{\"@type\":\"Article\",\"@id\":\"http:\\\/\\\/autosdelpodio.com\\\/autos\\\/segundo-1-2-de-chevrolet\\\/#article\",\"isPartOf\":{\"@id\":\"http:\\\/\\\/autosdelpodio.com\\\/autos\\\/segundo-1-2-de-chevrolet\\\/\"},\"author\":{\"name\":\"autosdelpodio\",\"@id\":\"http:\\\/\\\/autosdelpodio.com\\\/autos\\\/#\\\/schema\\\/person\\\/993527a4d01c3acdd3d6bce3770bc942\"},\"headline\":\"Segundo 1-2 de Chevrolet\",\"datePublished\":\"2022-05-01T16:45:37+00:00\",\"dateModified\":\"2022-05-01T17:00:15+00:00\",\"mainEntityOfPage\":{\"@id\":\"http:\\\/\\\/autosdelpodio.com\\\/autos\\\/segundo-1-2-de-chevrolet\\\/\"},\"wordCount\":197,\"commentCount\":0,\"publisher\":{\"@id\":\"http:\\\/\\\/autosdelpodio.com\\\/autos\\\/#organization\"},\"image\":{\"@id\":\"http:\\\/\\\/autosdelpodio.com\\\/autos\\\/segundo-1-2-de-chevrolet\\\/#primaryimage\"},\"thumbnailUrl\":\"https:\\\/\\\/autosdelpodio.com\\\/autos\\\/wp-content\\\/uploads\\\/2022\\\/05\\\/TC2000_New_500.jpg\",\"keywords\":[\"Agustin Canapino\",\"Autodromo Concordia\",\"Chevrolet Cruze\",\"TC2000\"],\"articleSection\":[\"Destacado\",\"\u00daltimas noticias\"],\"inLanguage\":\"es\",\"potentialAction\":[{\"@type\":\"CommentAction\",\"name\":\"Comment\",\"target\":[\"http:\\\/\\\/autosdelpodio.com\\\/autos\\\/segundo-1-2-de-chevrolet\\\/#respond\"]}]},{\"@type\":\"WebPage\",\"@id\":\"http:\\\/\\\/autosdelpodio.com\\\/autos\\\/segundo-1-2-de-chevrolet\\\/\",\"url\":\"http:\\\/\\\/autosdelpodio.com\\\/autos\\\/segundo-1-2-de-chevrolet\\\/\",\"name\":\"Autos del Podio | Segundo 1-2 de Chevrolet\",\"isPartOf\":{\"@id\":\"http:\\\/\\\/autosdelpodio.com\\\/autos\\\/#website\"},\"primaryImageOfPage\":{\"@id\":\"http:\\\/\\\/autosdelpodio.com\\\/autos\\\/segundo-1-2-de-chevrolet\\\/#primaryimage\"},\"image\":{\"@id\":\"http:\\\/\\\/autosdelpodio.com\\\/autos\\\/segundo-1-2-de-chevrolet\\\/#primaryimage\"},\"thumbnailUrl\":\"https:\\\/\\\/autosdelpodio.com\\\/autos\\\/wp-content\\\/uploads\\\/2022\\\/05\\\/TC2000_New_500.jpg\",\"datePublished\":\"2022-05-01T16:45:37+00:00\",\"dateModified\":\"2022-05-01T17:00:15+00:00\",\"description\":\"Autos del Podio Agustin Canapino sigue de racha en el TC2000\",\"breadcrumb\":{\"@id\":\"http:\\\/\\\/autosdelpodio.com\\\/autos\\\/segundo-1-2-de-chevrolet\\\/#breadcrumb\"},\"inLanguage\":\"es\",\"potentialAction\":[{\"@type\":\"ReadAction\",\"target\":[\"http:\\\/\\\/autosdelpodio.com\\\/autos\\\/segundo-1-2-de-chevrolet\\\/\"]}]},{\"@type\":\"ImageObject\",\"inLanguage\":\"es\",\"@id\":\"http:\\\/\\\/autosdelpodio.com\\\/autos\\\/segundo-1-2-de-chevrolet\\\/#primaryimage\",\"url\":\"https:\\\/\\\/autosdelpodio.com\\\/autos\\\/wp-content\\\/uploads\\\/2022\\\/05\\\/TC2000_New_500.jpg\",\"contentUrl\":\"https:\\\/\\\/autosdelpodio.com\\\/autos\\\/wp-content\\\/uploads\\\/2022\\\/05\\\/TC2000_New_500.jpg\",\"width\":500,\"height\":250},{\"@type\":\"BreadcrumbList\",\"@id\":\"http:\\\/\\\/autosdelpodio.com\\\/autos\\\/segundo-1-2-de-chevrolet\\\/#breadcrumb\",\"itemListElement\":[{\"@type\":\"ListItem\",\"position\":1,\"name\":\"Portada\",\"item\":\"http:\\\/\\\/autosdelpodio.com\\\/autos\\\/\"},{\"@type\":\"ListItem\",\"position\":2,\"name\":\"Segundo 1-2 de Chevrolet\"}]},{\"@type\":\"WebSite\",\"@id\":\"http:\\\/\\\/autosdelpodio.com\\\/autos\\\/#website\",\"url\":\"http:\\\/\\\/autosdelpodio.com\\\/autos\\\/\",\"name\":\"Autos del Podio\",\"description\":\"La sexta del deporte motor\",\"publisher\":{\"@id\":\"http:\\\/\\\/autosdelpodio.com\\\/autos\\\/#organization\"},\"potentialAction\":[{\"@type\":\"SearchAction\",\"target\":{\"@type\":\"EntryPoint\",\"urlTemplate\":\"http:\\\/\\\/autosdelpodio.com\\\/autos\\\/?s={search_term_string}\"},\"query-input\":{\"@type\":\"PropertyValueSpecification\",\"valueRequired\":true,\"valueName\":\"search_term_string\"}}],\"inLanguage\":\"es\"},{\"@type\":\"Organization\",\"@id\":\"http:\\\/\\\/autosdelpodio.com\\\/autos\\\/#organization\",\"name\":\"Autos del Podio\",\"url\":\"http:\\\/\\\/autosdelpodio.com\\\/autos\\\/\",\"logo\":{\"@type\":\"ImageObject\",\"inLanguage\":\"es\",\"@id\":\"http:\\\/\\\/autosdelpodio.com\\\/autos\\\/#\\\/schema\\\/logo\\\/image\\\/\",\"url\":\"http:\\\/\\\/autosdelpodio.com\\\/autos\\\/wp-content\\\/uploads\\\/2020\\\/08\\\/Logo_AR.jpg\",\"contentUrl\":\"http:\\\/\\\/autosdelpodio.com\\\/autos\\\/wp-content\\\/uploads\\\/2020\\\/08\\\/Logo_AR.jpg\",\"width\":1038,\"height\":1044,\"caption\":\"Autos del Podio\"},\"image\":{\"@id\":\"http:\\\/\\\/autosdelpodio.com\\\/autos\\\/#\\\/schema\\\/logo\\\/image\\\/\"},\"sameAs\":[\"https:\\\/\\\/www.facebook.com\\\/profile.php?id=100057192590976&amp;amp;amp;amp;amp;amp;amp;amp;amp;amp;amp;amp;amp;amp;amp;amp;amp;amp;ref=ts\",\"https:\\\/\\\/x.com\\\/autosdelpodio\",\"https:\\\/\\\/www.youtube.com\\\/user\\\/AutosdelPodio\"]},{\"@type\":\"Person\",\"@id\":\"http:\\\/\\\/autosdelpodio.com\\\/autos\\\/#\\\/schema\\\/person\\\/993527a4d01c3acdd3d6bce3770bc942\",\"name\":\"autosdelpodio\",\"image\":{\"@type\":\"ImageObject\",\"inLanguage\":\"es\",\"@id\":\"https:\\\/\\\/autosdelpodio.com\\\/autos\\\/wp-content\\\/litespeed\\\/avatar\\\/aa8f65cd201a80f6b844f63278aa84af.jpg?ver=1777403005\",\"url\":\"https:\\\/\\\/autosdelpodio.com\\\/autos\\\/wp-content\\\/litespeed\\\/avatar\\\/aa8f65cd201a80f6b844f63278aa84af.jpg?ver=1777403005\",\"contentUrl\":\"https:\\\/\\\/autosdelpodio.com\\\/autos\\\/wp-content\\\/litespeed\\\/avatar\\\/aa8f65cd201a80f6b844f63278aa84af.jpg?ver=1777403005\",\"caption\":\"autosdelpodio\"}}]}<\/script>\n<!-- \/ Yoast SEO plugin. -->","yoast_head_json":{"title":"Autos del Podio | Segundo 1-2 de Chevrolet","description":"Autos del Podio Agustin Canapino sigue de racha en el TC2000","robots":{"index":"index","follow":"follow","max-snippet":"max-snippet:-1","max-image-preview":"max-image-preview:large","max-video-preview":"max-video-preview:-1"},"canonical":"http:\/\/autosdelpodio.com\/autos\/segundo-1-2-de-chevrolet\/","og_locale":"es_ES","og_type":"article","og_title":"Autos del Podio | Segundo 1-2 de Chevrolet","og_description":"Autos del Podio Agustin Canapino sigue de racha en el TC2000","og_url":"http:\/\/autosdelpodio.com\/autos\/segundo-1-2-de-chevrolet\/","og_site_name":"Autos del Podio","article_publisher":"https:\/\/www.facebook.com\/profile.php?id=100057192590976&amp%3bamp%3bamp%3bamp%3bamp%3bamp%3bamp%3bamp%3bamp%3bamp%3bamp%3bamp%3bamp%3bamp%3bamp%3bamp%3bamp%3bamp%3bref=ts","article_published_time":"2022-05-01T16:45:37+00:00","article_modified_time":"2022-05-01T17:00:15+00:00","og_image":[{"width":500,"height":250,"url":"http:\/\/autosdelpodio.com\/autos\/wp-content\/uploads\/2022\/05\/TC2000_New_500.jpg","type":"image\/jpeg"}],"author":"autosdelpodio","twitter_card":"summary_large_image","twitter_creator":"@autosdelpodio","twitter_site":"@autosdelpodio","twitter_misc":{"Escrito por":"autosdelpodio","Tiempo de lectura":"2 minutos"},"schema":{"@context":"https:\/\/schema.org","@graph":[{"@type":"Article","@id":"http:\/\/autosdelpodio.com\/autos\/segundo-1-2-de-chevrolet\/#article","isPartOf":{"@id":"http:\/\/autosdelpodio.com\/autos\/segundo-1-2-de-chevrolet\/"},"author":{"name":"autosdelpodio","@id":"http:\/\/autosdelpodio.com\/autos\/#\/schema\/person\/993527a4d01c3acdd3d6bce3770bc942"},"headline":"Segundo 1-2 de Chevrolet","datePublished":"2022-05-01T16:45:37+00:00","dateModified":"2022-05-01T17:00:15+00:00","mainEntityOfPage":{"@id":"http:\/\/autosdelpodio.com\/autos\/segundo-1-2-de-chevrolet\/"},"wordCount":197,"commentCount":0,"publisher":{"@id":"http:\/\/autosdelpodio.com\/autos\/#organization"},"image":{"@id":"http:\/\/autosdelpodio.com\/autos\/segundo-1-2-de-chevrolet\/#primaryimage"},"thumbnailUrl":"https:\/\/autosdelpodio.com\/autos\/wp-content\/uploads\/2022\/05\/TC2000_New_500.jpg","keywords":["Agustin Canapino","Autodromo Concordia","Chevrolet Cruze","TC2000"],"articleSection":["Destacado","\u00daltimas noticias"],"inLanguage":"es","potentialAction":[{"@type":"CommentAction","name":"Comment","target":["http:\/\/autosdelpodio.com\/autos\/segundo-1-2-de-chevrolet\/#respond"]}]},{"@type":"WebPage","@id":"http:\/\/autosdelpodio.com\/autos\/segundo-1-2-de-chevrolet\/","url":"http:\/\/autosdelpodio.com\/autos\/segundo-1-2-de-chevrolet\/","name":"Autos del Podio | Segundo 1-2 de Chevrolet","isPartOf":{"@id":"http:\/\/autosdelpodio.com\/autos\/#website"},"primaryImageOfPage":{"@id":"http:\/\/autosdelpodio.com\/autos\/segundo-1-2-de-chevrolet\/#primaryimage"},"image":{"@id":"http:\/\/autosdelpodio.com\/autos\/segundo-1-2-de-chevrolet\/#primaryimage"},"thumbnailUrl":"https:\/\/autosdelpodio.com\/autos\/wp-content\/uploads\/2022\/05\/TC2000_New_500.jpg","datePublished":"2022-05-01T16:45:37+00:00","dateModified":"2022-05-01T17:00:15+00:00","description":"Autos del Podio Agustin Canapino sigue de racha en el TC2000","breadcrumb":{"@id":"http:\/\/autosdelpodio.com\/autos\/segundo-1-2-de-chevrolet\/#breadcrumb"},"inLanguage":"es","potentialAction":[{"@type":"ReadAction","target":["http:\/\/autosdelpodio.com\/autos\/segundo-1-2-de-chevrolet\/"]}]},{"@type":"ImageObject","inLanguage":"es","@id":"http:\/\/autosdelpodio.com\/autos\/segundo-1-2-de-chevrolet\/#primaryimage","url":"https:\/\/autosdelpodio.com\/autos\/wp-content\/uploads\/2022\/05\/TC2000_New_500.jpg","contentUrl":"https:\/\/autosdelpodio.com\/autos\/wp-content\/uploads\/2022\/05\/TC2000_New_500.jpg","width":500,"height":250},{"@type":"BreadcrumbList","@id":"http:\/\/autosdelpodio.com\/autos\/segundo-1-2-de-chevrolet\/#breadcrumb","itemListElement":[{"@type":"ListItem","position":1,"name":"Portada","item":"http:\/\/autosdelpodio.com\/autos\/"},{"@type":"ListItem","position":2,"name":"Segundo 1-2 de Chevrolet"}]},{"@type":"WebSite","@id":"http:\/\/autosdelpodio.com\/autos\/#website","url":"http:\/\/autosdelpodio.com\/autos\/","name":"Autos del Podio","description":"La sexta del deporte motor","publisher":{"@id":"http:\/\/autosdelpodio.com\/autos\/#organization"},"potentialAction":[{"@type":"SearchAction","target":{"@type":"EntryPoint","urlTemplate":"http:\/\/autosdelpodio.com\/autos\/?s={search_term_string}"},"query-input":{"@type":"PropertyValueSpecification","valueRequired":true,"valueName":"search_term_string"}}],"inLanguage":"es"},{"@type":"Organization","@id":"http:\/\/autosdelpodio.com\/autos\/#organization","name":"Autos del Podio","url":"http:\/\/autosdelpodio.com\/autos\/","logo":{"@type":"ImageObject","inLanguage":"es","@id":"http:\/\/autosdelpodio.com\/autos\/#\/schema\/logo\/image\/","url":"http:\/\/autosdelpodio.com\/autos\/wp-content\/uploads\/2020\/08\/Logo_AR.jpg","contentUrl":"http:\/\/autosdelpodio.com\/autos\/wp-content\/uploads\/2020\/08\/Logo_AR.jpg","width":1038,"height":1044,"caption":"Autos del Podio"},"image":{"@id":"http:\/\/autosdelpodio.com\/autos\/#\/schema\/logo\/image\/"},"sameAs":["https:\/\/www.facebook.com\/profile.php?id=100057192590976&amp;amp;amp;amp;amp;amp;amp;amp;amp;amp;amp;amp;amp;amp;amp;amp;amp;amp;ref=ts","https:\/\/x.com\/autosdelpodio","https:\/\/www.youtube.com\/user\/AutosdelPodio"]},{"@type":"Person","@id":"http:\/\/autosdelpodio.com\/autos\/#\/schema\/person\/993527a4d01c3acdd3d6bce3770bc942","name":"autosdelpodio","image":{"@type":"ImageObject","inLanguage":"es","@id":"https:\/\/autosdelpodio.com\/autos\/wp-content\/litespeed\/avatar\/aa8f65cd201a80f6b844f63278aa84af.jpg?ver=1777403005","url":"https:\/\/autosdelpodio.com\/autos\/wp-content\/litespeed\/avatar\/aa8f65cd201a80f6b844f63278aa84af.jpg?ver=1777403005","contentUrl":"https:\/\/autosdelpodio.com\/autos\/wp-content\/litespeed\/avatar\/aa8f65cd201a80f6b844f63278aa84af.jpg?ver=1777403005","caption":"autosdelpodio"}}]}},"views":363,"_links":{"self":[{"href":"https:\/\/autosdelpodio.com\/autos\/wp-json\/wp\/v2\/posts\/5720","targetHints":{"allow":["GET"]}}],"collection":[{"href":"https:\/\/autosdelpodio.com\/autos\/wp-json\/wp\/v2\/posts"}],"about":[{"href":"https:\/\/autosdelpodio.com\/autos\/wp-json\/wp\/v2\/types\/post"}],"author":[{"embeddable":true,"href":"https:\/\/autosdelpodio.com\/autos\/wp-json\/wp\/v2\/users\/3"}],"replies":[{"embeddable":true,"href":"https:\/\/autosdelpodio.com\/autos\/wp-json\/wp\/v2\/comments?post=5720"}],"version-history":[{"count":2,"href":"https:\/\/autosdelpodio.com\/autos\/wp-json\/wp\/v2\/posts\/5720\/revisions"}],"predecessor-version":[{"id":5723,"href":"https:\/\/autosdelpodio.com\/autos\/wp-json\/wp\/v2\/posts\/5720\/revisions\/5723"}],"wp:featuredmedia":[{"embeddable":true,"href":"https:\/\/autosdelpodio.com\/autos\/wp-json\/wp\/v2\/media\/5722"}],"wp:attachment":[{"href":"https:\/\/autosdelpodio.com\/autos\/wp-json\/wp\/v2\/media?parent=5720"}],"wp:term":[{"taxonomy":"category","embeddable":true,"href":"https:\/\/autosdelpodio.com\/autos\/wp-json\/wp\/v2\/categories?post=5720"},{"taxonomy":"post_tag","embeddable":true,"href":"https:\/\/autosdelpodio.com\/autos\/wp-json\/wp\/v2\/tags?post=5720"}],"curies":[{"name":"wp","href":"https:\/\/api.w.org\/{rel}","templated":true}]}}