{"id":6733,"date":"2023-03-12T23:40:46","date_gmt":"2023-03-13T02:40:46","guid":{"rendered":"http:\/\/autosdelpodio.com\/autos\/?p=6733"},"modified":"2023-03-12T23:46:58","modified_gmt":"2023-03-13T02:46:58","slug":"de-una-en-la-primera","status":"publish","type":"post","link":"https:\/\/autosdelpodio.com\/autos\/de-una-en-la-primera\/","title":{"rendered":"De una en la primera"},"content":{"rendered":"\n<p>Josito Di Palma se impuso de manera contundente en el debut de la temporada 2023 del Top Race en el Aut\u00f3dromo de Buenos Aires.En el segundo lugar termin\u00f3 el bicampe\u00f3n Diego Azar y complet\u00f3 el podio el Poleman Marcelo Ciarrocchi.<br>La categor\u00eda que incursion\u00f3 por primera vez en el desafiante circuito 6 tuvo al arrecife\u00f1o del equipo Fiat Octanos como vencedor en una competencia especial con detenci\u00f3n en boxes para cambio del neum\u00e1tico derecho.<br>En la previa, se disput\u00f3 la final del TR Series con victoria del chaque\u00f1o Lucas Bowdanovicz.Norberto Grosso y Diego Verriello fueron sus escoltas.<br>La pr\u00f3xima fecha ser\u00e1 del 7 al 9 de abril, muy probablemente en el Aut\u00f3dromo Ciudad de Concordia,en la provincia de Entre R\u00edos.<\/p>\n\n\n\n<p><em><strong>Final TRV6 &#8211; CABA &#8211; Fecha 1<\/strong><\/em><\/p>\n\n\n\n<figure class=\"wp-block-table\"><table><tbody><tr><td><em><strong>1<\/strong><\/em><\/td><td><em><strong>2<\/strong><\/em><\/td><td><em><strong>DI PALMA, LUIS JOS\u00c9<\/strong><\/em><\/td><td><em><strong>Fiat<\/strong><\/em><\/td><td><em><strong>17<\/strong><\/em><\/td><td><em><strong>36:13.608<\/strong><\/em><\/td><td><\/td><\/tr><tr><td>2<\/td><td>1<\/td><td>AZAR, DIEGO<\/td><td>Lexus<\/td><td>17<\/td><td>36:14.173<\/td><td>0.565<\/td><\/tr><tr><td>3<\/td><td>40<\/td><td>CIARROCCHI, MARCELO<\/td><td>Ford<\/td><td>17<\/td><td>36:15.653<\/td><td>2.045<\/td><\/tr><tr><td>4<\/td><td>7<\/td><td>ROSSI, GAST\u00d3N<\/td><td>Lexus<\/td><td>17<\/td><td>36:16.843<\/td><td>3.235<\/td><\/tr><tr><td>5<\/td><td>97<\/td><td>CINGOLANI, TOMAS<\/td><td>Lexus<\/td><td>17<\/td><td>36:18.026<\/td><td>4.418<\/td><\/tr><tr><td>6<\/td><td>3<\/td><td>FELIPPO, KEVIN<\/td><td>M. Benz<\/td><td>17<\/td><td>36:19.048<\/td><td>5.440<\/td><\/tr><tr><td>7<\/td><td>23<\/td><td>DI PALMA, STEFANO<\/td><td>Fiat<\/td><td>17<\/td><td>36:19.978<\/td><td>6.370<\/td><\/tr><tr><td>8<\/td><td>50<\/td><td>S\u00c1NCHEZ, OSCAR (M)<\/td><td>Chevrolet<\/td><td>17<\/td><td>36:20.074<\/td><td>6.466<\/td><\/tr><tr><td>9<\/td><td>26<\/td><td>MONTANS, FEDERICO<\/td><td>Fiat<\/td><td>17<\/td><td>36:21.509<\/td><td>7.901<\/td><\/tr><tr><td>10<\/td><td>777<\/td><td>ABELLA, SEBASTIAN (M)<\/td><td>Lexus<\/td><td>17<\/td><td>36:29.272<\/td><td>15.664<\/td><\/tr><tr><td>11<\/td><td>88<\/td><td>CHIRIANO, ADRI\u00c1N (M)<\/td><td>M. Benz<\/td><td>15<\/td><td>31:15.136<\/td><td>2 Vueltas<\/td><\/tr><tr><td>12<\/td><td>12<\/td><td>GIUSTOZZI , DARIO (M)<\/td><td>Lexus<\/td><td>13<\/td><td>26:53.858<\/td><td>4 Vueltas<\/td><\/tr><tr><td>13<\/td><td>33<\/td><td>SAPAG, JOS\u00c9 MANUEL<\/td><td>Lexus<\/td><td>12<\/td><td>24:25.038<\/td><td>5 Vueltas<\/td><\/tr><tr><td>14<\/td><td>41<\/td><td>BARRIO, JORGE<\/td><td>Chevrolet<\/td><td>11<\/td><td>24:53.014<\/td><td>6 Vueltas<\/td><\/tr><tr><td>15<\/td><td>87<\/td><td>GUERRA, LUCAS<\/td><td>Chevrolet<\/td><td>8<\/td><td>16:49.658<\/td><td>9 Vueltas<\/td><\/tr><tr><td>16<\/td><td>90<\/td><td>BONNIN, MICHELL<\/td><td>Lexus<\/td><td>7<\/td><td>14:00.722<\/td><td>10 Vueltas<\/td><\/tr><tr><td>17<\/td><td>8<\/td><td>GASTALDI , LUIS (M)<\/td><td>Lexus<\/td><td>3<\/td><td>06:28.018<\/td><td>14 Vueltas<\/td><\/tr><tr><td>18<\/td><td>83<\/td><td>ALDRIGHETTI, FACUNDO<\/td><td>Lexus<\/td><td>0<\/td><td><\/td><td>0<\/td><\/tr><tr><td><\/td><td><\/td><td><\/td><td><\/td><td><\/td><td><\/td><td><\/td><\/tr><tr><td>AUTO N\u00b0 12 RECARGA DE 10 SEGUNDOS POR EXCESO DE VELOCIDAD EN CALLE DE BOXES.AUTO N\u00b0 777 RECARGA DE 10 SEGUNDOS POR EXCESO DE VELOCIDAD EN CALLE DE BOXES.AUTO N\u00b0 41 RECARGADO CON 30 SEGUNDOS POR NO CUMPLIR PROCEDIMIENTO CAMBIO NEUM\u00c1TICO<\/td><\/tr><\/tbody><\/table><\/figure>\n","protected":false},"excerpt":{"rendered":"<p>Josito Di Palma se impuso de manera contundente en el debut de la temporada 2023 del Top Race en el<\/p>\n","protected":false},"author":3,"featured_media":2533,"comment_status":"open","ping_status":"open","sticky":false,"template":"","format":"standard","meta":{"colormag_page_container_layout":"default_layout","colormag_page_sidebar_layout":"default_layout","footnotes":""},"categories":[16,5],"tags":[142,41,600,86,79,382],"class_list":["post-6733","post","type-post","status-publish","format-standard","has-post-thumbnail","hentry","category-recta-principal","category-latest-news","tag-autodromo-ba","tag-fiat","tag-josito-di-palma","tag-pilotos-y-categorias","tag-top-race-v6","tag-tr-series"],"yoast_head":"<!-- This site is optimized with the Yoast SEO plugin v27.5 - https:\/\/yoast.com\/product\/yoast-seo-wordpress\/ -->\n<title>Autos del Podio | De una en la primera<\/title>\n<meta name=\"description\" content=\"Autos del Podio Triunfo de Josito Di Palma en la primera competencia del a\u00f1o en Buenos Aires.\" \/>\n<meta name=\"robots\" content=\"index, follow, max-snippet:-1, max-image-preview:large, max-video-preview:-1\" \/>\n<link rel=\"canonical\" href=\"http:\/\/autosdelpodio.com\/autos\/de-una-en-la-primera\/\" \/>\n<meta property=\"og:locale\" content=\"es_ES\" \/>\n<meta property=\"og:type\" content=\"article\" \/>\n<meta property=\"og:title\" content=\"Autos del Podio | De una en la primera\" \/>\n<meta property=\"og:description\" content=\"Autos del Podio Triunfo de Josito Di Palma en la primera competencia del a\u00f1o en Buenos Aires.\" \/>\n<meta property=\"og:url\" content=\"http:\/\/autosdelpodio.com\/autos\/de-una-en-la-primera\/\" \/>\n<meta property=\"og:site_name\" content=\"Autos del Podio\" \/>\n<meta property=\"article:publisher\" content=\"https:\/\/www.facebook.com\/profile.php?id=100057192590976&amp;amp%3bamp%3bamp%3bamp%3bamp%3bamp%3bamp%3bamp%3bamp%3bamp%3bamp%3bamp%3bamp%3bamp%3bamp%3bamp%3bamp%3bamp%3bref=ts\" \/>\n<meta property=\"article:published_time\" content=\"2023-03-13T02:40:46+00:00\" \/>\n<meta property=\"article:modified_time\" content=\"2023-03-13T02:46:58+00:00\" \/>\n<meta property=\"og:image\" content=\"http:\/\/autosdelpodio.com\/autos\/wp-content\/uploads\/2020\/08\/Logo_Top_Race-e1646006293842.jpg\" \/>\n\t<meta property=\"og:image:width\" content=\"200\" \/>\n\t<meta property=\"og:image:height\" content=\"200\" \/>\n\t<meta property=\"og:image:type\" content=\"image\/jpeg\" \/>\n<meta name=\"author\" content=\"autosdelpodio\" \/>\n<meta name=\"twitter:card\" content=\"summary_large_image\" \/>\n<meta name=\"twitter:creator\" content=\"@autosdelpodio\" \/>\n<meta name=\"twitter:site\" content=\"@autosdelpodio\" \/>\n<meta name=\"twitter:label1\" content=\"Escrito por\" \/>\n\t<meta name=\"twitter:data1\" content=\"autosdelpodio\" \/>\n\t<meta name=\"twitter:label2\" content=\"Tiempo de lectura\" \/>\n\t<meta name=\"twitter:data2\" content=\"2 minutos\" \/>\n<script type=\"application\/ld+json\" class=\"yoast-schema-graph\">{\"@context\":\"https:\\\/\\\/schema.org\",\"@graph\":[{\"@type\":\"Article\",\"@id\":\"http:\\\/\\\/autosdelpodio.com\\\/autos\\\/de-una-en-la-primera\\\/#article\",\"isPartOf\":{\"@id\":\"http:\\\/\\\/autosdelpodio.com\\\/autos\\\/de-una-en-la-primera\\\/\"},\"author\":{\"name\":\"autosdelpodio\",\"@id\":\"http:\\\/\\\/autosdelpodio.com\\\/autos\\\/#\\\/schema\\\/person\\\/993527a4d01c3acdd3d6bce3770bc942\"},\"headline\":\"De una en la primera\",\"datePublished\":\"2023-03-13T02:40:46+00:00\",\"dateModified\":\"2023-03-13T02:46:58+00:00\",\"mainEntityOfPage\":{\"@id\":\"http:\\\/\\\/autosdelpodio.com\\\/autos\\\/de-una-en-la-primera\\\/\"},\"wordCount\":253,\"commentCount\":0,\"publisher\":{\"@id\":\"http:\\\/\\\/autosdelpodio.com\\\/autos\\\/#organization\"},\"image\":{\"@id\":\"http:\\\/\\\/autosdelpodio.com\\\/autos\\\/de-una-en-la-primera\\\/#primaryimage\"},\"thumbnailUrl\":\"https:\\\/\\\/autosdelpodio.com\\\/autos\\\/wp-content\\\/uploads\\\/2020\\\/08\\\/Logo_Top_Race-e1646006293842.jpg\",\"keywords\":[\"Autodromo BA\",\"Fiat\",\"Josito Di Palma\",\"Pilotos y Categorias\",\"Top Race V6\",\"TR Series\"],\"articleSection\":[\"Recta Principal\",\"\u00daltimas noticias\"],\"inLanguage\":\"es\",\"potentialAction\":[{\"@type\":\"CommentAction\",\"name\":\"Comment\",\"target\":[\"http:\\\/\\\/autosdelpodio.com\\\/autos\\\/de-una-en-la-primera\\\/#respond\"]}]},{\"@type\":\"WebPage\",\"@id\":\"http:\\\/\\\/autosdelpodio.com\\\/autos\\\/de-una-en-la-primera\\\/\",\"url\":\"http:\\\/\\\/autosdelpodio.com\\\/autos\\\/de-una-en-la-primera\\\/\",\"name\":\"Autos del Podio | De una en la primera\",\"isPartOf\":{\"@id\":\"http:\\\/\\\/autosdelpodio.com\\\/autos\\\/#website\"},\"primaryImageOfPage\":{\"@id\":\"http:\\\/\\\/autosdelpodio.com\\\/autos\\\/de-una-en-la-primera\\\/#primaryimage\"},\"image\":{\"@id\":\"http:\\\/\\\/autosdelpodio.com\\\/autos\\\/de-una-en-la-primera\\\/#primaryimage\"},\"thumbnailUrl\":\"https:\\\/\\\/autosdelpodio.com\\\/autos\\\/wp-content\\\/uploads\\\/2020\\\/08\\\/Logo_Top_Race-e1646006293842.jpg\",\"datePublished\":\"2023-03-13T02:40:46+00:00\",\"dateModified\":\"2023-03-13T02:46:58+00:00\",\"description\":\"Autos del Podio Triunfo de Josito Di Palma en la primera competencia del a\u00f1o en Buenos Aires.\",\"breadcrumb\":{\"@id\":\"http:\\\/\\\/autosdelpodio.com\\\/autos\\\/de-una-en-la-primera\\\/#breadcrumb\"},\"inLanguage\":\"es\",\"potentialAction\":[{\"@type\":\"ReadAction\",\"target\":[\"http:\\\/\\\/autosdelpodio.com\\\/autos\\\/de-una-en-la-primera\\\/\"]}]},{\"@type\":\"ImageObject\",\"inLanguage\":\"es\",\"@id\":\"http:\\\/\\\/autosdelpodio.com\\\/autos\\\/de-una-en-la-primera\\\/#primaryimage\",\"url\":\"https:\\\/\\\/autosdelpodio.com\\\/autos\\\/wp-content\\\/uploads\\\/2020\\\/08\\\/Logo_Top_Race-e1646006293842.jpg\",\"contentUrl\":\"https:\\\/\\\/autosdelpodio.com\\\/autos\\\/wp-content\\\/uploads\\\/2020\\\/08\\\/Logo_Top_Race-e1646006293842.jpg\",\"width\":200,\"height\":200},{\"@type\":\"BreadcrumbList\",\"@id\":\"http:\\\/\\\/autosdelpodio.com\\\/autos\\\/de-una-en-la-primera\\\/#breadcrumb\",\"itemListElement\":[{\"@type\":\"ListItem\",\"position\":1,\"name\":\"Portada\",\"item\":\"http:\\\/\\\/autosdelpodio.com\\\/autos\\\/\"},{\"@type\":\"ListItem\",\"position\":2,\"name\":\"De una en la primera\"}]},{\"@type\":\"WebSite\",\"@id\":\"http:\\\/\\\/autosdelpodio.com\\\/autos\\\/#website\",\"url\":\"http:\\\/\\\/autosdelpodio.com\\\/autos\\\/\",\"name\":\"Autos del Podio\",\"description\":\"La sexta del deporte motor\",\"publisher\":{\"@id\":\"http:\\\/\\\/autosdelpodio.com\\\/autos\\\/#organization\"},\"potentialAction\":[{\"@type\":\"SearchAction\",\"target\":{\"@type\":\"EntryPoint\",\"urlTemplate\":\"http:\\\/\\\/autosdelpodio.com\\\/autos\\\/?s={search_term_string}\"},\"query-input\":{\"@type\":\"PropertyValueSpecification\",\"valueRequired\":true,\"valueName\":\"search_term_string\"}}],\"inLanguage\":\"es\"},{\"@type\":\"Organization\",\"@id\":\"http:\\\/\\\/autosdelpodio.com\\\/autos\\\/#organization\",\"name\":\"Autos del Podio\",\"url\":\"http:\\\/\\\/autosdelpodio.com\\\/autos\\\/\",\"logo\":{\"@type\":\"ImageObject\",\"inLanguage\":\"es\",\"@id\":\"http:\\\/\\\/autosdelpodio.com\\\/autos\\\/#\\\/schema\\\/logo\\\/image\\\/\",\"url\":\"http:\\\/\\\/autosdelpodio.com\\\/autos\\\/wp-content\\\/uploads\\\/2020\\\/08\\\/Logo_AR.jpg\",\"contentUrl\":\"http:\\\/\\\/autosdelpodio.com\\\/autos\\\/wp-content\\\/uploads\\\/2020\\\/08\\\/Logo_AR.jpg\",\"width\":1038,\"height\":1044,\"caption\":\"Autos del Podio\"},\"image\":{\"@id\":\"http:\\\/\\\/autosdelpodio.com\\\/autos\\\/#\\\/schema\\\/logo\\\/image\\\/\"},\"sameAs\":[\"https:\\\/\\\/www.facebook.com\\\/profile.php?id=100057192590976&amp;amp;amp;amp;amp;amp;amp;amp;amp;amp;amp;amp;amp;amp;amp;amp;amp;amp;ref=ts\",\"https:\\\/\\\/x.com\\\/autosdelpodio\",\"https:\\\/\\\/www.youtube.com\\\/user\\\/AutosdelPodio\"]},{\"@type\":\"Person\",\"@id\":\"http:\\\/\\\/autosdelpodio.com\\\/autos\\\/#\\\/schema\\\/person\\\/993527a4d01c3acdd3d6bce3770bc942\",\"name\":\"autosdelpodio\",\"image\":{\"@type\":\"ImageObject\",\"inLanguage\":\"es\",\"@id\":\"https:\\\/\\\/autosdelpodio.com\\\/autos\\\/wp-content\\\/litespeed\\\/avatar\\\/aa8f65cd201a80f6b844f63278aa84af.jpg?ver=1777403005\",\"url\":\"https:\\\/\\\/autosdelpodio.com\\\/autos\\\/wp-content\\\/litespeed\\\/avatar\\\/aa8f65cd201a80f6b844f63278aa84af.jpg?ver=1777403005\",\"contentUrl\":\"https:\\\/\\\/autosdelpodio.com\\\/autos\\\/wp-content\\\/litespeed\\\/avatar\\\/aa8f65cd201a80f6b844f63278aa84af.jpg?ver=1777403005\",\"caption\":\"autosdelpodio\"}}]}<\/script>\n<!-- \/ Yoast SEO plugin. -->","yoast_head_json":{"title":"Autos del Podio | De una en la primera","description":"Autos del Podio Triunfo de Josito Di Palma en la primera competencia del a\u00f1o en Buenos Aires.","robots":{"index":"index","follow":"follow","max-snippet":"max-snippet:-1","max-image-preview":"max-image-preview:large","max-video-preview":"max-video-preview:-1"},"canonical":"http:\/\/autosdelpodio.com\/autos\/de-una-en-la-primera\/","og_locale":"es_ES","og_type":"article","og_title":"Autos del Podio | De una en la primera","og_description":"Autos del Podio Triunfo de Josito Di Palma en la primera competencia del a\u00f1o en Buenos Aires.","og_url":"http:\/\/autosdelpodio.com\/autos\/de-una-en-la-primera\/","og_site_name":"Autos del Podio","article_publisher":"https:\/\/www.facebook.com\/profile.php?id=100057192590976&amp%3bamp%3bamp%3bamp%3bamp%3bamp%3bamp%3bamp%3bamp%3bamp%3bamp%3bamp%3bamp%3bamp%3bamp%3bamp%3bamp%3bamp%3bref=ts","article_published_time":"2023-03-13T02:40:46+00:00","article_modified_time":"2023-03-13T02:46:58+00:00","og_image":[{"width":200,"height":200,"url":"http:\/\/autosdelpodio.com\/autos\/wp-content\/uploads\/2020\/08\/Logo_Top_Race-e1646006293842.jpg","type":"image\/jpeg"}],"author":"autosdelpodio","twitter_card":"summary_large_image","twitter_creator":"@autosdelpodio","twitter_site":"@autosdelpodio","twitter_misc":{"Escrito por":"autosdelpodio","Tiempo de lectura":"2 minutos"},"schema":{"@context":"https:\/\/schema.org","@graph":[{"@type":"Article","@id":"http:\/\/autosdelpodio.com\/autos\/de-una-en-la-primera\/#article","isPartOf":{"@id":"http:\/\/autosdelpodio.com\/autos\/de-una-en-la-primera\/"},"author":{"name":"autosdelpodio","@id":"http:\/\/autosdelpodio.com\/autos\/#\/schema\/person\/993527a4d01c3acdd3d6bce3770bc942"},"headline":"De una en la primera","datePublished":"2023-03-13T02:40:46+00:00","dateModified":"2023-03-13T02:46:58+00:00","mainEntityOfPage":{"@id":"http:\/\/autosdelpodio.com\/autos\/de-una-en-la-primera\/"},"wordCount":253,"commentCount":0,"publisher":{"@id":"http:\/\/autosdelpodio.com\/autos\/#organization"},"image":{"@id":"http:\/\/autosdelpodio.com\/autos\/de-una-en-la-primera\/#primaryimage"},"thumbnailUrl":"https:\/\/autosdelpodio.com\/autos\/wp-content\/uploads\/2020\/08\/Logo_Top_Race-e1646006293842.jpg","keywords":["Autodromo BA","Fiat","Josito Di Palma","Pilotos y Categorias","Top Race V6","TR Series"],"articleSection":["Recta Principal","\u00daltimas noticias"],"inLanguage":"es","potentialAction":[{"@type":"CommentAction","name":"Comment","target":["http:\/\/autosdelpodio.com\/autos\/de-una-en-la-primera\/#respond"]}]},{"@type":"WebPage","@id":"http:\/\/autosdelpodio.com\/autos\/de-una-en-la-primera\/","url":"http:\/\/autosdelpodio.com\/autos\/de-una-en-la-primera\/","name":"Autos del Podio | De una en la primera","isPartOf":{"@id":"http:\/\/autosdelpodio.com\/autos\/#website"},"primaryImageOfPage":{"@id":"http:\/\/autosdelpodio.com\/autos\/de-una-en-la-primera\/#primaryimage"},"image":{"@id":"http:\/\/autosdelpodio.com\/autos\/de-una-en-la-primera\/#primaryimage"},"thumbnailUrl":"https:\/\/autosdelpodio.com\/autos\/wp-content\/uploads\/2020\/08\/Logo_Top_Race-e1646006293842.jpg","datePublished":"2023-03-13T02:40:46+00:00","dateModified":"2023-03-13T02:46:58+00:00","description":"Autos del Podio Triunfo de Josito Di Palma en la primera competencia del a\u00f1o en Buenos Aires.","breadcrumb":{"@id":"http:\/\/autosdelpodio.com\/autos\/de-una-en-la-primera\/#breadcrumb"},"inLanguage":"es","potentialAction":[{"@type":"ReadAction","target":["http:\/\/autosdelpodio.com\/autos\/de-una-en-la-primera\/"]}]},{"@type":"ImageObject","inLanguage":"es","@id":"http:\/\/autosdelpodio.com\/autos\/de-una-en-la-primera\/#primaryimage","url":"https:\/\/autosdelpodio.com\/autos\/wp-content\/uploads\/2020\/08\/Logo_Top_Race-e1646006293842.jpg","contentUrl":"https:\/\/autosdelpodio.com\/autos\/wp-content\/uploads\/2020\/08\/Logo_Top_Race-e1646006293842.jpg","width":200,"height":200},{"@type":"BreadcrumbList","@id":"http:\/\/autosdelpodio.com\/autos\/de-una-en-la-primera\/#breadcrumb","itemListElement":[{"@type":"ListItem","position":1,"name":"Portada","item":"http:\/\/autosdelpodio.com\/autos\/"},{"@type":"ListItem","position":2,"name":"De una en la primera"}]},{"@type":"WebSite","@id":"http:\/\/autosdelpodio.com\/autos\/#website","url":"http:\/\/autosdelpodio.com\/autos\/","name":"Autos del Podio","description":"La sexta del deporte motor","publisher":{"@id":"http:\/\/autosdelpodio.com\/autos\/#organization"},"potentialAction":[{"@type":"SearchAction","target":{"@type":"EntryPoint","urlTemplate":"http:\/\/autosdelpodio.com\/autos\/?s={search_term_string}"},"query-input":{"@type":"PropertyValueSpecification","valueRequired":true,"valueName":"search_term_string"}}],"inLanguage":"es"},{"@type":"Organization","@id":"http:\/\/autosdelpodio.com\/autos\/#organization","name":"Autos del Podio","url":"http:\/\/autosdelpodio.com\/autos\/","logo":{"@type":"ImageObject","inLanguage":"es","@id":"http:\/\/autosdelpodio.com\/autos\/#\/schema\/logo\/image\/","url":"http:\/\/autosdelpodio.com\/autos\/wp-content\/uploads\/2020\/08\/Logo_AR.jpg","contentUrl":"http:\/\/autosdelpodio.com\/autos\/wp-content\/uploads\/2020\/08\/Logo_AR.jpg","width":1038,"height":1044,"caption":"Autos del Podio"},"image":{"@id":"http:\/\/autosdelpodio.com\/autos\/#\/schema\/logo\/image\/"},"sameAs":["https:\/\/www.facebook.com\/profile.php?id=100057192590976&amp;amp;amp;amp;amp;amp;amp;amp;amp;amp;amp;amp;amp;amp;amp;amp;amp;amp;ref=ts","https:\/\/x.com\/autosdelpodio","https:\/\/www.youtube.com\/user\/AutosdelPodio"]},{"@type":"Person","@id":"http:\/\/autosdelpodio.com\/autos\/#\/schema\/person\/993527a4d01c3acdd3d6bce3770bc942","name":"autosdelpodio","image":{"@type":"ImageObject","inLanguage":"es","@id":"https:\/\/autosdelpodio.com\/autos\/wp-content\/litespeed\/avatar\/aa8f65cd201a80f6b844f63278aa84af.jpg?ver=1777403005","url":"https:\/\/autosdelpodio.com\/autos\/wp-content\/litespeed\/avatar\/aa8f65cd201a80f6b844f63278aa84af.jpg?ver=1777403005","contentUrl":"https:\/\/autosdelpodio.com\/autos\/wp-content\/litespeed\/avatar\/aa8f65cd201a80f6b844f63278aa84af.jpg?ver=1777403005","caption":"autosdelpodio"}}]}},"views":344,"_links":{"self":[{"href":"https:\/\/autosdelpodio.com\/autos\/wp-json\/wp\/v2\/posts\/6733","targetHints":{"allow":["GET"]}}],"collection":[{"href":"https:\/\/autosdelpodio.com\/autos\/wp-json\/wp\/v2\/posts"}],"about":[{"href":"https:\/\/autosdelpodio.com\/autos\/wp-json\/wp\/v2\/types\/post"}],"author":[{"embeddable":true,"href":"https:\/\/autosdelpodio.com\/autos\/wp-json\/wp\/v2\/users\/3"}],"replies":[{"embeddable":true,"href":"https:\/\/autosdelpodio.com\/autos\/wp-json\/wp\/v2\/comments?post=6733"}],"version-history":[{"count":2,"href":"https:\/\/autosdelpodio.com\/autos\/wp-json\/wp\/v2\/posts\/6733\/revisions"}],"predecessor-version":[{"id":6735,"href":"https:\/\/autosdelpodio.com\/autos\/wp-json\/wp\/v2\/posts\/6733\/revisions\/6735"}],"wp:featuredmedia":[{"embeddable":true,"href":"https:\/\/autosdelpodio.com\/autos\/wp-json\/wp\/v2\/media\/2533"}],"wp:attachment":[{"href":"https:\/\/autosdelpodio.com\/autos\/wp-json\/wp\/v2\/media?parent=6733"}],"wp:term":[{"taxonomy":"category","embeddable":true,"href":"https:\/\/autosdelpodio.com\/autos\/wp-json\/wp\/v2\/categories?post=6733"},{"taxonomy":"post_tag","embeddable":true,"href":"https:\/\/autosdelpodio.com\/autos\/wp-json\/wp\/v2\/tags?post=6733"}],"curies":[{"name":"wp","href":"https:\/\/api.w.org\/{rel}","templated":true}]}}