{"id":6866,"date":"2023-04-30T17:32:03","date_gmt":"2023-04-30T20:32:03","guid":{"rendered":"http:\/\/autosdelpodio.com\/autos\/?p=6866"},"modified":"2023-04-30T17:32:04","modified_gmt":"2023-04-30T20:32:04","slug":"fin-de-la-sequia","status":"publish","type":"post","link":"https:\/\/autosdelpodio.com\/autos\/fin-de-la-sequia\/","title":{"rendered":"Fin de la sequ\u00eda"},"content":{"rendered":"\n<p>Gaston Todino pudo quedarse con la quinta final en el Autodromo uruguayense de concepci\u00f3n.1-2 de Dodge junto a Jonatan Castellano.<br>Julian Santero, <a href=\"http:\/\/autosdelpodio.com\/autos\/1-2-de-ford-en-santa-cruz\/\" target=\"_blank\" rel=\"noreferrer noopener\">ganador en la inauguraci\u00f3n en El Calafate<\/a>, trep\u00f3 al \u00faltimo escal\u00f3n del podio y se va de la provincia de Entre Rios como nuevo lider del campeonato con 164,5 unidades.Segundo qued\u00f3 Pinchito Castellano con 154 y Mauricio Lambiris con 149.5.<br>La pr\u00f3xima fecha se llevar\u00e1 a cabo el 21 de mayo en el Circuito Internacional \u201cTermas de R\u00edo Hondo\u201d.<\/p>\n\n\n\n<p><em><strong>Final TC a 25 Vueltas &#8211; Entre Rios I<\/strong><\/em><\/p>\n\n\n\n<figure class=\"wp-block-table\"><table><tbody><tr><td>1\u00ba<\/td><td>TODINO GERM\u00c1N<\/td><td>DODGE<\/td><td>43;33.641<\/td><\/tr><tr><td>2\u00ba<\/td><td>CASTELLANO JONATAN<\/td><td>DODGE<\/td><td>0.378<\/td><\/tr><tr><td>3\u00ba<\/td><td>SANTERO JULI\u00c1N<\/td><td>FORD<\/td><td>8.664<\/td><\/tr><tr><td>4\u00ba<\/td><td>CIANTINI DIEGO<\/td><td>CHEVROLET<\/td><td>9.275<\/td><\/tr><tr><td>5\u00ba<\/td><td>LAMBIRIS MAURICIO<\/td><td>FORD<\/td><td>12.723<\/td><\/tr><tr><td>6\u00ba<\/td><td>MANGONI SANTIAGO<\/td><td>CHEVROLET<\/td><td>13.160<\/td><\/tr><tr><td>7\u00ba<\/td><td>CATAL\u00c1N MAGNI JUAN T.<\/td><td>FORD<\/td><td>13.528<\/td><\/tr><tr><td>8\u00ba<\/td><td>TRUCCO JUAN MART\u00cdN<\/td><td>DODGE<\/td><td>13.949<\/td><\/tr><tr><td>9\u00ba<\/td><td>LANDA MARCOS<\/td><td>TORINO<\/td><td>14.268<\/td><\/tr><tr><td>10\u00ba<\/td><td>URCERA JOS\u00c9 MANUEL<\/td><td>TORINO<\/td><td>14.921<\/td><\/tr><tr><td>11\u00ba<\/td><td>LONDERO AYRTON<\/td><td>TORINO<\/td><td>15.226<\/td><\/tr><tr><td>12\u00ba<\/td><td>MAZZACANE GAST\u00d3N<\/td><td>CHEVROLET<\/td><td>20.844<\/td><\/tr><tr><td>13\u00ba<\/td><td>RODR\u00cdGUEZ MAT\u00cdAS<\/td><td>TORINO<\/td><td>21.381<\/td><\/tr><tr><td>14\u00ba<\/td><td>RISATTI RICARDO<\/td><td>CHEVROLET<\/td><td>21.720<\/td><\/tr><tr><td>15\u00ba<\/td><td>PONCE DE LE\u00d3N GABRIEL<\/td><td>FORD<\/td><td>22.072<\/td><\/tr><tr><td>16\u00ba<\/td><td>TROSSET NICOL\u00c1S<\/td><td>FORD<\/td><td>22.586<\/td><\/tr><tr><td>17\u00ba<\/td><td>LEDESMA CHRISTIAN<\/td><td>CHEVROLET<\/td><td>22.851<\/td><\/tr><tr><td>18\u00ba<\/td><td>ROSSI MAT\u00cdAS<\/td><td>TOYOTA<\/td><td>23.226<\/td><\/tr><tr><td>19\u00ba<\/td><td>BENVENUTI JUAN CRUZ<\/td><td>TORINO<\/td><td>23.779<\/td><\/tr><tr><td>20\u00ba<\/td><td>DELLA MOTTA FACUNDO<\/td><td>DODGE<\/td><td>23.849<\/td><\/tr><tr><td>21\u00ba<\/td><td>UGALDE LIONEL<\/td><td>TORINO<\/td><td>24.009<\/td><\/tr><tr><td>22\u00ba<\/td><td>CRAPARO ELIO<\/td><td>DODGE<\/td><td>24.628<\/td><\/tr><tr><td>23\u00ba<\/td><td>EBARL\u00cdN JUAN JOS\u00c9<\/td><td>CHEVROLET<\/td><td>24.842<\/td><\/tr><tr><td>24\u00ba<\/td><td>PERN\u00cdA LEONEL<\/td><td>FORD<\/td><td>25.372<\/td><\/tr><tr><td>25\u00ba<\/td><td>MICHELOUD GUSTAVO<\/td><td>DODGE<\/td><td>25.836<\/td><\/tr><tr><td>26\u00ba<\/td><td>RUGGIERO ALAN<\/td><td>FORD<\/td><td>26.659<\/td><\/tr><tr><td>27\u00ba<\/td><td>BONELLI NICOL\u00c1S<\/td><td>FORD<\/td><td>28.060<\/td><\/tr><tr><td>28\u00ba<\/td><td>ALAUX SERGIO<\/td><td>CHEVROLET<\/td><td>29.030<\/td><\/tr><tr><td>29\u00ba<\/td><td>ARDUSSO FACUNDO<\/td><td>TORINO<\/td><td>29.428<\/td><\/tr><tr><td>30\u00ba<\/td><td>FRITZLER OTTO<\/td><td>FORD<\/td><td>29.740<\/td><\/tr><tr><td>31\u00ba<\/td><td>CANDELA KEVIN<\/td><td>TORINO<\/td><td>30.075<\/td><\/tr><tr><td>32\u00ba<\/td><td>SERRANO MART\u00cdN<\/td><td>CHEVROLET<\/td><td>36.180<\/td><\/tr><tr><td>33\u00ba<\/td><td>OKULOVICH CARLOS<\/td><td>TORINO<\/td><td>37.029<\/td><\/tr><tr><td>34\u00ba<\/td><td>JALAF MAT\u00cdAS<\/td><td>FORD<\/td><td>37.393<\/td><\/tr><tr><td>35\u00ba<\/td><td>SOTRO LEONEL<\/td><td>FORD<\/td><td>37.614<\/td><\/tr><tr><td>36\u00ba<\/td><td>CARINELLI AUGUSTO<\/td><td>DODGE<\/td><td>37.920<\/td><\/tr><tr><td>37\u00ba<\/td><td>KRUJOSKI HUMBERTO<\/td><td>DODGE<\/td><td>38.131<\/td><\/tr><tr><td>38\u00ba<\/td><td>GINI ESTEBAN<\/td><td>TORINO<\/td><td>40.933<\/td><\/tr><tr><td>39\u00ba<\/td><td>COTIGNOLA NICOL\u00c1S<\/td><td>TORINO<\/td><td>1;07.251<\/td><\/tr><tr><td>40\u00ba<\/td><td>FONTANA NORBERTO<\/td><td>TORINO<\/td><td>2 VTAS<\/td><\/tr><tr><td>41\u00ba<\/td><td>\u00c1LVAREZ SANTIAGO<\/td><td>DODGE<\/td><td>4 VTAS<\/td><\/tr><tr><td>42\u00ba<\/td><td>AGUIRRE VALENT\u00cdN<\/td><td>DODGE<\/td><td>4 VTAS<\/td><\/tr><tr><td>43\u00ba<\/td><td>FERRANTE GAST\u00d3N<\/td><td>TORINO<\/td><td>4 VTAS<\/td><\/tr><tr><td>44\u00ba<\/td><td>V\u00c1ZQUEZ MART\u00cdN<\/td><td>DODGE<\/td><td>6 VTAS<\/td><\/tr><tr><td>45\u00ba<\/td><td>GARBELINO JUAN<\/td><td>DODGE<\/td><td>7 VTAS<\/td><\/tr><tr><td>46\u00ba<\/td><td>JAKOS ANDR\u00c9S<\/td><td>TOYOTA<\/td><td>9 VTAS<\/td><\/tr><tr><td>47\u00ba<\/td><td>IRIBARNE FEDERICO<\/td><td>DODGE<\/td><td>9 VTAS<\/td><\/tr><tr><td>48\u00ba<\/td><td>RAMOS CHRISTIAN IV\u00c1N<\/td><td>TORINO<\/td><td>12 VTAS<\/td><\/tr><tr><td>49\u00ba<\/td><td>AGRELO MARCELO<\/td><td>DODGE<\/td><td>13 VTAS<\/td><\/tr><tr><td>50\u00ba<\/td><td>DI SCALA CRISTIAN<\/td><td>DODGE<\/td><td>14 VTAS<\/td><\/tr><tr><td>51\u00ba<\/td><td>WERNER MARIANO<\/td><td>FORD<\/td><td>20 VTAS<\/td><\/tr><tr><td>52\u00ba<\/td><td>DE BENEDICTIS J. JUAN B.<\/td><td>FORD<\/td><td>20 VTAS<\/td><\/tr><tr><td>53\u00ba<\/td><td>SPATARO EMILIANO<\/td><td>FORD<\/td><td>23 VTAS<\/td><\/tr><\/tbody><\/table><\/figure>\n\n\n\n<p><strong>PROMEDIO<\/strong>: 147,346 km\/h.&nbsp;<strong>RECORD DE VUELTA<\/strong>: N. FONTANA, en la Vta. 23 en 1:15.260 a 204,682 km\/h.&nbsp;<strong>EXCLUIDO<\/strong>: M. QUIJADA, POR TOQUES A E. SPATARO Y A F. IRIBARNE.&nbsp;<strong>RECARGO<\/strong>: L. PERNIA, POR TOQUE E. GINI.<\/p>\n","protected":false},"excerpt":{"rendered":"<p>Gaston Todino pudo quedarse con la quinta final en el Autodromo uruguayense de concepci\u00f3n.1-2 de Dodge junto a Jonatan Castellano.Julian<\/p>\n","protected":false},"author":3,"featured_media":2651,"comment_status":"open","ping_status":"open","sticky":false,"template":"","format":"standard","meta":{"colormag_page_container_layout":"default_layout","colormag_page_sidebar_layout":"default_layout","footnotes":""},"categories":[6,5],"tags":[507,71,218,695,39],"class_list":["post-6866","post","type-post","status-publish","format-standard","has-post-thumbnail","hentry","category-newsflash","category-latest-news","tag-autodromo-concepcion-u","tag-dodge","tag-entre-rios","tag-german-todino","tag-turismo-carretera"],"yoast_head":"<!-- This site is optimized with the Yoast SEO plugin v27.5 - https:\/\/yoast.com\/product\/yoast-seo-wordpress\/ -->\n<title>Autos del Podio | Fin de la sequ\u00eda<\/title>\n<meta name=\"description\" content=\"Autos del Podio Pasaron 30 fechas para que la marca del carnero vuelva festejar en Turismo Carretera\" \/>\n<meta name=\"robots\" content=\"index, follow, max-snippet:-1, max-image-preview:large, max-video-preview:-1\" \/>\n<link rel=\"canonical\" href=\"http:\/\/autosdelpodio.com\/autos\/fin-de-la-sequia\/\" \/>\n<meta property=\"og:locale\" content=\"es_ES\" \/>\n<meta property=\"og:type\" content=\"article\" \/>\n<meta property=\"og:title\" content=\"Autos del Podio | Fin de la sequ\u00eda\" \/>\n<meta property=\"og:description\" content=\"Autos del Podio Pasaron 30 fechas para que la marca del carnero vuelva festejar en Turismo Carretera\" \/>\n<meta property=\"og:url\" content=\"http:\/\/autosdelpodio.com\/autos\/fin-de-la-sequia\/\" \/>\n<meta property=\"og:site_name\" content=\"Autos del Podio\" \/>\n<meta property=\"article:publisher\" content=\"https:\/\/www.facebook.com\/profile.php?id=100057192590976&amp;amp%3bamp%3bamp%3bamp%3bamp%3bamp%3bamp%3bamp%3bamp%3bamp%3bamp%3bamp%3bamp%3bamp%3bamp%3bamp%3bamp%3bamp%3bref=ts\" \/>\n<meta property=\"article:published_time\" content=\"2023-04-30T20:32:03+00:00\" \/>\n<meta property=\"article:modified_time\" content=\"2023-04-30T20:32:04+00:00\" \/>\n<meta property=\"og:image\" content=\"http:\/\/autosdelpodio.com\/autos\/wp-content\/uploads\/2020\/09\/Logo_Dodge.jpg\" \/>\n\t<meta property=\"og:image:width\" content=\"563\" \/>\n\t<meta property=\"og:image:height\" content=\"419\" \/>\n\t<meta property=\"og:image:type\" content=\"image\/jpeg\" \/>\n<meta name=\"author\" content=\"autosdelpodio\" \/>\n<meta name=\"twitter:card\" content=\"summary_large_image\" \/>\n<meta name=\"twitter:creator\" content=\"@autosdelpodio\" \/>\n<meta name=\"twitter:site\" content=\"@autosdelpodio\" \/>\n<meta name=\"twitter:label1\" content=\"Escrito por\" \/>\n\t<meta name=\"twitter:data1\" content=\"autosdelpodio\" \/>\n\t<meta name=\"twitter:label2\" content=\"Tiempo de lectura\" \/>\n\t<meta name=\"twitter:data2\" content=\"2 minutos\" \/>\n<script type=\"application\/ld+json\" class=\"yoast-schema-graph\">{\"@context\":\"https:\\\/\\\/schema.org\",\"@graph\":[{\"@type\":\"Article\",\"@id\":\"http:\\\/\\\/autosdelpodio.com\\\/autos\\\/fin-de-la-sequia\\\/#article\",\"isPartOf\":{\"@id\":\"http:\\\/\\\/autosdelpodio.com\\\/autos\\\/fin-de-la-sequia\\\/\"},\"author\":{\"name\":\"autosdelpodio\",\"@id\":\"http:\\\/\\\/autosdelpodio.com\\\/autos\\\/#\\\/schema\\\/person\\\/993527a4d01c3acdd3d6bce3770bc942\"},\"headline\":\"Fin de la sequ\u00eda\",\"datePublished\":\"2023-04-30T20:32:03+00:00\",\"dateModified\":\"2023-04-30T20:32:04+00:00\",\"mainEntityOfPage\":{\"@id\":\"http:\\\/\\\/autosdelpodio.com\\\/autos\\\/fin-de-la-sequia\\\/\"},\"wordCount\":343,\"commentCount\":0,\"publisher\":{\"@id\":\"http:\\\/\\\/autosdelpodio.com\\\/autos\\\/#organization\"},\"image\":{\"@id\":\"http:\\\/\\\/autosdelpodio.com\\\/autos\\\/fin-de-la-sequia\\\/#primaryimage\"},\"thumbnailUrl\":\"https:\\\/\\\/autosdelpodio.com\\\/autos\\\/wp-content\\\/uploads\\\/2020\\\/09\\\/Logo_Dodge.jpg\",\"keywords\":[\"Autodromo Concepci\u00f3n U\",\"Dodge\",\"Entre Rios\",\"German Todino\",\"Turismo Carretera\"],\"articleSection\":[\"Destacado\",\"\u00daltimas noticias\"],\"inLanguage\":\"es\",\"potentialAction\":[{\"@type\":\"CommentAction\",\"name\":\"Comment\",\"target\":[\"http:\\\/\\\/autosdelpodio.com\\\/autos\\\/fin-de-la-sequia\\\/#respond\"]}]},{\"@type\":\"WebPage\",\"@id\":\"http:\\\/\\\/autosdelpodio.com\\\/autos\\\/fin-de-la-sequia\\\/\",\"url\":\"http:\\\/\\\/autosdelpodio.com\\\/autos\\\/fin-de-la-sequia\\\/\",\"name\":\"Autos del Podio | Fin de la sequ\u00eda\",\"isPartOf\":{\"@id\":\"http:\\\/\\\/autosdelpodio.com\\\/autos\\\/#website\"},\"primaryImageOfPage\":{\"@id\":\"http:\\\/\\\/autosdelpodio.com\\\/autos\\\/fin-de-la-sequia\\\/#primaryimage\"},\"image\":{\"@id\":\"http:\\\/\\\/autosdelpodio.com\\\/autos\\\/fin-de-la-sequia\\\/#primaryimage\"},\"thumbnailUrl\":\"https:\\\/\\\/autosdelpodio.com\\\/autos\\\/wp-content\\\/uploads\\\/2020\\\/09\\\/Logo_Dodge.jpg\",\"datePublished\":\"2023-04-30T20:32:03+00:00\",\"dateModified\":\"2023-04-30T20:32:04+00:00\",\"description\":\"Autos del Podio Pasaron 30 fechas para que la marca del carnero vuelva festejar en Turismo Carretera\",\"breadcrumb\":{\"@id\":\"http:\\\/\\\/autosdelpodio.com\\\/autos\\\/fin-de-la-sequia\\\/#breadcrumb\"},\"inLanguage\":\"es\",\"potentialAction\":[{\"@type\":\"ReadAction\",\"target\":[\"http:\\\/\\\/autosdelpodio.com\\\/autos\\\/fin-de-la-sequia\\\/\"]}]},{\"@type\":\"ImageObject\",\"inLanguage\":\"es\",\"@id\":\"http:\\\/\\\/autosdelpodio.com\\\/autos\\\/fin-de-la-sequia\\\/#primaryimage\",\"url\":\"https:\\\/\\\/autosdelpodio.com\\\/autos\\\/wp-content\\\/uploads\\\/2020\\\/09\\\/Logo_Dodge.jpg\",\"contentUrl\":\"https:\\\/\\\/autosdelpodio.com\\\/autos\\\/wp-content\\\/uploads\\\/2020\\\/09\\\/Logo_Dodge.jpg\",\"width\":563,\"height\":419},{\"@type\":\"BreadcrumbList\",\"@id\":\"http:\\\/\\\/autosdelpodio.com\\\/autos\\\/fin-de-la-sequia\\\/#breadcrumb\",\"itemListElement\":[{\"@type\":\"ListItem\",\"position\":1,\"name\":\"Portada\",\"item\":\"http:\\\/\\\/autosdelpodio.com\\\/autos\\\/\"},{\"@type\":\"ListItem\",\"position\":2,\"name\":\"Fin de la sequ\u00eda\"}]},{\"@type\":\"WebSite\",\"@id\":\"http:\\\/\\\/autosdelpodio.com\\\/autos\\\/#website\",\"url\":\"http:\\\/\\\/autosdelpodio.com\\\/autos\\\/\",\"name\":\"Autos del Podio\",\"description\":\"La sexta del deporte motor\",\"publisher\":{\"@id\":\"http:\\\/\\\/autosdelpodio.com\\\/autos\\\/#organization\"},\"potentialAction\":[{\"@type\":\"SearchAction\",\"target\":{\"@type\":\"EntryPoint\",\"urlTemplate\":\"http:\\\/\\\/autosdelpodio.com\\\/autos\\\/?s={search_term_string}\"},\"query-input\":{\"@type\":\"PropertyValueSpecification\",\"valueRequired\":true,\"valueName\":\"search_term_string\"}}],\"inLanguage\":\"es\"},{\"@type\":\"Organization\",\"@id\":\"http:\\\/\\\/autosdelpodio.com\\\/autos\\\/#organization\",\"name\":\"Autos del Podio\",\"url\":\"http:\\\/\\\/autosdelpodio.com\\\/autos\\\/\",\"logo\":{\"@type\":\"ImageObject\",\"inLanguage\":\"es\",\"@id\":\"http:\\\/\\\/autosdelpodio.com\\\/autos\\\/#\\\/schema\\\/logo\\\/image\\\/\",\"url\":\"http:\\\/\\\/autosdelpodio.com\\\/autos\\\/wp-content\\\/uploads\\\/2020\\\/08\\\/Logo_AR.jpg\",\"contentUrl\":\"http:\\\/\\\/autosdelpodio.com\\\/autos\\\/wp-content\\\/uploads\\\/2020\\\/08\\\/Logo_AR.jpg\",\"width\":1038,\"height\":1044,\"caption\":\"Autos del Podio\"},\"image\":{\"@id\":\"http:\\\/\\\/autosdelpodio.com\\\/autos\\\/#\\\/schema\\\/logo\\\/image\\\/\"},\"sameAs\":[\"https:\\\/\\\/www.facebook.com\\\/profile.php?id=100057192590976&amp;amp;amp;amp;amp;amp;amp;amp;amp;amp;amp;amp;amp;amp;amp;amp;amp;amp;ref=ts\",\"https:\\\/\\\/x.com\\\/autosdelpodio\",\"https:\\\/\\\/www.youtube.com\\\/user\\\/AutosdelPodio\"]},{\"@type\":\"Person\",\"@id\":\"http:\\\/\\\/autosdelpodio.com\\\/autos\\\/#\\\/schema\\\/person\\\/993527a4d01c3acdd3d6bce3770bc942\",\"name\":\"autosdelpodio\",\"image\":{\"@type\":\"ImageObject\",\"inLanguage\":\"es\",\"@id\":\"https:\\\/\\\/autosdelpodio.com\\\/autos\\\/wp-content\\\/litespeed\\\/avatar\\\/aa8f65cd201a80f6b844f63278aa84af.jpg?ver=1777403005\",\"url\":\"https:\\\/\\\/autosdelpodio.com\\\/autos\\\/wp-content\\\/litespeed\\\/avatar\\\/aa8f65cd201a80f6b844f63278aa84af.jpg?ver=1777403005\",\"contentUrl\":\"https:\\\/\\\/autosdelpodio.com\\\/autos\\\/wp-content\\\/litespeed\\\/avatar\\\/aa8f65cd201a80f6b844f63278aa84af.jpg?ver=1777403005\",\"caption\":\"autosdelpodio\"}}]}<\/script>\n<!-- \/ Yoast SEO plugin. -->","yoast_head_json":{"title":"Autos del Podio | Fin de la sequ\u00eda","description":"Autos del Podio Pasaron 30 fechas para que la marca del carnero vuelva festejar en Turismo Carretera","robots":{"index":"index","follow":"follow","max-snippet":"max-snippet:-1","max-image-preview":"max-image-preview:large","max-video-preview":"max-video-preview:-1"},"canonical":"http:\/\/autosdelpodio.com\/autos\/fin-de-la-sequia\/","og_locale":"es_ES","og_type":"article","og_title":"Autos del Podio | Fin de la sequ\u00eda","og_description":"Autos del Podio Pasaron 30 fechas para que la marca del carnero vuelva festejar en Turismo Carretera","og_url":"http:\/\/autosdelpodio.com\/autos\/fin-de-la-sequia\/","og_site_name":"Autos del Podio","article_publisher":"https:\/\/www.facebook.com\/profile.php?id=100057192590976&amp%3bamp%3bamp%3bamp%3bamp%3bamp%3bamp%3bamp%3bamp%3bamp%3bamp%3bamp%3bamp%3bamp%3bamp%3bamp%3bamp%3bamp%3bref=ts","article_published_time":"2023-04-30T20:32:03+00:00","article_modified_time":"2023-04-30T20:32:04+00:00","og_image":[{"width":563,"height":419,"url":"http:\/\/autosdelpodio.com\/autos\/wp-content\/uploads\/2020\/09\/Logo_Dodge.jpg","type":"image\/jpeg"}],"author":"autosdelpodio","twitter_card":"summary_large_image","twitter_creator":"@autosdelpodio","twitter_site":"@autosdelpodio","twitter_misc":{"Escrito por":"autosdelpodio","Tiempo de lectura":"2 minutos"},"schema":{"@context":"https:\/\/schema.org","@graph":[{"@type":"Article","@id":"http:\/\/autosdelpodio.com\/autos\/fin-de-la-sequia\/#article","isPartOf":{"@id":"http:\/\/autosdelpodio.com\/autos\/fin-de-la-sequia\/"},"author":{"name":"autosdelpodio","@id":"http:\/\/autosdelpodio.com\/autos\/#\/schema\/person\/993527a4d01c3acdd3d6bce3770bc942"},"headline":"Fin de la sequ\u00eda","datePublished":"2023-04-30T20:32:03+00:00","dateModified":"2023-04-30T20:32:04+00:00","mainEntityOfPage":{"@id":"http:\/\/autosdelpodio.com\/autos\/fin-de-la-sequia\/"},"wordCount":343,"commentCount":0,"publisher":{"@id":"http:\/\/autosdelpodio.com\/autos\/#organization"},"image":{"@id":"http:\/\/autosdelpodio.com\/autos\/fin-de-la-sequia\/#primaryimage"},"thumbnailUrl":"https:\/\/autosdelpodio.com\/autos\/wp-content\/uploads\/2020\/09\/Logo_Dodge.jpg","keywords":["Autodromo Concepci\u00f3n U","Dodge","Entre Rios","German Todino","Turismo Carretera"],"articleSection":["Destacado","\u00daltimas noticias"],"inLanguage":"es","potentialAction":[{"@type":"CommentAction","name":"Comment","target":["http:\/\/autosdelpodio.com\/autos\/fin-de-la-sequia\/#respond"]}]},{"@type":"WebPage","@id":"http:\/\/autosdelpodio.com\/autos\/fin-de-la-sequia\/","url":"http:\/\/autosdelpodio.com\/autos\/fin-de-la-sequia\/","name":"Autos del Podio | Fin de la sequ\u00eda","isPartOf":{"@id":"http:\/\/autosdelpodio.com\/autos\/#website"},"primaryImageOfPage":{"@id":"http:\/\/autosdelpodio.com\/autos\/fin-de-la-sequia\/#primaryimage"},"image":{"@id":"http:\/\/autosdelpodio.com\/autos\/fin-de-la-sequia\/#primaryimage"},"thumbnailUrl":"https:\/\/autosdelpodio.com\/autos\/wp-content\/uploads\/2020\/09\/Logo_Dodge.jpg","datePublished":"2023-04-30T20:32:03+00:00","dateModified":"2023-04-30T20:32:04+00:00","description":"Autos del Podio Pasaron 30 fechas para que la marca del carnero vuelva festejar en Turismo Carretera","breadcrumb":{"@id":"http:\/\/autosdelpodio.com\/autos\/fin-de-la-sequia\/#breadcrumb"},"inLanguage":"es","potentialAction":[{"@type":"ReadAction","target":["http:\/\/autosdelpodio.com\/autos\/fin-de-la-sequia\/"]}]},{"@type":"ImageObject","inLanguage":"es","@id":"http:\/\/autosdelpodio.com\/autos\/fin-de-la-sequia\/#primaryimage","url":"https:\/\/autosdelpodio.com\/autos\/wp-content\/uploads\/2020\/09\/Logo_Dodge.jpg","contentUrl":"https:\/\/autosdelpodio.com\/autos\/wp-content\/uploads\/2020\/09\/Logo_Dodge.jpg","width":563,"height":419},{"@type":"BreadcrumbList","@id":"http:\/\/autosdelpodio.com\/autos\/fin-de-la-sequia\/#breadcrumb","itemListElement":[{"@type":"ListItem","position":1,"name":"Portada","item":"http:\/\/autosdelpodio.com\/autos\/"},{"@type":"ListItem","position":2,"name":"Fin de la sequ\u00eda"}]},{"@type":"WebSite","@id":"http:\/\/autosdelpodio.com\/autos\/#website","url":"http:\/\/autosdelpodio.com\/autos\/","name":"Autos del Podio","description":"La sexta del deporte motor","publisher":{"@id":"http:\/\/autosdelpodio.com\/autos\/#organization"},"potentialAction":[{"@type":"SearchAction","target":{"@type":"EntryPoint","urlTemplate":"http:\/\/autosdelpodio.com\/autos\/?s={search_term_string}"},"query-input":{"@type":"PropertyValueSpecification","valueRequired":true,"valueName":"search_term_string"}}],"inLanguage":"es"},{"@type":"Organization","@id":"http:\/\/autosdelpodio.com\/autos\/#organization","name":"Autos del Podio","url":"http:\/\/autosdelpodio.com\/autos\/","logo":{"@type":"ImageObject","inLanguage":"es","@id":"http:\/\/autosdelpodio.com\/autos\/#\/schema\/logo\/image\/","url":"http:\/\/autosdelpodio.com\/autos\/wp-content\/uploads\/2020\/08\/Logo_AR.jpg","contentUrl":"http:\/\/autosdelpodio.com\/autos\/wp-content\/uploads\/2020\/08\/Logo_AR.jpg","width":1038,"height":1044,"caption":"Autos del Podio"},"image":{"@id":"http:\/\/autosdelpodio.com\/autos\/#\/schema\/logo\/image\/"},"sameAs":["https:\/\/www.facebook.com\/profile.php?id=100057192590976&amp;amp;amp;amp;amp;amp;amp;amp;amp;amp;amp;amp;amp;amp;amp;amp;amp;amp;ref=ts","https:\/\/x.com\/autosdelpodio","https:\/\/www.youtube.com\/user\/AutosdelPodio"]},{"@type":"Person","@id":"http:\/\/autosdelpodio.com\/autos\/#\/schema\/person\/993527a4d01c3acdd3d6bce3770bc942","name":"autosdelpodio","image":{"@type":"ImageObject","inLanguage":"es","@id":"https:\/\/autosdelpodio.com\/autos\/wp-content\/litespeed\/avatar\/aa8f65cd201a80f6b844f63278aa84af.jpg?ver=1777403005","url":"https:\/\/autosdelpodio.com\/autos\/wp-content\/litespeed\/avatar\/aa8f65cd201a80f6b844f63278aa84af.jpg?ver=1777403005","contentUrl":"https:\/\/autosdelpodio.com\/autos\/wp-content\/litespeed\/avatar\/aa8f65cd201a80f6b844f63278aa84af.jpg?ver=1777403005","caption":"autosdelpodio"}}]}},"views":416,"_links":{"self":[{"href":"https:\/\/autosdelpodio.com\/autos\/wp-json\/wp\/v2\/posts\/6866","targetHints":{"allow":["GET"]}}],"collection":[{"href":"https:\/\/autosdelpodio.com\/autos\/wp-json\/wp\/v2\/posts"}],"about":[{"href":"https:\/\/autosdelpodio.com\/autos\/wp-json\/wp\/v2\/types\/post"}],"author":[{"embeddable":true,"href":"https:\/\/autosdelpodio.com\/autos\/wp-json\/wp\/v2\/users\/3"}],"replies":[{"embeddable":true,"href":"https:\/\/autosdelpodio.com\/autos\/wp-json\/wp\/v2\/comments?post=6866"}],"version-history":[{"count":1,"href":"https:\/\/autosdelpodio.com\/autos\/wp-json\/wp\/v2\/posts\/6866\/revisions"}],"predecessor-version":[{"id":6867,"href":"https:\/\/autosdelpodio.com\/autos\/wp-json\/wp\/v2\/posts\/6866\/revisions\/6867"}],"wp:featuredmedia":[{"embeddable":true,"href":"https:\/\/autosdelpodio.com\/autos\/wp-json\/wp\/v2\/media\/2651"}],"wp:attachment":[{"href":"https:\/\/autosdelpodio.com\/autos\/wp-json\/wp\/v2\/media?parent=6866"}],"wp:term":[{"taxonomy":"category","embeddable":true,"href":"https:\/\/autosdelpodio.com\/autos\/wp-json\/wp\/v2\/categories?post=6866"},{"taxonomy":"post_tag","embeddable":true,"href":"https:\/\/autosdelpodio.com\/autos\/wp-json\/wp\/v2\/tags?post=6866"}],"curies":[{"name":"wp","href":"https:\/\/api.w.org\/{rel}","templated":true}]}}