{"id":7194,"date":"2023-10-08T15:16:06","date_gmt":"2023-10-08T18:16:06","guid":{"rendered":"http:\/\/autosdelpodio.com\/autos\/?p=7194"},"modified":"2023-10-08T15:16:08","modified_gmt":"2023-10-08T18:16:08","slug":"actividad-por-separado","status":"publish","type":"post","link":"https:\/\/autosdelpodio.com\/autos\/actividad-por-separado\/","title":{"rendered":"Actividad por separado"},"content":{"rendered":"\n<p>Las TC Pick Up se presentaron por primera vez en Comodoro Rivadavia con victoria de Mariano Werner.Andres Jakos y el nuevo puntero Diego Ciantini completaron el podio de la 10ma fecha.<br>En paralelo y por segunda vez en lo que va del 2023, por su parte y de modo \u00abindependiente\u00bb el TC Mouras y TC Pista Mouras que disputaron su antepen\u00faltima fecha.<br>Thomas Ricciardi (Ford) fue el destacado del fin de semana escoltado por Baltazar Leguizamon (Dodge) quien repiti\u00f3 podio y el puntero de la Copa de Oro Jorge Barrio (Chevrolet).<br>En el TCPM Faustino Cifre (Ford) gan\u00f3 por tercera vez en esta temporada por delante de Manuel Borgert y Genaro Rasetto.<br>La pr\u00f3xima fecha que mantendr\u00e1 el aut\u00f3dromo platense como sede las categor\u00edas ACTC ser\u00e1 para el TCM, TCPM y TCPK del 3 al 5 de Noviembre.<\/p>\n\n\n\n<p><strong><em>Final TCPK &#8211; Fecha 10<\/em><\/strong><\/p>\n\n\n\n<figure class=\"wp-block-table\"><table><tbody><tr><td>1<\/td><td>6<\/td><td>WERNER MARIANO<\/td><td>Y<\/td><td>18<\/td><td>23;54.178<\/td><td><\/td><\/tr><tr><td>2<\/td><td>2<\/td><td>JAKOS ANDR\u00c9S<\/td><td>Y<\/td><td>18<\/td><td>23;56.337<\/td><td>2.159<\/td><\/tr><tr><td>3<\/td><td>77<\/td><td>CIANTINI DIEGO<\/td><td>VOLKSWAGEN<\/td><td>18<\/td><td>23;57.272<\/td><td>3.094<\/td><\/tr><tr><td>4<\/td><td>38<\/td><td>LAMBIRIS MAURICIO<\/td><td>FORD<\/td><td>18<\/td><td>23;58.785<\/td><td>4.607<\/td><\/tr><tr><td>5<\/td><td>137<\/td><td>FRITZLER OTTO<\/td><td>NISSAN<\/td><td>18<\/td><td>24;02.344<\/td><td>8.166<\/td><\/tr><tr><td>6<\/td><td>231<\/td><td>URCERA JOS\u00c9 MANUEL<\/td><td>Y<\/td><td>18<\/td><td>24;02.934<\/td><td>8.756<\/td><\/tr><tr><td>7<\/td><td>87<\/td><td>TRUCCO JUAN MART\u00cdN<\/td><td>VOLKSWAGEN<\/td><td>18<\/td><td>24;03.340<\/td><td>9.162<\/td><\/tr><tr><td>8<\/td><td>19<\/td><td>CHAPUR FACUNDO<\/td><td>Y<\/td><td>18<\/td><td>24;03.511<\/td><td>9.333<\/td><\/tr><tr><td>9<\/td><td>1<\/td><td>MART\u00cdNEZ OMAR<\/td><td>FORD<\/td><td>18<\/td><td>24;03.965<\/td><td>9.787<\/td><\/tr><tr><td>10<\/td><td>7<\/td><td>MAZZACANE GAST\u00d3N<\/td><td>VOLKSWAGEN<\/td><td>18<\/td><td>24;04.359<\/td><td>10.181<\/td><\/tr><tr><td>11<\/td><td>56<\/td><td>TODINO GERM\u00c1N<\/td><td>Y<\/td><td>18<\/td><td>24;08.254<\/td><td>14.076<\/td><\/tr><tr><td>12<\/td><td>51<\/td><td>GIANINI JUAN PABLO<\/td><td>FORD<\/td><td>18<\/td><td>24;11.852<\/td><td>17.674<\/td><\/tr><tr><td>13<\/td><td>197<\/td><td>QUIJADA MARCOS<\/td><td>FORD<\/td><td>18<\/td><td>24;12.426<\/td><td>18.248<\/td><\/tr><tr><td>14<\/td><td>111<\/td><td>PEZZUCCHI NICOL\u00c1S<\/td><td>NISSAN<\/td><td>18<\/td><td>24;13.725<\/td><td>19.547<\/td><\/tr><tr><td>15<\/td><td>3<\/td><td>MART\u00cdNEZ AGUST\u00cdN<\/td><td>FORD<\/td><td>18<\/td><td>24;17.921<\/td><td>23.743<\/td><\/tr><tr><td>16<\/td><td>14<\/td><td>RODR\u00cdGUEZ MAT\u00cdAS<\/td><td>Y<\/td><td>18<\/td><td>24;18.745<\/td><td>24.567<\/td><\/tr><tr><td>17<\/td><td>113<\/td><td>LUG\u00d3N RODRIGO<\/td><td>Y<\/td><td>18<\/td><td>24;21.372<\/td><td>27.194<\/td><\/tr><tr><td>18<\/td><td>15<\/td><td>DE CARLO DIEGO<\/td><td>VOLKSWAGEN<\/td><td>18<\/td><td>24;21.626<\/td><td>27.448<\/td><\/tr><tr><td>19<\/td><td>64<\/td><td>MORILLO FRANCO<\/td><td>FORD<\/td><td>18<\/td><td>24;21.828<\/td><td>27.650<\/td><\/tr><tr><td>20<\/td><td>66<\/td><td>JACK JAVIER<\/td><td>FORD<\/td><td>18<\/td><td>24;22.039<\/td><td>27.861<\/td><\/tr><tr><td>21<\/td><td>33<\/td><td>ORTELLI GUILLERMO<\/td><td>VOLKSWAGEN<\/td><td>18<\/td><td>24;30.164<\/td><td>35.986<\/td><\/tr><tr><td>22<\/td><td>69<\/td><td>MION EDDY<\/td><td>FORD<\/td><td>16<\/td><td>23;12.325<\/td><td>2 VTAS<\/td><\/tr><tr><td>23<\/td><td>127<\/td><td>AGRELO MARCELO<\/td><td>Y<\/td><td>12<\/td><td>16;44.386<\/td><td>6 VTAS<\/td><\/tr><tr><td>24<\/td><td>208<\/td><td>FERRANTE GAST\u00d3N<\/td><td>Y<\/td><td>7<\/td><td>09;30.532<\/td><td>11 VTAS<\/td><\/tr><tr><td colspan=\"7\"><\/td><\/tr><tr><td colspan=\"7\">PROMEDIO: 171,875 Km\/h<\/td><\/tr><tr><td colspan=\"7\"><\/td><\/tr><tr><td colspan=\"7\">RECORD DE VUELTA: Nro 6 (WERNER) Vta 2 en 1:18.700 a 174,007 Km\/h<\/td><\/tr><\/tbody><\/table><\/figure>\n","protected":false},"excerpt":{"rendered":"<p>Las TC Pick Up se presentaron por primera vez en Comodoro Rivadavia con victoria de Mariano Werner.Andres Jakos y el<\/p>\n","protected":false},"author":3,"featured_media":0,"comment_status":"open","ping_status":"open","sticky":false,"template":"","format":"standard","meta":{"colormag_page_container_layout":"default_layout","colormag_page_sidebar_layout":"default_layout","footnotes":""},"categories":[16,5],"tags":[143,718,410,384,145],"class_list":["post-7194","post","type-post","status-publish","format-standard","hentry","category-recta-principal","category-latest-news","tag-actc","tag-comodoro-rivadavia","tag-hilux","tag-mariano-werner","tag-tc-pick-up"],"yoast_head":"<!-- This site is optimized with the Yoast SEO plugin v27.5 - https:\/\/yoast.com\/product\/yoast-seo-wordpress\/ -->\n<title>Autos del Podio | Actividad por separado<\/title>\n<meta name=\"description\" content=\"Autos del Podio Mariano Werner encabez\u00f3 el 1-2 de las Hilux en las TC Pick Up\" \/>\n<meta name=\"robots\" content=\"index, follow, max-snippet:-1, max-image-preview:large, max-video-preview:-1\" \/>\n<link rel=\"canonical\" href=\"https:\/\/autosdelpodio.com\/autos\/actividad-por-separado\/\" \/>\n<meta property=\"og:locale\" content=\"es_ES\" \/>\n<meta property=\"og:type\" content=\"article\" \/>\n<meta property=\"og:title\" content=\"Autos del Podio | Actividad por separado\" \/>\n<meta property=\"og:description\" content=\"Autos del Podio Mariano Werner encabez\u00f3 el 1-2 de las Hilux en las TC Pick Up\" \/>\n<meta property=\"og:url\" content=\"https:\/\/autosdelpodio.com\/autos\/actividad-por-separado\/\" \/>\n<meta property=\"og:site_name\" content=\"Autos del Podio\" \/>\n<meta property=\"article:publisher\" content=\"https:\/\/www.facebook.com\/profile.php?id=100057192590976&amp;amp%3bamp%3bamp%3bamp%3bamp%3bamp%3bamp%3bamp%3bamp%3bamp%3bamp%3bamp%3bamp%3bamp%3bamp%3bamp%3bamp%3bamp%3bref=ts\" \/>\n<meta property=\"article:published_time\" content=\"2023-10-08T18:16:06+00:00\" \/>\n<meta property=\"article:modified_time\" content=\"2023-10-08T18:16:08+00:00\" \/>\n<meta name=\"author\" content=\"autosdelpodio\" \/>\n<meta name=\"twitter:card\" content=\"summary_large_image\" \/>\n<meta name=\"twitter:creator\" content=\"@autosdelpodio\" \/>\n<meta name=\"twitter:site\" content=\"@autosdelpodio\" \/>\n<meta name=\"twitter:label1\" content=\"Escrito por\" \/>\n\t<meta name=\"twitter:data1\" content=\"autosdelpodio\" \/>\n\t<meta name=\"twitter:label2\" content=\"Tiempo de lectura\" \/>\n\t<meta name=\"twitter:data2\" content=\"2 minutos\" \/>\n<script type=\"application\/ld+json\" class=\"yoast-schema-graph\">{\"@context\":\"https:\\\/\\\/schema.org\",\"@graph\":[{\"@type\":\"Article\",\"@id\":\"https:\\\/\\\/autosdelpodio.com\\\/autos\\\/actividad-por-separado\\\/#article\",\"isPartOf\":{\"@id\":\"https:\\\/\\\/autosdelpodio.com\\\/autos\\\/actividad-por-separado\\\/\"},\"author\":{\"name\":\"autosdelpodio\",\"@id\":\"http:\\\/\\\/autosdelpodio.com\\\/autos\\\/#\\\/schema\\\/person\\\/993527a4d01c3acdd3d6bce3770bc942\"},\"headline\":\"Actividad por separado\",\"datePublished\":\"2023-10-08T18:16:06+00:00\",\"dateModified\":\"2023-10-08T18:16:08+00:00\",\"mainEntityOfPage\":{\"@id\":\"https:\\\/\\\/autosdelpodio.com\\\/autos\\\/actividad-por-separado\\\/\"},\"wordCount\":251,\"commentCount\":0,\"publisher\":{\"@id\":\"http:\\\/\\\/autosdelpodio.com\\\/autos\\\/#organization\"},\"keywords\":[\"ACTC\",\"Comodoro Rivadavia\",\"Hilux\",\"Mariano Werner\",\"TC Pick Up\"],\"articleSection\":[\"Recta Principal\",\"\u00daltimas noticias\"],\"inLanguage\":\"es\",\"potentialAction\":[{\"@type\":\"CommentAction\",\"name\":\"Comment\",\"target\":[\"https:\\\/\\\/autosdelpodio.com\\\/autos\\\/actividad-por-separado\\\/#respond\"]}]},{\"@type\":\"WebPage\",\"@id\":\"https:\\\/\\\/autosdelpodio.com\\\/autos\\\/actividad-por-separado\\\/\",\"url\":\"https:\\\/\\\/autosdelpodio.com\\\/autos\\\/actividad-por-separado\\\/\",\"name\":\"Autos del Podio | Actividad por separado\",\"isPartOf\":{\"@id\":\"http:\\\/\\\/autosdelpodio.com\\\/autos\\\/#website\"},\"datePublished\":\"2023-10-08T18:16:06+00:00\",\"dateModified\":\"2023-10-08T18:16:08+00:00\",\"description\":\"Autos del Podio Mariano Werner encabez\u00f3 el 1-2 de las Hilux en las TC Pick Up\",\"breadcrumb\":{\"@id\":\"https:\\\/\\\/autosdelpodio.com\\\/autos\\\/actividad-por-separado\\\/#breadcrumb\"},\"inLanguage\":\"es\",\"potentialAction\":[{\"@type\":\"ReadAction\",\"target\":[\"https:\\\/\\\/autosdelpodio.com\\\/autos\\\/actividad-por-separado\\\/\"]}]},{\"@type\":\"BreadcrumbList\",\"@id\":\"https:\\\/\\\/autosdelpodio.com\\\/autos\\\/actividad-por-separado\\\/#breadcrumb\",\"itemListElement\":[{\"@type\":\"ListItem\",\"position\":1,\"name\":\"Portada\",\"item\":\"http:\\\/\\\/autosdelpodio.com\\\/autos\\\/\"},{\"@type\":\"ListItem\",\"position\":2,\"name\":\"Actividad por separado\"}]},{\"@type\":\"WebSite\",\"@id\":\"http:\\\/\\\/autosdelpodio.com\\\/autos\\\/#website\",\"url\":\"http:\\\/\\\/autosdelpodio.com\\\/autos\\\/\",\"name\":\"Autos del Podio\",\"description\":\"La sexta del deporte motor\",\"publisher\":{\"@id\":\"http:\\\/\\\/autosdelpodio.com\\\/autos\\\/#organization\"},\"potentialAction\":[{\"@type\":\"SearchAction\",\"target\":{\"@type\":\"EntryPoint\",\"urlTemplate\":\"http:\\\/\\\/autosdelpodio.com\\\/autos\\\/?s={search_term_string}\"},\"query-input\":{\"@type\":\"PropertyValueSpecification\",\"valueRequired\":true,\"valueName\":\"search_term_string\"}}],\"inLanguage\":\"es\"},{\"@type\":\"Organization\",\"@id\":\"http:\\\/\\\/autosdelpodio.com\\\/autos\\\/#organization\",\"name\":\"Autos del Podio\",\"url\":\"http:\\\/\\\/autosdelpodio.com\\\/autos\\\/\",\"logo\":{\"@type\":\"ImageObject\",\"inLanguage\":\"es\",\"@id\":\"http:\\\/\\\/autosdelpodio.com\\\/autos\\\/#\\\/schema\\\/logo\\\/image\\\/\",\"url\":\"http:\\\/\\\/autosdelpodio.com\\\/autos\\\/wp-content\\\/uploads\\\/2020\\\/08\\\/Logo_AR.jpg\",\"contentUrl\":\"http:\\\/\\\/autosdelpodio.com\\\/autos\\\/wp-content\\\/uploads\\\/2020\\\/08\\\/Logo_AR.jpg\",\"width\":1038,\"height\":1044,\"caption\":\"Autos del Podio\"},\"image\":{\"@id\":\"http:\\\/\\\/autosdelpodio.com\\\/autos\\\/#\\\/schema\\\/logo\\\/image\\\/\"},\"sameAs\":[\"https:\\\/\\\/www.facebook.com\\\/profile.php?id=100057192590976&amp;amp;amp;amp;amp;amp;amp;amp;amp;amp;amp;amp;amp;amp;amp;amp;amp;amp;ref=ts\",\"https:\\\/\\\/x.com\\\/autosdelpodio\",\"https:\\\/\\\/www.youtube.com\\\/user\\\/AutosdelPodio\"]},{\"@type\":\"Person\",\"@id\":\"http:\\\/\\\/autosdelpodio.com\\\/autos\\\/#\\\/schema\\\/person\\\/993527a4d01c3acdd3d6bce3770bc942\",\"name\":\"autosdelpodio\",\"image\":{\"@type\":\"ImageObject\",\"inLanguage\":\"es\",\"@id\":\"https:\\\/\\\/autosdelpodio.com\\\/autos\\\/wp-content\\\/litespeed\\\/avatar\\\/aa8f65cd201a80f6b844f63278aa84af.jpg?ver=1777403005\",\"url\":\"https:\\\/\\\/autosdelpodio.com\\\/autos\\\/wp-content\\\/litespeed\\\/avatar\\\/aa8f65cd201a80f6b844f63278aa84af.jpg?ver=1777403005\",\"contentUrl\":\"https:\\\/\\\/autosdelpodio.com\\\/autos\\\/wp-content\\\/litespeed\\\/avatar\\\/aa8f65cd201a80f6b844f63278aa84af.jpg?ver=1777403005\",\"caption\":\"autosdelpodio\"}}]}<\/script>\n<!-- \/ Yoast SEO plugin. -->","yoast_head_json":{"title":"Autos del Podio | Actividad por separado","description":"Autos del Podio Mariano Werner encabez\u00f3 el 1-2 de las Hilux en las TC Pick Up","robots":{"index":"index","follow":"follow","max-snippet":"max-snippet:-1","max-image-preview":"max-image-preview:large","max-video-preview":"max-video-preview:-1"},"canonical":"https:\/\/autosdelpodio.com\/autos\/actividad-por-separado\/","og_locale":"es_ES","og_type":"article","og_title":"Autos del Podio | Actividad por separado","og_description":"Autos del Podio Mariano Werner encabez\u00f3 el 1-2 de las Hilux en las TC Pick Up","og_url":"https:\/\/autosdelpodio.com\/autos\/actividad-por-separado\/","og_site_name":"Autos del Podio","article_publisher":"https:\/\/www.facebook.com\/profile.php?id=100057192590976&amp%3bamp%3bamp%3bamp%3bamp%3bamp%3bamp%3bamp%3bamp%3bamp%3bamp%3bamp%3bamp%3bamp%3bamp%3bamp%3bamp%3bamp%3bref=ts","article_published_time":"2023-10-08T18:16:06+00:00","article_modified_time":"2023-10-08T18:16:08+00:00","author":"autosdelpodio","twitter_card":"summary_large_image","twitter_creator":"@autosdelpodio","twitter_site":"@autosdelpodio","twitter_misc":{"Escrito por":"autosdelpodio","Tiempo de lectura":"2 minutos"},"schema":{"@context":"https:\/\/schema.org","@graph":[{"@type":"Article","@id":"https:\/\/autosdelpodio.com\/autos\/actividad-por-separado\/#article","isPartOf":{"@id":"https:\/\/autosdelpodio.com\/autos\/actividad-por-separado\/"},"author":{"name":"autosdelpodio","@id":"http:\/\/autosdelpodio.com\/autos\/#\/schema\/person\/993527a4d01c3acdd3d6bce3770bc942"},"headline":"Actividad por separado","datePublished":"2023-10-08T18:16:06+00:00","dateModified":"2023-10-08T18:16:08+00:00","mainEntityOfPage":{"@id":"https:\/\/autosdelpodio.com\/autos\/actividad-por-separado\/"},"wordCount":251,"commentCount":0,"publisher":{"@id":"http:\/\/autosdelpodio.com\/autos\/#organization"},"keywords":["ACTC","Comodoro Rivadavia","Hilux","Mariano Werner","TC Pick Up"],"articleSection":["Recta Principal","\u00daltimas noticias"],"inLanguage":"es","potentialAction":[{"@type":"CommentAction","name":"Comment","target":["https:\/\/autosdelpodio.com\/autos\/actividad-por-separado\/#respond"]}]},{"@type":"WebPage","@id":"https:\/\/autosdelpodio.com\/autos\/actividad-por-separado\/","url":"https:\/\/autosdelpodio.com\/autos\/actividad-por-separado\/","name":"Autos del Podio | Actividad por separado","isPartOf":{"@id":"http:\/\/autosdelpodio.com\/autos\/#website"},"datePublished":"2023-10-08T18:16:06+00:00","dateModified":"2023-10-08T18:16:08+00:00","description":"Autos del Podio Mariano Werner encabez\u00f3 el 1-2 de las Hilux en las TC Pick Up","breadcrumb":{"@id":"https:\/\/autosdelpodio.com\/autos\/actividad-por-separado\/#breadcrumb"},"inLanguage":"es","potentialAction":[{"@type":"ReadAction","target":["https:\/\/autosdelpodio.com\/autos\/actividad-por-separado\/"]}]},{"@type":"BreadcrumbList","@id":"https:\/\/autosdelpodio.com\/autos\/actividad-por-separado\/#breadcrumb","itemListElement":[{"@type":"ListItem","position":1,"name":"Portada","item":"http:\/\/autosdelpodio.com\/autos\/"},{"@type":"ListItem","position":2,"name":"Actividad por separado"}]},{"@type":"WebSite","@id":"http:\/\/autosdelpodio.com\/autos\/#website","url":"http:\/\/autosdelpodio.com\/autos\/","name":"Autos del Podio","description":"La sexta del deporte motor","publisher":{"@id":"http:\/\/autosdelpodio.com\/autos\/#organization"},"potentialAction":[{"@type":"SearchAction","target":{"@type":"EntryPoint","urlTemplate":"http:\/\/autosdelpodio.com\/autos\/?s={search_term_string}"},"query-input":{"@type":"PropertyValueSpecification","valueRequired":true,"valueName":"search_term_string"}}],"inLanguage":"es"},{"@type":"Organization","@id":"http:\/\/autosdelpodio.com\/autos\/#organization","name":"Autos del Podio","url":"http:\/\/autosdelpodio.com\/autos\/","logo":{"@type":"ImageObject","inLanguage":"es","@id":"http:\/\/autosdelpodio.com\/autos\/#\/schema\/logo\/image\/","url":"http:\/\/autosdelpodio.com\/autos\/wp-content\/uploads\/2020\/08\/Logo_AR.jpg","contentUrl":"http:\/\/autosdelpodio.com\/autos\/wp-content\/uploads\/2020\/08\/Logo_AR.jpg","width":1038,"height":1044,"caption":"Autos del Podio"},"image":{"@id":"http:\/\/autosdelpodio.com\/autos\/#\/schema\/logo\/image\/"},"sameAs":["https:\/\/www.facebook.com\/profile.php?id=100057192590976&amp;amp;amp;amp;amp;amp;amp;amp;amp;amp;amp;amp;amp;amp;amp;amp;amp;amp;ref=ts","https:\/\/x.com\/autosdelpodio","https:\/\/www.youtube.com\/user\/AutosdelPodio"]},{"@type":"Person","@id":"http:\/\/autosdelpodio.com\/autos\/#\/schema\/person\/993527a4d01c3acdd3d6bce3770bc942","name":"autosdelpodio","image":{"@type":"ImageObject","inLanguage":"es","@id":"https:\/\/autosdelpodio.com\/autos\/wp-content\/litespeed\/avatar\/aa8f65cd201a80f6b844f63278aa84af.jpg?ver=1777403005","url":"https:\/\/autosdelpodio.com\/autos\/wp-content\/litespeed\/avatar\/aa8f65cd201a80f6b844f63278aa84af.jpg?ver=1777403005","contentUrl":"https:\/\/autosdelpodio.com\/autos\/wp-content\/litespeed\/avatar\/aa8f65cd201a80f6b844f63278aa84af.jpg?ver=1777403005","caption":"autosdelpodio"}}]}},"views":405,"_links":{"self":[{"href":"https:\/\/autosdelpodio.com\/autos\/wp-json\/wp\/v2\/posts\/7194","targetHints":{"allow":["GET"]}}],"collection":[{"href":"https:\/\/autosdelpodio.com\/autos\/wp-json\/wp\/v2\/posts"}],"about":[{"href":"https:\/\/autosdelpodio.com\/autos\/wp-json\/wp\/v2\/types\/post"}],"author":[{"embeddable":true,"href":"https:\/\/autosdelpodio.com\/autos\/wp-json\/wp\/v2\/users\/3"}],"replies":[{"embeddable":true,"href":"https:\/\/autosdelpodio.com\/autos\/wp-json\/wp\/v2\/comments?post=7194"}],"version-history":[{"count":2,"href":"https:\/\/autosdelpodio.com\/autos\/wp-json\/wp\/v2\/posts\/7194\/revisions"}],"predecessor-version":[{"id":7196,"href":"https:\/\/autosdelpodio.com\/autos\/wp-json\/wp\/v2\/posts\/7194\/revisions\/7196"}],"wp:attachment":[{"href":"https:\/\/autosdelpodio.com\/autos\/wp-json\/wp\/v2\/media?parent=7194"}],"wp:term":[{"taxonomy":"category","embeddable":true,"href":"https:\/\/autosdelpodio.com\/autos\/wp-json\/wp\/v2\/categories?post=7194"},{"taxonomy":"post_tag","embeddable":true,"href":"https:\/\/autosdelpodio.com\/autos\/wp-json\/wp\/v2\/tags?post=7194"}],"curies":[{"name":"wp","href":"https:\/\/api.w.org\/{rel}","templated":true}]}}