{"id":7398,"date":"2024-01-25T12:40:35","date_gmt":"2024-01-25T15:40:35","guid":{"rendered":"http:\/\/autosdelpodio.com\/autos\/?p=7398"},"modified":"2024-02-27T20:23:58","modified_gmt":"2024-02-27T23:23:58","slug":"el-mercado-de-pases-tc2000-2024","status":"publish","type":"post","link":"https:\/\/autosdelpodio.com\/autos\/el-mercado-de-pases-tc2000-2024\/","title":{"rendered":"El mercado de pases TC2000 \u2013 2024"},"content":{"rendered":"\n<p>Te ponemos al d\u00eda con los movimientos generados hasta aqu\u00ed de cara a la temporada venidera. Cambio de pilotos, de marcas y equipos. \u00c9ste es el panorama de c\u00f3mo est\u00e1n conformadas las escuadras oficiales, semioficiales y particulares de cara al comienzo el 3 de Marzo en escenario a confirmar.<\/p>\n\n\n\n<p><strong>Axion Energy Sport:<\/strong> Bajo Sigue de manera privada con el Ambroggio Racing para la atenci\u00f3n de los respectivos Renault Fluence.<br>Han confirmado a el campe\u00f3n 2023 Leonel Pern\u00eda y Mat\u00edas Capurro. Facundo Marques no ser\u00e1 de la partida. Ignacio Montenegro se alej\u00f3 y seguir\u00eda en el TCR South America. Facundo Aldrighetti fue anunciado por el equipo.<\/p>\n\n\n\n<p>Arriban al AR el paraguayo Miguel Garcia y Figo Bessone con el Fluence #88 en la flamante Copa Rookie Latam<\/p>\n\n\n\n<p><strong>YFP Elaion Auro Pro Racing: <\/strong>Franco Vivian, un hist\u00f3rico del equipo y de la marca Chevrolet emigrar\u00e1 al equipo Honda. Se busc\u00f3 un reemplazante de experiencia, ya que el uruguayo Rodrigo Aramend\u00eda anunci\u00f3 su desvinculaci\u00f3n.&nbsp;Dami\u00e1n Fineschi e Ignacio M\u00e9ndez (campe\u00f3n Rotax argentino 2021) fueron los elegidos.<\/p>\n\n\n\n<p><strong>Toyota Gazoo Racing:<\/strong> retorna a la categor\u00eda luego de 2 temporadas el campe\u00f3n 2020\/21 Mat\u00edas Rossi. Har\u00e1 dupla con Marcelo Ciarrocchi.<br>Facundo Aldrighetti, de buena labor en el Top Race V6 no contin\u00faa en la marca. El que se fue de la categor\u00eda es Juli\u00e1n Santero, que decidi\u00f3 incursionar por primera vez en las TC Pick Up.<\/p>\n\n\n\n<p><strong>YPF Honda Racing:<\/strong> el team de Roberto Valle renueva parcialmente su plantel de pilotos. Ante la salida de Facundo Ardusso a las TCPK, se movi\u00f3 r\u00e1pidamente para subir a un Civic a Franco Vivian.<br>Las otras 3 butacas ser\u00e1n para Bernardo Llaver y Javier Scuncio Moro (ambos contin\u00faan) y para el ascendente del TC2000 Series Emiliano Stang.<\/p>\n\n\n\n<p><strong>Octanos Competici\u00f3n:<\/strong> el equipo de Sebasti\u00e1n Mart\u00ednez no confirm\u00f3 la continuidad del <a href=\"http:\/\/autosdelpodio.com\/autos\/triunfo-y-campeonato-para-josito\/\" target=\"_blank\" rel=\"noreferrer noopener\">campe\u00f3n del Top Race V6 Josito Di Palma<\/a> ya sin Marcelo Ciarrocchi para los sendos Fiat Cronos hasta que a mediados de <a href=\"http:\/\/autosdelpodio.com\/autos\/las-fechas-del-tc2000-2024\/\" target=\"_blank\" rel=\"noreferrer noopener\">temporada<\/a> estiman que est\u00e9 terminada la <a href=\"https:\/\/www.youtube.com\/watch?v=07c-H3yvt-4\" target=\"_blank\" rel=\"noreferrer noopener\">SUV<\/a> Pulse.La renovacion de su plantel radica en la apuesta por Juan Pablo Traverso y Tomas Micheloud.<\/p>\n\n\n\n<p><strong>Corsi Sport:<\/strong> Christian Corsi arriba con su equipo para reacondicionar 2 Toyota Corolla ex TC2000 Series y uno de ellos lo conducir\u00e1 el joven Kevin Felippo.La intenci\u00f3n es poner en pista la segunda unidad disponible.<\/p>\n\n\n\n<p><strong>JM Motorsport:<\/strong> termin\u00f3 el 2023 con Nicol\u00e1s Traut (Chevrolet Cruze) y suma al joven Ayrton Chorne.<\/p>\n\n\n\n<p><strong>SDE San Juan:<\/strong> sigue con el Citroen C4 para el sanjuanino Fabricio Persia.<\/p>\n\n\n\n<p><strong>MyR Racing Team: <\/strong>el retornado Franco Riva espera mantener la continuidad a bordo del Cruze.<\/p>\n","protected":false},"excerpt":{"rendered":"<p>Te ponemos al d\u00eda con los movimientos generados hasta aqu\u00ed de cara a la temporada venidera. Cambio de pilotos, de<\/p>\n","protected":false},"author":3,"featured_media":7401,"comment_status":"open","ping_status":"open","sticky":false,"template":"","format":"standard","meta":{"colormag_page_container_layout":"default_layout","colormag_page_sidebar_layout":"default_layout","footnotes":""},"categories":[6,5],"tags":[85,86,217,656],"class_list":["post-7398","post","type-post","status-publish","format-standard","has-post-thumbnail","hentry","category-newsflash","category-latest-news","tag-mercado-de-pases","tag-pilotos-y-categorias","tag-tc2000","tag-tc2000-series"],"yoast_head":"<!-- This site is optimized with the Yoast SEO plugin v27.5 - https:\/\/yoast.com\/product\/yoast-seo-wordpress\/ -->\n<title>Autos del Podio | El mercado de pases TC2000 \u2013 2024<\/title>\n<meta name=\"description\" content=\"Autos del Podio A la espera de las SUV, equipos y pilotos para el 44\u00ba Campeonato Argentino de TC2000\" \/>\n<meta name=\"robots\" content=\"index, follow, max-snippet:-1, max-image-preview:large, max-video-preview:-1\" \/>\n<link rel=\"canonical\" href=\"http:\/\/autosdelpodio.com\/autos\/el-mercado-de-pases-tc2000-2024\/\" \/>\n<meta property=\"og:locale\" content=\"es_ES\" \/>\n<meta property=\"og:type\" content=\"article\" \/>\n<meta property=\"og:title\" content=\"Autos del Podio | El mercado de pases TC2000 \u2013 2024\" \/>\n<meta property=\"og:description\" content=\"Autos del Podio A la espera de las SUV, equipos y pilotos para el 44\u00ba Campeonato Argentino de TC2000\" \/>\n<meta property=\"og:url\" content=\"http:\/\/autosdelpodio.com\/autos\/el-mercado-de-pases-tc2000-2024\/\" \/>\n<meta property=\"og:site_name\" content=\"Autos del Podio\" \/>\n<meta property=\"article:publisher\" content=\"https:\/\/www.facebook.com\/profile.php?id=100057192590976&amp;amp%3bamp%3bamp%3bamp%3bamp%3bamp%3bamp%3bamp%3bamp%3bamp%3bamp%3bamp%3bamp%3bamp%3bamp%3bamp%3bamp%3bamp%3bref=ts\" \/>\n<meta property=\"article:published_time\" content=\"2024-01-25T15:40:35+00:00\" \/>\n<meta property=\"article:modified_time\" content=\"2024-02-27T23:23:58+00:00\" \/>\n<meta property=\"og:image\" content=\"http:\/\/autosdelpodio.com\/autos\/wp-content\/uploads\/2024\/01\/TC2000_23.jpg\" \/>\n\t<meta property=\"og:image:width\" content=\"500\" \/>\n\t<meta property=\"og:image:height\" content=\"325\" \/>\n\t<meta property=\"og:image:type\" content=\"image\/jpeg\" \/>\n<meta name=\"author\" content=\"autosdelpodio\" \/>\n<meta name=\"twitter:card\" content=\"summary_large_image\" \/>\n<meta name=\"twitter:creator\" content=\"@autosdelpodio\" \/>\n<meta name=\"twitter:site\" content=\"@autosdelpodio\" \/>\n<meta name=\"twitter:label1\" content=\"Escrito por\" \/>\n\t<meta name=\"twitter:data1\" content=\"autosdelpodio\" \/>\n\t<meta name=\"twitter:label2\" content=\"Tiempo de lectura\" \/>\n\t<meta name=\"twitter:data2\" content=\"3 minutos\" \/>\n<script type=\"application\/ld+json\" class=\"yoast-schema-graph\">{\"@context\":\"https:\\\/\\\/schema.org\",\"@graph\":[{\"@type\":\"Article\",\"@id\":\"http:\\\/\\\/autosdelpodio.com\\\/autos\\\/el-mercado-de-pases-tc2000-2024\\\/#article\",\"isPartOf\":{\"@id\":\"http:\\\/\\\/autosdelpodio.com\\\/autos\\\/el-mercado-de-pases-tc2000-2024\\\/\"},\"author\":{\"name\":\"autosdelpodio\",\"@id\":\"http:\\\/\\\/autosdelpodio.com\\\/autos\\\/#\\\/schema\\\/person\\\/993527a4d01c3acdd3d6bce3770bc942\"},\"headline\":\"El mercado de pases TC2000 \u2013 2024\",\"datePublished\":\"2024-01-25T15:40:35+00:00\",\"dateModified\":\"2024-02-27T23:23:58+00:00\",\"mainEntityOfPage\":{\"@id\":\"http:\\\/\\\/autosdelpodio.com\\\/autos\\\/el-mercado-de-pases-tc2000-2024\\\/\"},\"wordCount\":450,\"commentCount\":0,\"publisher\":{\"@id\":\"http:\\\/\\\/autosdelpodio.com\\\/autos\\\/#organization\"},\"image\":{\"@id\":\"http:\\\/\\\/autosdelpodio.com\\\/autos\\\/el-mercado-de-pases-tc2000-2024\\\/#primaryimage\"},\"thumbnailUrl\":\"https:\\\/\\\/autosdelpodio.com\\\/autos\\\/wp-content\\\/uploads\\\/2024\\\/01\\\/TC2000_23.jpg\",\"keywords\":[\"Mercado de Pases\",\"Pilotos y Categorias\",\"TC2000\",\"TC2000 Series\"],\"articleSection\":[\"Destacado\",\"\u00daltimas noticias\"],\"inLanguage\":\"es\",\"potentialAction\":[{\"@type\":\"CommentAction\",\"name\":\"Comment\",\"target\":[\"http:\\\/\\\/autosdelpodio.com\\\/autos\\\/el-mercado-de-pases-tc2000-2024\\\/#respond\"]}]},{\"@type\":\"WebPage\",\"@id\":\"http:\\\/\\\/autosdelpodio.com\\\/autos\\\/el-mercado-de-pases-tc2000-2024\\\/\",\"url\":\"http:\\\/\\\/autosdelpodio.com\\\/autos\\\/el-mercado-de-pases-tc2000-2024\\\/\",\"name\":\"Autos del Podio | El mercado de pases TC2000 \u2013 2024\",\"isPartOf\":{\"@id\":\"http:\\\/\\\/autosdelpodio.com\\\/autos\\\/#website\"},\"primaryImageOfPage\":{\"@id\":\"http:\\\/\\\/autosdelpodio.com\\\/autos\\\/el-mercado-de-pases-tc2000-2024\\\/#primaryimage\"},\"image\":{\"@id\":\"http:\\\/\\\/autosdelpodio.com\\\/autos\\\/el-mercado-de-pases-tc2000-2024\\\/#primaryimage\"},\"thumbnailUrl\":\"https:\\\/\\\/autosdelpodio.com\\\/autos\\\/wp-content\\\/uploads\\\/2024\\\/01\\\/TC2000_23.jpg\",\"datePublished\":\"2024-01-25T15:40:35+00:00\",\"dateModified\":\"2024-02-27T23:23:58+00:00\",\"description\":\"Autos del Podio A la espera de las SUV, equipos y pilotos para el 44\u00ba Campeonato Argentino de TC2000\",\"breadcrumb\":{\"@id\":\"http:\\\/\\\/autosdelpodio.com\\\/autos\\\/el-mercado-de-pases-tc2000-2024\\\/#breadcrumb\"},\"inLanguage\":\"es\",\"potentialAction\":[{\"@type\":\"ReadAction\",\"target\":[\"http:\\\/\\\/autosdelpodio.com\\\/autos\\\/el-mercado-de-pases-tc2000-2024\\\/\"]}]},{\"@type\":\"ImageObject\",\"inLanguage\":\"es\",\"@id\":\"http:\\\/\\\/autosdelpodio.com\\\/autos\\\/el-mercado-de-pases-tc2000-2024\\\/#primaryimage\",\"url\":\"https:\\\/\\\/autosdelpodio.com\\\/autos\\\/wp-content\\\/uploads\\\/2024\\\/01\\\/TC2000_23.jpg\",\"contentUrl\":\"https:\\\/\\\/autosdelpodio.com\\\/autos\\\/wp-content\\\/uploads\\\/2024\\\/01\\\/TC2000_23.jpg\",\"width\":500,\"height\":325,\"caption\":\"TC2000\"},{\"@type\":\"BreadcrumbList\",\"@id\":\"http:\\\/\\\/autosdelpodio.com\\\/autos\\\/el-mercado-de-pases-tc2000-2024\\\/#breadcrumb\",\"itemListElement\":[{\"@type\":\"ListItem\",\"position\":1,\"name\":\"Portada\",\"item\":\"http:\\\/\\\/autosdelpodio.com\\\/autos\\\/\"},{\"@type\":\"ListItem\",\"position\":2,\"name\":\"El mercado de pases TC2000 \u2013 2024\"}]},{\"@type\":\"WebSite\",\"@id\":\"http:\\\/\\\/autosdelpodio.com\\\/autos\\\/#website\",\"url\":\"http:\\\/\\\/autosdelpodio.com\\\/autos\\\/\",\"name\":\"Autos del Podio\",\"description\":\"La sexta del deporte motor\",\"publisher\":{\"@id\":\"http:\\\/\\\/autosdelpodio.com\\\/autos\\\/#organization\"},\"potentialAction\":[{\"@type\":\"SearchAction\",\"target\":{\"@type\":\"EntryPoint\",\"urlTemplate\":\"http:\\\/\\\/autosdelpodio.com\\\/autos\\\/?s={search_term_string}\"},\"query-input\":{\"@type\":\"PropertyValueSpecification\",\"valueRequired\":true,\"valueName\":\"search_term_string\"}}],\"inLanguage\":\"es\"},{\"@type\":\"Organization\",\"@id\":\"http:\\\/\\\/autosdelpodio.com\\\/autos\\\/#organization\",\"name\":\"Autos del Podio\",\"url\":\"http:\\\/\\\/autosdelpodio.com\\\/autos\\\/\",\"logo\":{\"@type\":\"ImageObject\",\"inLanguage\":\"es\",\"@id\":\"http:\\\/\\\/autosdelpodio.com\\\/autos\\\/#\\\/schema\\\/logo\\\/image\\\/\",\"url\":\"http:\\\/\\\/autosdelpodio.com\\\/autos\\\/wp-content\\\/uploads\\\/2020\\\/08\\\/Logo_AR.jpg\",\"contentUrl\":\"http:\\\/\\\/autosdelpodio.com\\\/autos\\\/wp-content\\\/uploads\\\/2020\\\/08\\\/Logo_AR.jpg\",\"width\":1038,\"height\":1044,\"caption\":\"Autos del Podio\"},\"image\":{\"@id\":\"http:\\\/\\\/autosdelpodio.com\\\/autos\\\/#\\\/schema\\\/logo\\\/image\\\/\"},\"sameAs\":[\"https:\\\/\\\/www.facebook.com\\\/profile.php?id=100057192590976&amp;amp;amp;amp;amp;amp;amp;amp;amp;amp;amp;amp;amp;amp;amp;amp;amp;amp;ref=ts\",\"https:\\\/\\\/x.com\\\/autosdelpodio\",\"https:\\\/\\\/www.youtube.com\\\/user\\\/AutosdelPodio\"]},{\"@type\":\"Person\",\"@id\":\"http:\\\/\\\/autosdelpodio.com\\\/autos\\\/#\\\/schema\\\/person\\\/993527a4d01c3acdd3d6bce3770bc942\",\"name\":\"autosdelpodio\",\"image\":{\"@type\":\"ImageObject\",\"inLanguage\":\"es\",\"@id\":\"https:\\\/\\\/autosdelpodio.com\\\/autos\\\/wp-content\\\/litespeed\\\/avatar\\\/aa8f65cd201a80f6b844f63278aa84af.jpg?ver=1777403005\",\"url\":\"https:\\\/\\\/autosdelpodio.com\\\/autos\\\/wp-content\\\/litespeed\\\/avatar\\\/aa8f65cd201a80f6b844f63278aa84af.jpg?ver=1777403005\",\"contentUrl\":\"https:\\\/\\\/autosdelpodio.com\\\/autos\\\/wp-content\\\/litespeed\\\/avatar\\\/aa8f65cd201a80f6b844f63278aa84af.jpg?ver=1777403005\",\"caption\":\"autosdelpodio\"}}]}<\/script>\n<!-- \/ Yoast SEO plugin. -->","yoast_head_json":{"title":"Autos del Podio | El mercado de pases TC2000 \u2013 2024","description":"Autos del Podio A la espera de las SUV, equipos y pilotos para el 44\u00ba Campeonato Argentino de TC2000","robots":{"index":"index","follow":"follow","max-snippet":"max-snippet:-1","max-image-preview":"max-image-preview:large","max-video-preview":"max-video-preview:-1"},"canonical":"http:\/\/autosdelpodio.com\/autos\/el-mercado-de-pases-tc2000-2024\/","og_locale":"es_ES","og_type":"article","og_title":"Autos del Podio | El mercado de pases TC2000 \u2013 2024","og_description":"Autos del Podio A la espera de las SUV, equipos y pilotos para el 44\u00ba Campeonato Argentino de TC2000","og_url":"http:\/\/autosdelpodio.com\/autos\/el-mercado-de-pases-tc2000-2024\/","og_site_name":"Autos del Podio","article_publisher":"https:\/\/www.facebook.com\/profile.php?id=100057192590976&amp%3bamp%3bamp%3bamp%3bamp%3bamp%3bamp%3bamp%3bamp%3bamp%3bamp%3bamp%3bamp%3bamp%3bamp%3bamp%3bamp%3bamp%3bref=ts","article_published_time":"2024-01-25T15:40:35+00:00","article_modified_time":"2024-02-27T23:23:58+00:00","og_image":[{"width":500,"height":325,"url":"http:\/\/autosdelpodio.com\/autos\/wp-content\/uploads\/2024\/01\/TC2000_23.jpg","type":"image\/jpeg"}],"author":"autosdelpodio","twitter_card":"summary_large_image","twitter_creator":"@autosdelpodio","twitter_site":"@autosdelpodio","twitter_misc":{"Escrito por":"autosdelpodio","Tiempo de lectura":"3 minutos"},"schema":{"@context":"https:\/\/schema.org","@graph":[{"@type":"Article","@id":"http:\/\/autosdelpodio.com\/autos\/el-mercado-de-pases-tc2000-2024\/#article","isPartOf":{"@id":"http:\/\/autosdelpodio.com\/autos\/el-mercado-de-pases-tc2000-2024\/"},"author":{"name":"autosdelpodio","@id":"http:\/\/autosdelpodio.com\/autos\/#\/schema\/person\/993527a4d01c3acdd3d6bce3770bc942"},"headline":"El mercado de pases TC2000 \u2013 2024","datePublished":"2024-01-25T15:40:35+00:00","dateModified":"2024-02-27T23:23:58+00:00","mainEntityOfPage":{"@id":"http:\/\/autosdelpodio.com\/autos\/el-mercado-de-pases-tc2000-2024\/"},"wordCount":450,"commentCount":0,"publisher":{"@id":"http:\/\/autosdelpodio.com\/autos\/#organization"},"image":{"@id":"http:\/\/autosdelpodio.com\/autos\/el-mercado-de-pases-tc2000-2024\/#primaryimage"},"thumbnailUrl":"https:\/\/autosdelpodio.com\/autos\/wp-content\/uploads\/2024\/01\/TC2000_23.jpg","keywords":["Mercado de Pases","Pilotos y Categorias","TC2000","TC2000 Series"],"articleSection":["Destacado","\u00daltimas noticias"],"inLanguage":"es","potentialAction":[{"@type":"CommentAction","name":"Comment","target":["http:\/\/autosdelpodio.com\/autos\/el-mercado-de-pases-tc2000-2024\/#respond"]}]},{"@type":"WebPage","@id":"http:\/\/autosdelpodio.com\/autos\/el-mercado-de-pases-tc2000-2024\/","url":"http:\/\/autosdelpodio.com\/autos\/el-mercado-de-pases-tc2000-2024\/","name":"Autos del Podio | El mercado de pases TC2000 \u2013 2024","isPartOf":{"@id":"http:\/\/autosdelpodio.com\/autos\/#website"},"primaryImageOfPage":{"@id":"http:\/\/autosdelpodio.com\/autos\/el-mercado-de-pases-tc2000-2024\/#primaryimage"},"image":{"@id":"http:\/\/autosdelpodio.com\/autos\/el-mercado-de-pases-tc2000-2024\/#primaryimage"},"thumbnailUrl":"https:\/\/autosdelpodio.com\/autos\/wp-content\/uploads\/2024\/01\/TC2000_23.jpg","datePublished":"2024-01-25T15:40:35+00:00","dateModified":"2024-02-27T23:23:58+00:00","description":"Autos del Podio A la espera de las SUV, equipos y pilotos para el 44\u00ba Campeonato Argentino de TC2000","breadcrumb":{"@id":"http:\/\/autosdelpodio.com\/autos\/el-mercado-de-pases-tc2000-2024\/#breadcrumb"},"inLanguage":"es","potentialAction":[{"@type":"ReadAction","target":["http:\/\/autosdelpodio.com\/autos\/el-mercado-de-pases-tc2000-2024\/"]}]},{"@type":"ImageObject","inLanguage":"es","@id":"http:\/\/autosdelpodio.com\/autos\/el-mercado-de-pases-tc2000-2024\/#primaryimage","url":"https:\/\/autosdelpodio.com\/autos\/wp-content\/uploads\/2024\/01\/TC2000_23.jpg","contentUrl":"https:\/\/autosdelpodio.com\/autos\/wp-content\/uploads\/2024\/01\/TC2000_23.jpg","width":500,"height":325,"caption":"TC2000"},{"@type":"BreadcrumbList","@id":"http:\/\/autosdelpodio.com\/autos\/el-mercado-de-pases-tc2000-2024\/#breadcrumb","itemListElement":[{"@type":"ListItem","position":1,"name":"Portada","item":"http:\/\/autosdelpodio.com\/autos\/"},{"@type":"ListItem","position":2,"name":"El mercado de pases TC2000 \u2013 2024"}]},{"@type":"WebSite","@id":"http:\/\/autosdelpodio.com\/autos\/#website","url":"http:\/\/autosdelpodio.com\/autos\/","name":"Autos del Podio","description":"La sexta del deporte motor","publisher":{"@id":"http:\/\/autosdelpodio.com\/autos\/#organization"},"potentialAction":[{"@type":"SearchAction","target":{"@type":"EntryPoint","urlTemplate":"http:\/\/autosdelpodio.com\/autos\/?s={search_term_string}"},"query-input":{"@type":"PropertyValueSpecification","valueRequired":true,"valueName":"search_term_string"}}],"inLanguage":"es"},{"@type":"Organization","@id":"http:\/\/autosdelpodio.com\/autos\/#organization","name":"Autos del Podio","url":"http:\/\/autosdelpodio.com\/autos\/","logo":{"@type":"ImageObject","inLanguage":"es","@id":"http:\/\/autosdelpodio.com\/autos\/#\/schema\/logo\/image\/","url":"http:\/\/autosdelpodio.com\/autos\/wp-content\/uploads\/2020\/08\/Logo_AR.jpg","contentUrl":"http:\/\/autosdelpodio.com\/autos\/wp-content\/uploads\/2020\/08\/Logo_AR.jpg","width":1038,"height":1044,"caption":"Autos del Podio"},"image":{"@id":"http:\/\/autosdelpodio.com\/autos\/#\/schema\/logo\/image\/"},"sameAs":["https:\/\/www.facebook.com\/profile.php?id=100057192590976&amp;amp;amp;amp;amp;amp;amp;amp;amp;amp;amp;amp;amp;amp;amp;amp;amp;amp;ref=ts","https:\/\/x.com\/autosdelpodio","https:\/\/www.youtube.com\/user\/AutosdelPodio"]},{"@type":"Person","@id":"http:\/\/autosdelpodio.com\/autos\/#\/schema\/person\/993527a4d01c3acdd3d6bce3770bc942","name":"autosdelpodio","image":{"@type":"ImageObject","inLanguage":"es","@id":"https:\/\/autosdelpodio.com\/autos\/wp-content\/litespeed\/avatar\/aa8f65cd201a80f6b844f63278aa84af.jpg?ver=1777403005","url":"https:\/\/autosdelpodio.com\/autos\/wp-content\/litespeed\/avatar\/aa8f65cd201a80f6b844f63278aa84af.jpg?ver=1777403005","contentUrl":"https:\/\/autosdelpodio.com\/autos\/wp-content\/litespeed\/avatar\/aa8f65cd201a80f6b844f63278aa84af.jpg?ver=1777403005","caption":"autosdelpodio"}}]}},"views":724,"_links":{"self":[{"href":"https:\/\/autosdelpodio.com\/autos\/wp-json\/wp\/v2\/posts\/7398","targetHints":{"allow":["GET"]}}],"collection":[{"href":"https:\/\/autosdelpodio.com\/autos\/wp-json\/wp\/v2\/posts"}],"about":[{"href":"https:\/\/autosdelpodio.com\/autos\/wp-json\/wp\/v2\/types\/post"}],"author":[{"embeddable":true,"href":"https:\/\/autosdelpodio.com\/autos\/wp-json\/wp\/v2\/users\/3"}],"replies":[{"embeddable":true,"href":"https:\/\/autosdelpodio.com\/autos\/wp-json\/wp\/v2\/comments?post=7398"}],"version-history":[{"count":15,"href":"https:\/\/autosdelpodio.com\/autos\/wp-json\/wp\/v2\/posts\/7398\/revisions"}],"predecessor-version":[{"id":7474,"href":"https:\/\/autosdelpodio.com\/autos\/wp-json\/wp\/v2\/posts\/7398\/revisions\/7474"}],"wp:featuredmedia":[{"embeddable":true,"href":"https:\/\/autosdelpodio.com\/autos\/wp-json\/wp\/v2\/media\/7401"}],"wp:attachment":[{"href":"https:\/\/autosdelpodio.com\/autos\/wp-json\/wp\/v2\/media?parent=7398"}],"wp:term":[{"taxonomy":"category","embeddable":true,"href":"https:\/\/autosdelpodio.com\/autos\/wp-json\/wp\/v2\/categories?post=7398"},{"taxonomy":"post_tag","embeddable":true,"href":"https:\/\/autosdelpodio.com\/autos\/wp-json\/wp\/v2\/tags?post=7398"}],"curies":[{"name":"wp","href":"https:\/\/api.w.org\/{rel}","templated":true}]}}