{"id":8346,"date":"2025-05-11T16:46:50","date_gmt":"2025-05-11T19:46:50","guid":{"rendered":"http:\/\/autosdelpodio.com\/autos\/?p=8346"},"modified":"2025-05-11T16:46:51","modified_gmt":"2025-05-11T19:46:51","slug":"lambiris-volvio-al-triunfo-en-termas","status":"publish","type":"post","link":"https:\/\/autosdelpodio.com\/autos\/lambiris-volvio-al-triunfo-en-termas\/","title":{"rendered":"Lambiris volvi\u00f3 al triunfo en Termas"},"content":{"rendered":"\n<p>Mauricio Lambiris captur\u00f3 la victoria que no se le ven\u00eda dando en Turismo Carretera sobre el cierre de la carrera en Termas de Rio Hondo. Sanci\u00f3n a Marcelo Agrelo mediante, tanto Jerem\u00edas Olmedo e Ignacio Fa\u00edn subieron por primera vez al podio.<br>El poleman Marcelo Agrelo, ganador en su serie y puntero en gran parte de la final a 25 vueltas termin\u00f3 sancionado con la exclusi\u00f3n de la competencia por maniobra peligrosa a Juan Martin Trucco.<br>La pr\u00f3xima fecha marcar\u00e1 <a href=\"http:\/\/autosdelpodio.com\/autos\/el-itinerario-del-tc-para-lo-que-resta-del-ano\/\" target=\"_blank\" rel=\"noreferrer noopener\">el regreso de la categor\u00eda al aut\u00f3dromo Oscar Cabal\u00e9n de Alta Gracia<\/a>, en la provincia de C\u00f3rdoba los d\u00edas 31 de mayo y 1 de junio.<\/p>\n\n\n\n<p><strong><em>Final TC A 25 Vueltas &#8211; Termas RH &#8211; SDE<\/em><\/strong><\/p>\n\n\n\n<figure class=\"wp-block-table\"><table class=\"has-fixed-layout\"><tbody><tr><td><strong>1<\/strong><\/td><td>Lambiris, M.&nbsp;<\/td><td>F. Mustang&nbsp;<\/td><td>49;03.567<\/td><\/tr><tr><td><strong>2<\/strong><\/td><td>Olmedo, J.&nbsp;<\/td><td>F. Mustang&nbsp;<\/td><td>1.183<\/td><\/tr><tr><td><strong>3<\/strong><\/td><td>Fa\u00edn, I.&nbsp;<\/td><td>T NG&nbsp;<\/td><td>1.620<\/td><\/tr><tr><td><strong>4<\/strong><\/td><td>Landa, M.&nbsp;<\/td><td>Ch. Camaro&nbsp;<\/td><td>3.922<\/td><\/tr><tr><td><strong>5<\/strong><\/td><td>Todino, G.&nbsp;<\/td><td>F. Mustang&nbsp;<\/td><td>6.020<\/td><\/tr><tr><td><strong>6<\/strong><\/td><td>Ardusso, F.&nbsp;<\/td><td>Ch. Camaro&nbsp;<\/td><td>6.995<\/td><\/tr><tr><td><strong>7<\/strong><\/td><td>Mazzacane, G.&nbsp;<\/td><td>Ch. Camaro&nbsp;<\/td><td>7.212<\/td><\/tr><tr><td><strong>8<\/strong><\/td><td>Santero, J.&nbsp;<\/td><td>F. Mustang&nbsp;<\/td><td>8.192<\/td><\/tr><tr><td><strong>9<\/strong><\/td><td>Rossi, M.&nbsp;<\/td><td>Ty NG&nbsp;<\/td><td>9.575<\/td><\/tr><tr><td><strong>10<\/strong><\/td><td>Jakos, A.&nbsp;<\/td><td>Ty NG&nbsp;<\/td><td>10.472<\/td><\/tr><tr><td><strong>11<\/strong><\/td><td>Ledesma, C.&nbsp;<\/td><td>Ch. Camaro&nbsp;<\/td><td>12.056<\/td><\/tr><tr><td><strong>12<\/strong><\/td><td>Di Palma, L. J.&nbsp;<\/td><td>Ch. Camaro&nbsp;<\/td><td>13.108<\/td><\/tr><tr><td><strong>13<\/strong><\/td><td>Spataro, E.&nbsp;<\/td><td>F. Mustang&nbsp;<\/td><td>14.020<\/td><\/tr><tr><td><strong>14<\/strong><\/td><td>De La Iglesia, L.&nbsp;<\/td><td>D. Challenger&nbsp;<\/td><td>15.961<\/td><\/tr><tr><td><strong>15<\/strong><\/td><td>Werner, M.&nbsp;<\/td><td>F. Mustang&nbsp;<\/td><td>17.135<\/td><\/tr><tr><td><strong>16<\/strong><\/td><td>Fritzler, O.&nbsp;<\/td><td>Ty NG&nbsp;<\/td><td>19.790<\/td><\/tr><tr><td><strong>17<\/strong><\/td><td>Mart\u00ednez, T.&nbsp;<\/td><td>Ty NG&nbsp;<\/td><td>20.442<\/td><\/tr><tr><td><strong>18<\/strong><\/td><td>Mangoni, S.&nbsp;<\/td><td>Ch. Camaro&nbsp;<\/td><td>20.590<\/td><\/tr><tr><td><strong>19<\/strong><\/td><td>De Benedictis, J. B.&nbsp;<\/td><td>F. Mustang&nbsp;<\/td><td>22.484<\/td><\/tr><tr><td><strong>20<\/strong><\/td><td>Jalaf, M.&nbsp;<\/td><td>F. Mustang&nbsp;<\/td><td>23.585<\/td><\/tr><tr><td><strong>21<\/strong><\/td><td>Ciantini, D.&nbsp;<\/td><td>Ch. Camaro&nbsp;<\/td><td>25.047<\/td><\/tr><tr><td><strong>22<\/strong><\/td><td>Palazzo, H.&nbsp;<\/td><td>Ty NG&nbsp;<\/td><td>25.359<\/td><\/tr><tr><td><strong>23<\/strong><\/td><td>Impiombato, N.&nbsp;<\/td><td>Ch. Camaro&nbsp;<\/td><td>27.414<\/td><\/tr><tr><td><strong>24<\/strong><\/td><td>Quijada, M.&nbsp;<\/td><td>Ch. Camaro&nbsp;<\/td><td>27.827<\/td><\/tr><tr><td><strong>25<\/strong><\/td><td>Azar, D.&nbsp;<\/td><td>Ty NG&nbsp;<\/td><td>28.017<\/td><\/tr><tr><td><strong>26<\/strong><\/td><td>De Carlo, D.&nbsp;<\/td><td>Ch. Camaro&nbsp;<\/td><td>31.410<\/td><\/tr><tr><td><strong>27<\/strong><\/td><td>Benvenuti, J. C.&nbsp;<\/td><td>Ch. Camaro&nbsp;<\/td><td>31.773<\/td><\/tr><tr><td><strong>28<\/strong><\/td><td>Cotignola, N.&nbsp;<\/td><td>T NG&nbsp;<\/td><td>32.002<\/td><\/tr><tr><td><strong>29<\/strong><\/td><td>Carinelli, A.&nbsp;<\/td><td>F. Mustang&nbsp;<\/td><td>33.242<\/td><\/tr><tr><td><strong>30<\/strong><\/td><td>Ebarl\u00edn, J. J.&nbsp;<\/td><td>Ch. Camaro&nbsp;<\/td><td>36.703<\/td><\/tr><tr><td><strong>31<\/strong><\/td><td>Teti, J.&nbsp;<\/td><td>F. Mustang&nbsp;<\/td><td>37.132<\/td><\/tr><tr><td><strong>32<\/strong><\/td><td>Bonelli, N.&nbsp;<\/td><td>F. Mustang&nbsp;<\/td><td>38.196<\/td><\/tr><tr><td><strong>33<\/strong><\/td><td>Candela, K.&nbsp;<\/td><td>T NG&nbsp;<\/td><td>39.060<\/td><\/tr><tr><td><strong>34<\/strong><\/td><td>Urcera, J. M.&nbsp;<\/td><td>F. Mustang&nbsp;<\/td><td>39.643<\/td><\/tr><tr><td><strong>35<\/strong><\/td><td>Trucco, J. M.&nbsp;<\/td><td>D. Challenger&nbsp;<\/td><td>1 VTA<\/td><\/tr><tr><td><strong>36<\/strong><\/td><td>V\u00e1zquez, M.&nbsp;<\/td><td>D. Challenger&nbsp;<\/td><td>1 VTA<\/td><\/tr><tr><td><strong>37<\/strong><\/td><td>Canapino, A.&nbsp;<\/td><td>Ch. Camaro&nbsp;<\/td><td>2 VTAS<\/td><\/tr><tr><td><strong>38<\/strong><\/td><td>Trosset, N.&nbsp;<\/td><td>F. Mustang&nbsp;<\/td><td>5 VTAS<\/td><\/tr><tr><td><strong>39<\/strong><\/td><td>Scialchi, J.&nbsp;<\/td><td>F. Mustang&nbsp;<\/td><td>7 VTAS<\/td><\/tr><tr><td><strong>40<\/strong><\/td><td>Castellano, J.&nbsp;<\/td><td>D. Challenger&nbsp;<\/td><td>7 VTAS<\/td><\/tr><tr><td><strong>41<\/strong><\/td><td>Fontana, N.&nbsp;<\/td><td>Ch. Camaro&nbsp;<\/td><td>7 VTAS<\/td><\/tr><tr><td><strong>42<\/strong><\/td><td>\u00c1lvarez, S.&nbsp;<\/td><td>Ch. Camaro&nbsp;<\/td><td>10 VTAS<\/td><\/tr><tr><td><strong>43<\/strong><\/td><td>Ferrante, G.&nbsp;<\/td><td>Ty NG&nbsp;<\/td><td>12 VTAS<\/td><\/tr><tr><td><strong>44<\/strong><\/td><td>Chapur, F.&nbsp;<\/td><td>T NG&nbsp;<\/td><td>14 VTAS<\/td><\/tr><tr><td><strong>45<\/strong><\/td><td>Mart\u00ednez, A.&nbsp;<\/td><td>F. Mustang&nbsp;<\/td><td>17 VTAS<\/td><\/tr><tr><td><strong>46<\/strong><\/td><td>Canapino, M.&nbsp;<\/td><td>Ch. Camaro&nbsp;<\/td><td>17 VTAS<\/td><\/tr><tr><td><strong>47<\/strong><\/td><td>Risatti, R.&nbsp;<\/td><td>D. Challenger&nbsp;<\/td><td>18 VTAS<\/td><\/tr><tr><td><strong>48<\/strong><\/td><td>Iribarne, F.&nbsp;<\/td><td>Ch. Camaro&nbsp;<\/td><td>19 VTAS<\/td><\/tr><tr><td><strong>49<\/strong><\/td><td>Catal\u00e1n Magni, J. T.&nbsp;<\/td><td>F. Mustang&nbsp;<\/td><td>19 VTAS<\/td><\/tr><tr><td><strong>50<\/strong><\/td><td>Serrano, M.&nbsp;<\/td><td>Ch. Camaro&nbsp;<\/td><td>19 VTAS<\/td><\/tr><tr><td><strong>51<\/strong><\/td><td>Alaux, S.&nbsp;<\/td><td>Ch. Camaro&nbsp;<\/td><td>20 VTAS<\/td><\/tr><tr><td><strong>52<\/strong><\/td><td>Domenech, A.&nbsp;<\/td><td>Ty NG&nbsp;<\/td><td>20 VTAS<\/td><\/tr><tr><td><strong>53<\/strong><\/td><td>Aguirre, V.&nbsp;<\/td><td>Ch. Camaro&nbsp;<\/td><td>23 VTAS<\/td><\/tr><tr><td><strong>54<\/strong><\/td><td>Craparo, E.<\/td><td>D. Challenger&nbsp;<\/td><td>25 VTAS<\/td><\/tr><\/tbody><\/table><\/figure>\n","protected":false},"excerpt":{"rendered":"<p>Mauricio Lambiris captur\u00f3 la victoria que no se le ven\u00eda dando en Turismo Carretera sobre el cierre de la carrera<\/p>\n","protected":false},"author":3,"featured_media":34,"comment_status":"open","ping_status":"open","sticky":false,"template":"","format":"standard","meta":{"colormag_page_container_layout":"default_layout","colormag_page_sidebar_layout":"default_layout","footnotes":""},"categories":[6,5],"tags":[191,83,399,546,160,39],"class_list":["post-8346","post","type-post","status-publish","format-standard","has-post-thumbnail","hentry","category-newsflash","category-latest-news","tag-autodromo-termas","tag-ford","tag-mauricio-lambiris","tag-mustang","tag-santiago-del-estero","tag-turismo-carretera"],"yoast_head":"<!-- This site is optimized with the Yoast SEO plugin v27.5 - https:\/\/yoast.com\/product\/yoast-seo-wordpress\/ -->\n<title>Autos del Podio | Lambiris volvi\u00f3 al triunfo en Termas<\/title>\n<meta name=\"description\" content=\"Autos del Podio Mauricio Lambiris logr\u00f3 su tercer triunfo dentro del TC en su paso por Termas de Rio Hondo\" \/>\n<meta name=\"robots\" content=\"index, follow, max-snippet:-1, max-image-preview:large, max-video-preview:-1\" \/>\n<link rel=\"canonical\" href=\"http:\/\/autosdelpodio.com\/autos\/lambiris-volvio-al-triunfo-en-termas\/\" \/>\n<meta property=\"og:locale\" content=\"es_ES\" \/>\n<meta property=\"og:type\" content=\"article\" \/>\n<meta property=\"og:title\" content=\"Autos del Podio | Lambiris volvi\u00f3 al triunfo en Termas\" \/>\n<meta property=\"og:description\" content=\"Autos del Podio Mauricio Lambiris logr\u00f3 su tercer triunfo dentro del TC en su paso por Termas de Rio Hondo\" \/>\n<meta property=\"og:url\" content=\"http:\/\/autosdelpodio.com\/autos\/lambiris-volvio-al-triunfo-en-termas\/\" \/>\n<meta property=\"og:site_name\" content=\"Autos del Podio\" \/>\n<meta property=\"article:publisher\" content=\"https:\/\/www.facebook.com\/profile.php?id=100057192590976&amp;amp%3bamp%3bamp%3bamp%3bamp%3bamp%3bamp%3bamp%3bamp%3bamp%3bamp%3bamp%3bamp%3bamp%3bamp%3bamp%3bamp%3bamp%3bref=ts\" \/>\n<meta property=\"article:published_time\" content=\"2025-05-11T19:46:50+00:00\" \/>\n<meta property=\"article:modified_time\" content=\"2025-05-11T19:46:51+00:00\" \/>\n<meta property=\"og:image\" content=\"http:\/\/autosdelpodio.com\/autos\/wp-content\/uploads\/2010\/10\/fordnota.jpg\" \/>\n\t<meta property=\"og:image:width\" content=\"500\" \/>\n\t<meta property=\"og:image:height\" content=\"250\" \/>\n\t<meta property=\"og:image:type\" content=\"image\/jpeg\" \/>\n<meta name=\"author\" content=\"autosdelpodio\" \/>\n<meta name=\"twitter:card\" content=\"summary_large_image\" \/>\n<meta name=\"twitter:creator\" content=\"@autosdelpodio\" \/>\n<meta name=\"twitter:site\" content=\"@autosdelpodio\" \/>\n<meta name=\"twitter:label1\" content=\"Escrito por\" \/>\n\t<meta name=\"twitter:data1\" content=\"autosdelpodio\" \/>\n\t<meta name=\"twitter:label2\" content=\"Tiempo de lectura\" \/>\n\t<meta name=\"twitter:data2\" content=\"3 minutos\" \/>\n<script type=\"application\/ld+json\" class=\"yoast-schema-graph\">{\"@context\":\"https:\\\/\\\/schema.org\",\"@graph\":[{\"@type\":\"Article\",\"@id\":\"http:\\\/\\\/autosdelpodio.com\\\/autos\\\/lambiris-volvio-al-triunfo-en-termas\\\/#article\",\"isPartOf\":{\"@id\":\"http:\\\/\\\/autosdelpodio.com\\\/autos\\\/lambiris-volvio-al-triunfo-en-termas\\\/\"},\"author\":{\"name\":\"autosdelpodio\",\"@id\":\"http:\\\/\\\/autosdelpodio.com\\\/autos\\\/#\\\/schema\\\/person\\\/993527a4d01c3acdd3d6bce3770bc942\"},\"headline\":\"Lambiris volvi\u00f3 al triunfo en Termas\",\"datePublished\":\"2025-05-11T19:46:50+00:00\",\"dateModified\":\"2025-05-11T19:46:51+00:00\",\"mainEntityOfPage\":{\"@id\":\"http:\\\/\\\/autosdelpodio.com\\\/autos\\\/lambiris-volvio-al-triunfo-en-termas\\\/\"},\"wordCount\":491,\"commentCount\":2,\"publisher\":{\"@id\":\"http:\\\/\\\/autosdelpodio.com\\\/autos\\\/#organization\"},\"image\":{\"@id\":\"http:\\\/\\\/autosdelpodio.com\\\/autos\\\/lambiris-volvio-al-triunfo-en-termas\\\/#primaryimage\"},\"thumbnailUrl\":\"https:\\\/\\\/autosdelpodio.com\\\/autos\\\/wp-content\\\/uploads\\\/2010\\\/10\\\/fordnota.jpg\",\"keywords\":[\"Autodromo Termas\",\"Ford\",\"Mauricio Lambiris\",\"Mustang\",\"Santiago del Estero\",\"Turismo Carretera\"],\"articleSection\":[\"Destacado\",\"\u00daltimas noticias\"],\"inLanguage\":\"es\",\"potentialAction\":[{\"@type\":\"CommentAction\",\"name\":\"Comment\",\"target\":[\"http:\\\/\\\/autosdelpodio.com\\\/autos\\\/lambiris-volvio-al-triunfo-en-termas\\\/#respond\"]}]},{\"@type\":\"WebPage\",\"@id\":\"http:\\\/\\\/autosdelpodio.com\\\/autos\\\/lambiris-volvio-al-triunfo-en-termas\\\/\",\"url\":\"http:\\\/\\\/autosdelpodio.com\\\/autos\\\/lambiris-volvio-al-triunfo-en-termas\\\/\",\"name\":\"Autos del Podio | Lambiris volvi\u00f3 al triunfo en Termas\",\"isPartOf\":{\"@id\":\"http:\\\/\\\/autosdelpodio.com\\\/autos\\\/#website\"},\"primaryImageOfPage\":{\"@id\":\"http:\\\/\\\/autosdelpodio.com\\\/autos\\\/lambiris-volvio-al-triunfo-en-termas\\\/#primaryimage\"},\"image\":{\"@id\":\"http:\\\/\\\/autosdelpodio.com\\\/autos\\\/lambiris-volvio-al-triunfo-en-termas\\\/#primaryimage\"},\"thumbnailUrl\":\"https:\\\/\\\/autosdelpodio.com\\\/autos\\\/wp-content\\\/uploads\\\/2010\\\/10\\\/fordnota.jpg\",\"datePublished\":\"2025-05-11T19:46:50+00:00\",\"dateModified\":\"2025-05-11T19:46:51+00:00\",\"description\":\"Autos del Podio Mauricio Lambiris logr\u00f3 su tercer triunfo dentro del TC en su paso por Termas de Rio Hondo\",\"breadcrumb\":{\"@id\":\"http:\\\/\\\/autosdelpodio.com\\\/autos\\\/lambiris-volvio-al-triunfo-en-termas\\\/#breadcrumb\"},\"inLanguage\":\"es\",\"potentialAction\":[{\"@type\":\"ReadAction\",\"target\":[\"http:\\\/\\\/autosdelpodio.com\\\/autos\\\/lambiris-volvio-al-triunfo-en-termas\\\/\"]}]},{\"@type\":\"ImageObject\",\"inLanguage\":\"es\",\"@id\":\"http:\\\/\\\/autosdelpodio.com\\\/autos\\\/lambiris-volvio-al-triunfo-en-termas\\\/#primaryimage\",\"url\":\"https:\\\/\\\/autosdelpodio.com\\\/autos\\\/wp-content\\\/uploads\\\/2010\\\/10\\\/fordnota.jpg\",\"contentUrl\":\"https:\\\/\\\/autosdelpodio.com\\\/autos\\\/wp-content\\\/uploads\\\/2010\\\/10\\\/fordnota.jpg\",\"width\":500,\"height\":250},{\"@type\":\"BreadcrumbList\",\"@id\":\"http:\\\/\\\/autosdelpodio.com\\\/autos\\\/lambiris-volvio-al-triunfo-en-termas\\\/#breadcrumb\",\"itemListElement\":[{\"@type\":\"ListItem\",\"position\":1,\"name\":\"Portada\",\"item\":\"http:\\\/\\\/autosdelpodio.com\\\/autos\\\/\"},{\"@type\":\"ListItem\",\"position\":2,\"name\":\"Lambiris volvi\u00f3 al triunfo en Termas\"}]},{\"@type\":\"WebSite\",\"@id\":\"http:\\\/\\\/autosdelpodio.com\\\/autos\\\/#website\",\"url\":\"http:\\\/\\\/autosdelpodio.com\\\/autos\\\/\",\"name\":\"Autos del Podio\",\"description\":\"La sexta del deporte motor\",\"publisher\":{\"@id\":\"http:\\\/\\\/autosdelpodio.com\\\/autos\\\/#organization\"},\"potentialAction\":[{\"@type\":\"SearchAction\",\"target\":{\"@type\":\"EntryPoint\",\"urlTemplate\":\"http:\\\/\\\/autosdelpodio.com\\\/autos\\\/?s={search_term_string}\"},\"query-input\":{\"@type\":\"PropertyValueSpecification\",\"valueRequired\":true,\"valueName\":\"search_term_string\"}}],\"inLanguage\":\"es\"},{\"@type\":\"Organization\",\"@id\":\"http:\\\/\\\/autosdelpodio.com\\\/autos\\\/#organization\",\"name\":\"Autos del Podio\",\"url\":\"http:\\\/\\\/autosdelpodio.com\\\/autos\\\/\",\"logo\":{\"@type\":\"ImageObject\",\"inLanguage\":\"es\",\"@id\":\"http:\\\/\\\/autosdelpodio.com\\\/autos\\\/#\\\/schema\\\/logo\\\/image\\\/\",\"url\":\"http:\\\/\\\/autosdelpodio.com\\\/autos\\\/wp-content\\\/uploads\\\/2020\\\/08\\\/Logo_AR.jpg\",\"contentUrl\":\"http:\\\/\\\/autosdelpodio.com\\\/autos\\\/wp-content\\\/uploads\\\/2020\\\/08\\\/Logo_AR.jpg\",\"width\":1038,\"height\":1044,\"caption\":\"Autos del Podio\"},\"image\":{\"@id\":\"http:\\\/\\\/autosdelpodio.com\\\/autos\\\/#\\\/schema\\\/logo\\\/image\\\/\"},\"sameAs\":[\"https:\\\/\\\/www.facebook.com\\\/profile.php?id=100057192590976&amp;amp;amp;amp;amp;amp;amp;amp;amp;amp;amp;amp;amp;amp;amp;amp;amp;amp;ref=ts\",\"https:\\\/\\\/x.com\\\/autosdelpodio\",\"https:\\\/\\\/www.youtube.com\\\/user\\\/AutosdelPodio\"]},{\"@type\":\"Person\",\"@id\":\"http:\\\/\\\/autosdelpodio.com\\\/autos\\\/#\\\/schema\\\/person\\\/993527a4d01c3acdd3d6bce3770bc942\",\"name\":\"autosdelpodio\",\"image\":{\"@type\":\"ImageObject\",\"inLanguage\":\"es\",\"@id\":\"https:\\\/\\\/autosdelpodio.com\\\/autos\\\/wp-content\\\/litespeed\\\/avatar\\\/aa8f65cd201a80f6b844f63278aa84af.jpg?ver=1777403005\",\"url\":\"https:\\\/\\\/autosdelpodio.com\\\/autos\\\/wp-content\\\/litespeed\\\/avatar\\\/aa8f65cd201a80f6b844f63278aa84af.jpg?ver=1777403005\",\"contentUrl\":\"https:\\\/\\\/autosdelpodio.com\\\/autos\\\/wp-content\\\/litespeed\\\/avatar\\\/aa8f65cd201a80f6b844f63278aa84af.jpg?ver=1777403005\",\"caption\":\"autosdelpodio\"}}]}<\/script>\n<!-- \/ Yoast SEO plugin. -->","yoast_head_json":{"title":"Autos del Podio | Lambiris volvi\u00f3 al triunfo en Termas","description":"Autos del Podio Mauricio Lambiris logr\u00f3 su tercer triunfo dentro del TC en su paso por Termas de Rio Hondo","robots":{"index":"index","follow":"follow","max-snippet":"max-snippet:-1","max-image-preview":"max-image-preview:large","max-video-preview":"max-video-preview:-1"},"canonical":"http:\/\/autosdelpodio.com\/autos\/lambiris-volvio-al-triunfo-en-termas\/","og_locale":"es_ES","og_type":"article","og_title":"Autos del Podio | Lambiris volvi\u00f3 al triunfo en Termas","og_description":"Autos del Podio Mauricio Lambiris logr\u00f3 su tercer triunfo dentro del TC en su paso por Termas de Rio Hondo","og_url":"http:\/\/autosdelpodio.com\/autos\/lambiris-volvio-al-triunfo-en-termas\/","og_site_name":"Autos del Podio","article_publisher":"https:\/\/www.facebook.com\/profile.php?id=100057192590976&amp%3bamp%3bamp%3bamp%3bamp%3bamp%3bamp%3bamp%3bamp%3bamp%3bamp%3bamp%3bamp%3bamp%3bamp%3bamp%3bamp%3bamp%3bref=ts","article_published_time":"2025-05-11T19:46:50+00:00","article_modified_time":"2025-05-11T19:46:51+00:00","og_image":[{"width":500,"height":250,"url":"http:\/\/autosdelpodio.com\/autos\/wp-content\/uploads\/2010\/10\/fordnota.jpg","type":"image\/jpeg"}],"author":"autosdelpodio","twitter_card":"summary_large_image","twitter_creator":"@autosdelpodio","twitter_site":"@autosdelpodio","twitter_misc":{"Escrito por":"autosdelpodio","Tiempo de lectura":"3 minutos"},"schema":{"@context":"https:\/\/schema.org","@graph":[{"@type":"Article","@id":"http:\/\/autosdelpodio.com\/autos\/lambiris-volvio-al-triunfo-en-termas\/#article","isPartOf":{"@id":"http:\/\/autosdelpodio.com\/autos\/lambiris-volvio-al-triunfo-en-termas\/"},"author":{"name":"autosdelpodio","@id":"http:\/\/autosdelpodio.com\/autos\/#\/schema\/person\/993527a4d01c3acdd3d6bce3770bc942"},"headline":"Lambiris volvi\u00f3 al triunfo en Termas","datePublished":"2025-05-11T19:46:50+00:00","dateModified":"2025-05-11T19:46:51+00:00","mainEntityOfPage":{"@id":"http:\/\/autosdelpodio.com\/autos\/lambiris-volvio-al-triunfo-en-termas\/"},"wordCount":491,"commentCount":2,"publisher":{"@id":"http:\/\/autosdelpodio.com\/autos\/#organization"},"image":{"@id":"http:\/\/autosdelpodio.com\/autos\/lambiris-volvio-al-triunfo-en-termas\/#primaryimage"},"thumbnailUrl":"https:\/\/autosdelpodio.com\/autos\/wp-content\/uploads\/2010\/10\/fordnota.jpg","keywords":["Autodromo Termas","Ford","Mauricio Lambiris","Mustang","Santiago del Estero","Turismo Carretera"],"articleSection":["Destacado","\u00daltimas noticias"],"inLanguage":"es","potentialAction":[{"@type":"CommentAction","name":"Comment","target":["http:\/\/autosdelpodio.com\/autos\/lambiris-volvio-al-triunfo-en-termas\/#respond"]}]},{"@type":"WebPage","@id":"http:\/\/autosdelpodio.com\/autos\/lambiris-volvio-al-triunfo-en-termas\/","url":"http:\/\/autosdelpodio.com\/autos\/lambiris-volvio-al-triunfo-en-termas\/","name":"Autos del Podio | Lambiris volvi\u00f3 al triunfo en Termas","isPartOf":{"@id":"http:\/\/autosdelpodio.com\/autos\/#website"},"primaryImageOfPage":{"@id":"http:\/\/autosdelpodio.com\/autos\/lambiris-volvio-al-triunfo-en-termas\/#primaryimage"},"image":{"@id":"http:\/\/autosdelpodio.com\/autos\/lambiris-volvio-al-triunfo-en-termas\/#primaryimage"},"thumbnailUrl":"https:\/\/autosdelpodio.com\/autos\/wp-content\/uploads\/2010\/10\/fordnota.jpg","datePublished":"2025-05-11T19:46:50+00:00","dateModified":"2025-05-11T19:46:51+00:00","description":"Autos del Podio Mauricio Lambiris logr\u00f3 su tercer triunfo dentro del TC en su paso por Termas de Rio Hondo","breadcrumb":{"@id":"http:\/\/autosdelpodio.com\/autos\/lambiris-volvio-al-triunfo-en-termas\/#breadcrumb"},"inLanguage":"es","potentialAction":[{"@type":"ReadAction","target":["http:\/\/autosdelpodio.com\/autos\/lambiris-volvio-al-triunfo-en-termas\/"]}]},{"@type":"ImageObject","inLanguage":"es","@id":"http:\/\/autosdelpodio.com\/autos\/lambiris-volvio-al-triunfo-en-termas\/#primaryimage","url":"https:\/\/autosdelpodio.com\/autos\/wp-content\/uploads\/2010\/10\/fordnota.jpg","contentUrl":"https:\/\/autosdelpodio.com\/autos\/wp-content\/uploads\/2010\/10\/fordnota.jpg","width":500,"height":250},{"@type":"BreadcrumbList","@id":"http:\/\/autosdelpodio.com\/autos\/lambiris-volvio-al-triunfo-en-termas\/#breadcrumb","itemListElement":[{"@type":"ListItem","position":1,"name":"Portada","item":"http:\/\/autosdelpodio.com\/autos\/"},{"@type":"ListItem","position":2,"name":"Lambiris volvi\u00f3 al triunfo en Termas"}]},{"@type":"WebSite","@id":"http:\/\/autosdelpodio.com\/autos\/#website","url":"http:\/\/autosdelpodio.com\/autos\/","name":"Autos del Podio","description":"La sexta del deporte motor","publisher":{"@id":"http:\/\/autosdelpodio.com\/autos\/#organization"},"potentialAction":[{"@type":"SearchAction","target":{"@type":"EntryPoint","urlTemplate":"http:\/\/autosdelpodio.com\/autos\/?s={search_term_string}"},"query-input":{"@type":"PropertyValueSpecification","valueRequired":true,"valueName":"search_term_string"}}],"inLanguage":"es"},{"@type":"Organization","@id":"http:\/\/autosdelpodio.com\/autos\/#organization","name":"Autos del Podio","url":"http:\/\/autosdelpodio.com\/autos\/","logo":{"@type":"ImageObject","inLanguage":"es","@id":"http:\/\/autosdelpodio.com\/autos\/#\/schema\/logo\/image\/","url":"http:\/\/autosdelpodio.com\/autos\/wp-content\/uploads\/2020\/08\/Logo_AR.jpg","contentUrl":"http:\/\/autosdelpodio.com\/autos\/wp-content\/uploads\/2020\/08\/Logo_AR.jpg","width":1038,"height":1044,"caption":"Autos del Podio"},"image":{"@id":"http:\/\/autosdelpodio.com\/autos\/#\/schema\/logo\/image\/"},"sameAs":["https:\/\/www.facebook.com\/profile.php?id=100057192590976&amp;amp;amp;amp;amp;amp;amp;amp;amp;amp;amp;amp;amp;amp;amp;amp;amp;amp;ref=ts","https:\/\/x.com\/autosdelpodio","https:\/\/www.youtube.com\/user\/AutosdelPodio"]},{"@type":"Person","@id":"http:\/\/autosdelpodio.com\/autos\/#\/schema\/person\/993527a4d01c3acdd3d6bce3770bc942","name":"autosdelpodio","image":{"@type":"ImageObject","inLanguage":"es","@id":"https:\/\/autosdelpodio.com\/autos\/wp-content\/litespeed\/avatar\/aa8f65cd201a80f6b844f63278aa84af.jpg?ver=1777403005","url":"https:\/\/autosdelpodio.com\/autos\/wp-content\/litespeed\/avatar\/aa8f65cd201a80f6b844f63278aa84af.jpg?ver=1777403005","contentUrl":"https:\/\/autosdelpodio.com\/autos\/wp-content\/litespeed\/avatar\/aa8f65cd201a80f6b844f63278aa84af.jpg?ver=1777403005","caption":"autosdelpodio"}}]}},"views":458,"_links":{"self":[{"href":"https:\/\/autosdelpodio.com\/autos\/wp-json\/wp\/v2\/posts\/8346","targetHints":{"allow":["GET"]}}],"collection":[{"href":"https:\/\/autosdelpodio.com\/autos\/wp-json\/wp\/v2\/posts"}],"about":[{"href":"https:\/\/autosdelpodio.com\/autos\/wp-json\/wp\/v2\/types\/post"}],"author":[{"embeddable":true,"href":"https:\/\/autosdelpodio.com\/autos\/wp-json\/wp\/v2\/users\/3"}],"replies":[{"embeddable":true,"href":"https:\/\/autosdelpodio.com\/autos\/wp-json\/wp\/v2\/comments?post=8346"}],"version-history":[{"count":1,"href":"https:\/\/autosdelpodio.com\/autos\/wp-json\/wp\/v2\/posts\/8346\/revisions"}],"predecessor-version":[{"id":8347,"href":"https:\/\/autosdelpodio.com\/autos\/wp-json\/wp\/v2\/posts\/8346\/revisions\/8347"}],"wp:featuredmedia":[{"embeddable":true,"href":"https:\/\/autosdelpodio.com\/autos\/wp-json\/wp\/v2\/media\/34"}],"wp:attachment":[{"href":"https:\/\/autosdelpodio.com\/autos\/wp-json\/wp\/v2\/media?parent=8346"}],"wp:term":[{"taxonomy":"category","embeddable":true,"href":"https:\/\/autosdelpodio.com\/autos\/wp-json\/wp\/v2\/categories?post=8346"},{"taxonomy":"post_tag","embeddable":true,"href":"https:\/\/autosdelpodio.com\/autos\/wp-json\/wp\/v2\/tags?post=8346"}],"curies":[{"name":"wp","href":"https:\/\/api.w.org\/{rel}","templated":true}]}}