{"id":8481,"date":"2025-07-06T22:01:18","date_gmt":"2025-07-07T01:01:18","guid":{"rendered":"https:\/\/autosdelpodio.com\/autos\/?p=8481"},"modified":"2025-07-06T22:01:46","modified_gmt":"2025-07-07T01:01:46","slug":"8481-2","status":"publish","type":"post","link":"https:\/\/autosdelpodio.com\/autos\/8481-2\/","title":{"rendered":"Norris de local"},"content":{"rendered":"\n<p>Lando Norris y McLaren repitieron lo hecho la semana pasada en <a href=\"https:\/\/autosdelpodio.com\/autos\/nuevo-1-2-de-mc-laren-con-norris-a-la-vanguardia\/\" target=\"_blank\" rel=\"noreferrer noopener\">Austria<\/a> pero esta vez en el m\u00edtico circuito de Silverstone. Podio primerizo para Nico Hulkenberg con el Kick Sauber.<\/p>\n\n\n\n<p>Franco Colapinto tuvo su primer abandono de la temporada al penar con la caja de velocidades del Alpine #43 con el cual no pudo ser de la partida.<br>En el campeonato su compa\u00f1ero de equipo Oscar Piastri lidera el mundial de pilotos con 234 puntos 12 por encima de Norris y a 69 de Max Versptappen.<\/p>\n\n\n\n<p>La pr\u00f3xima ronda vendr\u00e1 post mini receso del verano europeo el 27 de julio en Spa Francorchamps, en el marco del Gran Premio de B\u00e9lgica.<\/p>\n\n\n\n<p><strong><em>Final F1 &#8211; GP de Reino Unido<\/em><\/strong><\/p>\n\n\n\n<figure class=\"wp-block-table\"><table class=\"has-fixed-layout\"><tbody><tr><td><strong><em>1<\/em><\/strong><\/td><td><strong><em>4<\/em><\/strong><\/td><td><strong><em>Lando&nbsp;Norris<\/em><\/strong><\/td><td><strong><em>McLaren<\/em><\/strong><\/td><td><strong><em>52<\/em><\/strong><\/td><td><strong><em>1:37:15.735<\/em><\/strong><\/td><td><strong><em>25<\/em><\/strong><\/td><\/tr><tr><td>2<\/td><td>81<\/td><td>Oscar&nbsp;Piastri<\/td><td>McLaren<\/td><td>52<\/td><td>+6.812s<\/td><td>18<\/td><\/tr><tr><td>3<\/td><td>27<\/td><td>Nico&nbsp;Hulkenberg<\/td><td>Kick Sauber<\/td><td>52<\/td><td>+34.742s<\/td><td>15<\/td><\/tr><tr><td>4<\/td><td>44<\/td><td>Lewis&nbsp;Hamilton<\/td><td>Ferrari<\/td><td>52<\/td><td>+39.812s<\/td><td>12<\/td><\/tr><tr><td>5<\/td><td>1<\/td><td>Max&nbsp;Verstappen<\/td><td>Red Bull Racing<\/td><td>52<\/td><td>+56.781s<\/td><td>10<\/td><\/tr><tr><td>6<\/td><td>10<\/td><td>Pierre&nbsp;Gasly<\/td><td>Alpine<\/td><td>52<\/td><td>+59.857s<\/td><td>8<\/td><\/tr><tr><td>7<\/td><td>18<\/td><td>Lance&nbsp;Stroll<\/td><td>Aston Martin<\/td><td>52<\/td><td>+60.603s<\/td><td>6<\/td><\/tr><tr><td>8<\/td><td>23<\/td><td>Alexander&nbsp;Albon<\/td><td>Williams<\/td><td>52<\/td><td>+64.135s<\/td><td>4<\/td><\/tr><tr><td>9<\/td><td>14<\/td><td>Fernando&nbsp;Alonso<\/td><td>Aston Martin<\/td><td>52<\/td><td>+65.858s<\/td><td>2<\/td><\/tr><tr><td>10<\/td><td>63<\/td><td>George&nbsp;Russell<\/td><td>Mercedes<\/td><td>52<\/td><td>+70.674s<\/td><td>1<\/td><\/tr><tr><td>11<\/td><td>87<\/td><td>Oliver&nbsp;Bearman<\/td><td>Haas<\/td><td>52<\/td><td>+72.095s<\/td><td>0<\/td><\/tr><tr><td>12<\/td><td>55<\/td><td>Carlos&nbsp;Sainz<\/td><td>Williams<\/td><td>52<\/td><td>+76.592s<\/td><td>0<\/td><\/tr><tr><td>13<\/td><td>31<\/td><td>Esteban&nbsp;Ocon<\/td><td>Haas<\/td><td>52<\/td><td>+77.301s<\/td><td>0<\/td><\/tr><tr><td>14<\/td><td>16<\/td><td>Charles&nbsp;Leclerc<\/td><td>Ferrari<\/td><td>52<\/td><td>+84.477s<\/td><td>0<\/td><\/tr><tr><td>15<\/td><td>22<\/td><td>Yuki&nbsp;Tsunoda<\/td><td>Red Bull Racing<\/td><td>51<\/td><td>1 Vuelta<\/td><td>0<\/td><\/tr><tr><td>NC<\/td><td>12<\/td><td>Kimi&nbsp;Antonelli<\/td><td>Mercedes<\/td><td>23<\/td><td>NC<\/td><td>0<\/td><\/tr><tr><td>NC<\/td><td>6<\/td><td>Isack&nbsp;Hadjar<\/td><td>Racing Bulls<\/td><td>17<\/td><td>NC<\/td><td>0<\/td><\/tr><tr><td>NC<\/td><td>5<\/td><td>Gabriel&nbsp;Bortoleto<\/td><td>Kick Sauber<\/td><td>3<\/td><td>NC<\/td><td>0<\/td><\/tr><tr><td>NC<\/td><td>30<\/td><td>Liam&nbsp;Lawson<\/td><td>Racing Bulls<\/td><td>0<\/td><td>NC<\/td><td>0<\/td><\/tr><tr><td><strong>NC<\/strong><\/td><td><strong>43<\/strong><\/td><td><strong>Franco&nbsp;Colapinto<\/strong><\/td><td><strong>Alpine<\/strong><\/td><td><strong>0<\/strong><\/td><td><strong>NC<\/strong><\/td><td><strong>0<\/strong><\/td><\/tr><\/tbody><\/table><\/figure>\n\n\n\n<p><\/p>\n","protected":false},"excerpt":{"rendered":"<p>Lando Norris y McLaren repitieron lo hecho la semana pasada en Austria pero esta vez en el m\u00edtico circuito de<\/p>\n","protected":false},"author":3,"featured_media":1751,"comment_status":"open","ping_status":"open","sticky":false,"template":"","format":"standard","meta":{"colormag_page_container_layout":"default_layout","colormag_page_sidebar_layout":"default_layout","footnotes":""},"categories":[6,5],"tags":[75,796,205,235,207],"class_list":["post-8481","post","type-post","status-publish","format-standard","has-post-thumbnail","hentry","category-newsflash","category-latest-news","tag-formula-1","tag-lando-norris","tag-mc-laren","tag-reino-unido","tag-silverstone"],"yoast_head":"<!-- This site is optimized with the Yoast SEO plugin v27.5 - https:\/\/yoast.com\/product\/yoast-seo-wordpress\/ -->\n<title>Autos del Podio | Norris de local<\/title>\n<meta name=\"description\" content=\"Autos del Podio Segundo triunfo en fila para Lando Norris y primer abandono para Franco Colapinto\" \/>\n<meta name=\"robots\" content=\"index, follow, max-snippet:-1, max-image-preview:large, max-video-preview:-1\" \/>\n<link rel=\"canonical\" href=\"https:\/\/autosdelpodio.com\/autos\/8481-2\/\" \/>\n<meta property=\"og:locale\" content=\"es_ES\" \/>\n<meta property=\"og:type\" content=\"article\" \/>\n<meta property=\"og:title\" content=\"Lando Norris\" \/>\n<meta property=\"og:description\" content=\"Segundo triunfo en fila para Lando Norris y primer abandono para Franco Colapinto\" \/>\n<meta property=\"og:url\" content=\"https:\/\/autosdelpodio.com\/autos\/8481-2\/\" \/>\n<meta property=\"og:site_name\" content=\"Autos del Podio\" \/>\n<meta property=\"article:publisher\" content=\"https:\/\/www.facebook.com\/profile.php?id=100057192590976&amp;amp%3bamp%3bamp%3bamp%3bamp%3bamp%3bamp%3bamp%3bamp%3bamp%3bamp%3bamp%3bamp%3bamp%3bamp%3bamp%3bamp%3bamp%3bref=ts\" \/>\n<meta property=\"article:published_time\" content=\"2025-07-07T01:01:18+00:00\" \/>\n<meta property=\"article:modified_time\" content=\"2025-07-07T01:01:46+00:00\" \/>\n<meta property=\"og:image\" content=\"https:\/\/autosdelpodio.com\/autos\/wp-content\/uploads\/2020\/04\/Logo_F1_-e1621029352226.jpg\" \/>\n\t<meta property=\"og:image:width\" content=\"500\" \/>\n\t<meta property=\"og:image:height\" content=\"278\" \/>\n\t<meta property=\"og:image:type\" content=\"image\/jpeg\" \/>\n<meta name=\"author\" content=\"autosdelpodio\" \/>\n<meta name=\"twitter:card\" content=\"summary_large_image\" \/>\n<meta name=\"twitter:creator\" content=\"@autosdelpodio\" \/>\n<meta name=\"twitter:site\" content=\"@autosdelpodio\" \/>\n<meta name=\"twitter:label1\" content=\"Escrito por\" \/>\n\t<meta name=\"twitter:data1\" content=\"autosdelpodio\" \/>\n\t<meta name=\"twitter:label2\" content=\"Tiempo de lectura\" \/>\n\t<meta name=\"twitter:data2\" content=\"2 minutos\" \/>\n<script type=\"application\/ld+json\" class=\"yoast-schema-graph\">{\"@context\":\"https:\\\/\\\/schema.org\",\"@graph\":[{\"@type\":\"Article\",\"@id\":\"https:\\\/\\\/autosdelpodio.com\\\/autos\\\/8481-2\\\/#article\",\"isPartOf\":{\"@id\":\"https:\\\/\\\/autosdelpodio.com\\\/autos\\\/8481-2\\\/\"},\"author\":{\"name\":\"autosdelpodio\",\"@id\":\"http:\\\/\\\/autosdelpodio.com\\\/autos\\\/#\\\/schema\\\/person\\\/993527a4d01c3acdd3d6bce3770bc942\"},\"headline\":\"Norris de local\",\"datePublished\":\"2025-07-07T01:01:18+00:00\",\"dateModified\":\"2025-07-07T01:01:46+00:00\",\"mainEntityOfPage\":{\"@id\":\"https:\\\/\\\/autosdelpodio.com\\\/autos\\\/8481-2\\\/\"},\"wordCount\":234,\"commentCount\":0,\"publisher\":{\"@id\":\"http:\\\/\\\/autosdelpodio.com\\\/autos\\\/#organization\"},\"image\":{\"@id\":\"https:\\\/\\\/autosdelpodio.com\\\/autos\\\/8481-2\\\/#primaryimage\"},\"thumbnailUrl\":\"https:\\\/\\\/autosdelpodio.com\\\/autos\\\/wp-content\\\/uploads\\\/2020\\\/04\\\/Logo_F1_-e1621029352226.jpg\",\"keywords\":[\"Formula 1\",\"Lando Norris\",\"Mc Laren\",\"Reino Unido\",\"Silverstone\"],\"articleSection\":[\"Destacado\",\"\u00daltimas noticias\"],\"inLanguage\":\"es\",\"potentialAction\":[{\"@type\":\"CommentAction\",\"name\":\"Comment\",\"target\":[\"https:\\\/\\\/autosdelpodio.com\\\/autos\\\/8481-2\\\/#respond\"]}]},{\"@type\":\"WebPage\",\"@id\":\"https:\\\/\\\/autosdelpodio.com\\\/autos\\\/8481-2\\\/\",\"url\":\"https:\\\/\\\/autosdelpodio.com\\\/autos\\\/8481-2\\\/\",\"name\":\"Autos del Podio | Norris de local\",\"isPartOf\":{\"@id\":\"http:\\\/\\\/autosdelpodio.com\\\/autos\\\/#website\"},\"primaryImageOfPage\":{\"@id\":\"https:\\\/\\\/autosdelpodio.com\\\/autos\\\/8481-2\\\/#primaryimage\"},\"image\":{\"@id\":\"https:\\\/\\\/autosdelpodio.com\\\/autos\\\/8481-2\\\/#primaryimage\"},\"thumbnailUrl\":\"https:\\\/\\\/autosdelpodio.com\\\/autos\\\/wp-content\\\/uploads\\\/2020\\\/04\\\/Logo_F1_-e1621029352226.jpg\",\"datePublished\":\"2025-07-07T01:01:18+00:00\",\"dateModified\":\"2025-07-07T01:01:46+00:00\",\"description\":\"Autos del Podio Segundo triunfo en fila para Lando Norris y primer abandono para Franco Colapinto\",\"breadcrumb\":{\"@id\":\"https:\\\/\\\/autosdelpodio.com\\\/autos\\\/8481-2\\\/#breadcrumb\"},\"inLanguage\":\"es\",\"potentialAction\":[{\"@type\":\"ReadAction\",\"target\":[\"https:\\\/\\\/autosdelpodio.com\\\/autos\\\/8481-2\\\/\"]}]},{\"@type\":\"ImageObject\",\"inLanguage\":\"es\",\"@id\":\"https:\\\/\\\/autosdelpodio.com\\\/autos\\\/8481-2\\\/#primaryimage\",\"url\":\"https:\\\/\\\/autosdelpodio.com\\\/autos\\\/wp-content\\\/uploads\\\/2020\\\/04\\\/Logo_F1_-e1621029352226.jpg\",\"contentUrl\":\"https:\\\/\\\/autosdelpodio.com\\\/autos\\\/wp-content\\\/uploads\\\/2020\\\/04\\\/Logo_F1_-e1621029352226.jpg\",\"width\":500,\"height\":278},{\"@type\":\"BreadcrumbList\",\"@id\":\"https:\\\/\\\/autosdelpodio.com\\\/autos\\\/8481-2\\\/#breadcrumb\",\"itemListElement\":[{\"@type\":\"ListItem\",\"position\":1,\"name\":\"Portada\",\"item\":\"http:\\\/\\\/autosdelpodio.com\\\/autos\\\/\"},{\"@type\":\"ListItem\",\"position\":2,\"name\":\"Norris de local\"}]},{\"@type\":\"WebSite\",\"@id\":\"http:\\\/\\\/autosdelpodio.com\\\/autos\\\/#website\",\"url\":\"http:\\\/\\\/autosdelpodio.com\\\/autos\\\/\",\"name\":\"Autos del Podio\",\"description\":\"La sexta del deporte motor\",\"publisher\":{\"@id\":\"http:\\\/\\\/autosdelpodio.com\\\/autos\\\/#organization\"},\"potentialAction\":[{\"@type\":\"SearchAction\",\"target\":{\"@type\":\"EntryPoint\",\"urlTemplate\":\"http:\\\/\\\/autosdelpodio.com\\\/autos\\\/?s={search_term_string}\"},\"query-input\":{\"@type\":\"PropertyValueSpecification\",\"valueRequired\":true,\"valueName\":\"search_term_string\"}}],\"inLanguage\":\"es\"},{\"@type\":\"Organization\",\"@id\":\"http:\\\/\\\/autosdelpodio.com\\\/autos\\\/#organization\",\"name\":\"Autos del Podio\",\"url\":\"http:\\\/\\\/autosdelpodio.com\\\/autos\\\/\",\"logo\":{\"@type\":\"ImageObject\",\"inLanguage\":\"es\",\"@id\":\"http:\\\/\\\/autosdelpodio.com\\\/autos\\\/#\\\/schema\\\/logo\\\/image\\\/\",\"url\":\"http:\\\/\\\/autosdelpodio.com\\\/autos\\\/wp-content\\\/uploads\\\/2020\\\/08\\\/Logo_AR.jpg\",\"contentUrl\":\"http:\\\/\\\/autosdelpodio.com\\\/autos\\\/wp-content\\\/uploads\\\/2020\\\/08\\\/Logo_AR.jpg\",\"width\":1038,\"height\":1044,\"caption\":\"Autos del Podio\"},\"image\":{\"@id\":\"http:\\\/\\\/autosdelpodio.com\\\/autos\\\/#\\\/schema\\\/logo\\\/image\\\/\"},\"sameAs\":[\"https:\\\/\\\/www.facebook.com\\\/profile.php?id=100057192590976&amp;amp;amp;amp;amp;amp;amp;amp;amp;amp;amp;amp;amp;amp;amp;amp;amp;amp;ref=ts\",\"https:\\\/\\\/x.com\\\/autosdelpodio\",\"https:\\\/\\\/www.youtube.com\\\/user\\\/AutosdelPodio\"]},{\"@type\":\"Person\",\"@id\":\"http:\\\/\\\/autosdelpodio.com\\\/autos\\\/#\\\/schema\\\/person\\\/993527a4d01c3acdd3d6bce3770bc942\",\"name\":\"autosdelpodio\",\"image\":{\"@type\":\"ImageObject\",\"inLanguage\":\"es\",\"@id\":\"https:\\\/\\\/autosdelpodio.com\\\/autos\\\/wp-content\\\/litespeed\\\/avatar\\\/aa8f65cd201a80f6b844f63278aa84af.jpg?ver=1777403005\",\"url\":\"https:\\\/\\\/autosdelpodio.com\\\/autos\\\/wp-content\\\/litespeed\\\/avatar\\\/aa8f65cd201a80f6b844f63278aa84af.jpg?ver=1777403005\",\"contentUrl\":\"https:\\\/\\\/autosdelpodio.com\\\/autos\\\/wp-content\\\/litespeed\\\/avatar\\\/aa8f65cd201a80f6b844f63278aa84af.jpg?ver=1777403005\",\"caption\":\"autosdelpodio\"}}]}<\/script>\n<!-- \/ Yoast SEO plugin. -->","yoast_head_json":{"title":"Autos del Podio | Norris de local","description":"Autos del Podio Segundo triunfo en fila para Lando Norris y primer abandono para Franco Colapinto","robots":{"index":"index","follow":"follow","max-snippet":"max-snippet:-1","max-image-preview":"max-image-preview:large","max-video-preview":"max-video-preview:-1"},"canonical":"https:\/\/autosdelpodio.com\/autos\/8481-2\/","og_locale":"es_ES","og_type":"article","og_title":"Lando Norris","og_description":"Segundo triunfo en fila para Lando Norris y primer abandono para Franco Colapinto","og_url":"https:\/\/autosdelpodio.com\/autos\/8481-2\/","og_site_name":"Autos del Podio","article_publisher":"https:\/\/www.facebook.com\/profile.php?id=100057192590976&amp%3bamp%3bamp%3bamp%3bamp%3bamp%3bamp%3bamp%3bamp%3bamp%3bamp%3bamp%3bamp%3bamp%3bamp%3bamp%3bamp%3bamp%3bref=ts","article_published_time":"2025-07-07T01:01:18+00:00","article_modified_time":"2025-07-07T01:01:46+00:00","og_image":[{"width":500,"height":278,"url":"https:\/\/autosdelpodio.com\/autos\/wp-content\/uploads\/2020\/04\/Logo_F1_-e1621029352226.jpg","type":"image\/jpeg"}],"author":"autosdelpodio","twitter_card":"summary_large_image","twitter_creator":"@autosdelpodio","twitter_site":"@autosdelpodio","twitter_misc":{"Escrito por":"autosdelpodio","Tiempo de lectura":"2 minutos"},"schema":{"@context":"https:\/\/schema.org","@graph":[{"@type":"Article","@id":"https:\/\/autosdelpodio.com\/autos\/8481-2\/#article","isPartOf":{"@id":"https:\/\/autosdelpodio.com\/autos\/8481-2\/"},"author":{"name":"autosdelpodio","@id":"http:\/\/autosdelpodio.com\/autos\/#\/schema\/person\/993527a4d01c3acdd3d6bce3770bc942"},"headline":"Norris de local","datePublished":"2025-07-07T01:01:18+00:00","dateModified":"2025-07-07T01:01:46+00:00","mainEntityOfPage":{"@id":"https:\/\/autosdelpodio.com\/autos\/8481-2\/"},"wordCount":234,"commentCount":0,"publisher":{"@id":"http:\/\/autosdelpodio.com\/autos\/#organization"},"image":{"@id":"https:\/\/autosdelpodio.com\/autos\/8481-2\/#primaryimage"},"thumbnailUrl":"https:\/\/autosdelpodio.com\/autos\/wp-content\/uploads\/2020\/04\/Logo_F1_-e1621029352226.jpg","keywords":["Formula 1","Lando Norris","Mc Laren","Reino Unido","Silverstone"],"articleSection":["Destacado","\u00daltimas noticias"],"inLanguage":"es","potentialAction":[{"@type":"CommentAction","name":"Comment","target":["https:\/\/autosdelpodio.com\/autos\/8481-2\/#respond"]}]},{"@type":"WebPage","@id":"https:\/\/autosdelpodio.com\/autos\/8481-2\/","url":"https:\/\/autosdelpodio.com\/autos\/8481-2\/","name":"Autos del Podio | Norris de local","isPartOf":{"@id":"http:\/\/autosdelpodio.com\/autos\/#website"},"primaryImageOfPage":{"@id":"https:\/\/autosdelpodio.com\/autos\/8481-2\/#primaryimage"},"image":{"@id":"https:\/\/autosdelpodio.com\/autos\/8481-2\/#primaryimage"},"thumbnailUrl":"https:\/\/autosdelpodio.com\/autos\/wp-content\/uploads\/2020\/04\/Logo_F1_-e1621029352226.jpg","datePublished":"2025-07-07T01:01:18+00:00","dateModified":"2025-07-07T01:01:46+00:00","description":"Autos del Podio Segundo triunfo en fila para Lando Norris y primer abandono para Franco Colapinto","breadcrumb":{"@id":"https:\/\/autosdelpodio.com\/autos\/8481-2\/#breadcrumb"},"inLanguage":"es","potentialAction":[{"@type":"ReadAction","target":["https:\/\/autosdelpodio.com\/autos\/8481-2\/"]}]},{"@type":"ImageObject","inLanguage":"es","@id":"https:\/\/autosdelpodio.com\/autos\/8481-2\/#primaryimage","url":"https:\/\/autosdelpodio.com\/autos\/wp-content\/uploads\/2020\/04\/Logo_F1_-e1621029352226.jpg","contentUrl":"https:\/\/autosdelpodio.com\/autos\/wp-content\/uploads\/2020\/04\/Logo_F1_-e1621029352226.jpg","width":500,"height":278},{"@type":"BreadcrumbList","@id":"https:\/\/autosdelpodio.com\/autos\/8481-2\/#breadcrumb","itemListElement":[{"@type":"ListItem","position":1,"name":"Portada","item":"http:\/\/autosdelpodio.com\/autos\/"},{"@type":"ListItem","position":2,"name":"Norris de local"}]},{"@type":"WebSite","@id":"http:\/\/autosdelpodio.com\/autos\/#website","url":"http:\/\/autosdelpodio.com\/autos\/","name":"Autos del Podio","description":"La sexta del deporte motor","publisher":{"@id":"http:\/\/autosdelpodio.com\/autos\/#organization"},"potentialAction":[{"@type":"SearchAction","target":{"@type":"EntryPoint","urlTemplate":"http:\/\/autosdelpodio.com\/autos\/?s={search_term_string}"},"query-input":{"@type":"PropertyValueSpecification","valueRequired":true,"valueName":"search_term_string"}}],"inLanguage":"es"},{"@type":"Organization","@id":"http:\/\/autosdelpodio.com\/autos\/#organization","name":"Autos del Podio","url":"http:\/\/autosdelpodio.com\/autos\/","logo":{"@type":"ImageObject","inLanguage":"es","@id":"http:\/\/autosdelpodio.com\/autos\/#\/schema\/logo\/image\/","url":"http:\/\/autosdelpodio.com\/autos\/wp-content\/uploads\/2020\/08\/Logo_AR.jpg","contentUrl":"http:\/\/autosdelpodio.com\/autos\/wp-content\/uploads\/2020\/08\/Logo_AR.jpg","width":1038,"height":1044,"caption":"Autos del Podio"},"image":{"@id":"http:\/\/autosdelpodio.com\/autos\/#\/schema\/logo\/image\/"},"sameAs":["https:\/\/www.facebook.com\/profile.php?id=100057192590976&amp;amp;amp;amp;amp;amp;amp;amp;amp;amp;amp;amp;amp;amp;amp;amp;amp;amp;ref=ts","https:\/\/x.com\/autosdelpodio","https:\/\/www.youtube.com\/user\/AutosdelPodio"]},{"@type":"Person","@id":"http:\/\/autosdelpodio.com\/autos\/#\/schema\/person\/993527a4d01c3acdd3d6bce3770bc942","name":"autosdelpodio","image":{"@type":"ImageObject","inLanguage":"es","@id":"https:\/\/autosdelpodio.com\/autos\/wp-content\/litespeed\/avatar\/aa8f65cd201a80f6b844f63278aa84af.jpg?ver=1777403005","url":"https:\/\/autosdelpodio.com\/autos\/wp-content\/litespeed\/avatar\/aa8f65cd201a80f6b844f63278aa84af.jpg?ver=1777403005","contentUrl":"https:\/\/autosdelpodio.com\/autos\/wp-content\/litespeed\/avatar\/aa8f65cd201a80f6b844f63278aa84af.jpg?ver=1777403005","caption":"autosdelpodio"}}]}},"views":394,"_links":{"self":[{"href":"https:\/\/autosdelpodio.com\/autos\/wp-json\/wp\/v2\/posts\/8481","targetHints":{"allow":["GET"]}}],"collection":[{"href":"https:\/\/autosdelpodio.com\/autos\/wp-json\/wp\/v2\/posts"}],"about":[{"href":"https:\/\/autosdelpodio.com\/autos\/wp-json\/wp\/v2\/types\/post"}],"author":[{"embeddable":true,"href":"https:\/\/autosdelpodio.com\/autos\/wp-json\/wp\/v2\/users\/3"}],"replies":[{"embeddable":true,"href":"https:\/\/autosdelpodio.com\/autos\/wp-json\/wp\/v2\/comments?post=8481"}],"version-history":[{"count":3,"href":"https:\/\/autosdelpodio.com\/autos\/wp-json\/wp\/v2\/posts\/8481\/revisions"}],"predecessor-version":[{"id":8484,"href":"https:\/\/autosdelpodio.com\/autos\/wp-json\/wp\/v2\/posts\/8481\/revisions\/8484"}],"wp:featuredmedia":[{"embeddable":true,"href":"https:\/\/autosdelpodio.com\/autos\/wp-json\/wp\/v2\/media\/1751"}],"wp:attachment":[{"href":"https:\/\/autosdelpodio.com\/autos\/wp-json\/wp\/v2\/media?parent=8481"}],"wp:term":[{"taxonomy":"category","embeddable":true,"href":"https:\/\/autosdelpodio.com\/autos\/wp-json\/wp\/v2\/categories?post=8481"},{"taxonomy":"post_tag","embeddable":true,"href":"https:\/\/autosdelpodio.com\/autos\/wp-json\/wp\/v2\/tags?post=8481"}],"curies":[{"name":"wp","href":"https:\/\/api.w.org\/{rel}","templated":true}]}}