{"id":8488,"date":"2025-07-13T15:04:27","date_gmt":"2025-07-13T18:04:27","guid":{"rendered":"https:\/\/autosdelpodio.com\/autos\/?p=8488"},"modified":"2025-07-13T15:04:28","modified_gmt":"2025-07-13T18:04:28","slug":"todo-para-canapa","status":"publish","type":"post","link":"https:\/\/autosdelpodio.com\/autos\/todo-para-canapa\/","title":{"rendered":"Todo para Canapa"},"content":{"rendered":"\n<p>Agust\u00ecn Canapino gan\u00f3 la octava final del a\u00f1o del Turismo Carretera en el Aut\u00f3dromo uruguayense de Concepci\u00f3n. German Todino y el nuevo puntero de la fase regular Juli\u00e1n Santero completaron el podio.<br>Poco le import\u00f3 a Agust\u00edn Canapino que la competencia haya resultado lineal a lo largo de sus 25 vueltas ya que el Titan de Arrecifes se llev\u00f3 todos los puntos posibles que otorgaba el fin de semana tras lograr la Pole, su serie que fue la mas veloz y la carrera.<br>La proxima fecha ser\u00e1 el 9 y 10 de agosto en el Autodromo \u201cSan Juan Villicum\u201d, en una nueva edici\u00f2n del \u201cDesaf\u00edo de las Estrellas<\/p>\n\n\n\n<p><strong><em>Final del TC a 25 Vueltas &#8211; Entre Rios I &#8211; Fecha 8<\/em><\/strong><\/p>\n\n\n\n<figure class=\"wp-block-table\"><table class=\"has-fixed-layout\"><tbody><tr><td>1\u00ba<\/td><td>CANAPINO, AGUST\u00cdN<\/td><td>CHEVROLET (CAMARO)<\/td><td>35;56.168<\/td><\/tr><tr><td>2\u00ba<\/td><td>TODINO, GERM\u00c1N<\/td><td>FORD (MUSTANG)<\/td><td>1.096<\/td><\/tr><tr><td>3\u00ba<\/td><td>SANTERO, JULI\u00c1N<\/td><td>FORD (MUSTANG)<\/td><td>5.638<\/td><\/tr><tr><td>4\u00ba<\/td><td>AGRELO, MARCELO<\/td><td>TOYOTA<\/td><td>6.890<\/td><\/tr><tr><td>5\u00ba<\/td><td>FA\u00cdN, IGNACIO<\/td><td>TORINO (TORINO NG)<\/td><td>19.219<\/td><\/tr><tr><td>6\u00ba<\/td><td>EBARL\u00cdN, JUAN JOS\u00c9<\/td><td>CHEVROLET (CAMARO)<\/td><td>22.438<\/td><\/tr><tr><td>7\u00ba<\/td><td>ROSSI, MAT\u00cdAS<\/td><td>TOYOTA<\/td><td>23.080<\/td><\/tr><tr><td>8\u00ba<\/td><td>TRUCCO, JUAN MART\u00cdN<\/td><td>DODGE (CHALLENGER)<\/td><td>24.494<\/td><\/tr><tr><td>9\u00ba<\/td><td>TROSSET, NICOL\u00c1S<\/td><td>FORD (MUSTANG)<\/td><td>26.197<\/td><\/tr><tr><td>10\u00ba<\/td><td>OLMEDO, JEREM\u00cdAS<\/td><td>FORD (MUSTANG)<\/td><td>26.627<\/td><\/tr><tr><td>11\u00ba<\/td><td>AGUIRRE, VALENT\u00cdN<\/td><td>CHEVROLET (CAMARO)<\/td><td>27.097<\/td><\/tr><tr><td>12\u00ba<\/td><td>LANDA, MARCOS<\/td><td>CHEVROLET (CAMARO)<\/td><td>30.811<\/td><\/tr><tr><td>13\u00ba<\/td><td>WERNER, MARIANO<\/td><td>FORD (MUSTANG)<\/td><td>39.142<\/td><\/tr><tr><td>14\u00ba<\/td><td>DE LA IGLESIA, LAUTARO<\/td><td>DODGE (CHALLENGER)<\/td><td>41.378<\/td><\/tr><tr><td>15\u00ba<\/td><td>LAMBIRIS, MAURICIO<\/td><td>FORD (MUSTANG)<\/td><td>42.746<\/td><\/tr><tr><td>16\u00ba<\/td><td>BONELLI, NICOL\u00c1S<\/td><td>FORD (MUSTANG)<\/td><td>43.280<\/td><\/tr><tr><td>17\u00ba<\/td><td>FERRANTE, GAST\u00d3N<\/td><td>TOYOTA<\/td><td>43.828<\/td><\/tr><tr><td>18\u00ba<\/td><td>DI PALMA, LUIS JOS\u00c9<\/td><td>CHEVROLET (CAMARO)<\/td><td>44.394<\/td><\/tr><tr><td>19\u00ba<\/td><td>ARDUSSO, FACUNDO<\/td><td>CHEVROLET (CAMARO)<\/td><td>44.684<\/td><\/tr><tr><td>20\u00ba<\/td><td>DE BENEDICTIS, JUAN B.<\/td><td>FORD (MUSTANG)<\/td><td>45.626<\/td><\/tr><tr><td>21\u00ba<\/td><td>V\u00c1ZQUEZ, MART\u00cdN<\/td><td>DODGE (CHALLENGER)<\/td><td>46.836<\/td><\/tr><tr><td>22\u00ba<\/td><td>FRITZLER, OTTO<\/td><td>TOYOTA<\/td><td>47.341<\/td><\/tr><tr><td>23\u00ba<\/td><td>MANGONI, SANTIAGO<\/td><td>CHEVROLET (CAMARO)<\/td><td>47.700<\/td><\/tr><tr><td>24\u00ba<\/td><td>URCERA, JOS\u00c9 MANUEL<\/td><td>FORD (MUSTANG)<\/td><td>48.580<\/td><\/tr><tr><td>25\u00ba<\/td><td>CANAPINO, MAT\u00cdAS<\/td><td>CHEVROLET (CAMARO)<\/td><td>49.400<\/td><\/tr><tr><td>26\u00ba<\/td><td>LEDESMA, CHRISTIAN<\/td><td>CHEVROLET (CAMARO)<\/td><td>52.159<\/td><\/tr><tr><td>27\u00ba<\/td><td>DOMENECH, ALFONSO<\/td><td>DODGE (CHALLENGER)<\/td><td>53.039<\/td><\/tr><tr><td>28\u00ba<\/td><td>CRAPARO, ELIO<\/td><td>DODGE (CHALLENGER)<\/td><td>54.934<\/td><\/tr><tr><td>29\u00ba<\/td><td>SERRANO, MART\u00cdN<\/td><td>CHEVROLET (CAMARO)<\/td><td>55.355<\/td><\/tr><tr><td>30\u00ba<\/td><td>CASTELLANO, JONATAN<\/td><td>DODGE (CHALLENGER)<\/td><td>55.640<\/td><\/tr><tr><td>31\u00ba<\/td><td>SPATARO, EMILIANO<\/td><td>FORD (MUSTANG)<\/td><td>56.031<\/td><\/tr><tr><td>32\u00ba<\/td><td>\u00c1LVAREZ, SANTIAGO<\/td><td>CHEVROLET (CAMARO)<\/td><td>56.913<\/td><\/tr><tr><td>33\u00ba<\/td><td>SCIALCHI, JEREM\u00cdAS<\/td><td>FORD (MUSTANG)<\/td><td>57.905<\/td><\/tr><tr><td>34\u00ba<\/td><td>CANDELA, KEVIN<\/td><td>TORINO (TORINO NG)<\/td><td>58.173<\/td><\/tr><tr><td>35\u00ba<\/td><td>PALAZZO, HERN\u00c1N<\/td><td>TOYOTA<\/td><td>1;02.861<\/td><\/tr><tr><td>36\u00ba<\/td><td>MAZZACANE, GAST\u00d3N<\/td><td>CHEVROLET (CAMARO)<\/td><td>1;07.675<\/td><\/tr><tr><td>37\u00ba<\/td><td>QUIJADA, MARCOS<\/td><td>CHEVROLET (CAMARO)<\/td><td>1;10.764<\/td><\/tr><tr><td>38\u00ba<\/td><td>AZAR, DIEGO<\/td><td>TOYOTA<\/td><td>1;11.284<\/td><\/tr><tr><td>39\u00ba<\/td><td>MART\u00cdNEZ, TOB\u00cdAS<\/td><td>TOYOTA<\/td><td>1;11.530<\/td><\/tr><tr><td>40\u00ba<\/td><td>IMPIOMBATO, NICOL\u00c1S<\/td><td>CHEVROLET (CAMARO)<\/td><td>1;12.940<\/td><\/tr><tr><td>41\u00ba<\/td><td>FONTANA, NORBERTO<\/td><td>CHEVROLET (CAMARO)<\/td><td>1;16.631<\/td><\/tr><tr><td>42\u00ba<\/td><td>DE CARLO, DIEGO<\/td><td>CHEVROLET (CAMARO)<\/td><td>1;24.135<\/td><\/tr><tr><td>43\u00ba<\/td><td>DOSE, CHRISTIAN<\/td><td>CHEVROLET (CAMARO)<\/td><td>1 VTA<\/td><\/tr><tr><td>44\u00ba<\/td><td>JAKOS, ANDR\u00c9S<\/td><td>TOYOTA<\/td><td>4 VTAS<\/td><\/tr><tr><td>45\u00ba<\/td><td>ALAUX, SERGIO<\/td><td>CHEVROLET (CAMARO)<\/td><td>8 VTAS<\/td><\/tr><tr><td>46\u00ba<\/td><td>CARINELLI, AUGUSTO<\/td><td>FORD (MUSTANG)<\/td><td>10 VTAS<\/td><\/tr><tr><td>47\u00ba<\/td><td>BENVENUTI, JUAN CRUZ<\/td><td>CHEVROLET (CAMARO)<\/td><td>11 VTAS<\/td><\/tr><tr><td>48\u00ba<\/td><td>JALAF, MAT\u00cdAS<\/td><td>FORD (MUSTANG)<\/td><td>12 VTAS<\/td><\/tr><tr><td>49\u00ba<\/td><td>CHAPUR, FACUNDO<\/td><td>TORINO (TORINO NG)<\/td><td>15 VTAS<\/td><\/tr><tr><td>50\u00ba<\/td><td>ABELLA, SEBASTI\u00c1N<\/td><td>TOYOTA<\/td><td>20 VTAS<\/td><\/tr><tr><td>51\u00ba<\/td><td>IRIBARNE, FEDERICO<\/td><td>CHEVROLET (CAMARO)<\/td><td>22 VTAS<\/td><\/tr><tr><td>52\u00ba<\/td><td>TETI, JER\u00d3NIMO<\/td><td>FORD (MUSTANG)<\/td><td>24 VTAS<\/td><\/tr><\/tbody><\/table><\/figure>\n\n\n\n<p><strong>PROMEDIO:&nbsp;<\/strong>178,609 km\/h.&nbsp;<strong>RECORD DE VUELTA:&nbsp;<\/strong>Todino en la vta. 2 en 1:25.102 a 181,011 km\/h.&nbsp;<\/p>\n","protected":false},"excerpt":{"rendered":"<p>Agust\u00ecn Canapino gan\u00f3 la octava final del a\u00f1o del Turismo Carretera en el Aut\u00f3dromo uruguayense de Concepci\u00f3n. German Todino y<\/p>\n","protected":false},"author":3,"featured_media":920,"comment_status":"open","ping_status":"open","sticky":false,"template":"","format":"standard","meta":{"colormag_page_container_layout":"default_layout","colormag_page_sidebar_layout":"default_layout","footnotes":""},"categories":[6,5],"tags":[367,507,809,37,218,39],"class_list":["post-8488","post","type-post","status-publish","format-standard","has-post-thumbnail","hentry","category-newsflash","category-latest-news","tag-agustin-canapino","tag-autodromo-concepcion-u","tag-camaro","tag-chevrolet","tag-entre-rios","tag-turismo-carretera"],"yoast_head":"<!-- This site is optimized with the Yoast SEO plugin v27.5 - https:\/\/yoast.com\/product\/yoast-seo-wordpress\/ -->\n<title>Autos del Podio | Todo para Canapa<\/title>\n<meta name=\"description\" content=\"Autos del Podio Canapino volvi\u00f3 a festejar en TC y se anota en la lucha por el campeonato\" \/>\n<meta name=\"robots\" content=\"index, follow, max-snippet:-1, max-image-preview:large, max-video-preview:-1\" \/>\n<link rel=\"canonical\" href=\"http:\/\/autosdelpodio.com\/autos\/todo-para-canapa\/\" \/>\n<meta property=\"og:locale\" content=\"es_ES\" \/>\n<meta property=\"og:type\" content=\"article\" \/>\n<meta property=\"og:title\" content=\"Agust\u00edn Canapino\" \/>\n<meta property=\"og:description\" content=\"Canapino volvi\u00f3 a festejar en TC y se anota en la lucha por el campeonato\" \/>\n<meta property=\"og:url\" content=\"http:\/\/autosdelpodio.com\/autos\/todo-para-canapa\/\" \/>\n<meta property=\"og:site_name\" content=\"Autos del Podio\" \/>\n<meta property=\"article:publisher\" content=\"https:\/\/www.facebook.com\/profile.php?id=100057192590976&amp;amp%3bamp%3bamp%3bamp%3bamp%3bamp%3bamp%3bamp%3bamp%3bamp%3bamp%3bamp%3bamp%3bamp%3bamp%3bamp%3bamp%3bamp%3bref=ts\" \/>\n<meta property=\"article:published_time\" content=\"2025-07-13T18:04:27+00:00\" \/>\n<meta property=\"article:modified_time\" content=\"2025-07-13T18:04:28+00:00\" \/>\n<meta property=\"og:image\" content=\"http:\/\/autosdelpodio.com\/autos\/wp-content\/uploads\/2014\/01\/chevrolet_logo-e1626033178135.jpg\" \/>\n\t<meta property=\"og:image:width\" content=\"500\" \/>\n\t<meta property=\"og:image:height\" content=\"255\" \/>\n\t<meta property=\"og:image:type\" content=\"image\/jpeg\" \/>\n<meta name=\"author\" content=\"autosdelpodio\" \/>\n<meta name=\"twitter:card\" content=\"summary_large_image\" \/>\n<meta name=\"twitter:creator\" content=\"@autosdelpodio\" \/>\n<meta name=\"twitter:site\" content=\"@autosdelpodio\" \/>\n<meta name=\"twitter:label1\" content=\"Escrito por\" \/>\n\t<meta name=\"twitter:data1\" content=\"autosdelpodio\" \/>\n\t<meta name=\"twitter:label2\" content=\"Tiempo de lectura\" \/>\n\t<meta name=\"twitter:data2\" content=\"3 minutos\" \/>\n<script type=\"application\/ld+json\" class=\"yoast-schema-graph\">{\"@context\":\"https:\\\/\\\/schema.org\",\"@graph\":[{\"@type\":\"Article\",\"@id\":\"http:\\\/\\\/autosdelpodio.com\\\/autos\\\/todo-para-canapa\\\/#article\",\"isPartOf\":{\"@id\":\"http:\\\/\\\/autosdelpodio.com\\\/autos\\\/todo-para-canapa\\\/\"},\"author\":{\"name\":\"autosdelpodio\",\"@id\":\"http:\\\/\\\/autosdelpodio.com\\\/autos\\\/#\\\/schema\\\/person\\\/993527a4d01c3acdd3d6bce3770bc942\"},\"headline\":\"Todo para Canapa\",\"datePublished\":\"2025-07-13T18:04:27+00:00\",\"dateModified\":\"2025-07-13T18:04:28+00:00\",\"mainEntityOfPage\":{\"@id\":\"http:\\\/\\\/autosdelpodio.com\\\/autos\\\/todo-para-canapa\\\/\"},\"wordCount\":394,\"commentCount\":1,\"publisher\":{\"@id\":\"http:\\\/\\\/autosdelpodio.com\\\/autos\\\/#organization\"},\"image\":{\"@id\":\"http:\\\/\\\/autosdelpodio.com\\\/autos\\\/todo-para-canapa\\\/#primaryimage\"},\"thumbnailUrl\":\"https:\\\/\\\/autosdelpodio.com\\\/autos\\\/wp-content\\\/uploads\\\/2014\\\/01\\\/chevrolet_logo-e1626033178135.jpg\",\"keywords\":[\"Agustin Canapino\",\"Autodromo Concepci\u00f3n U\",\"Camaro\",\"Chevrolet\",\"Entre Rios\",\"Turismo Carretera\"],\"articleSection\":[\"Destacado\",\"\u00daltimas noticias\"],\"inLanguage\":\"es\",\"potentialAction\":[{\"@type\":\"CommentAction\",\"name\":\"Comment\",\"target\":[\"http:\\\/\\\/autosdelpodio.com\\\/autos\\\/todo-para-canapa\\\/#respond\"]}]},{\"@type\":\"WebPage\",\"@id\":\"http:\\\/\\\/autosdelpodio.com\\\/autos\\\/todo-para-canapa\\\/\",\"url\":\"http:\\\/\\\/autosdelpodio.com\\\/autos\\\/todo-para-canapa\\\/\",\"name\":\"Autos del Podio | Todo para Canapa\",\"isPartOf\":{\"@id\":\"http:\\\/\\\/autosdelpodio.com\\\/autos\\\/#website\"},\"primaryImageOfPage\":{\"@id\":\"http:\\\/\\\/autosdelpodio.com\\\/autos\\\/todo-para-canapa\\\/#primaryimage\"},\"image\":{\"@id\":\"http:\\\/\\\/autosdelpodio.com\\\/autos\\\/todo-para-canapa\\\/#primaryimage\"},\"thumbnailUrl\":\"https:\\\/\\\/autosdelpodio.com\\\/autos\\\/wp-content\\\/uploads\\\/2014\\\/01\\\/chevrolet_logo-e1626033178135.jpg\",\"datePublished\":\"2025-07-13T18:04:27+00:00\",\"dateModified\":\"2025-07-13T18:04:28+00:00\",\"description\":\"Autos del Podio Canapino volvi\u00f3 a festejar en TC y se anota en la lucha por el campeonato\",\"breadcrumb\":{\"@id\":\"http:\\\/\\\/autosdelpodio.com\\\/autos\\\/todo-para-canapa\\\/#breadcrumb\"},\"inLanguage\":\"es\",\"potentialAction\":[{\"@type\":\"ReadAction\",\"target\":[\"http:\\\/\\\/autosdelpodio.com\\\/autos\\\/todo-para-canapa\\\/\"]}]},{\"@type\":\"ImageObject\",\"inLanguage\":\"es\",\"@id\":\"http:\\\/\\\/autosdelpodio.com\\\/autos\\\/todo-para-canapa\\\/#primaryimage\",\"url\":\"https:\\\/\\\/autosdelpodio.com\\\/autos\\\/wp-content\\\/uploads\\\/2014\\\/01\\\/chevrolet_logo-e1626033178135.jpg\",\"contentUrl\":\"https:\\\/\\\/autosdelpodio.com\\\/autos\\\/wp-content\\\/uploads\\\/2014\\\/01\\\/chevrolet_logo-e1626033178135.jpg\",\"width\":500,\"height\":255},{\"@type\":\"BreadcrumbList\",\"@id\":\"http:\\\/\\\/autosdelpodio.com\\\/autos\\\/todo-para-canapa\\\/#breadcrumb\",\"itemListElement\":[{\"@type\":\"ListItem\",\"position\":1,\"name\":\"Portada\",\"item\":\"http:\\\/\\\/autosdelpodio.com\\\/autos\\\/\"},{\"@type\":\"ListItem\",\"position\":2,\"name\":\"Todo para Canapa\"}]},{\"@type\":\"WebSite\",\"@id\":\"http:\\\/\\\/autosdelpodio.com\\\/autos\\\/#website\",\"url\":\"http:\\\/\\\/autosdelpodio.com\\\/autos\\\/\",\"name\":\"Autos del Podio\",\"description\":\"La sexta del deporte motor\",\"publisher\":{\"@id\":\"http:\\\/\\\/autosdelpodio.com\\\/autos\\\/#organization\"},\"potentialAction\":[{\"@type\":\"SearchAction\",\"target\":{\"@type\":\"EntryPoint\",\"urlTemplate\":\"http:\\\/\\\/autosdelpodio.com\\\/autos\\\/?s={search_term_string}\"},\"query-input\":{\"@type\":\"PropertyValueSpecification\",\"valueRequired\":true,\"valueName\":\"search_term_string\"}}],\"inLanguage\":\"es\"},{\"@type\":\"Organization\",\"@id\":\"http:\\\/\\\/autosdelpodio.com\\\/autos\\\/#organization\",\"name\":\"Autos del Podio\",\"url\":\"http:\\\/\\\/autosdelpodio.com\\\/autos\\\/\",\"logo\":{\"@type\":\"ImageObject\",\"inLanguage\":\"es\",\"@id\":\"http:\\\/\\\/autosdelpodio.com\\\/autos\\\/#\\\/schema\\\/logo\\\/image\\\/\",\"url\":\"http:\\\/\\\/autosdelpodio.com\\\/autos\\\/wp-content\\\/uploads\\\/2020\\\/08\\\/Logo_AR.jpg\",\"contentUrl\":\"http:\\\/\\\/autosdelpodio.com\\\/autos\\\/wp-content\\\/uploads\\\/2020\\\/08\\\/Logo_AR.jpg\",\"width\":1038,\"height\":1044,\"caption\":\"Autos del Podio\"},\"image\":{\"@id\":\"http:\\\/\\\/autosdelpodio.com\\\/autos\\\/#\\\/schema\\\/logo\\\/image\\\/\"},\"sameAs\":[\"https:\\\/\\\/www.facebook.com\\\/profile.php?id=100057192590976&amp;amp;amp;amp;amp;amp;amp;amp;amp;amp;amp;amp;amp;amp;amp;amp;amp;amp;ref=ts\",\"https:\\\/\\\/x.com\\\/autosdelpodio\",\"https:\\\/\\\/www.youtube.com\\\/user\\\/AutosdelPodio\"]},{\"@type\":\"Person\",\"@id\":\"http:\\\/\\\/autosdelpodio.com\\\/autos\\\/#\\\/schema\\\/person\\\/993527a4d01c3acdd3d6bce3770bc942\",\"name\":\"autosdelpodio\",\"image\":{\"@type\":\"ImageObject\",\"inLanguage\":\"es\",\"@id\":\"https:\\\/\\\/autosdelpodio.com\\\/autos\\\/wp-content\\\/litespeed\\\/avatar\\\/aa8f65cd201a80f6b844f63278aa84af.jpg?ver=1777403005\",\"url\":\"https:\\\/\\\/autosdelpodio.com\\\/autos\\\/wp-content\\\/litespeed\\\/avatar\\\/aa8f65cd201a80f6b844f63278aa84af.jpg?ver=1777403005\",\"contentUrl\":\"https:\\\/\\\/autosdelpodio.com\\\/autos\\\/wp-content\\\/litespeed\\\/avatar\\\/aa8f65cd201a80f6b844f63278aa84af.jpg?ver=1777403005\",\"caption\":\"autosdelpodio\"}}]}<\/script>\n<!-- \/ Yoast SEO plugin. -->","yoast_head_json":{"title":"Autos del Podio | Todo para Canapa","description":"Autos del Podio Canapino volvi\u00f3 a festejar en TC y se anota en la lucha por el campeonato","robots":{"index":"index","follow":"follow","max-snippet":"max-snippet:-1","max-image-preview":"max-image-preview:large","max-video-preview":"max-video-preview:-1"},"canonical":"http:\/\/autosdelpodio.com\/autos\/todo-para-canapa\/","og_locale":"es_ES","og_type":"article","og_title":"Agust\u00edn Canapino","og_description":"Canapino volvi\u00f3 a festejar en TC y se anota en la lucha por el campeonato","og_url":"http:\/\/autosdelpodio.com\/autos\/todo-para-canapa\/","og_site_name":"Autos del Podio","article_publisher":"https:\/\/www.facebook.com\/profile.php?id=100057192590976&amp%3bamp%3bamp%3bamp%3bamp%3bamp%3bamp%3bamp%3bamp%3bamp%3bamp%3bamp%3bamp%3bamp%3bamp%3bamp%3bamp%3bamp%3bref=ts","article_published_time":"2025-07-13T18:04:27+00:00","article_modified_time":"2025-07-13T18:04:28+00:00","og_image":[{"width":500,"height":255,"url":"http:\/\/autosdelpodio.com\/autos\/wp-content\/uploads\/2014\/01\/chevrolet_logo-e1626033178135.jpg","type":"image\/jpeg"}],"author":"autosdelpodio","twitter_card":"summary_large_image","twitter_creator":"@autosdelpodio","twitter_site":"@autosdelpodio","twitter_misc":{"Escrito por":"autosdelpodio","Tiempo de lectura":"3 minutos"},"schema":{"@context":"https:\/\/schema.org","@graph":[{"@type":"Article","@id":"http:\/\/autosdelpodio.com\/autos\/todo-para-canapa\/#article","isPartOf":{"@id":"http:\/\/autosdelpodio.com\/autos\/todo-para-canapa\/"},"author":{"name":"autosdelpodio","@id":"http:\/\/autosdelpodio.com\/autos\/#\/schema\/person\/993527a4d01c3acdd3d6bce3770bc942"},"headline":"Todo para Canapa","datePublished":"2025-07-13T18:04:27+00:00","dateModified":"2025-07-13T18:04:28+00:00","mainEntityOfPage":{"@id":"http:\/\/autosdelpodio.com\/autos\/todo-para-canapa\/"},"wordCount":394,"commentCount":1,"publisher":{"@id":"http:\/\/autosdelpodio.com\/autos\/#organization"},"image":{"@id":"http:\/\/autosdelpodio.com\/autos\/todo-para-canapa\/#primaryimage"},"thumbnailUrl":"https:\/\/autosdelpodio.com\/autos\/wp-content\/uploads\/2014\/01\/chevrolet_logo-e1626033178135.jpg","keywords":["Agustin Canapino","Autodromo Concepci\u00f3n U","Camaro","Chevrolet","Entre Rios","Turismo Carretera"],"articleSection":["Destacado","\u00daltimas noticias"],"inLanguage":"es","potentialAction":[{"@type":"CommentAction","name":"Comment","target":["http:\/\/autosdelpodio.com\/autos\/todo-para-canapa\/#respond"]}]},{"@type":"WebPage","@id":"http:\/\/autosdelpodio.com\/autos\/todo-para-canapa\/","url":"http:\/\/autosdelpodio.com\/autos\/todo-para-canapa\/","name":"Autos del Podio | Todo para Canapa","isPartOf":{"@id":"http:\/\/autosdelpodio.com\/autos\/#website"},"primaryImageOfPage":{"@id":"http:\/\/autosdelpodio.com\/autos\/todo-para-canapa\/#primaryimage"},"image":{"@id":"http:\/\/autosdelpodio.com\/autos\/todo-para-canapa\/#primaryimage"},"thumbnailUrl":"https:\/\/autosdelpodio.com\/autos\/wp-content\/uploads\/2014\/01\/chevrolet_logo-e1626033178135.jpg","datePublished":"2025-07-13T18:04:27+00:00","dateModified":"2025-07-13T18:04:28+00:00","description":"Autos del Podio Canapino volvi\u00f3 a festejar en TC y se anota en la lucha por el campeonato","breadcrumb":{"@id":"http:\/\/autosdelpodio.com\/autos\/todo-para-canapa\/#breadcrumb"},"inLanguage":"es","potentialAction":[{"@type":"ReadAction","target":["http:\/\/autosdelpodio.com\/autos\/todo-para-canapa\/"]}]},{"@type":"ImageObject","inLanguage":"es","@id":"http:\/\/autosdelpodio.com\/autos\/todo-para-canapa\/#primaryimage","url":"https:\/\/autosdelpodio.com\/autos\/wp-content\/uploads\/2014\/01\/chevrolet_logo-e1626033178135.jpg","contentUrl":"https:\/\/autosdelpodio.com\/autos\/wp-content\/uploads\/2014\/01\/chevrolet_logo-e1626033178135.jpg","width":500,"height":255},{"@type":"BreadcrumbList","@id":"http:\/\/autosdelpodio.com\/autos\/todo-para-canapa\/#breadcrumb","itemListElement":[{"@type":"ListItem","position":1,"name":"Portada","item":"http:\/\/autosdelpodio.com\/autos\/"},{"@type":"ListItem","position":2,"name":"Todo para Canapa"}]},{"@type":"WebSite","@id":"http:\/\/autosdelpodio.com\/autos\/#website","url":"http:\/\/autosdelpodio.com\/autos\/","name":"Autos del Podio","description":"La sexta del deporte motor","publisher":{"@id":"http:\/\/autosdelpodio.com\/autos\/#organization"},"potentialAction":[{"@type":"SearchAction","target":{"@type":"EntryPoint","urlTemplate":"http:\/\/autosdelpodio.com\/autos\/?s={search_term_string}"},"query-input":{"@type":"PropertyValueSpecification","valueRequired":true,"valueName":"search_term_string"}}],"inLanguage":"es"},{"@type":"Organization","@id":"http:\/\/autosdelpodio.com\/autos\/#organization","name":"Autos del Podio","url":"http:\/\/autosdelpodio.com\/autos\/","logo":{"@type":"ImageObject","inLanguage":"es","@id":"http:\/\/autosdelpodio.com\/autos\/#\/schema\/logo\/image\/","url":"http:\/\/autosdelpodio.com\/autos\/wp-content\/uploads\/2020\/08\/Logo_AR.jpg","contentUrl":"http:\/\/autosdelpodio.com\/autos\/wp-content\/uploads\/2020\/08\/Logo_AR.jpg","width":1038,"height":1044,"caption":"Autos del Podio"},"image":{"@id":"http:\/\/autosdelpodio.com\/autos\/#\/schema\/logo\/image\/"},"sameAs":["https:\/\/www.facebook.com\/profile.php?id=100057192590976&amp;amp;amp;amp;amp;amp;amp;amp;amp;amp;amp;amp;amp;amp;amp;amp;amp;amp;ref=ts","https:\/\/x.com\/autosdelpodio","https:\/\/www.youtube.com\/user\/AutosdelPodio"]},{"@type":"Person","@id":"http:\/\/autosdelpodio.com\/autos\/#\/schema\/person\/993527a4d01c3acdd3d6bce3770bc942","name":"autosdelpodio","image":{"@type":"ImageObject","inLanguage":"es","@id":"https:\/\/autosdelpodio.com\/autos\/wp-content\/litespeed\/avatar\/aa8f65cd201a80f6b844f63278aa84af.jpg?ver=1777403005","url":"https:\/\/autosdelpodio.com\/autos\/wp-content\/litespeed\/avatar\/aa8f65cd201a80f6b844f63278aa84af.jpg?ver=1777403005","contentUrl":"https:\/\/autosdelpodio.com\/autos\/wp-content\/litespeed\/avatar\/aa8f65cd201a80f6b844f63278aa84af.jpg?ver=1777403005","caption":"autosdelpodio"}}]}},"views":563,"_links":{"self":[{"href":"https:\/\/autosdelpodio.com\/autos\/wp-json\/wp\/v2\/posts\/8488","targetHints":{"allow":["GET"]}}],"collection":[{"href":"https:\/\/autosdelpodio.com\/autos\/wp-json\/wp\/v2\/posts"}],"about":[{"href":"https:\/\/autosdelpodio.com\/autos\/wp-json\/wp\/v2\/types\/post"}],"author":[{"embeddable":true,"href":"https:\/\/autosdelpodio.com\/autos\/wp-json\/wp\/v2\/users\/3"}],"replies":[{"embeddable":true,"href":"https:\/\/autosdelpodio.com\/autos\/wp-json\/wp\/v2\/comments?post=8488"}],"version-history":[{"count":1,"href":"https:\/\/autosdelpodio.com\/autos\/wp-json\/wp\/v2\/posts\/8488\/revisions"}],"predecessor-version":[{"id":8489,"href":"https:\/\/autosdelpodio.com\/autos\/wp-json\/wp\/v2\/posts\/8488\/revisions\/8489"}],"wp:featuredmedia":[{"embeddable":true,"href":"https:\/\/autosdelpodio.com\/autos\/wp-json\/wp\/v2\/media\/920"}],"wp:attachment":[{"href":"https:\/\/autosdelpodio.com\/autos\/wp-json\/wp\/v2\/media?parent=8488"}],"wp:term":[{"taxonomy":"category","embeddable":true,"href":"https:\/\/autosdelpodio.com\/autos\/wp-json\/wp\/v2\/categories?post=8488"},{"taxonomy":"post_tag","embeddable":true,"href":"https:\/\/autosdelpodio.com\/autos\/wp-json\/wp\/v2\/tags?post=8488"}],"curies":[{"name":"wp","href":"https:\/\/api.w.org\/{rel}","templated":true}]}}