{"id":8592,"date":"2025-09-08T21:44:15","date_gmt":"2025-09-09T00:44:15","guid":{"rendered":"https:\/\/autosdelpodio.com\/autos\/?p=8592"},"modified":"2025-09-08T21:44:16","modified_gmt":"2025-09-09T00:44:16","slug":"stellantis-inicio-la-produccion-de-vehiculos-hibridos","status":"publish","type":"post","link":"https:\/\/autosdelpodio.com\/autos\/stellantis-inicio-la-produccion-de-vehiculos-hibridos\/","title":{"rendered":"Stellantis inici\u00f3 la producci\u00f3n de veh\u00edculos h\u00edbridos"},"content":{"rendered":"\n<p>Stellantis Argentina anunci\u00f3 el inicio de la producci\u00f3n de los nuevos Peugeot 208 y 2008 Bio-H\u00edbridos, destinados al mercado brasile\u00f1o. Estos modelos incorporan una innovadora tecnolog\u00eda desarrollada \u00edntegramente por el Centro de Desarrollo de Stellantis en Sudam\u00e9rica. La soluci\u00f3n Bio-H\u00edbrida se integra en la estrategia global de la compa\u00f1\u00eda hacia una movilidad m\u00e1s sostenible y accesible, y se destaca por aprovechar las ventajas del etanol como combustible renovable en aquellos mercados donde su uso est\u00e1 extendido. Este sistema combina la propulsi\u00f3n a base de biocombustibles con tecnolog\u00edas h\u00edbrida ligera, logrando una reducci\u00f3n significativa de emisiones gracias a que el ciclo productivo del etanol compensa la mayor parte del CO? generado.<\/p>\n\n\n\n<p>En 2020, el Peugeot 208 fue el primero en utilizar la plataforma multienerg\u00e9tica CMP (Common Modular Platform) que Stellantis instal\u00f3 en la Unidad Productiva de El Palomar, y que se destaca por su modularidad, una cualidad que permite desarrollar modelos de diferentes siluetas para distintos segmentos, adem\u00e1s de brindar una mayor libertad estil\u00edstica a los equipos de dise\u00f1o a la hora de crear nuevos veh\u00edculos. La tecnolog\u00eda Bio-H\u00edbrida se enmarca en el camino tecnol\u00f3gico hacia una movilidad sostenible y accesible adoptado por Stellantis, para potenciar las virtudes del etanol como combustible renovable, cuyo ciclo de producci\u00f3n absorbe la mayor parte de sus emisiones, combinando la propulsi\u00f3n basada en biocombustibles con sistemas el\u00e9ctricos.<\/p>\n\n\n\n<p><em>Fuente: Stellantis Argentina<\/em><\/p>\n","protected":false},"excerpt":{"rendered":"<p>Stellantis Argentina anunci\u00f3 el inicio de la producci\u00f3n de los nuevos Peugeot 208 y 2008 Bio-H\u00edbridos, destinados al mercado brasile\u00f1o.<\/p>\n","protected":false},"author":3,"featured_media":8593,"comment_status":"open","ping_status":"open","sticky":false,"template":"","format":"standard","meta":{"colormag_page_container_layout":"default_layout","colormag_page_sidebar_layout":"default_layout","footnotes":""},"categories":[6,5],"tags":[245,32,847,35,555,846],"class_list":["post-8592","post","type-post","status-publish","format-standard","has-post-thumbnail","hentry","category-newsflash","category-latest-news","tag-brasil","tag-industria-automotriz","tag-peugeot-208","tag-republica-argentina","tag-stellantis","tag-vehiculos-hibridos"],"yoast_head":"<!-- This site is optimized with the Yoast SEO plugin v27.5 - https:\/\/yoast.com\/product\/yoast-seo-wordpress\/ -->\n<title>Autos del Podio | Stellantis inici\u00f3 la producci\u00f3n de veh\u00edculos h\u00edbridos<\/title>\n<meta name=\"description\" content=\"Autos del Podio La Unidad Productiva de Stellantis en El Palomar inici\u00f3 la producci\u00f3n de los Peugeot 208 y 2008 equipados con tecnolog\u00eda h\u00edbrida, destinados al mercado brasile\u00f1o.\" \/>\n<meta name=\"robots\" content=\"index, follow, max-snippet:-1, max-image-preview:large, max-video-preview:-1\" \/>\n<link rel=\"canonical\" href=\"http:\/\/autosdelpodio.com\/autos\/stellantis-inicio-la-produccion-de-vehiculos-hibridos\/\" \/>\n<meta property=\"og:locale\" content=\"es_ES\" \/>\n<meta property=\"og:type\" content=\"article\" \/>\n<meta property=\"og:title\" content=\"Peugeot 208\" \/>\n<meta property=\"og:description\" content=\"La Unidad Productiva de Stellantis en El Palomar inici\u00f3 la producci\u00f3n de los Peugeot 208 y 2008 equipados con tecnolog\u00eda h\u00edbrida, destinados al mercado brasile\u00f1o.\" \/>\n<meta property=\"og:url\" content=\"http:\/\/autosdelpodio.com\/autos\/stellantis-inicio-la-produccion-de-vehiculos-hibridos\/\" \/>\n<meta property=\"og:site_name\" content=\"Autos del Podio\" \/>\n<meta property=\"article:publisher\" content=\"https:\/\/www.facebook.com\/profile.php?id=100057192590976&amp;amp%3bamp%3bamp%3bamp%3bamp%3bamp%3bamp%3bamp%3bamp%3bamp%3bamp%3bamp%3bamp%3bamp%3bamp%3bamp%3bamp%3bamp%3bref=ts\" \/>\n<meta property=\"article:published_time\" content=\"2025-09-09T00:44:15+00:00\" \/>\n<meta property=\"article:modified_time\" content=\"2025-09-09T00:44:16+00:00\" \/>\n<meta property=\"og:image\" content=\"http:\/\/autosdelpodio.com\/autos\/wp-content\/uploads\/2025\/09\/Peugeot_208_Hybr.jpg\" \/>\n\t<meta property=\"og:image:width\" content=\"500\" \/>\n\t<meta property=\"og:image:height\" content=\"250\" \/>\n\t<meta property=\"og:image:type\" content=\"image\/jpeg\" \/>\n<meta name=\"author\" content=\"autosdelpodio\" \/>\n<meta name=\"twitter:card\" content=\"summary_large_image\" \/>\n<meta name=\"twitter:creator\" content=\"@autosdelpodio\" \/>\n<meta name=\"twitter:site\" content=\"@autosdelpodio\" \/>\n<meta name=\"twitter:label1\" content=\"Escrito por\" \/>\n\t<meta name=\"twitter:data1\" content=\"autosdelpodio\" \/>\n\t<meta name=\"twitter:label2\" content=\"Tiempo de lectura\" \/>\n\t<meta name=\"twitter:data2\" content=\"2 minutos\" \/>\n<script type=\"application\/ld+json\" class=\"yoast-schema-graph\">{\"@context\":\"https:\\\/\\\/schema.org\",\"@graph\":[{\"@type\":\"Article\",\"@id\":\"http:\\\/\\\/autosdelpodio.com\\\/autos\\\/stellantis-inicio-la-produccion-de-vehiculos-hibridos\\\/#article\",\"isPartOf\":{\"@id\":\"http:\\\/\\\/autosdelpodio.com\\\/autos\\\/stellantis-inicio-la-produccion-de-vehiculos-hibridos\\\/\"},\"author\":{\"name\":\"autosdelpodio\",\"@id\":\"http:\\\/\\\/autosdelpodio.com\\\/autos\\\/#\\\/schema\\\/person\\\/993527a4d01c3acdd3d6bce3770bc942\"},\"headline\":\"Stellantis inici\u00f3 la producci\u00f3n de veh\u00edculos h\u00edbridos\",\"datePublished\":\"2025-09-09T00:44:15+00:00\",\"dateModified\":\"2025-09-09T00:44:16+00:00\",\"mainEntityOfPage\":{\"@id\":\"http:\\\/\\\/autosdelpodio.com\\\/autos\\\/stellantis-inicio-la-produccion-de-vehiculos-hibridos\\\/\"},\"wordCount\":255,\"commentCount\":1,\"publisher\":{\"@id\":\"http:\\\/\\\/autosdelpodio.com\\\/autos\\\/#organization\"},\"image\":{\"@id\":\"http:\\\/\\\/autosdelpodio.com\\\/autos\\\/stellantis-inicio-la-produccion-de-vehiculos-hibridos\\\/#primaryimage\"},\"thumbnailUrl\":\"https:\\\/\\\/autosdelpodio.com\\\/autos\\\/wp-content\\\/uploads\\\/2025\\\/09\\\/Peugeot_208_Hybr.jpg\",\"keywords\":[\"Brasil\",\"Industria Automotriz\",\"Peugeot 208\",\"Republica Argentina\",\"Stellantis\",\"Vehiculos hibridos\"],\"articleSection\":[\"Destacado\",\"\u00daltimas noticias\"],\"inLanguage\":\"es\",\"potentialAction\":[{\"@type\":\"CommentAction\",\"name\":\"Comment\",\"target\":[\"http:\\\/\\\/autosdelpodio.com\\\/autos\\\/stellantis-inicio-la-produccion-de-vehiculos-hibridos\\\/#respond\"]}]},{\"@type\":\"WebPage\",\"@id\":\"http:\\\/\\\/autosdelpodio.com\\\/autos\\\/stellantis-inicio-la-produccion-de-vehiculos-hibridos\\\/\",\"url\":\"http:\\\/\\\/autosdelpodio.com\\\/autos\\\/stellantis-inicio-la-produccion-de-vehiculos-hibridos\\\/\",\"name\":\"Autos del Podio | Stellantis inici\u00f3 la producci\u00f3n de veh\u00edculos h\u00edbridos\",\"isPartOf\":{\"@id\":\"http:\\\/\\\/autosdelpodio.com\\\/autos\\\/#website\"},\"primaryImageOfPage\":{\"@id\":\"http:\\\/\\\/autosdelpodio.com\\\/autos\\\/stellantis-inicio-la-produccion-de-vehiculos-hibridos\\\/#primaryimage\"},\"image\":{\"@id\":\"http:\\\/\\\/autosdelpodio.com\\\/autos\\\/stellantis-inicio-la-produccion-de-vehiculos-hibridos\\\/#primaryimage\"},\"thumbnailUrl\":\"https:\\\/\\\/autosdelpodio.com\\\/autos\\\/wp-content\\\/uploads\\\/2025\\\/09\\\/Peugeot_208_Hybr.jpg\",\"datePublished\":\"2025-09-09T00:44:15+00:00\",\"dateModified\":\"2025-09-09T00:44:16+00:00\",\"description\":\"Autos del Podio La Unidad Productiva de Stellantis en El Palomar inici\u00f3 la producci\u00f3n de los Peugeot 208 y 2008 equipados con tecnolog\u00eda h\u00edbrida, destinados al mercado brasile\u00f1o.\",\"breadcrumb\":{\"@id\":\"http:\\\/\\\/autosdelpodio.com\\\/autos\\\/stellantis-inicio-la-produccion-de-vehiculos-hibridos\\\/#breadcrumb\"},\"inLanguage\":\"es\",\"potentialAction\":[{\"@type\":\"ReadAction\",\"target\":[\"http:\\\/\\\/autosdelpodio.com\\\/autos\\\/stellantis-inicio-la-produccion-de-vehiculos-hibridos\\\/\"]}]},{\"@type\":\"ImageObject\",\"inLanguage\":\"es\",\"@id\":\"http:\\\/\\\/autosdelpodio.com\\\/autos\\\/stellantis-inicio-la-produccion-de-vehiculos-hibridos\\\/#primaryimage\",\"url\":\"https:\\\/\\\/autosdelpodio.com\\\/autos\\\/wp-content\\\/uploads\\\/2025\\\/09\\\/Peugeot_208_Hybr.jpg\",\"contentUrl\":\"https:\\\/\\\/autosdelpodio.com\\\/autos\\\/wp-content\\\/uploads\\\/2025\\\/09\\\/Peugeot_208_Hybr.jpg\",\"width\":500,\"height\":250},{\"@type\":\"BreadcrumbList\",\"@id\":\"http:\\\/\\\/autosdelpodio.com\\\/autos\\\/stellantis-inicio-la-produccion-de-vehiculos-hibridos\\\/#breadcrumb\",\"itemListElement\":[{\"@type\":\"ListItem\",\"position\":1,\"name\":\"Portada\",\"item\":\"http:\\\/\\\/autosdelpodio.com\\\/autos\\\/\"},{\"@type\":\"ListItem\",\"position\":2,\"name\":\"Stellantis inici\u00f3 la producci\u00f3n de veh\u00edculos h\u00edbridos\"}]},{\"@type\":\"WebSite\",\"@id\":\"http:\\\/\\\/autosdelpodio.com\\\/autos\\\/#website\",\"url\":\"http:\\\/\\\/autosdelpodio.com\\\/autos\\\/\",\"name\":\"Autos del Podio\",\"description\":\"La sexta del deporte motor\",\"publisher\":{\"@id\":\"http:\\\/\\\/autosdelpodio.com\\\/autos\\\/#organization\"},\"potentialAction\":[{\"@type\":\"SearchAction\",\"target\":{\"@type\":\"EntryPoint\",\"urlTemplate\":\"http:\\\/\\\/autosdelpodio.com\\\/autos\\\/?s={search_term_string}\"},\"query-input\":{\"@type\":\"PropertyValueSpecification\",\"valueRequired\":true,\"valueName\":\"search_term_string\"}}],\"inLanguage\":\"es\"},{\"@type\":\"Organization\",\"@id\":\"http:\\\/\\\/autosdelpodio.com\\\/autos\\\/#organization\",\"name\":\"Autos del Podio\",\"url\":\"http:\\\/\\\/autosdelpodio.com\\\/autos\\\/\",\"logo\":{\"@type\":\"ImageObject\",\"inLanguage\":\"es\",\"@id\":\"http:\\\/\\\/autosdelpodio.com\\\/autos\\\/#\\\/schema\\\/logo\\\/image\\\/\",\"url\":\"http:\\\/\\\/autosdelpodio.com\\\/autos\\\/wp-content\\\/uploads\\\/2020\\\/08\\\/Logo_AR.jpg\",\"contentUrl\":\"http:\\\/\\\/autosdelpodio.com\\\/autos\\\/wp-content\\\/uploads\\\/2020\\\/08\\\/Logo_AR.jpg\",\"width\":1038,\"height\":1044,\"caption\":\"Autos del Podio\"},\"image\":{\"@id\":\"http:\\\/\\\/autosdelpodio.com\\\/autos\\\/#\\\/schema\\\/logo\\\/image\\\/\"},\"sameAs\":[\"https:\\\/\\\/www.facebook.com\\\/profile.php?id=100057192590976&amp;amp;amp;amp;amp;amp;amp;amp;amp;amp;amp;amp;amp;amp;amp;amp;amp;amp;ref=ts\",\"https:\\\/\\\/x.com\\\/autosdelpodio\",\"https:\\\/\\\/www.youtube.com\\\/user\\\/AutosdelPodio\"]},{\"@type\":\"Person\",\"@id\":\"http:\\\/\\\/autosdelpodio.com\\\/autos\\\/#\\\/schema\\\/person\\\/993527a4d01c3acdd3d6bce3770bc942\",\"name\":\"autosdelpodio\",\"image\":{\"@type\":\"ImageObject\",\"inLanguage\":\"es\",\"@id\":\"https:\\\/\\\/autosdelpodio.com\\\/autos\\\/wp-content\\\/litespeed\\\/avatar\\\/aa8f65cd201a80f6b844f63278aa84af.jpg?ver=1777403005\",\"url\":\"https:\\\/\\\/autosdelpodio.com\\\/autos\\\/wp-content\\\/litespeed\\\/avatar\\\/aa8f65cd201a80f6b844f63278aa84af.jpg?ver=1777403005\",\"contentUrl\":\"https:\\\/\\\/autosdelpodio.com\\\/autos\\\/wp-content\\\/litespeed\\\/avatar\\\/aa8f65cd201a80f6b844f63278aa84af.jpg?ver=1777403005\",\"caption\":\"autosdelpodio\"}}]}<\/script>\n<!-- \/ Yoast SEO plugin. -->","yoast_head_json":{"title":"Autos del Podio | Stellantis inici\u00f3 la producci\u00f3n de veh\u00edculos h\u00edbridos","description":"Autos del Podio La Unidad Productiva de Stellantis en El Palomar inici\u00f3 la producci\u00f3n de los Peugeot 208 y 2008 equipados con tecnolog\u00eda h\u00edbrida, destinados al mercado brasile\u00f1o.","robots":{"index":"index","follow":"follow","max-snippet":"max-snippet:-1","max-image-preview":"max-image-preview:large","max-video-preview":"max-video-preview:-1"},"canonical":"http:\/\/autosdelpodio.com\/autos\/stellantis-inicio-la-produccion-de-vehiculos-hibridos\/","og_locale":"es_ES","og_type":"article","og_title":"Peugeot 208","og_description":"La Unidad Productiva de Stellantis en El Palomar inici\u00f3 la producci\u00f3n de los Peugeot 208 y 2008 equipados con tecnolog\u00eda h\u00edbrida, destinados al mercado brasile\u00f1o.","og_url":"http:\/\/autosdelpodio.com\/autos\/stellantis-inicio-la-produccion-de-vehiculos-hibridos\/","og_site_name":"Autos del Podio","article_publisher":"https:\/\/www.facebook.com\/profile.php?id=100057192590976&amp%3bamp%3bamp%3bamp%3bamp%3bamp%3bamp%3bamp%3bamp%3bamp%3bamp%3bamp%3bamp%3bamp%3bamp%3bamp%3bamp%3bamp%3bref=ts","article_published_time":"2025-09-09T00:44:15+00:00","article_modified_time":"2025-09-09T00:44:16+00:00","og_image":[{"width":500,"height":250,"url":"http:\/\/autosdelpodio.com\/autos\/wp-content\/uploads\/2025\/09\/Peugeot_208_Hybr.jpg","type":"image\/jpeg"}],"author":"autosdelpodio","twitter_card":"summary_large_image","twitter_creator":"@autosdelpodio","twitter_site":"@autosdelpodio","twitter_misc":{"Escrito por":"autosdelpodio","Tiempo de lectura":"2 minutos"},"schema":{"@context":"https:\/\/schema.org","@graph":[{"@type":"Article","@id":"http:\/\/autosdelpodio.com\/autos\/stellantis-inicio-la-produccion-de-vehiculos-hibridos\/#article","isPartOf":{"@id":"http:\/\/autosdelpodio.com\/autos\/stellantis-inicio-la-produccion-de-vehiculos-hibridos\/"},"author":{"name":"autosdelpodio","@id":"http:\/\/autosdelpodio.com\/autos\/#\/schema\/person\/993527a4d01c3acdd3d6bce3770bc942"},"headline":"Stellantis inici\u00f3 la producci\u00f3n de veh\u00edculos h\u00edbridos","datePublished":"2025-09-09T00:44:15+00:00","dateModified":"2025-09-09T00:44:16+00:00","mainEntityOfPage":{"@id":"http:\/\/autosdelpodio.com\/autos\/stellantis-inicio-la-produccion-de-vehiculos-hibridos\/"},"wordCount":255,"commentCount":1,"publisher":{"@id":"http:\/\/autosdelpodio.com\/autos\/#organization"},"image":{"@id":"http:\/\/autosdelpodio.com\/autos\/stellantis-inicio-la-produccion-de-vehiculos-hibridos\/#primaryimage"},"thumbnailUrl":"https:\/\/autosdelpodio.com\/autos\/wp-content\/uploads\/2025\/09\/Peugeot_208_Hybr.jpg","keywords":["Brasil","Industria Automotriz","Peugeot 208","Republica Argentina","Stellantis","Vehiculos hibridos"],"articleSection":["Destacado","\u00daltimas noticias"],"inLanguage":"es","potentialAction":[{"@type":"CommentAction","name":"Comment","target":["http:\/\/autosdelpodio.com\/autos\/stellantis-inicio-la-produccion-de-vehiculos-hibridos\/#respond"]}]},{"@type":"WebPage","@id":"http:\/\/autosdelpodio.com\/autos\/stellantis-inicio-la-produccion-de-vehiculos-hibridos\/","url":"http:\/\/autosdelpodio.com\/autos\/stellantis-inicio-la-produccion-de-vehiculos-hibridos\/","name":"Autos del Podio | Stellantis inici\u00f3 la producci\u00f3n de veh\u00edculos h\u00edbridos","isPartOf":{"@id":"http:\/\/autosdelpodio.com\/autos\/#website"},"primaryImageOfPage":{"@id":"http:\/\/autosdelpodio.com\/autos\/stellantis-inicio-la-produccion-de-vehiculos-hibridos\/#primaryimage"},"image":{"@id":"http:\/\/autosdelpodio.com\/autos\/stellantis-inicio-la-produccion-de-vehiculos-hibridos\/#primaryimage"},"thumbnailUrl":"https:\/\/autosdelpodio.com\/autos\/wp-content\/uploads\/2025\/09\/Peugeot_208_Hybr.jpg","datePublished":"2025-09-09T00:44:15+00:00","dateModified":"2025-09-09T00:44:16+00:00","description":"Autos del Podio La Unidad Productiva de Stellantis en El Palomar inici\u00f3 la producci\u00f3n de los Peugeot 208 y 2008 equipados con tecnolog\u00eda h\u00edbrida, destinados al mercado brasile\u00f1o.","breadcrumb":{"@id":"http:\/\/autosdelpodio.com\/autos\/stellantis-inicio-la-produccion-de-vehiculos-hibridos\/#breadcrumb"},"inLanguage":"es","potentialAction":[{"@type":"ReadAction","target":["http:\/\/autosdelpodio.com\/autos\/stellantis-inicio-la-produccion-de-vehiculos-hibridos\/"]}]},{"@type":"ImageObject","inLanguage":"es","@id":"http:\/\/autosdelpodio.com\/autos\/stellantis-inicio-la-produccion-de-vehiculos-hibridos\/#primaryimage","url":"https:\/\/autosdelpodio.com\/autos\/wp-content\/uploads\/2025\/09\/Peugeot_208_Hybr.jpg","contentUrl":"https:\/\/autosdelpodio.com\/autos\/wp-content\/uploads\/2025\/09\/Peugeot_208_Hybr.jpg","width":500,"height":250},{"@type":"BreadcrumbList","@id":"http:\/\/autosdelpodio.com\/autos\/stellantis-inicio-la-produccion-de-vehiculos-hibridos\/#breadcrumb","itemListElement":[{"@type":"ListItem","position":1,"name":"Portada","item":"http:\/\/autosdelpodio.com\/autos\/"},{"@type":"ListItem","position":2,"name":"Stellantis inici\u00f3 la producci\u00f3n de veh\u00edculos h\u00edbridos"}]},{"@type":"WebSite","@id":"http:\/\/autosdelpodio.com\/autos\/#website","url":"http:\/\/autosdelpodio.com\/autos\/","name":"Autos del Podio","description":"La sexta del deporte motor","publisher":{"@id":"http:\/\/autosdelpodio.com\/autos\/#organization"},"potentialAction":[{"@type":"SearchAction","target":{"@type":"EntryPoint","urlTemplate":"http:\/\/autosdelpodio.com\/autos\/?s={search_term_string}"},"query-input":{"@type":"PropertyValueSpecification","valueRequired":true,"valueName":"search_term_string"}}],"inLanguage":"es"},{"@type":"Organization","@id":"http:\/\/autosdelpodio.com\/autos\/#organization","name":"Autos del Podio","url":"http:\/\/autosdelpodio.com\/autos\/","logo":{"@type":"ImageObject","inLanguage":"es","@id":"http:\/\/autosdelpodio.com\/autos\/#\/schema\/logo\/image\/","url":"http:\/\/autosdelpodio.com\/autos\/wp-content\/uploads\/2020\/08\/Logo_AR.jpg","contentUrl":"http:\/\/autosdelpodio.com\/autos\/wp-content\/uploads\/2020\/08\/Logo_AR.jpg","width":1038,"height":1044,"caption":"Autos del Podio"},"image":{"@id":"http:\/\/autosdelpodio.com\/autos\/#\/schema\/logo\/image\/"},"sameAs":["https:\/\/www.facebook.com\/profile.php?id=100057192590976&amp;amp;amp;amp;amp;amp;amp;amp;amp;amp;amp;amp;amp;amp;amp;amp;amp;amp;ref=ts","https:\/\/x.com\/autosdelpodio","https:\/\/www.youtube.com\/user\/AutosdelPodio"]},{"@type":"Person","@id":"http:\/\/autosdelpodio.com\/autos\/#\/schema\/person\/993527a4d01c3acdd3d6bce3770bc942","name":"autosdelpodio","image":{"@type":"ImageObject","inLanguage":"es","@id":"https:\/\/autosdelpodio.com\/autos\/wp-content\/litespeed\/avatar\/aa8f65cd201a80f6b844f63278aa84af.jpg?ver=1777403005","url":"https:\/\/autosdelpodio.com\/autos\/wp-content\/litespeed\/avatar\/aa8f65cd201a80f6b844f63278aa84af.jpg?ver=1777403005","contentUrl":"https:\/\/autosdelpodio.com\/autos\/wp-content\/litespeed\/avatar\/aa8f65cd201a80f6b844f63278aa84af.jpg?ver=1777403005","caption":"autosdelpodio"}}]}},"views":501,"_links":{"self":[{"href":"https:\/\/autosdelpodio.com\/autos\/wp-json\/wp\/v2\/posts\/8592","targetHints":{"allow":["GET"]}}],"collection":[{"href":"https:\/\/autosdelpodio.com\/autos\/wp-json\/wp\/v2\/posts"}],"about":[{"href":"https:\/\/autosdelpodio.com\/autos\/wp-json\/wp\/v2\/types\/post"}],"author":[{"embeddable":true,"href":"https:\/\/autosdelpodio.com\/autos\/wp-json\/wp\/v2\/users\/3"}],"replies":[{"embeddable":true,"href":"https:\/\/autosdelpodio.com\/autos\/wp-json\/wp\/v2\/comments?post=8592"}],"version-history":[{"count":1,"href":"https:\/\/autosdelpodio.com\/autos\/wp-json\/wp\/v2\/posts\/8592\/revisions"}],"predecessor-version":[{"id":8594,"href":"https:\/\/autosdelpodio.com\/autos\/wp-json\/wp\/v2\/posts\/8592\/revisions\/8594"}],"wp:featuredmedia":[{"embeddable":true,"href":"https:\/\/autosdelpodio.com\/autos\/wp-json\/wp\/v2\/media\/8593"}],"wp:attachment":[{"href":"https:\/\/autosdelpodio.com\/autos\/wp-json\/wp\/v2\/media?parent=8592"}],"wp:term":[{"taxonomy":"category","embeddable":true,"href":"https:\/\/autosdelpodio.com\/autos\/wp-json\/wp\/v2\/categories?post=8592"},{"taxonomy":"post_tag","embeddable":true,"href":"https:\/\/autosdelpodio.com\/autos\/wp-json\/wp\/v2\/tags?post=8592"}],"curies":[{"name":"wp","href":"https:\/\/api.w.org\/{rel}","templated":true}]}}