{"id":8998,"date":"2026-03-05T15:48:01","date_gmt":"2026-03-05T18:48:01","guid":{"rendered":"https:\/\/autosdelpodio.com\/autos\/?p=8998"},"modified":"2026-03-13T13:29:26","modified_gmt":"2026-03-13T16:29:26","slug":"el-mercado-de-pases-tc2000-2026","status":"publish","type":"post","link":"https:\/\/autosdelpodio.com\/autos\/el-mercado-de-pases-tc2000-2026\/","title":{"rendered":"El mercado de pases TC2000 \u2013 2026"},"content":{"rendered":"\n<p>Te ponemos al d\u00eda con los movimientos generados hasta aqu\u00ed de cara a la temporada venidera. Cambio de pilotos, de marcas y equipos. \u00c9ste es el panorama de c\u00f3mo est\u00e1n conformadas las escuadras oficiales, semioficiales y particulares de cara al comienzo el 15 de Marzo en <a href=\"https:\/\/autosdelpodio.com\/autos\/el-tc2000-arranca-con-el-callejero-de-buenos-aires\/\" type=\"post\" id=\"8840\" target=\"_blank\" rel=\"noreferrer noopener\">Circuito Callejero Parque de la Ciudad.<\/a><\/p>\n\n\n\n<p><strong>YFP Elaion Auro Pro Racing: <\/strong>Franco Vivian, un hist\u00f3rico del equipo y de la marca Chevrolet contin\u00f9a en el equipo. Mismo caso en lo que respecta a la continuidad para Franco Morillo con otra Chevrolet Trucker.<\/p>\n\n\n\n<p>Quedan disponibles 2 Chevrolet Cruze que utilizar\u00e1n el retornado Franco Riva y el ATR Nicol\u00e1s Traut.<\/p>\n\n\n\n<p><strong>Toyota Gazoo Racing:<\/strong> siguen <a href=\"https:\/\/autosdelpodio.com\/autos\/matias-rossi-campeon-argentino-de-tc2000\/\" type=\"post\" id=\"8807\" target=\"_blank\" rel=\"noreferrer noopener\">el actual monarca Mat\u00edas Rossi <\/a>y Emiliano Stang al volante de la Corolla Cross.<\/p>\n\n\n\n<p>La tercera SUV ser\u00e1 para el debutante Tomas Yankeelecvich. Resta confirmar si Marcelo Ciarrochi continuar\u00e1 con el Corolla sedan en el equipo que dirige como siempre Dar\u00edo Ramonda.<\/p>\n\n\n\n<p><strong>Honda YPF Racing: <\/strong>el team de Sebastian Martino renueva totalmente su plantel de pilotos. Ante la salida de Leonel y Tiago Pernia a las TCPK, se movi\u00f3 r\u00e1pidamente para subir a Facundo Aldrighetti y el debutante Francisco Monarca a las Honda Z-RV<\/p>\n\n\n\n<p>A la brevedad agregar\u00e1n otra unidad <a href=\"https:\/\/autosdelpodio.com\/autos\/las-suv-desembarcaran-en-el-automovilismo-argentino\/\" type=\"post\" id=\"6086\" target=\"_blank\" rel=\"noreferrer noopener\">SUV<\/a>.<\/p>\n\n\n\n<p><strong>Corsi Sport: <\/strong>Christian Corsi y su equipo pondr\u00e1n en pista 3 Toyota Corolla Cross para Gabriel Ponce de Leon,el regreso de Tomas Fernandez y el arribo del ruso ex TCR Europeo Evgenii Leonov.<\/p>\n\n\n\n<p><strong>Halcon Motorsport:<\/strong> el primer confirmado fue Nicolas Palau bajo la direcci\u00f3n de Fabian Colombini.La otra Volkswagen Nivus tuvo varios pilotos durante 2025 desde Tito Bessone a Diego Miqueiro y sobre el cierre de fecha apostaron por Mat\u00edas Capurro.<\/p>\n\n\n\n<p><strong>ATR Racing:<\/strong> equipo particular que fue grata sorpresa en 2025 asumi\u00f3 el compromiso de mutar del Fiat Cronos a la SUV Pulse. La primera en ponerse en pista la manejar\u00e1  Marcelo Ciarrocchi. En principio al Cronos se subir\u00e1 Benjam\u00edn Squaglia. Tambi\u00e9n le dar\u00e1 cabida al debut de Nicol\u00e1s Gines con el Toyota Corolla.<\/p>\n\n\n\n<p><strong>Pfening Competici\u00f3n: <\/strong><a href=\"https:\/\/autosdelpodio.com\/autos\/la-suv-de-nissan-se-suma-al-tc2000\/\" type=\"post\" id=\"8791\" target=\"_blank\" rel=\"noreferrer noopener\">la primera Nissan Kicks Play que debut\u00f3 en el pasado GP Coronaci\u00f3n<\/a> sigue asignada para Diego Ciantini. En las pr\u00f3ximas fechas pondr\u00e1n en pista un segundo veh\u00edculo.<\/p>\n\n\n\n<p><\/p>\n\n\n\n<blockquote class=\"wp-block-quote is-layout-flow wp-block-quote-is-layout-flow\">\n<p><em>\u00abEscribimos y generamos contenido con la misma pasi\u00f3n con la que vos le\u00e9s. Al ser un&nbsp;<strong>medio autogestionado<\/strong>, cada palabra es un esfuerzo propio que compartimos con nuestra gente. Si valor\u00e1s esta independencia, sumate con un aporte al Alias&nbsp;<strong>AUTOS.DELPODIO<\/strong>&nbsp;<\/em><\/p>\n\n\n\n<p><em>Tu solidaridad es el combustible que mantiene este refugio encendido para todos los que amamos los autos.\u00bb<\/em><\/p>\n<\/blockquote>\n","protected":false},"excerpt":{"rendered":"<p>Te ponemos al d\u00eda con los movimientos generados hasta aqu\u00ed de cara a la temporada venidera. Cambio de pilotos, de<\/p>\n","protected":false},"author":3,"featured_media":5722,"comment_status":"open","ping_status":"open","sticky":false,"template":"","format":"standard","meta":{"colormag_page_container_layout":"default_layout","colormag_page_sidebar_layout":"default_layout","footnotes":""},"categories":[6,5],"tags":[371,848,86,217],"class_list":["post-8998","post","type-post","status-publish","format-standard","has-post-thumbnail","hentry","category-newsflash","category-latest-news","tag-caba","tag-callejero","tag-pilotos-y-categorias","tag-tc2000"],"yoast_head":"<!-- This site is optimized with the Yoast SEO plugin v27.4 - https:\/\/yoast.com\/product\/yoast-seo-wordpress\/ -->\n<title>Autos del Podio | El mercado de pases TC2000 \u2013 2026<\/title>\n<meta name=\"description\" content=\"Autos del Podio El mercado del TC2000 entra en su etapa de definiciones Pilotos confirmados y las butacas que restan ocupar para el 2026.\" \/>\n<meta name=\"robots\" content=\"index, follow, max-snippet:-1, max-image-preview:large, max-video-preview:-1\" \/>\n<link rel=\"canonical\" href=\"https:\/\/autosdelpodio.com\/autos\/el-mercado-de-pases-tc2000-2026\/\" \/>\n<meta property=\"og:locale\" content=\"es_ES\" \/>\n<meta property=\"og:type\" content=\"article\" \/>\n<meta property=\"og:title\" content=\"\u00bfQui\u00e9nes se bajan? \u00bfQui\u00e9nes llegan? Te contamos todas las novedades del TC2000\" \/>\n<meta property=\"og:description\" content=\"El mercado del TC2000 entra en su etapa de definiciones Pilotos confirmados y las butacas que restan ocupar para el 2026.\" \/>\n<meta property=\"og:url\" content=\"https:\/\/autosdelpodio.com\/autos\/el-mercado-de-pases-tc2000-2026\/\" \/>\n<meta property=\"og:site_name\" content=\"Autos del Podio\" \/>\n<meta property=\"article:publisher\" content=\"https:\/\/www.facebook.com\/profile.php?id=100057192590976&amp;amp%3bamp%3bamp%3bamp%3bamp%3bamp%3bamp%3bamp%3bamp%3bamp%3bamp%3bamp%3bamp%3bamp%3bamp%3bamp%3bamp%3bamp%3bref=ts\" \/>\n<meta property=\"article:published_time\" content=\"2026-03-05T18:48:01+00:00\" \/>\n<meta property=\"article:modified_time\" content=\"2026-03-13T16:29:26+00:00\" \/>\n<meta property=\"og:image\" content=\"https:\/\/autosdelpodio.com\/autos\/wp-content\/uploads\/2022\/05\/TC2000_New_500.jpg\" \/>\n\t<meta property=\"og:image:width\" content=\"500\" \/>\n\t<meta property=\"og:image:height\" content=\"250\" \/>\n\t<meta property=\"og:image:type\" content=\"image\/jpeg\" \/>\n<meta name=\"author\" content=\"autosdelpodio\" \/>\n<meta name=\"twitter:card\" content=\"summary_large_image\" \/>\n<meta name=\"twitter:creator\" content=\"@autosdelpodio\" \/>\n<meta name=\"twitter:site\" content=\"@autosdelpodio\" \/>\n<meta name=\"twitter:label1\" content=\"Escrito por\" \/>\n\t<meta name=\"twitter:data1\" content=\"autosdelpodio\" \/>\n\t<meta name=\"twitter:label2\" content=\"Tiempo de lectura\" \/>\n\t<meta name=\"twitter:data2\" content=\"2 minutos\" \/>\n<script type=\"application\/ld+json\" class=\"yoast-schema-graph\">{\"@context\":\"https:\\\/\\\/schema.org\",\"@graph\":[{\"@type\":\"Article\",\"@id\":\"https:\\\/\\\/autosdelpodio.com\\\/autos\\\/el-mercado-de-pases-tc2000-2026\\\/#article\",\"isPartOf\":{\"@id\":\"https:\\\/\\\/autosdelpodio.com\\\/autos\\\/el-mercado-de-pases-tc2000-2026\\\/\"},\"author\":{\"name\":\"autosdelpodio\",\"@id\":\"http:\\\/\\\/autosdelpodio.com\\\/autos\\\/#\\\/schema\\\/person\\\/993527a4d01c3acdd3d6bce3770bc942\"},\"headline\":\"El mercado de pases TC2000 \u2013 2026\",\"datePublished\":\"2026-03-05T18:48:01+00:00\",\"dateModified\":\"2026-03-13T16:29:26+00:00\",\"mainEntityOfPage\":{\"@id\":\"https:\\\/\\\/autosdelpodio.com\\\/autos\\\/el-mercado-de-pases-tc2000-2026\\\/\"},\"wordCount\":440,\"commentCount\":0,\"publisher\":{\"@id\":\"http:\\\/\\\/autosdelpodio.com\\\/autos\\\/#organization\"},\"image\":{\"@id\":\"https:\\\/\\\/autosdelpodio.com\\\/autos\\\/el-mercado-de-pases-tc2000-2026\\\/#primaryimage\"},\"thumbnailUrl\":\"https:\\\/\\\/autosdelpodio.com\\\/autos\\\/wp-content\\\/uploads\\\/2022\\\/05\\\/TC2000_New_500.jpg\",\"keywords\":[\"CABA\",\"Callejero\",\"Pilotos y Categorias\",\"TC2000\"],\"articleSection\":[\"Destacado\",\"\u00daltimas noticias\"],\"inLanguage\":\"es\",\"potentialAction\":[{\"@type\":\"CommentAction\",\"name\":\"Comment\",\"target\":[\"https:\\\/\\\/autosdelpodio.com\\\/autos\\\/el-mercado-de-pases-tc2000-2026\\\/#respond\"]}]},{\"@type\":\"WebPage\",\"@id\":\"https:\\\/\\\/autosdelpodio.com\\\/autos\\\/el-mercado-de-pases-tc2000-2026\\\/\",\"url\":\"https:\\\/\\\/autosdelpodio.com\\\/autos\\\/el-mercado-de-pases-tc2000-2026\\\/\",\"name\":\"Autos del Podio | El mercado de pases TC2000 \u2013 2026\",\"isPartOf\":{\"@id\":\"http:\\\/\\\/autosdelpodio.com\\\/autos\\\/#website\"},\"primaryImageOfPage\":{\"@id\":\"https:\\\/\\\/autosdelpodio.com\\\/autos\\\/el-mercado-de-pases-tc2000-2026\\\/#primaryimage\"},\"image\":{\"@id\":\"https:\\\/\\\/autosdelpodio.com\\\/autos\\\/el-mercado-de-pases-tc2000-2026\\\/#primaryimage\"},\"thumbnailUrl\":\"https:\\\/\\\/autosdelpodio.com\\\/autos\\\/wp-content\\\/uploads\\\/2022\\\/05\\\/TC2000_New_500.jpg\",\"datePublished\":\"2026-03-05T18:48:01+00:00\",\"dateModified\":\"2026-03-13T16:29:26+00:00\",\"description\":\"Autos del Podio El mercado del TC2000 entra en su etapa de definiciones Pilotos confirmados y las butacas que restan ocupar para el 2026.\",\"breadcrumb\":{\"@id\":\"https:\\\/\\\/autosdelpodio.com\\\/autos\\\/el-mercado-de-pases-tc2000-2026\\\/#breadcrumb\"},\"inLanguage\":\"es\",\"potentialAction\":[{\"@type\":\"ReadAction\",\"target\":[\"https:\\\/\\\/autosdelpodio.com\\\/autos\\\/el-mercado-de-pases-tc2000-2026\\\/\"]}]},{\"@type\":\"ImageObject\",\"inLanguage\":\"es\",\"@id\":\"https:\\\/\\\/autosdelpodio.com\\\/autos\\\/el-mercado-de-pases-tc2000-2026\\\/#primaryimage\",\"url\":\"https:\\\/\\\/autosdelpodio.com\\\/autos\\\/wp-content\\\/uploads\\\/2022\\\/05\\\/TC2000_New_500.jpg\",\"contentUrl\":\"https:\\\/\\\/autosdelpodio.com\\\/autos\\\/wp-content\\\/uploads\\\/2022\\\/05\\\/TC2000_New_500.jpg\",\"width\":500,\"height\":250},{\"@type\":\"BreadcrumbList\",\"@id\":\"https:\\\/\\\/autosdelpodio.com\\\/autos\\\/el-mercado-de-pases-tc2000-2026\\\/#breadcrumb\",\"itemListElement\":[{\"@type\":\"ListItem\",\"position\":1,\"name\":\"Portada\",\"item\":\"http:\\\/\\\/autosdelpodio.com\\\/autos\\\/\"},{\"@type\":\"ListItem\",\"position\":2,\"name\":\"El mercado de pases TC2000 \u2013 2026\"}]},{\"@type\":\"WebSite\",\"@id\":\"http:\\\/\\\/autosdelpodio.com\\\/autos\\\/#website\",\"url\":\"http:\\\/\\\/autosdelpodio.com\\\/autos\\\/\",\"name\":\"Autos del Podio\",\"description\":\"La sexta del deporte motor\",\"publisher\":{\"@id\":\"http:\\\/\\\/autosdelpodio.com\\\/autos\\\/#organization\"},\"potentialAction\":[{\"@type\":\"SearchAction\",\"target\":{\"@type\":\"EntryPoint\",\"urlTemplate\":\"http:\\\/\\\/autosdelpodio.com\\\/autos\\\/?s={search_term_string}\"},\"query-input\":{\"@type\":\"PropertyValueSpecification\",\"valueRequired\":true,\"valueName\":\"search_term_string\"}}],\"inLanguage\":\"es\"},{\"@type\":\"Organization\",\"@id\":\"http:\\\/\\\/autosdelpodio.com\\\/autos\\\/#organization\",\"name\":\"Autos del Podio\",\"url\":\"http:\\\/\\\/autosdelpodio.com\\\/autos\\\/\",\"logo\":{\"@type\":\"ImageObject\",\"inLanguage\":\"es\",\"@id\":\"http:\\\/\\\/autosdelpodio.com\\\/autos\\\/#\\\/schema\\\/logo\\\/image\\\/\",\"url\":\"http:\\\/\\\/autosdelpodio.com\\\/autos\\\/wp-content\\\/uploads\\\/2020\\\/08\\\/Logo_AR.jpg\",\"contentUrl\":\"http:\\\/\\\/autosdelpodio.com\\\/autos\\\/wp-content\\\/uploads\\\/2020\\\/08\\\/Logo_AR.jpg\",\"width\":1038,\"height\":1044,\"caption\":\"Autos del Podio\"},\"image\":{\"@id\":\"http:\\\/\\\/autosdelpodio.com\\\/autos\\\/#\\\/schema\\\/logo\\\/image\\\/\"},\"sameAs\":[\"https:\\\/\\\/www.facebook.com\\\/profile.php?id=100057192590976&amp;amp;amp;amp;amp;amp;amp;amp;amp;amp;amp;amp;amp;amp;amp;amp;amp;amp;ref=ts\",\"https:\\\/\\\/x.com\\\/autosdelpodio\",\"https:\\\/\\\/www.youtube.com\\\/user\\\/AutosdelPodio\"]},{\"@type\":\"Person\",\"@id\":\"http:\\\/\\\/autosdelpodio.com\\\/autos\\\/#\\\/schema\\\/person\\\/993527a4d01c3acdd3d6bce3770bc942\",\"name\":\"autosdelpodio\",\"image\":{\"@type\":\"ImageObject\",\"inLanguage\":\"es\",\"@id\":\"https:\\\/\\\/autosdelpodio.com\\\/autos\\\/wp-content\\\/litespeed\\\/avatar\\\/aa8f65cd201a80f6b844f63278aa84af.jpg?ver=1776798175\",\"url\":\"https:\\\/\\\/autosdelpodio.com\\\/autos\\\/wp-content\\\/litespeed\\\/avatar\\\/aa8f65cd201a80f6b844f63278aa84af.jpg?ver=1776798175\",\"contentUrl\":\"https:\\\/\\\/autosdelpodio.com\\\/autos\\\/wp-content\\\/litespeed\\\/avatar\\\/aa8f65cd201a80f6b844f63278aa84af.jpg?ver=1776798175\",\"caption\":\"autosdelpodio\"}}]}<\/script>\n<!-- \/ Yoast SEO plugin. -->","yoast_head_json":{"title":"Autos del Podio | El mercado de pases TC2000 \u2013 2026","description":"Autos del Podio El mercado del TC2000 entra en su etapa de definiciones Pilotos confirmados y las butacas que restan ocupar para el 2026.","robots":{"index":"index","follow":"follow","max-snippet":"max-snippet:-1","max-image-preview":"max-image-preview:large","max-video-preview":"max-video-preview:-1"},"canonical":"https:\/\/autosdelpodio.com\/autos\/el-mercado-de-pases-tc2000-2026\/","og_locale":"es_ES","og_type":"article","og_title":"\u00bfQui\u00e9nes se bajan? \u00bfQui\u00e9nes llegan? Te contamos todas las novedades del TC2000","og_description":"El mercado del TC2000 entra en su etapa de definiciones Pilotos confirmados y las butacas que restan ocupar para el 2026.","og_url":"https:\/\/autosdelpodio.com\/autos\/el-mercado-de-pases-tc2000-2026\/","og_site_name":"Autos del Podio","article_publisher":"https:\/\/www.facebook.com\/profile.php?id=100057192590976&amp%3bamp%3bamp%3bamp%3bamp%3bamp%3bamp%3bamp%3bamp%3bamp%3bamp%3bamp%3bamp%3bamp%3bamp%3bamp%3bamp%3bamp%3bref=ts","article_published_time":"2026-03-05T18:48:01+00:00","article_modified_time":"2026-03-13T16:29:26+00:00","og_image":[{"width":500,"height":250,"url":"https:\/\/autosdelpodio.com\/autos\/wp-content\/uploads\/2022\/05\/TC2000_New_500.jpg","type":"image\/jpeg"}],"author":"autosdelpodio","twitter_card":"summary_large_image","twitter_creator":"@autosdelpodio","twitter_site":"@autosdelpodio","twitter_misc":{"Escrito por":"autosdelpodio","Tiempo de lectura":"2 minutos"},"schema":{"@context":"https:\/\/schema.org","@graph":[{"@type":"Article","@id":"https:\/\/autosdelpodio.com\/autos\/el-mercado-de-pases-tc2000-2026\/#article","isPartOf":{"@id":"https:\/\/autosdelpodio.com\/autos\/el-mercado-de-pases-tc2000-2026\/"},"author":{"name":"autosdelpodio","@id":"http:\/\/autosdelpodio.com\/autos\/#\/schema\/person\/993527a4d01c3acdd3d6bce3770bc942"},"headline":"El mercado de pases TC2000 \u2013 2026","datePublished":"2026-03-05T18:48:01+00:00","dateModified":"2026-03-13T16:29:26+00:00","mainEntityOfPage":{"@id":"https:\/\/autosdelpodio.com\/autos\/el-mercado-de-pases-tc2000-2026\/"},"wordCount":440,"commentCount":0,"publisher":{"@id":"http:\/\/autosdelpodio.com\/autos\/#organization"},"image":{"@id":"https:\/\/autosdelpodio.com\/autos\/el-mercado-de-pases-tc2000-2026\/#primaryimage"},"thumbnailUrl":"https:\/\/autosdelpodio.com\/autos\/wp-content\/uploads\/2022\/05\/TC2000_New_500.jpg","keywords":["CABA","Callejero","Pilotos y Categorias","TC2000"],"articleSection":["Destacado","\u00daltimas noticias"],"inLanguage":"es","potentialAction":[{"@type":"CommentAction","name":"Comment","target":["https:\/\/autosdelpodio.com\/autos\/el-mercado-de-pases-tc2000-2026\/#respond"]}]},{"@type":"WebPage","@id":"https:\/\/autosdelpodio.com\/autos\/el-mercado-de-pases-tc2000-2026\/","url":"https:\/\/autosdelpodio.com\/autos\/el-mercado-de-pases-tc2000-2026\/","name":"Autos del Podio | El mercado de pases TC2000 \u2013 2026","isPartOf":{"@id":"http:\/\/autosdelpodio.com\/autos\/#website"},"primaryImageOfPage":{"@id":"https:\/\/autosdelpodio.com\/autos\/el-mercado-de-pases-tc2000-2026\/#primaryimage"},"image":{"@id":"https:\/\/autosdelpodio.com\/autos\/el-mercado-de-pases-tc2000-2026\/#primaryimage"},"thumbnailUrl":"https:\/\/autosdelpodio.com\/autos\/wp-content\/uploads\/2022\/05\/TC2000_New_500.jpg","datePublished":"2026-03-05T18:48:01+00:00","dateModified":"2026-03-13T16:29:26+00:00","description":"Autos del Podio El mercado del TC2000 entra en su etapa de definiciones Pilotos confirmados y las butacas que restan ocupar para el 2026.","breadcrumb":{"@id":"https:\/\/autosdelpodio.com\/autos\/el-mercado-de-pases-tc2000-2026\/#breadcrumb"},"inLanguage":"es","potentialAction":[{"@type":"ReadAction","target":["https:\/\/autosdelpodio.com\/autos\/el-mercado-de-pases-tc2000-2026\/"]}]},{"@type":"ImageObject","inLanguage":"es","@id":"https:\/\/autosdelpodio.com\/autos\/el-mercado-de-pases-tc2000-2026\/#primaryimage","url":"https:\/\/autosdelpodio.com\/autos\/wp-content\/uploads\/2022\/05\/TC2000_New_500.jpg","contentUrl":"https:\/\/autosdelpodio.com\/autos\/wp-content\/uploads\/2022\/05\/TC2000_New_500.jpg","width":500,"height":250},{"@type":"BreadcrumbList","@id":"https:\/\/autosdelpodio.com\/autos\/el-mercado-de-pases-tc2000-2026\/#breadcrumb","itemListElement":[{"@type":"ListItem","position":1,"name":"Portada","item":"http:\/\/autosdelpodio.com\/autos\/"},{"@type":"ListItem","position":2,"name":"El mercado de pases TC2000 \u2013 2026"}]},{"@type":"WebSite","@id":"http:\/\/autosdelpodio.com\/autos\/#website","url":"http:\/\/autosdelpodio.com\/autos\/","name":"Autos del Podio","description":"La sexta del deporte motor","publisher":{"@id":"http:\/\/autosdelpodio.com\/autos\/#organization"},"potentialAction":[{"@type":"SearchAction","target":{"@type":"EntryPoint","urlTemplate":"http:\/\/autosdelpodio.com\/autos\/?s={search_term_string}"},"query-input":{"@type":"PropertyValueSpecification","valueRequired":true,"valueName":"search_term_string"}}],"inLanguage":"es"},{"@type":"Organization","@id":"http:\/\/autosdelpodio.com\/autos\/#organization","name":"Autos del Podio","url":"http:\/\/autosdelpodio.com\/autos\/","logo":{"@type":"ImageObject","inLanguage":"es","@id":"http:\/\/autosdelpodio.com\/autos\/#\/schema\/logo\/image\/","url":"http:\/\/autosdelpodio.com\/autos\/wp-content\/uploads\/2020\/08\/Logo_AR.jpg","contentUrl":"http:\/\/autosdelpodio.com\/autos\/wp-content\/uploads\/2020\/08\/Logo_AR.jpg","width":1038,"height":1044,"caption":"Autos del Podio"},"image":{"@id":"http:\/\/autosdelpodio.com\/autos\/#\/schema\/logo\/image\/"},"sameAs":["https:\/\/www.facebook.com\/profile.php?id=100057192590976&amp;amp;amp;amp;amp;amp;amp;amp;amp;amp;amp;amp;amp;amp;amp;amp;amp;amp;ref=ts","https:\/\/x.com\/autosdelpodio","https:\/\/www.youtube.com\/user\/AutosdelPodio"]},{"@type":"Person","@id":"http:\/\/autosdelpodio.com\/autos\/#\/schema\/person\/993527a4d01c3acdd3d6bce3770bc942","name":"autosdelpodio","image":{"@type":"ImageObject","inLanguage":"es","@id":"https:\/\/autosdelpodio.com\/autos\/wp-content\/litespeed\/avatar\/aa8f65cd201a80f6b844f63278aa84af.jpg?ver=1776798175","url":"https:\/\/autosdelpodio.com\/autos\/wp-content\/litespeed\/avatar\/aa8f65cd201a80f6b844f63278aa84af.jpg?ver=1776798175","contentUrl":"https:\/\/autosdelpodio.com\/autos\/wp-content\/litespeed\/avatar\/aa8f65cd201a80f6b844f63278aa84af.jpg?ver=1776798175","caption":"autosdelpodio"}}]}},"views":371,"_links":{"self":[{"href":"https:\/\/autosdelpodio.com\/autos\/wp-json\/wp\/v2\/posts\/8998","targetHints":{"allow":["GET"]}}],"collection":[{"href":"https:\/\/autosdelpodio.com\/autos\/wp-json\/wp\/v2\/posts"}],"about":[{"href":"https:\/\/autosdelpodio.com\/autos\/wp-json\/wp\/v2\/types\/post"}],"author":[{"embeddable":true,"href":"https:\/\/autosdelpodio.com\/autos\/wp-json\/wp\/v2\/users\/3"}],"replies":[{"embeddable":true,"href":"https:\/\/autosdelpodio.com\/autos\/wp-json\/wp\/v2\/comments?post=8998"}],"version-history":[{"count":12,"href":"https:\/\/autosdelpodio.com\/autos\/wp-json\/wp\/v2\/posts\/8998\/revisions"}],"predecessor-version":[{"id":9029,"href":"https:\/\/autosdelpodio.com\/autos\/wp-json\/wp\/v2\/posts\/8998\/revisions\/9029"}],"wp:featuredmedia":[{"embeddable":true,"href":"https:\/\/autosdelpodio.com\/autos\/wp-json\/wp\/v2\/media\/5722"}],"wp:attachment":[{"href":"https:\/\/autosdelpodio.com\/autos\/wp-json\/wp\/v2\/media?parent=8998"}],"wp:term":[{"taxonomy":"category","embeddable":true,"href":"https:\/\/autosdelpodio.com\/autos\/wp-json\/wp\/v2\/categories?post=8998"},{"taxonomy":"post_tag","embeddable":true,"href":"https:\/\/autosdelpodio.com\/autos\/wp-json\/wp\/v2\/tags?post=8998"}],"curies":[{"name":"wp","href":"https:\/\/api.w.org\/{rel}","templated":true}]}}