{"id":9005,"date":"2026-03-06T00:00:00","date_gmt":"2026-03-06T03:00:00","guid":{"rendered":"https:\/\/autosdelpodio.com\/autos\/?p=9005"},"modified":"2026-03-05T17:31:44","modified_gmt":"2026-03-05T20:31:44","slug":"curso-de-historia-del-auto-argentino-5","status":"publish","type":"post","link":"https:\/\/autosdelpodio.com\/autos\/curso-de-historia-del-auto-argentino-5\/","title":{"rendered":"Curso de historia del auto argentino"},"content":{"rendered":"\n<p>El ciclo propone una recorrida de m\u00e1s de un siglo de producci\u00f3n nacional, desde los pioneros hasta la actualidad. Los temas ser\u00e1n desarrollados a lo largo de un cuatrimestre que comprender\u00e1 clases de dos horas de duraci\u00f3n, ordenadas cronol\u00f3gicamente seg\u00fan las etapas de evoluci\u00f3n industrial del sector.<br>Se destacar\u00e1n las caracter\u00edsticas de dise\u00f1o y construcci\u00f3n de la producci\u00f3n de cada empresa teniendo en cuenta los aspectos socio-econ\u00f3micos que las condicionaron.<br>El curso ser\u00e1 dictado por Gustavo Feder, editor de Autohistoria.<br>Como material did\u00e1ctico se exhibir\u00e1n fotos, videos, publicidades de \u00e9poca y otros medios gr\u00e1ficos.<br>Las clases son presenciales y se desarrollar\u00e1n en la sede del Museo del Autom\u00f3vil de Buenos Aires, Irigoyen 2265, solo los s\u00e1bados de 11 a 13 h.<\/p>\n\n\n\n<p>El curso tiene un arancel mensual de $40.000.<br>Al finalizar la cursada, se entregar\u00e1n diplomas de asistencia.<\/p>\n\n\n\n<p>Informes e inscripci\u00f3n:&nbsp;<a href=\"mailto:autohistoria@gmail.com\">autohistoria@gmail.com<\/a><\/p>\n\n\n\n<p><\/p>\n\n\n\n<figure class=\"wp-block-pullquote\"><blockquote><p><em>\u00abEscribimos y generamos contenido con la misma pasi\u00f3n con la que vos le\u00e9s. Al ser un\u00a0<strong>medio autogestionado<\/strong>, cada palabra es un esfuerzo propio que compartimos con nuestra gente. Si valor\u00e1s esta independencia, sumate con un aporte al <strong>Alias<\/strong>\u00a0<strong>AUTOS.DELPODIO<\/strong><\/em><br><em>\u00a0Tu solidaridad es el combustible que mantiene este refugio encendido para todos los que amamos los autos.\u00bb<\/em><\/p><\/blockquote><\/figure>\n\n\n\n<ul class=\"wp-block-list\">\n<li><a href=\"https:\/\/autosdelpodio.com\/autos\/el-wec-posterga-su-inicio-en-qatar-y-traslada-el-comienzo-de-la-temporada-a-imola\/\"><\/a><\/li>\n<\/ul>\n","protected":false},"excerpt":{"rendered":"<p>El ciclo propone una recorrida de m\u00e1s de un siglo de producci\u00f3n nacional, desde los pioneros hasta la actualidad. Los<\/p>\n","protected":false},"author":3,"featured_media":7493,"comment_status":"open","ping_status":"open","sticky":false,"template":"","format":"standard","meta":{"colormag_page_container_layout":"default_layout","colormag_page_sidebar_layout":"default_layout","footnotes":""},"categories":[16,5],"tags":[371,518,66,32,403,35],"class_list":["post-9005","post","type-post","status-publish","format-standard","has-post-thumbnail","hentry","category-recta-principal","category-latest-news","tag-caba","tag-cursos","tag-gustavo-feder","tag-industria-automotriz","tag-museo-del-automovil","tag-republica-argentina"],"yoast_head":"<!-- This site is optimized with the Yoast SEO plugin v27.4 - https:\/\/yoast.com\/product\/yoast-seo-wordpress\/ -->\n<title>Autos del Podio | Curso de historia del auto argentino<\/title>\n<meta name=\"description\" content=\"Autos del Podio El pr\u00f3ximo 11 de abril comienza el Curso de Historia del Auto Argentino organizado por el Museo del Autom\u00f3vil de la Ciudad de Buenos Aires y Autohistoria.\" \/>\n<meta name=\"robots\" content=\"index, follow, max-snippet:-1, max-image-preview:large, max-video-preview:-1\" \/>\n<link rel=\"canonical\" href=\"http:\/\/autosdelpodio.com\/autos\/curso-de-historia-del-auto-argentino-5\/\" \/>\n<meta property=\"og:locale\" content=\"es_ES\" \/>\n<meta property=\"og:type\" content=\"article\" \/>\n<meta property=\"og:title\" content=\"Cursos de autos\" \/>\n<meta property=\"og:description\" content=\"El pr\u00f3ximo 11 de abril comienza el Curso de Historia del Auto Argentino organizado por el Museo del Autom\u00f3vil de la Ciudad de Buenos Aires y Autohistoria.\" \/>\n<meta property=\"og:url\" content=\"http:\/\/autosdelpodio.com\/autos\/curso-de-historia-del-auto-argentino-5\/\" \/>\n<meta property=\"og:site_name\" content=\"Autos del Podio\" \/>\n<meta property=\"article:publisher\" content=\"https:\/\/www.facebook.com\/profile.php?id=100057192590976&amp;amp%3bamp%3bamp%3bamp%3bamp%3bamp%3bamp%3bamp%3bamp%3bamp%3bamp%3bamp%3bamp%3bamp%3bamp%3bamp%3bamp%3bamp%3bref=ts\" \/>\n<meta property=\"article:published_time\" content=\"2026-03-06T03:00:00+00:00\" \/>\n<meta property=\"og:image\" content=\"http:\/\/autosdelpodio.com\/autos\/wp-content\/uploads\/2024\/03\/Curso_Auh_XXL.jpg\" \/>\n\t<meta property=\"og:image:width\" content=\"500\" \/>\n\t<meta property=\"og:image:height\" content=\"375\" \/>\n\t<meta property=\"og:image:type\" content=\"image\/jpeg\" \/>\n<meta name=\"author\" content=\"autosdelpodio\" \/>\n<meta name=\"twitter:card\" content=\"summary_large_image\" \/>\n<meta name=\"twitter:creator\" content=\"@autosdelpodio\" \/>\n<meta name=\"twitter:site\" content=\"@autosdelpodio\" \/>\n<meta name=\"twitter:label1\" content=\"Escrito por\" \/>\n\t<meta name=\"twitter:data1\" content=\"autosdelpodio\" \/>\n\t<meta name=\"twitter:label2\" content=\"Tiempo de lectura\" \/>\n\t<meta name=\"twitter:data2\" content=\"1 minuto\" \/>\n<script type=\"application\/ld+json\" class=\"yoast-schema-graph\">{\"@context\":\"https:\\\/\\\/schema.org\",\"@graph\":[{\"@type\":\"Article\",\"@id\":\"http:\\\/\\\/autosdelpodio.com\\\/autos\\\/curso-de-historia-del-auto-argentino-5\\\/#article\",\"isPartOf\":{\"@id\":\"http:\\\/\\\/autosdelpodio.com\\\/autos\\\/curso-de-historia-del-auto-argentino-5\\\/\"},\"author\":{\"name\":\"autosdelpodio\",\"@id\":\"http:\\\/\\\/autosdelpodio.com\\\/autos\\\/#\\\/schema\\\/person\\\/993527a4d01c3acdd3d6bce3770bc942\"},\"headline\":\"Curso de historia del auto argentino\",\"datePublished\":\"2026-03-06T03:00:00+00:00\",\"mainEntityOfPage\":{\"@id\":\"http:\\\/\\\/autosdelpodio.com\\\/autos\\\/curso-de-historia-del-auto-argentino-5\\\/\"},\"wordCount\":229,\"commentCount\":0,\"publisher\":{\"@id\":\"http:\\\/\\\/autosdelpodio.com\\\/autos\\\/#organization\"},\"image\":{\"@id\":\"http:\\\/\\\/autosdelpodio.com\\\/autos\\\/curso-de-historia-del-auto-argentino-5\\\/#primaryimage\"},\"thumbnailUrl\":\"https:\\\/\\\/autosdelpodio.com\\\/autos\\\/wp-content\\\/uploads\\\/2024\\\/03\\\/Curso_Auh_XXL.jpg\",\"keywords\":[\"CABA\",\"Cursos\",\"Gustavo Feder\",\"Industria Automotriz\",\"Museo del Automovil\",\"Republica Argentina\"],\"articleSection\":[\"Recta Principal\",\"\u00daltimas noticias\"],\"inLanguage\":\"es\",\"potentialAction\":[{\"@type\":\"CommentAction\",\"name\":\"Comment\",\"target\":[\"http:\\\/\\\/autosdelpodio.com\\\/autos\\\/curso-de-historia-del-auto-argentino-5\\\/#respond\"]}]},{\"@type\":\"WebPage\",\"@id\":\"http:\\\/\\\/autosdelpodio.com\\\/autos\\\/curso-de-historia-del-auto-argentino-5\\\/\",\"url\":\"http:\\\/\\\/autosdelpodio.com\\\/autos\\\/curso-de-historia-del-auto-argentino-5\\\/\",\"name\":\"Autos del Podio | Curso de historia del auto argentino\",\"isPartOf\":{\"@id\":\"http:\\\/\\\/autosdelpodio.com\\\/autos\\\/#website\"},\"primaryImageOfPage\":{\"@id\":\"http:\\\/\\\/autosdelpodio.com\\\/autos\\\/curso-de-historia-del-auto-argentino-5\\\/#primaryimage\"},\"image\":{\"@id\":\"http:\\\/\\\/autosdelpodio.com\\\/autos\\\/curso-de-historia-del-auto-argentino-5\\\/#primaryimage\"},\"thumbnailUrl\":\"https:\\\/\\\/autosdelpodio.com\\\/autos\\\/wp-content\\\/uploads\\\/2024\\\/03\\\/Curso_Auh_XXL.jpg\",\"datePublished\":\"2026-03-06T03:00:00+00:00\",\"description\":\"Autos del Podio El pr\u00f3ximo 11 de abril comienza el Curso de Historia del Auto Argentino organizado por el Museo del Autom\u00f3vil de la Ciudad de Buenos Aires y Autohistoria.\",\"breadcrumb\":{\"@id\":\"http:\\\/\\\/autosdelpodio.com\\\/autos\\\/curso-de-historia-del-auto-argentino-5\\\/#breadcrumb\"},\"inLanguage\":\"es\",\"potentialAction\":[{\"@type\":\"ReadAction\",\"target\":[\"http:\\\/\\\/autosdelpodio.com\\\/autos\\\/curso-de-historia-del-auto-argentino-5\\\/\"]}]},{\"@type\":\"ImageObject\",\"inLanguage\":\"es\",\"@id\":\"http:\\\/\\\/autosdelpodio.com\\\/autos\\\/curso-de-historia-del-auto-argentino-5\\\/#primaryimage\",\"url\":\"https:\\\/\\\/autosdelpodio.com\\\/autos\\\/wp-content\\\/uploads\\\/2024\\\/03\\\/Curso_Auh_XXL.jpg\",\"contentUrl\":\"https:\\\/\\\/autosdelpodio.com\\\/autos\\\/wp-content\\\/uploads\\\/2024\\\/03\\\/Curso_Auh_XXL.jpg\",\"width\":500,\"height\":375},{\"@type\":\"BreadcrumbList\",\"@id\":\"http:\\\/\\\/autosdelpodio.com\\\/autos\\\/curso-de-historia-del-auto-argentino-5\\\/#breadcrumb\",\"itemListElement\":[{\"@type\":\"ListItem\",\"position\":1,\"name\":\"Portada\",\"item\":\"http:\\\/\\\/autosdelpodio.com\\\/autos\\\/\"},{\"@type\":\"ListItem\",\"position\":2,\"name\":\"Curso de historia del auto argentino\"}]},{\"@type\":\"WebSite\",\"@id\":\"http:\\\/\\\/autosdelpodio.com\\\/autos\\\/#website\",\"url\":\"http:\\\/\\\/autosdelpodio.com\\\/autos\\\/\",\"name\":\"Autos del Podio\",\"description\":\"La sexta del deporte motor\",\"publisher\":{\"@id\":\"http:\\\/\\\/autosdelpodio.com\\\/autos\\\/#organization\"},\"potentialAction\":[{\"@type\":\"SearchAction\",\"target\":{\"@type\":\"EntryPoint\",\"urlTemplate\":\"http:\\\/\\\/autosdelpodio.com\\\/autos\\\/?s={search_term_string}\"},\"query-input\":{\"@type\":\"PropertyValueSpecification\",\"valueRequired\":true,\"valueName\":\"search_term_string\"}}],\"inLanguage\":\"es\"},{\"@type\":\"Organization\",\"@id\":\"http:\\\/\\\/autosdelpodio.com\\\/autos\\\/#organization\",\"name\":\"Autos del Podio\",\"url\":\"http:\\\/\\\/autosdelpodio.com\\\/autos\\\/\",\"logo\":{\"@type\":\"ImageObject\",\"inLanguage\":\"es\",\"@id\":\"http:\\\/\\\/autosdelpodio.com\\\/autos\\\/#\\\/schema\\\/logo\\\/image\\\/\",\"url\":\"http:\\\/\\\/autosdelpodio.com\\\/autos\\\/wp-content\\\/uploads\\\/2020\\\/08\\\/Logo_AR.jpg\",\"contentUrl\":\"http:\\\/\\\/autosdelpodio.com\\\/autos\\\/wp-content\\\/uploads\\\/2020\\\/08\\\/Logo_AR.jpg\",\"width\":1038,\"height\":1044,\"caption\":\"Autos del Podio\"},\"image\":{\"@id\":\"http:\\\/\\\/autosdelpodio.com\\\/autos\\\/#\\\/schema\\\/logo\\\/image\\\/\"},\"sameAs\":[\"https:\\\/\\\/www.facebook.com\\\/profile.php?id=100057192590976&amp;amp;amp;amp;amp;amp;amp;amp;amp;amp;amp;amp;amp;amp;amp;amp;amp;amp;ref=ts\",\"https:\\\/\\\/x.com\\\/autosdelpodio\",\"https:\\\/\\\/www.youtube.com\\\/user\\\/AutosdelPodio\"]},{\"@type\":\"Person\",\"@id\":\"http:\\\/\\\/autosdelpodio.com\\\/autos\\\/#\\\/schema\\\/person\\\/993527a4d01c3acdd3d6bce3770bc942\",\"name\":\"autosdelpodio\",\"image\":{\"@type\":\"ImageObject\",\"inLanguage\":\"es\",\"@id\":\"https:\\\/\\\/autosdelpodio.com\\\/autos\\\/wp-content\\\/litespeed\\\/avatar\\\/aa8f65cd201a80f6b844f63278aa84af.jpg?ver=1776798175\",\"url\":\"https:\\\/\\\/autosdelpodio.com\\\/autos\\\/wp-content\\\/litespeed\\\/avatar\\\/aa8f65cd201a80f6b844f63278aa84af.jpg?ver=1776798175\",\"contentUrl\":\"https:\\\/\\\/autosdelpodio.com\\\/autos\\\/wp-content\\\/litespeed\\\/avatar\\\/aa8f65cd201a80f6b844f63278aa84af.jpg?ver=1776798175\",\"caption\":\"autosdelpodio\"}}]}<\/script>\n<!-- \/ Yoast SEO plugin. -->","yoast_head_json":{"title":"Autos del Podio | Curso de historia del auto argentino","description":"Autos del Podio El pr\u00f3ximo 11 de abril comienza el Curso de Historia del Auto Argentino organizado por el Museo del Autom\u00f3vil de la Ciudad de Buenos Aires y Autohistoria.","robots":{"index":"index","follow":"follow","max-snippet":"max-snippet:-1","max-image-preview":"max-image-preview:large","max-video-preview":"max-video-preview:-1"},"canonical":"http:\/\/autosdelpodio.com\/autos\/curso-de-historia-del-auto-argentino-5\/","og_locale":"es_ES","og_type":"article","og_title":"Cursos de autos","og_description":"El pr\u00f3ximo 11 de abril comienza el Curso de Historia del Auto Argentino organizado por el Museo del Autom\u00f3vil de la Ciudad de Buenos Aires y Autohistoria.","og_url":"http:\/\/autosdelpodio.com\/autos\/curso-de-historia-del-auto-argentino-5\/","og_site_name":"Autos del Podio","article_publisher":"https:\/\/www.facebook.com\/profile.php?id=100057192590976&amp%3bamp%3bamp%3bamp%3bamp%3bamp%3bamp%3bamp%3bamp%3bamp%3bamp%3bamp%3bamp%3bamp%3bamp%3bamp%3bamp%3bamp%3bref=ts","article_published_time":"2026-03-06T03:00:00+00:00","og_image":[{"width":500,"height":375,"url":"http:\/\/autosdelpodio.com\/autos\/wp-content\/uploads\/2024\/03\/Curso_Auh_XXL.jpg","type":"image\/jpeg"}],"author":"autosdelpodio","twitter_card":"summary_large_image","twitter_creator":"@autosdelpodio","twitter_site":"@autosdelpodio","twitter_misc":{"Escrito por":"autosdelpodio","Tiempo de lectura":"1 minuto"},"schema":{"@context":"https:\/\/schema.org","@graph":[{"@type":"Article","@id":"http:\/\/autosdelpodio.com\/autos\/curso-de-historia-del-auto-argentino-5\/#article","isPartOf":{"@id":"http:\/\/autosdelpodio.com\/autos\/curso-de-historia-del-auto-argentino-5\/"},"author":{"name":"autosdelpodio","@id":"http:\/\/autosdelpodio.com\/autos\/#\/schema\/person\/993527a4d01c3acdd3d6bce3770bc942"},"headline":"Curso de historia del auto argentino","datePublished":"2026-03-06T03:00:00+00:00","mainEntityOfPage":{"@id":"http:\/\/autosdelpodio.com\/autos\/curso-de-historia-del-auto-argentino-5\/"},"wordCount":229,"commentCount":0,"publisher":{"@id":"http:\/\/autosdelpodio.com\/autos\/#organization"},"image":{"@id":"http:\/\/autosdelpodio.com\/autos\/curso-de-historia-del-auto-argentino-5\/#primaryimage"},"thumbnailUrl":"https:\/\/autosdelpodio.com\/autos\/wp-content\/uploads\/2024\/03\/Curso_Auh_XXL.jpg","keywords":["CABA","Cursos","Gustavo Feder","Industria Automotriz","Museo del Automovil","Republica Argentina"],"articleSection":["Recta Principal","\u00daltimas noticias"],"inLanguage":"es","potentialAction":[{"@type":"CommentAction","name":"Comment","target":["http:\/\/autosdelpodio.com\/autos\/curso-de-historia-del-auto-argentino-5\/#respond"]}]},{"@type":"WebPage","@id":"http:\/\/autosdelpodio.com\/autos\/curso-de-historia-del-auto-argentino-5\/","url":"http:\/\/autosdelpodio.com\/autos\/curso-de-historia-del-auto-argentino-5\/","name":"Autos del Podio | Curso de historia del auto argentino","isPartOf":{"@id":"http:\/\/autosdelpodio.com\/autos\/#website"},"primaryImageOfPage":{"@id":"http:\/\/autosdelpodio.com\/autos\/curso-de-historia-del-auto-argentino-5\/#primaryimage"},"image":{"@id":"http:\/\/autosdelpodio.com\/autos\/curso-de-historia-del-auto-argentino-5\/#primaryimage"},"thumbnailUrl":"https:\/\/autosdelpodio.com\/autos\/wp-content\/uploads\/2024\/03\/Curso_Auh_XXL.jpg","datePublished":"2026-03-06T03:00:00+00:00","description":"Autos del Podio El pr\u00f3ximo 11 de abril comienza el Curso de Historia del Auto Argentino organizado por el Museo del Autom\u00f3vil de la Ciudad de Buenos Aires y Autohistoria.","breadcrumb":{"@id":"http:\/\/autosdelpodio.com\/autos\/curso-de-historia-del-auto-argentino-5\/#breadcrumb"},"inLanguage":"es","potentialAction":[{"@type":"ReadAction","target":["http:\/\/autosdelpodio.com\/autos\/curso-de-historia-del-auto-argentino-5\/"]}]},{"@type":"ImageObject","inLanguage":"es","@id":"http:\/\/autosdelpodio.com\/autos\/curso-de-historia-del-auto-argentino-5\/#primaryimage","url":"https:\/\/autosdelpodio.com\/autos\/wp-content\/uploads\/2024\/03\/Curso_Auh_XXL.jpg","contentUrl":"https:\/\/autosdelpodio.com\/autos\/wp-content\/uploads\/2024\/03\/Curso_Auh_XXL.jpg","width":500,"height":375},{"@type":"BreadcrumbList","@id":"http:\/\/autosdelpodio.com\/autos\/curso-de-historia-del-auto-argentino-5\/#breadcrumb","itemListElement":[{"@type":"ListItem","position":1,"name":"Portada","item":"http:\/\/autosdelpodio.com\/autos\/"},{"@type":"ListItem","position":2,"name":"Curso de historia del auto argentino"}]},{"@type":"WebSite","@id":"http:\/\/autosdelpodio.com\/autos\/#website","url":"http:\/\/autosdelpodio.com\/autos\/","name":"Autos del Podio","description":"La sexta del deporte motor","publisher":{"@id":"http:\/\/autosdelpodio.com\/autos\/#organization"},"potentialAction":[{"@type":"SearchAction","target":{"@type":"EntryPoint","urlTemplate":"http:\/\/autosdelpodio.com\/autos\/?s={search_term_string}"},"query-input":{"@type":"PropertyValueSpecification","valueRequired":true,"valueName":"search_term_string"}}],"inLanguage":"es"},{"@type":"Organization","@id":"http:\/\/autosdelpodio.com\/autos\/#organization","name":"Autos del Podio","url":"http:\/\/autosdelpodio.com\/autos\/","logo":{"@type":"ImageObject","inLanguage":"es","@id":"http:\/\/autosdelpodio.com\/autos\/#\/schema\/logo\/image\/","url":"http:\/\/autosdelpodio.com\/autos\/wp-content\/uploads\/2020\/08\/Logo_AR.jpg","contentUrl":"http:\/\/autosdelpodio.com\/autos\/wp-content\/uploads\/2020\/08\/Logo_AR.jpg","width":1038,"height":1044,"caption":"Autos del Podio"},"image":{"@id":"http:\/\/autosdelpodio.com\/autos\/#\/schema\/logo\/image\/"},"sameAs":["https:\/\/www.facebook.com\/profile.php?id=100057192590976&amp;amp;amp;amp;amp;amp;amp;amp;amp;amp;amp;amp;amp;amp;amp;amp;amp;amp;ref=ts","https:\/\/x.com\/autosdelpodio","https:\/\/www.youtube.com\/user\/AutosdelPodio"]},{"@type":"Person","@id":"http:\/\/autosdelpodio.com\/autos\/#\/schema\/person\/993527a4d01c3acdd3d6bce3770bc942","name":"autosdelpodio","image":{"@type":"ImageObject","inLanguage":"es","@id":"https:\/\/autosdelpodio.com\/autos\/wp-content\/litespeed\/avatar\/aa8f65cd201a80f6b844f63278aa84af.jpg?ver=1776798175","url":"https:\/\/autosdelpodio.com\/autos\/wp-content\/litespeed\/avatar\/aa8f65cd201a80f6b844f63278aa84af.jpg?ver=1776798175","contentUrl":"https:\/\/autosdelpodio.com\/autos\/wp-content\/litespeed\/avatar\/aa8f65cd201a80f6b844f63278aa84af.jpg?ver=1776798175","caption":"autosdelpodio"}}]}},"views":165,"_links":{"self":[{"href":"https:\/\/autosdelpodio.com\/autos\/wp-json\/wp\/v2\/posts\/9005","targetHints":{"allow":["GET"]}}],"collection":[{"href":"https:\/\/autosdelpodio.com\/autos\/wp-json\/wp\/v2\/posts"}],"about":[{"href":"https:\/\/autosdelpodio.com\/autos\/wp-json\/wp\/v2\/types\/post"}],"author":[{"embeddable":true,"href":"https:\/\/autosdelpodio.com\/autos\/wp-json\/wp\/v2\/users\/3"}],"replies":[{"embeddable":true,"href":"https:\/\/autosdelpodio.com\/autos\/wp-json\/wp\/v2\/comments?post=9005"}],"version-history":[{"count":1,"href":"https:\/\/autosdelpodio.com\/autos\/wp-json\/wp\/v2\/posts\/9005\/revisions"}],"predecessor-version":[{"id":9006,"href":"https:\/\/autosdelpodio.com\/autos\/wp-json\/wp\/v2\/posts\/9005\/revisions\/9006"}],"wp:featuredmedia":[{"embeddable":true,"href":"https:\/\/autosdelpodio.com\/autos\/wp-json\/wp\/v2\/media\/7493"}],"wp:attachment":[{"href":"https:\/\/autosdelpodio.com\/autos\/wp-json\/wp\/v2\/media?parent=9005"}],"wp:term":[{"taxonomy":"category","embeddable":true,"href":"https:\/\/autosdelpodio.com\/autos\/wp-json\/wp\/v2\/categories?post=9005"},{"taxonomy":"post_tag","embeddable":true,"href":"https:\/\/autosdelpodio.com\/autos\/wp-json\/wp\/v2\/tags?post=9005"}],"curies":[{"name":"wp","href":"https:\/\/api.w.org\/{rel}","templated":true}]}}