{"id":9009,"date":"2026-03-08T13:49:12","date_gmt":"2026-03-08T16:49:12","guid":{"rendered":"https:\/\/autosdelpodio.com\/autos\/?p=9009"},"modified":"2026-03-08T16:18:56","modified_gmt":"2026-03-08T19:18:56","slug":"mercedes-puso-primera","status":"publish","type":"post","link":"https:\/\/autosdelpodio.com\/autos\/mercedes-puso-primera\/","title":{"rendered":"Mercedes puso primera"},"content":{"rendered":"\n<p>1-2 para la flecha de plata en el GP de Australia que abri\u00f2 la temporada con victoria de George Russell.Su compa\u00f1ero Kimi Antonelli y Charles Leclerc con Ferrari completaron el podio.<br>Por su parte, el argentino Franco Colapinto finaliz\u00f3 en la 14\u00b0 posici\u00f3n. Su carrera se vio afectada por una sanci\u00f3n de stop-and-go debido a un error de un ingeniero de su equipo Alpine en la grilla de partida.<br>La proxima fecha ser\u00e0 el Domingo 15 de Marzo cuando se ponga en marcha el Gran Premio de China.<\/p>\n\n\n\n<p><em><strong>Final F1 a 59 Vueltas &#8211; Fecha 1 &#8211; Melbourne<\/strong><\/em><\/p>\n\n\n\n<figure class=\"wp-block-table\"><table class=\"has-fixed-layout\"><tbody><tr><td>1<\/td><td>63<\/td><td>George&nbsp;Russell<\/td><td>58<\/td><td>1:23:06.801<\/td><\/tr><tr><td>2<\/td><td>12<\/td><td>Kimi&nbsp;Antonelli<\/td><td>58<\/td><td>2.974<\/td><\/tr><tr><td>3<\/td><td>16<\/td><td>Charles&nbsp;Leclerc<\/td><td>58<\/td><td>15.519<\/td><\/tr><tr><td>4<\/td><td>44<\/td><td>Lewis&nbsp;Hamilton<\/td><td>58<\/td><td>16.144<\/td><\/tr><tr><td>5<\/td><td>1<\/td><td>Lando&nbsp;Norris<\/td><td>58<\/td><td>51.741<\/td><\/tr><tr><td>6<\/td><td>3<\/td><td>Max&nbsp;Verstappen<\/td><td>58<\/td><td>54.617<\/td><\/tr><tr><td>7<\/td><td>87<\/td><td>Oliver&nbsp;Bearman<\/td><td>57<\/td><td>1 vta<\/td><\/tr><tr><td>8<\/td><td>41<\/td><td>Arvid&nbsp;Lindblad<\/td><td>57<\/td><td>1 vta<\/td><\/tr><tr><td>9<\/td><td>5<\/td><td>Gabriel&nbsp;Bortoleto<\/td><td>57<\/td><td>1 vta<\/td><\/tr><tr><td>10<\/td><td>10<\/td><td>Pierre&nbsp;Gasly<\/td><td>57<\/td><td>1 vta<\/td><\/tr><tr><td>11<\/td><td>31<\/td><td>Esteban&nbsp;Ocon<\/td><td>57<\/td><td>1 vta<\/td><\/tr><tr><td>12<\/td><td>23<\/td><td>Alexander&nbsp;Albon<\/td><td>57<\/td><td>1 vta<\/td><\/tr><tr><td>13<\/td><td>30<\/td><td>Liam&nbsp;Lawson<\/td><td>57<\/td><td>1 vta<\/td><\/tr><tr><td><strong>14<\/strong><\/td><td><strong>43<\/strong><\/td><td><strong>Franco&nbsp;Colapinto*<\/strong><\/td><td><strong>56<\/strong><\/td><td><strong>2 vtas<\/strong><\/td><\/tr><tr><td>15<\/td><td>55<\/td><td>Carlos&nbsp;Sainz<\/td><td>56<\/td><td>2 vtas<\/td><\/tr><tr><td>16<\/td><td>11<\/td><td>Sergio&nbsp;Perez<\/td><td>55<\/td><td>3 vtas<\/td><\/tr><tr><td>NC<\/td><td>18<\/td><td>Lance&nbsp;Stroll<\/td><td>43<\/td><td>15 vtas<\/td><\/tr><tr><td>NC<\/td><td>14<\/td><td>Fernando&nbsp;Alonso<\/td><td>21<\/td><td>\u2013<\/td><\/tr><tr><td>NC<\/td><td>77<\/td><td>Valtteri&nbsp;Bottas<\/td><td>15<\/td><td>\u2013<\/td><\/tr><tr><td>NC<\/td><td>6<\/td><td>Isack&nbsp;Hadjar<\/td><td>10<\/td><td>\u2013<\/td><\/tr><tr><td>NL<\/td><td>81<\/td><td>Oscar&nbsp;Piastri<\/td><td>0<\/td><td>\u2013<\/td><\/tr><tr><td>NL<\/td><td>27<\/td><td>Nico&nbsp;Hulkenberg<\/td><td>0<\/td><td>\u2013<\/td><\/tr><tr><td colspan=\"5\">Promedio: 220.993 Km\/h.<\/td><\/tr><tr><td colspan=\"5\">R\u00e9cord de Vuelta: Max Verstappen, 1:22.091 a 231,460 Km\/h.<\/td><\/tr><tr><td colspan=\"5\">*Colapinto fue penalizado con un Pit Stop porque sus mec\u00e1nicos tocaron el auto durante la se\u00f1al de 15 segundos antes de largar<\/td><\/tr><\/tbody><\/table><\/figure>\n\n\n\n<figure class=\"wp-block-pullquote\"><blockquote><p><em>\u00abEscribimos y generamos contenido con la misma pasi\u00f3n con la que vos le\u00e9s. Al ser un\u00a0<strong>medio autogestionado<\/strong>, cada palabra es un esfuerzo propio que compartimos con nuestra gente. Si valor\u00e1s esta independencia, sumate con un aporte al\u00a0<strong>Alias<\/strong>\u00a0<strong>AUTOS.DELPODIO<\/strong><\/em><br><em>\u00a0Tu solidaridad es el combustible que mantiene este refugio encendido para todos los que amamos los autos.\u00bb<\/em><\/p><\/blockquote><\/figure>\n","protected":false},"excerpt":{"rendered":"<p>1-2 para la flecha de plata en el GP de Australia que abri\u00f2 la temporada con victoria de George Russell.Su<\/p>\n","protected":false},"author":3,"featured_media":1751,"comment_status":"open","ping_status":"open","sticky":false,"template":"","format":"standard","meta":{"colormag_page_container_layout":"default_layout","colormag_page_sidebar_layout":"default_layout","footnotes":""},"categories":[16,5],"tags":[75,553,805,581,233],"class_list":["post-9009","post","type-post","status-publish","format-standard","has-post-thumbnail","hentry","category-recta-principal","category-latest-news","tag-formula-1","tag-franco-colapinto","tag-george-russell","tag-gp-australia","tag-mercedes-benz"],"yoast_head":"<!-- This site is optimized with the Yoast SEO plugin v27.4 - https:\/\/yoast.com\/product\/yoast-seo-wordpress\/ -->\n<title>Autos del Podio | Mercedes puso primera<\/title>\n<meta name=\"description\" content=\"Autos del Podio Formula 1: El argentino Franco Colapinto finaliz\u00f3 en la 14\u00b0 posici\u00f3n en la primera carrera del a\u00f1o\" \/>\n<meta name=\"robots\" content=\"index, follow, max-snippet:-1, max-image-preview:large, max-video-preview:-1\" \/>\n<link rel=\"canonical\" href=\"https:\/\/autosdelpodio.com\/autos\/mercedes-puso-primera\/\" \/>\n<meta property=\"og:locale\" content=\"es_ES\" \/>\n<meta property=\"og:type\" content=\"article\" \/>\n<meta property=\"og:title\" content=\"1-2 de Mercedes en Melbourne\" \/>\n<meta property=\"og:description\" content=\"Formula 1: El argentino Franco Colapinto finaliz\u00f3 en la 14\u00b0 posici\u00f3n en la primera carrera del a\u00f1o\" \/>\n<meta property=\"og:url\" content=\"https:\/\/autosdelpodio.com\/autos\/mercedes-puso-primera\/\" \/>\n<meta property=\"og:site_name\" content=\"Autos del Podio\" \/>\n<meta property=\"article:publisher\" content=\"https:\/\/www.facebook.com\/profile.php?id=100057192590976&amp;amp%3bamp%3bamp%3bamp%3bamp%3bamp%3bamp%3bamp%3bamp%3bamp%3bamp%3bamp%3bamp%3bamp%3bamp%3bamp%3bamp%3bamp%3bref=ts\" \/>\n<meta property=\"article:published_time\" content=\"2026-03-08T16:49:12+00:00\" \/>\n<meta property=\"article:modified_time\" content=\"2026-03-08T19:18:56+00:00\" \/>\n<meta property=\"og:image\" content=\"https:\/\/autosdelpodio.com\/autos\/wp-content\/uploads\/2020\/04\/Logo_F1_-e1621029352226.jpg\" \/>\n\t<meta property=\"og:image:width\" content=\"500\" \/>\n\t<meta property=\"og:image:height\" content=\"278\" \/>\n\t<meta property=\"og:image:type\" content=\"image\/jpeg\" \/>\n<meta name=\"author\" content=\"autosdelpodio\" \/>\n<meta name=\"twitter:card\" content=\"summary_large_image\" \/>\n<meta name=\"twitter:creator\" content=\"@autosdelpodio\" \/>\n<meta name=\"twitter:site\" content=\"@autosdelpodio\" \/>\n<meta name=\"twitter:label1\" content=\"Escrito por\" \/>\n\t<meta name=\"twitter:data1\" content=\"autosdelpodio\" \/>\n\t<meta name=\"twitter:label2\" content=\"Tiempo de lectura\" \/>\n\t<meta name=\"twitter:data2\" content=\"2 minutos\" \/>\n<script type=\"application\/ld+json\" class=\"yoast-schema-graph\">{\"@context\":\"https:\\\/\\\/schema.org\",\"@graph\":[{\"@type\":\"Article\",\"@id\":\"https:\\\/\\\/autosdelpodio.com\\\/autos\\\/mercedes-puso-primera\\\/#article\",\"isPartOf\":{\"@id\":\"https:\\\/\\\/autosdelpodio.com\\\/autos\\\/mercedes-puso-primera\\\/\"},\"author\":{\"name\":\"autosdelpodio\",\"@id\":\"http:\\\/\\\/autosdelpodio.com\\\/autos\\\/#\\\/schema\\\/person\\\/993527a4d01c3acdd3d6bce3770bc942\"},\"headline\":\"Mercedes puso primera\",\"datePublished\":\"2026-03-08T16:49:12+00:00\",\"dateModified\":\"2026-03-08T19:18:56+00:00\",\"mainEntityOfPage\":{\"@id\":\"https:\\\/\\\/autosdelpodio.com\\\/autos\\\/mercedes-puso-primera\\\/\"},\"wordCount\":280,\"commentCount\":0,\"publisher\":{\"@id\":\"http:\\\/\\\/autosdelpodio.com\\\/autos\\\/#organization\"},\"image\":{\"@id\":\"https:\\\/\\\/autosdelpodio.com\\\/autos\\\/mercedes-puso-primera\\\/#primaryimage\"},\"thumbnailUrl\":\"https:\\\/\\\/autosdelpodio.com\\\/autos\\\/wp-content\\\/uploads\\\/2020\\\/04\\\/Logo_F1_-e1621029352226.jpg\",\"keywords\":[\"Formula 1\",\"Franco Colapinto\",\"George Russell\",\"GP Australia\",\"Mercedes Benz\"],\"articleSection\":[\"Recta Principal\",\"\u00daltimas noticias\"],\"inLanguage\":\"es\",\"potentialAction\":[{\"@type\":\"CommentAction\",\"name\":\"Comment\",\"target\":[\"https:\\\/\\\/autosdelpodio.com\\\/autos\\\/mercedes-puso-primera\\\/#respond\"]}]},{\"@type\":\"WebPage\",\"@id\":\"https:\\\/\\\/autosdelpodio.com\\\/autos\\\/mercedes-puso-primera\\\/\",\"url\":\"https:\\\/\\\/autosdelpodio.com\\\/autos\\\/mercedes-puso-primera\\\/\",\"name\":\"Autos del Podio | Mercedes puso primera\",\"isPartOf\":{\"@id\":\"http:\\\/\\\/autosdelpodio.com\\\/autos\\\/#website\"},\"primaryImageOfPage\":{\"@id\":\"https:\\\/\\\/autosdelpodio.com\\\/autos\\\/mercedes-puso-primera\\\/#primaryimage\"},\"image\":{\"@id\":\"https:\\\/\\\/autosdelpodio.com\\\/autos\\\/mercedes-puso-primera\\\/#primaryimage\"},\"thumbnailUrl\":\"https:\\\/\\\/autosdelpodio.com\\\/autos\\\/wp-content\\\/uploads\\\/2020\\\/04\\\/Logo_F1_-e1621029352226.jpg\",\"datePublished\":\"2026-03-08T16:49:12+00:00\",\"dateModified\":\"2026-03-08T19:18:56+00:00\",\"description\":\"Autos del Podio Formula 1: El argentino Franco Colapinto finaliz\u00f3 en la 14\u00b0 posici\u00f3n en la primera carrera del a\u00f1o\",\"breadcrumb\":{\"@id\":\"https:\\\/\\\/autosdelpodio.com\\\/autos\\\/mercedes-puso-primera\\\/#breadcrumb\"},\"inLanguage\":\"es\",\"potentialAction\":[{\"@type\":\"ReadAction\",\"target\":[\"https:\\\/\\\/autosdelpodio.com\\\/autos\\\/mercedes-puso-primera\\\/\"]}]},{\"@type\":\"ImageObject\",\"inLanguage\":\"es\",\"@id\":\"https:\\\/\\\/autosdelpodio.com\\\/autos\\\/mercedes-puso-primera\\\/#primaryimage\",\"url\":\"https:\\\/\\\/autosdelpodio.com\\\/autos\\\/wp-content\\\/uploads\\\/2020\\\/04\\\/Logo_F1_-e1621029352226.jpg\",\"contentUrl\":\"https:\\\/\\\/autosdelpodio.com\\\/autos\\\/wp-content\\\/uploads\\\/2020\\\/04\\\/Logo_F1_-e1621029352226.jpg\",\"width\":500,\"height\":278},{\"@type\":\"BreadcrumbList\",\"@id\":\"https:\\\/\\\/autosdelpodio.com\\\/autos\\\/mercedes-puso-primera\\\/#breadcrumb\",\"itemListElement\":[{\"@type\":\"ListItem\",\"position\":1,\"name\":\"Portada\",\"item\":\"http:\\\/\\\/autosdelpodio.com\\\/autos\\\/\"},{\"@type\":\"ListItem\",\"position\":2,\"name\":\"Mercedes puso primera\"}]},{\"@type\":\"WebSite\",\"@id\":\"http:\\\/\\\/autosdelpodio.com\\\/autos\\\/#website\",\"url\":\"http:\\\/\\\/autosdelpodio.com\\\/autos\\\/\",\"name\":\"Autos del Podio\",\"description\":\"La sexta del deporte motor\",\"publisher\":{\"@id\":\"http:\\\/\\\/autosdelpodio.com\\\/autos\\\/#organization\"},\"potentialAction\":[{\"@type\":\"SearchAction\",\"target\":{\"@type\":\"EntryPoint\",\"urlTemplate\":\"http:\\\/\\\/autosdelpodio.com\\\/autos\\\/?s={search_term_string}\"},\"query-input\":{\"@type\":\"PropertyValueSpecification\",\"valueRequired\":true,\"valueName\":\"search_term_string\"}}],\"inLanguage\":\"es\"},{\"@type\":\"Organization\",\"@id\":\"http:\\\/\\\/autosdelpodio.com\\\/autos\\\/#organization\",\"name\":\"Autos del Podio\",\"url\":\"http:\\\/\\\/autosdelpodio.com\\\/autos\\\/\",\"logo\":{\"@type\":\"ImageObject\",\"inLanguage\":\"es\",\"@id\":\"http:\\\/\\\/autosdelpodio.com\\\/autos\\\/#\\\/schema\\\/logo\\\/image\\\/\",\"url\":\"http:\\\/\\\/autosdelpodio.com\\\/autos\\\/wp-content\\\/uploads\\\/2020\\\/08\\\/Logo_AR.jpg\",\"contentUrl\":\"http:\\\/\\\/autosdelpodio.com\\\/autos\\\/wp-content\\\/uploads\\\/2020\\\/08\\\/Logo_AR.jpg\",\"width\":1038,\"height\":1044,\"caption\":\"Autos del Podio\"},\"image\":{\"@id\":\"http:\\\/\\\/autosdelpodio.com\\\/autos\\\/#\\\/schema\\\/logo\\\/image\\\/\"},\"sameAs\":[\"https:\\\/\\\/www.facebook.com\\\/profile.php?id=100057192590976&amp;amp;amp;amp;amp;amp;amp;amp;amp;amp;amp;amp;amp;amp;amp;amp;amp;amp;ref=ts\",\"https:\\\/\\\/x.com\\\/autosdelpodio\",\"https:\\\/\\\/www.youtube.com\\\/user\\\/AutosdelPodio\"]},{\"@type\":\"Person\",\"@id\":\"http:\\\/\\\/autosdelpodio.com\\\/autos\\\/#\\\/schema\\\/person\\\/993527a4d01c3acdd3d6bce3770bc942\",\"name\":\"autosdelpodio\",\"image\":{\"@type\":\"ImageObject\",\"inLanguage\":\"es\",\"@id\":\"https:\\\/\\\/autosdelpodio.com\\\/autos\\\/wp-content\\\/litespeed\\\/avatar\\\/aa8f65cd201a80f6b844f63278aa84af.jpg?ver=1776798175\",\"url\":\"https:\\\/\\\/autosdelpodio.com\\\/autos\\\/wp-content\\\/litespeed\\\/avatar\\\/aa8f65cd201a80f6b844f63278aa84af.jpg?ver=1776798175\",\"contentUrl\":\"https:\\\/\\\/autosdelpodio.com\\\/autos\\\/wp-content\\\/litespeed\\\/avatar\\\/aa8f65cd201a80f6b844f63278aa84af.jpg?ver=1776798175\",\"caption\":\"autosdelpodio\"}}]}<\/script>\n<!-- \/ Yoast SEO plugin. -->","yoast_head_json":{"title":"Autos del Podio | Mercedes puso primera","description":"Autos del Podio Formula 1: El argentino Franco Colapinto finaliz\u00f3 en la 14\u00b0 posici\u00f3n en la primera carrera del a\u00f1o","robots":{"index":"index","follow":"follow","max-snippet":"max-snippet:-1","max-image-preview":"max-image-preview:large","max-video-preview":"max-video-preview:-1"},"canonical":"https:\/\/autosdelpodio.com\/autos\/mercedes-puso-primera\/","og_locale":"es_ES","og_type":"article","og_title":"1-2 de Mercedes en Melbourne","og_description":"Formula 1: El argentino Franco Colapinto finaliz\u00f3 en la 14\u00b0 posici\u00f3n en la primera carrera del a\u00f1o","og_url":"https:\/\/autosdelpodio.com\/autos\/mercedes-puso-primera\/","og_site_name":"Autos del Podio","article_publisher":"https:\/\/www.facebook.com\/profile.php?id=100057192590976&amp%3bamp%3bamp%3bamp%3bamp%3bamp%3bamp%3bamp%3bamp%3bamp%3bamp%3bamp%3bamp%3bamp%3bamp%3bamp%3bamp%3bamp%3bref=ts","article_published_time":"2026-03-08T16:49:12+00:00","article_modified_time":"2026-03-08T19:18:56+00:00","og_image":[{"width":500,"height":278,"url":"https:\/\/autosdelpodio.com\/autos\/wp-content\/uploads\/2020\/04\/Logo_F1_-e1621029352226.jpg","type":"image\/jpeg"}],"author":"autosdelpodio","twitter_card":"summary_large_image","twitter_creator":"@autosdelpodio","twitter_site":"@autosdelpodio","twitter_misc":{"Escrito por":"autosdelpodio","Tiempo de lectura":"2 minutos"},"schema":{"@context":"https:\/\/schema.org","@graph":[{"@type":"Article","@id":"https:\/\/autosdelpodio.com\/autos\/mercedes-puso-primera\/#article","isPartOf":{"@id":"https:\/\/autosdelpodio.com\/autos\/mercedes-puso-primera\/"},"author":{"name":"autosdelpodio","@id":"http:\/\/autosdelpodio.com\/autos\/#\/schema\/person\/993527a4d01c3acdd3d6bce3770bc942"},"headline":"Mercedes puso primera","datePublished":"2026-03-08T16:49:12+00:00","dateModified":"2026-03-08T19:18:56+00:00","mainEntityOfPage":{"@id":"https:\/\/autosdelpodio.com\/autos\/mercedes-puso-primera\/"},"wordCount":280,"commentCount":0,"publisher":{"@id":"http:\/\/autosdelpodio.com\/autos\/#organization"},"image":{"@id":"https:\/\/autosdelpodio.com\/autos\/mercedes-puso-primera\/#primaryimage"},"thumbnailUrl":"https:\/\/autosdelpodio.com\/autos\/wp-content\/uploads\/2020\/04\/Logo_F1_-e1621029352226.jpg","keywords":["Formula 1","Franco Colapinto","George Russell","GP Australia","Mercedes Benz"],"articleSection":["Recta Principal","\u00daltimas noticias"],"inLanguage":"es","potentialAction":[{"@type":"CommentAction","name":"Comment","target":["https:\/\/autosdelpodio.com\/autos\/mercedes-puso-primera\/#respond"]}]},{"@type":"WebPage","@id":"https:\/\/autosdelpodio.com\/autos\/mercedes-puso-primera\/","url":"https:\/\/autosdelpodio.com\/autos\/mercedes-puso-primera\/","name":"Autos del Podio | Mercedes puso primera","isPartOf":{"@id":"http:\/\/autosdelpodio.com\/autos\/#website"},"primaryImageOfPage":{"@id":"https:\/\/autosdelpodio.com\/autos\/mercedes-puso-primera\/#primaryimage"},"image":{"@id":"https:\/\/autosdelpodio.com\/autos\/mercedes-puso-primera\/#primaryimage"},"thumbnailUrl":"https:\/\/autosdelpodio.com\/autos\/wp-content\/uploads\/2020\/04\/Logo_F1_-e1621029352226.jpg","datePublished":"2026-03-08T16:49:12+00:00","dateModified":"2026-03-08T19:18:56+00:00","description":"Autos del Podio Formula 1: El argentino Franco Colapinto finaliz\u00f3 en la 14\u00b0 posici\u00f3n en la primera carrera del a\u00f1o","breadcrumb":{"@id":"https:\/\/autosdelpodio.com\/autos\/mercedes-puso-primera\/#breadcrumb"},"inLanguage":"es","potentialAction":[{"@type":"ReadAction","target":["https:\/\/autosdelpodio.com\/autos\/mercedes-puso-primera\/"]}]},{"@type":"ImageObject","inLanguage":"es","@id":"https:\/\/autosdelpodio.com\/autos\/mercedes-puso-primera\/#primaryimage","url":"https:\/\/autosdelpodio.com\/autos\/wp-content\/uploads\/2020\/04\/Logo_F1_-e1621029352226.jpg","contentUrl":"https:\/\/autosdelpodio.com\/autos\/wp-content\/uploads\/2020\/04\/Logo_F1_-e1621029352226.jpg","width":500,"height":278},{"@type":"BreadcrumbList","@id":"https:\/\/autosdelpodio.com\/autos\/mercedes-puso-primera\/#breadcrumb","itemListElement":[{"@type":"ListItem","position":1,"name":"Portada","item":"http:\/\/autosdelpodio.com\/autos\/"},{"@type":"ListItem","position":2,"name":"Mercedes puso primera"}]},{"@type":"WebSite","@id":"http:\/\/autosdelpodio.com\/autos\/#website","url":"http:\/\/autosdelpodio.com\/autos\/","name":"Autos del Podio","description":"La sexta del deporte motor","publisher":{"@id":"http:\/\/autosdelpodio.com\/autos\/#organization"},"potentialAction":[{"@type":"SearchAction","target":{"@type":"EntryPoint","urlTemplate":"http:\/\/autosdelpodio.com\/autos\/?s={search_term_string}"},"query-input":{"@type":"PropertyValueSpecification","valueRequired":true,"valueName":"search_term_string"}}],"inLanguage":"es"},{"@type":"Organization","@id":"http:\/\/autosdelpodio.com\/autos\/#organization","name":"Autos del Podio","url":"http:\/\/autosdelpodio.com\/autos\/","logo":{"@type":"ImageObject","inLanguage":"es","@id":"http:\/\/autosdelpodio.com\/autos\/#\/schema\/logo\/image\/","url":"http:\/\/autosdelpodio.com\/autos\/wp-content\/uploads\/2020\/08\/Logo_AR.jpg","contentUrl":"http:\/\/autosdelpodio.com\/autos\/wp-content\/uploads\/2020\/08\/Logo_AR.jpg","width":1038,"height":1044,"caption":"Autos del Podio"},"image":{"@id":"http:\/\/autosdelpodio.com\/autos\/#\/schema\/logo\/image\/"},"sameAs":["https:\/\/www.facebook.com\/profile.php?id=100057192590976&amp;amp;amp;amp;amp;amp;amp;amp;amp;amp;amp;amp;amp;amp;amp;amp;amp;amp;ref=ts","https:\/\/x.com\/autosdelpodio","https:\/\/www.youtube.com\/user\/AutosdelPodio"]},{"@type":"Person","@id":"http:\/\/autosdelpodio.com\/autos\/#\/schema\/person\/993527a4d01c3acdd3d6bce3770bc942","name":"autosdelpodio","image":{"@type":"ImageObject","inLanguage":"es","@id":"https:\/\/autosdelpodio.com\/autos\/wp-content\/litespeed\/avatar\/aa8f65cd201a80f6b844f63278aa84af.jpg?ver=1776798175","url":"https:\/\/autosdelpodio.com\/autos\/wp-content\/litespeed\/avatar\/aa8f65cd201a80f6b844f63278aa84af.jpg?ver=1776798175","contentUrl":"https:\/\/autosdelpodio.com\/autos\/wp-content\/litespeed\/avatar\/aa8f65cd201a80f6b844f63278aa84af.jpg?ver=1776798175","caption":"autosdelpodio"}}]}},"views":224,"_links":{"self":[{"href":"https:\/\/autosdelpodio.com\/autos\/wp-json\/wp\/v2\/posts\/9009","targetHints":{"allow":["GET"]}}],"collection":[{"href":"https:\/\/autosdelpodio.com\/autos\/wp-json\/wp\/v2\/posts"}],"about":[{"href":"https:\/\/autosdelpodio.com\/autos\/wp-json\/wp\/v2\/types\/post"}],"author":[{"embeddable":true,"href":"https:\/\/autosdelpodio.com\/autos\/wp-json\/wp\/v2\/users\/3"}],"replies":[{"embeddable":true,"href":"https:\/\/autosdelpodio.com\/autos\/wp-json\/wp\/v2\/comments?post=9009"}],"version-history":[{"count":2,"href":"https:\/\/autosdelpodio.com\/autos\/wp-json\/wp\/v2\/posts\/9009\/revisions"}],"predecessor-version":[{"id":9016,"href":"https:\/\/autosdelpodio.com\/autos\/wp-json\/wp\/v2\/posts\/9009\/revisions\/9016"}],"wp:featuredmedia":[{"embeddable":true,"href":"https:\/\/autosdelpodio.com\/autos\/wp-json\/wp\/v2\/media\/1751"}],"wp:attachment":[{"href":"https:\/\/autosdelpodio.com\/autos\/wp-json\/wp\/v2\/media?parent=9009"}],"wp:term":[{"taxonomy":"category","embeddable":true,"href":"https:\/\/autosdelpodio.com\/autos\/wp-json\/wp\/v2\/categories?post=9009"},{"taxonomy":"post_tag","embeddable":true,"href":"https:\/\/autosdelpodio.com\/autos\/wp-json\/wp\/v2\/tags?post=9009"}],"curies":[{"name":"wp","href":"https:\/\/api.w.org\/{rel}","templated":true}]}}