{"id":9011,"date":"2026-03-08T16:10:41","date_gmt":"2026-03-08T19:10:41","guid":{"rendered":"https:\/\/autosdelpodio.com\/autos\/?p=9011"},"modified":"2026-03-08T16:19:08","modified_gmt":"2026-03-08T19:19:08","slug":"ahora-si-santero-volvio-a-ganar-en-el-tc","status":"publish","type":"post","link":"https:\/\/autosdelpodio.com\/autos\/ahora-si-santero-volvio-a-ganar-en-el-tc\/","title":{"rendered":"Ahora s\u00ed, Santero volvi\u00f3 a ganar en el TC"},"content":{"rendered":"\n<p>Juli\u00e1n Santero pudo quedarse con la segunda final del a\u00f1o del Turismo Carretera y el primer triunfo de BMW. Al podio en el Aut\u00f3dromo de Viedma se se subieron como escoltas Mauricio Lambiris y Elio Craparo, ambos con Mustang.<br><a href=\"https:\/\/autosdelpodio.com\/autos\/historico-triunfo-de-bmw-en-el-tc\/\" type=\"post\" id=\"8927\" target=\"_blank\" rel=\"noreferrer noopener\">Tras la exclusi\u00f3n<\/a> sufrida en El Calafate, <a href=\"https:\/\/autosdelpodio.com\/autos\/julian-santero-nuevo-campeon-en-tc\/\" type=\"post\" id=\"8039\" target=\"_blank\" rel=\"noreferrer noopener\">el campe\u00f3n 2024<\/a> pudo imponer condiciones a lo largo de las 25 vueltas interrumpidas por 4 neutralizaciones fruto de m\u00faltiples abandonos, toques y maniobras discutibles. Con este resultado, Santero alcanz\u00f3 su 10\u00aa victoria en el TC y se uni\u00f3 a un selecto grupo hist\u00f3rico: es apenas el tercer piloto en la historia de la categor\u00eda en ganar con cuatro marcas diferentes (Torino, Dodge, Ford y ahora BMW)<br>La acci\u00f3n continuar\u00e1 el pr\u00f3ximo domingo 29 de marzo en el Aut\u00f3dromo de Centenario, Neuqu\u00e9n, para la tercera fecha del campeonato.<\/p>\n\n\n\n<p><em>Foto: Prensa ACTC<\/em><\/p>\n\n\n\n<figure class=\"wp-block-pullquote\"><blockquote><p><em>\u00abEscribimos y generamos contenido con la misma pasi\u00f3n con la que vos le\u00e9s. Al ser un\u00a0<strong>medio autogestionado<\/strong>, cada palabra es un esfuerzo propio que compartimos con nuestra gente. Si valor\u00e1s esta independencia, sumate con un aporte al\u00a0<strong>Alias<\/strong>\u00a0<strong>AUTOS.DELPODIO<\/strong><\/em><br><em>\u00a0Tu solidaridad es el combustible que mantiene este refugio encendido para todos los que amamos los autos.\u00bb<\/em><\/p><\/blockquote><\/figure>\n","protected":false},"excerpt":{"rendered":"<p>Juli\u00e1n Santero pudo quedarse con la segunda final del a\u00f1o del Turismo Carretera y el primer triunfo de BMW. Al<\/p>\n","protected":false},"author":3,"featured_media":8928,"comment_status":"open","ping_status":"open","sticky":false,"template":"","format":"standard","meta":{"colormag_page_container_layout":"default_layout","colormag_page_sidebar_layout":"default_layout","footnotes":""},"categories":[16,5],"tags":[827,394,39,591],"class_list":["post-9011","post","type-post","status-publish","format-standard","has-post-thumbnail","hentry","category-recta-principal","category-latest-news","tag-bmw","tag-julian-santero","tag-turismo-carretera","tag-viedma"],"yoast_head":"<!-- This site is optimized with the Yoast SEO plugin v27.4 - https:\/\/yoast.com\/product\/yoast-seo-wordpress\/ -->\n<title>Autos del Podio | Ahora s\u00ed, Santero volvi\u00f3 a ganar en el TC<\/title>\n<meta name=\"description\" content=\"Autos del Podio Juli\u00e1n Santero se redimi\u00f3 de la exclusi\u00f3n en la apertura y conquist\u00f3 la segunda final del a\u00f1o del Turismo Carretera en el Aut\u00f3dromo de Viedma\" \/>\n<meta name=\"robots\" content=\"index, follow, max-snippet:-1, max-image-preview:large, max-video-preview:-1\" \/>\n<link rel=\"canonical\" href=\"http:\/\/autosdelpodio.com\/autos\/ahora-si-santero-volvio-a-ganar-en-el-tc\/\" \/>\n<meta property=\"og:locale\" content=\"es_ES\" \/>\n<meta property=\"og:type\" content=\"article\" \/>\n<meta property=\"og:title\" content=\"Santero se tom\u00f3 revancha en Viedma y sum\u00f3 su 10\u00b0 triunfo\" \/>\n<meta property=\"og:description\" content=\"Juli\u00e1n Santero se redimi\u00f3 de la exclusi\u00f3n en la apertura y conquist\u00f3 la segunda final del a\u00f1o del Turismo Carretera en el Aut\u00f3dromo de Viedma\" \/>\n<meta property=\"og:url\" content=\"http:\/\/autosdelpodio.com\/autos\/ahora-si-santero-volvio-a-ganar-en-el-tc\/\" \/>\n<meta property=\"og:site_name\" content=\"Autos del Podio\" \/>\n<meta property=\"article:publisher\" content=\"https:\/\/www.facebook.com\/profile.php?id=100057192590976&amp;amp%3bamp%3bamp%3bamp%3bamp%3bamp%3bamp%3bamp%3bamp%3bamp%3bamp%3bamp%3bamp%3bamp%3bamp%3bamp%3bamp%3bamp%3bref=ts\" \/>\n<meta property=\"article:published_time\" content=\"2026-03-08T19:10:41+00:00\" \/>\n<meta property=\"article:modified_time\" content=\"2026-03-08T19:19:08+00:00\" \/>\n<meta property=\"og:image\" content=\"http:\/\/autosdelpodio.com\/autos\/wp-content\/uploads\/2026\/02\/BMW_Santero_TC_M4.jpg\" \/>\n\t<meta property=\"og:image:width\" content=\"500\" \/>\n\t<meta property=\"og:image:height\" content=\"325\" \/>\n\t<meta property=\"og:image:type\" content=\"image\/jpeg\" \/>\n<meta name=\"author\" content=\"autosdelpodio\" \/>\n<meta name=\"twitter:card\" content=\"summary_large_image\" \/>\n<meta name=\"twitter:creator\" content=\"@autosdelpodio\" \/>\n<meta name=\"twitter:site\" content=\"@autosdelpodio\" \/>\n<meta name=\"twitter:label1\" content=\"Escrito por\" \/>\n\t<meta name=\"twitter:data1\" content=\"autosdelpodio\" \/>\n\t<meta name=\"twitter:label2\" content=\"Tiempo de lectura\" \/>\n\t<meta name=\"twitter:data2\" content=\"1 minuto\" \/>\n<script type=\"application\/ld+json\" class=\"yoast-schema-graph\">{\"@context\":\"https:\\\/\\\/schema.org\",\"@graph\":[{\"@type\":\"Article\",\"@id\":\"http:\\\/\\\/autosdelpodio.com\\\/autos\\\/ahora-si-santero-volvio-a-ganar-en-el-tc\\\/#article\",\"isPartOf\":{\"@id\":\"http:\\\/\\\/autosdelpodio.com\\\/autos\\\/ahora-si-santero-volvio-a-ganar-en-el-tc\\\/\"},\"author\":{\"name\":\"autosdelpodio\",\"@id\":\"http:\\\/\\\/autosdelpodio.com\\\/autos\\\/#\\\/schema\\\/person\\\/993527a4d01c3acdd3d6bce3770bc942\"},\"headline\":\"Ahora s\u00ed, Santero volvi\u00f3 a ganar en el TC\",\"datePublished\":\"2026-03-08T19:10:41+00:00\",\"dateModified\":\"2026-03-08T19:19:08+00:00\",\"mainEntityOfPage\":{\"@id\":\"http:\\\/\\\/autosdelpodio.com\\\/autos\\\/ahora-si-santero-volvio-a-ganar-en-el-tc\\\/\"},\"wordCount\":214,\"commentCount\":2,\"publisher\":{\"@id\":\"http:\\\/\\\/autosdelpodio.com\\\/autos\\\/#organization\"},\"image\":{\"@id\":\"http:\\\/\\\/autosdelpodio.com\\\/autos\\\/ahora-si-santero-volvio-a-ganar-en-el-tc\\\/#primaryimage\"},\"thumbnailUrl\":\"https:\\\/\\\/autosdelpodio.com\\\/autos\\\/wp-content\\\/uploads\\\/2026\\\/02\\\/BMW_Santero_TC_M4.jpg\",\"keywords\":[\"BMW\",\"Julian Santero\",\"Turismo Carretera\",\"Viedma\"],\"articleSection\":[\"Recta Principal\",\"\u00daltimas noticias\"],\"inLanguage\":\"es\",\"potentialAction\":[{\"@type\":\"CommentAction\",\"name\":\"Comment\",\"target\":[\"http:\\\/\\\/autosdelpodio.com\\\/autos\\\/ahora-si-santero-volvio-a-ganar-en-el-tc\\\/#respond\"]}]},{\"@type\":\"WebPage\",\"@id\":\"http:\\\/\\\/autosdelpodio.com\\\/autos\\\/ahora-si-santero-volvio-a-ganar-en-el-tc\\\/\",\"url\":\"http:\\\/\\\/autosdelpodio.com\\\/autos\\\/ahora-si-santero-volvio-a-ganar-en-el-tc\\\/\",\"name\":\"Autos del Podio | Ahora s\u00ed, Santero volvi\u00f3 a ganar en el TC\",\"isPartOf\":{\"@id\":\"http:\\\/\\\/autosdelpodio.com\\\/autos\\\/#website\"},\"primaryImageOfPage\":{\"@id\":\"http:\\\/\\\/autosdelpodio.com\\\/autos\\\/ahora-si-santero-volvio-a-ganar-en-el-tc\\\/#primaryimage\"},\"image\":{\"@id\":\"http:\\\/\\\/autosdelpodio.com\\\/autos\\\/ahora-si-santero-volvio-a-ganar-en-el-tc\\\/#primaryimage\"},\"thumbnailUrl\":\"https:\\\/\\\/autosdelpodio.com\\\/autos\\\/wp-content\\\/uploads\\\/2026\\\/02\\\/BMW_Santero_TC_M4.jpg\",\"datePublished\":\"2026-03-08T19:10:41+00:00\",\"dateModified\":\"2026-03-08T19:19:08+00:00\",\"description\":\"Autos del Podio Juli\u00e1n Santero se redimi\u00f3 de la exclusi\u00f3n en la apertura y conquist\u00f3 la segunda final del a\u00f1o del Turismo Carretera en el Aut\u00f3dromo de Viedma\",\"breadcrumb\":{\"@id\":\"http:\\\/\\\/autosdelpodio.com\\\/autos\\\/ahora-si-santero-volvio-a-ganar-en-el-tc\\\/#breadcrumb\"},\"inLanguage\":\"es\",\"potentialAction\":[{\"@type\":\"ReadAction\",\"target\":[\"http:\\\/\\\/autosdelpodio.com\\\/autos\\\/ahora-si-santero-volvio-a-ganar-en-el-tc\\\/\"]}]},{\"@type\":\"ImageObject\",\"inLanguage\":\"es\",\"@id\":\"http:\\\/\\\/autosdelpodio.com\\\/autos\\\/ahora-si-santero-volvio-a-ganar-en-el-tc\\\/#primaryimage\",\"url\":\"https:\\\/\\\/autosdelpodio.com\\\/autos\\\/wp-content\\\/uploads\\\/2026\\\/02\\\/BMW_Santero_TC_M4.jpg\",\"contentUrl\":\"https:\\\/\\\/autosdelpodio.com\\\/autos\\\/wp-content\\\/uploads\\\/2026\\\/02\\\/BMW_Santero_TC_M4.jpg\",\"width\":500,\"height\":325},{\"@type\":\"BreadcrumbList\",\"@id\":\"http:\\\/\\\/autosdelpodio.com\\\/autos\\\/ahora-si-santero-volvio-a-ganar-en-el-tc\\\/#breadcrumb\",\"itemListElement\":[{\"@type\":\"ListItem\",\"position\":1,\"name\":\"Portada\",\"item\":\"http:\\\/\\\/autosdelpodio.com\\\/autos\\\/\"},{\"@type\":\"ListItem\",\"position\":2,\"name\":\"Ahora s\u00ed, Santero volvi\u00f3 a ganar en el TC\"}]},{\"@type\":\"WebSite\",\"@id\":\"http:\\\/\\\/autosdelpodio.com\\\/autos\\\/#website\",\"url\":\"http:\\\/\\\/autosdelpodio.com\\\/autos\\\/\",\"name\":\"Autos del Podio\",\"description\":\"La sexta del deporte motor\",\"publisher\":{\"@id\":\"http:\\\/\\\/autosdelpodio.com\\\/autos\\\/#organization\"},\"potentialAction\":[{\"@type\":\"SearchAction\",\"target\":{\"@type\":\"EntryPoint\",\"urlTemplate\":\"http:\\\/\\\/autosdelpodio.com\\\/autos\\\/?s={search_term_string}\"},\"query-input\":{\"@type\":\"PropertyValueSpecification\",\"valueRequired\":true,\"valueName\":\"search_term_string\"}}],\"inLanguage\":\"es\"},{\"@type\":\"Organization\",\"@id\":\"http:\\\/\\\/autosdelpodio.com\\\/autos\\\/#organization\",\"name\":\"Autos del Podio\",\"url\":\"http:\\\/\\\/autosdelpodio.com\\\/autos\\\/\",\"logo\":{\"@type\":\"ImageObject\",\"inLanguage\":\"es\",\"@id\":\"http:\\\/\\\/autosdelpodio.com\\\/autos\\\/#\\\/schema\\\/logo\\\/image\\\/\",\"url\":\"http:\\\/\\\/autosdelpodio.com\\\/autos\\\/wp-content\\\/uploads\\\/2020\\\/08\\\/Logo_AR.jpg\",\"contentUrl\":\"http:\\\/\\\/autosdelpodio.com\\\/autos\\\/wp-content\\\/uploads\\\/2020\\\/08\\\/Logo_AR.jpg\",\"width\":1038,\"height\":1044,\"caption\":\"Autos del Podio\"},\"image\":{\"@id\":\"http:\\\/\\\/autosdelpodio.com\\\/autos\\\/#\\\/schema\\\/logo\\\/image\\\/\"},\"sameAs\":[\"https:\\\/\\\/www.facebook.com\\\/profile.php?id=100057192590976&amp;amp;amp;amp;amp;amp;amp;amp;amp;amp;amp;amp;amp;amp;amp;amp;amp;amp;ref=ts\",\"https:\\\/\\\/x.com\\\/autosdelpodio\",\"https:\\\/\\\/www.youtube.com\\\/user\\\/AutosdelPodio\"]},{\"@type\":\"Person\",\"@id\":\"http:\\\/\\\/autosdelpodio.com\\\/autos\\\/#\\\/schema\\\/person\\\/993527a4d01c3acdd3d6bce3770bc942\",\"name\":\"autosdelpodio\",\"image\":{\"@type\":\"ImageObject\",\"inLanguage\":\"es\",\"@id\":\"https:\\\/\\\/autosdelpodio.com\\\/autos\\\/wp-content\\\/litespeed\\\/avatar\\\/aa8f65cd201a80f6b844f63278aa84af.jpg?ver=1776798175\",\"url\":\"https:\\\/\\\/autosdelpodio.com\\\/autos\\\/wp-content\\\/litespeed\\\/avatar\\\/aa8f65cd201a80f6b844f63278aa84af.jpg?ver=1776798175\",\"contentUrl\":\"https:\\\/\\\/autosdelpodio.com\\\/autos\\\/wp-content\\\/litespeed\\\/avatar\\\/aa8f65cd201a80f6b844f63278aa84af.jpg?ver=1776798175\",\"caption\":\"autosdelpodio\"}}]}<\/script>\n<!-- \/ Yoast SEO plugin. -->","yoast_head_json":{"title":"Autos del Podio | Ahora s\u00ed, Santero volvi\u00f3 a ganar en el TC","description":"Autos del Podio Juli\u00e1n Santero se redimi\u00f3 de la exclusi\u00f3n en la apertura y conquist\u00f3 la segunda final del a\u00f1o del Turismo Carretera en el Aut\u00f3dromo de Viedma","robots":{"index":"index","follow":"follow","max-snippet":"max-snippet:-1","max-image-preview":"max-image-preview:large","max-video-preview":"max-video-preview:-1"},"canonical":"http:\/\/autosdelpodio.com\/autos\/ahora-si-santero-volvio-a-ganar-en-el-tc\/","og_locale":"es_ES","og_type":"article","og_title":"Santero se tom\u00f3 revancha en Viedma y sum\u00f3 su 10\u00b0 triunfo","og_description":"Juli\u00e1n Santero se redimi\u00f3 de la exclusi\u00f3n en la apertura y conquist\u00f3 la segunda final del a\u00f1o del Turismo Carretera en el Aut\u00f3dromo de Viedma","og_url":"http:\/\/autosdelpodio.com\/autos\/ahora-si-santero-volvio-a-ganar-en-el-tc\/","og_site_name":"Autos del Podio","article_publisher":"https:\/\/www.facebook.com\/profile.php?id=100057192590976&amp%3bamp%3bamp%3bamp%3bamp%3bamp%3bamp%3bamp%3bamp%3bamp%3bamp%3bamp%3bamp%3bamp%3bamp%3bamp%3bamp%3bamp%3bref=ts","article_published_time":"2026-03-08T19:10:41+00:00","article_modified_time":"2026-03-08T19:19:08+00:00","og_image":[{"width":500,"height":325,"url":"http:\/\/autosdelpodio.com\/autos\/wp-content\/uploads\/2026\/02\/BMW_Santero_TC_M4.jpg","type":"image\/jpeg"}],"author":"autosdelpodio","twitter_card":"summary_large_image","twitter_creator":"@autosdelpodio","twitter_site":"@autosdelpodio","twitter_misc":{"Escrito por":"autosdelpodio","Tiempo de lectura":"1 minuto"},"schema":{"@context":"https:\/\/schema.org","@graph":[{"@type":"Article","@id":"http:\/\/autosdelpodio.com\/autos\/ahora-si-santero-volvio-a-ganar-en-el-tc\/#article","isPartOf":{"@id":"http:\/\/autosdelpodio.com\/autos\/ahora-si-santero-volvio-a-ganar-en-el-tc\/"},"author":{"name":"autosdelpodio","@id":"http:\/\/autosdelpodio.com\/autos\/#\/schema\/person\/993527a4d01c3acdd3d6bce3770bc942"},"headline":"Ahora s\u00ed, Santero volvi\u00f3 a ganar en el TC","datePublished":"2026-03-08T19:10:41+00:00","dateModified":"2026-03-08T19:19:08+00:00","mainEntityOfPage":{"@id":"http:\/\/autosdelpodio.com\/autos\/ahora-si-santero-volvio-a-ganar-en-el-tc\/"},"wordCount":214,"commentCount":2,"publisher":{"@id":"http:\/\/autosdelpodio.com\/autos\/#organization"},"image":{"@id":"http:\/\/autosdelpodio.com\/autos\/ahora-si-santero-volvio-a-ganar-en-el-tc\/#primaryimage"},"thumbnailUrl":"https:\/\/autosdelpodio.com\/autos\/wp-content\/uploads\/2026\/02\/BMW_Santero_TC_M4.jpg","keywords":["BMW","Julian Santero","Turismo Carretera","Viedma"],"articleSection":["Recta Principal","\u00daltimas noticias"],"inLanguage":"es","potentialAction":[{"@type":"CommentAction","name":"Comment","target":["http:\/\/autosdelpodio.com\/autos\/ahora-si-santero-volvio-a-ganar-en-el-tc\/#respond"]}]},{"@type":"WebPage","@id":"http:\/\/autosdelpodio.com\/autos\/ahora-si-santero-volvio-a-ganar-en-el-tc\/","url":"http:\/\/autosdelpodio.com\/autos\/ahora-si-santero-volvio-a-ganar-en-el-tc\/","name":"Autos del Podio | Ahora s\u00ed, Santero volvi\u00f3 a ganar en el TC","isPartOf":{"@id":"http:\/\/autosdelpodio.com\/autos\/#website"},"primaryImageOfPage":{"@id":"http:\/\/autosdelpodio.com\/autos\/ahora-si-santero-volvio-a-ganar-en-el-tc\/#primaryimage"},"image":{"@id":"http:\/\/autosdelpodio.com\/autos\/ahora-si-santero-volvio-a-ganar-en-el-tc\/#primaryimage"},"thumbnailUrl":"https:\/\/autosdelpodio.com\/autos\/wp-content\/uploads\/2026\/02\/BMW_Santero_TC_M4.jpg","datePublished":"2026-03-08T19:10:41+00:00","dateModified":"2026-03-08T19:19:08+00:00","description":"Autos del Podio Juli\u00e1n Santero se redimi\u00f3 de la exclusi\u00f3n en la apertura y conquist\u00f3 la segunda final del a\u00f1o del Turismo Carretera en el Aut\u00f3dromo de Viedma","breadcrumb":{"@id":"http:\/\/autosdelpodio.com\/autos\/ahora-si-santero-volvio-a-ganar-en-el-tc\/#breadcrumb"},"inLanguage":"es","potentialAction":[{"@type":"ReadAction","target":["http:\/\/autosdelpodio.com\/autos\/ahora-si-santero-volvio-a-ganar-en-el-tc\/"]}]},{"@type":"ImageObject","inLanguage":"es","@id":"http:\/\/autosdelpodio.com\/autos\/ahora-si-santero-volvio-a-ganar-en-el-tc\/#primaryimage","url":"https:\/\/autosdelpodio.com\/autos\/wp-content\/uploads\/2026\/02\/BMW_Santero_TC_M4.jpg","contentUrl":"https:\/\/autosdelpodio.com\/autos\/wp-content\/uploads\/2026\/02\/BMW_Santero_TC_M4.jpg","width":500,"height":325},{"@type":"BreadcrumbList","@id":"http:\/\/autosdelpodio.com\/autos\/ahora-si-santero-volvio-a-ganar-en-el-tc\/#breadcrumb","itemListElement":[{"@type":"ListItem","position":1,"name":"Portada","item":"http:\/\/autosdelpodio.com\/autos\/"},{"@type":"ListItem","position":2,"name":"Ahora s\u00ed, Santero volvi\u00f3 a ganar en el TC"}]},{"@type":"WebSite","@id":"http:\/\/autosdelpodio.com\/autos\/#website","url":"http:\/\/autosdelpodio.com\/autos\/","name":"Autos del Podio","description":"La sexta del deporte motor","publisher":{"@id":"http:\/\/autosdelpodio.com\/autos\/#organization"},"potentialAction":[{"@type":"SearchAction","target":{"@type":"EntryPoint","urlTemplate":"http:\/\/autosdelpodio.com\/autos\/?s={search_term_string}"},"query-input":{"@type":"PropertyValueSpecification","valueRequired":true,"valueName":"search_term_string"}}],"inLanguage":"es"},{"@type":"Organization","@id":"http:\/\/autosdelpodio.com\/autos\/#organization","name":"Autos del Podio","url":"http:\/\/autosdelpodio.com\/autos\/","logo":{"@type":"ImageObject","inLanguage":"es","@id":"http:\/\/autosdelpodio.com\/autos\/#\/schema\/logo\/image\/","url":"http:\/\/autosdelpodio.com\/autos\/wp-content\/uploads\/2020\/08\/Logo_AR.jpg","contentUrl":"http:\/\/autosdelpodio.com\/autos\/wp-content\/uploads\/2020\/08\/Logo_AR.jpg","width":1038,"height":1044,"caption":"Autos del Podio"},"image":{"@id":"http:\/\/autosdelpodio.com\/autos\/#\/schema\/logo\/image\/"},"sameAs":["https:\/\/www.facebook.com\/profile.php?id=100057192590976&amp;amp;amp;amp;amp;amp;amp;amp;amp;amp;amp;amp;amp;amp;amp;amp;amp;amp;ref=ts","https:\/\/x.com\/autosdelpodio","https:\/\/www.youtube.com\/user\/AutosdelPodio"]},{"@type":"Person","@id":"http:\/\/autosdelpodio.com\/autos\/#\/schema\/person\/993527a4d01c3acdd3d6bce3770bc942","name":"autosdelpodio","image":{"@type":"ImageObject","inLanguage":"es","@id":"https:\/\/autosdelpodio.com\/autos\/wp-content\/litespeed\/avatar\/aa8f65cd201a80f6b844f63278aa84af.jpg?ver=1776798175","url":"https:\/\/autosdelpodio.com\/autos\/wp-content\/litespeed\/avatar\/aa8f65cd201a80f6b844f63278aa84af.jpg?ver=1776798175","contentUrl":"https:\/\/autosdelpodio.com\/autos\/wp-content\/litespeed\/avatar\/aa8f65cd201a80f6b844f63278aa84af.jpg?ver=1776798175","caption":"autosdelpodio"}}]}},"views":278,"_links":{"self":[{"href":"https:\/\/autosdelpodio.com\/autos\/wp-json\/wp\/v2\/posts\/9011","targetHints":{"allow":["GET"]}}],"collection":[{"href":"https:\/\/autosdelpodio.com\/autos\/wp-json\/wp\/v2\/posts"}],"about":[{"href":"https:\/\/autosdelpodio.com\/autos\/wp-json\/wp\/v2\/types\/post"}],"author":[{"embeddable":true,"href":"https:\/\/autosdelpodio.com\/autos\/wp-json\/wp\/v2\/users\/3"}],"replies":[{"embeddable":true,"href":"https:\/\/autosdelpodio.com\/autos\/wp-json\/wp\/v2\/comments?post=9011"}],"version-history":[{"count":3,"href":"https:\/\/autosdelpodio.com\/autos\/wp-json\/wp\/v2\/posts\/9011\/revisions"}],"predecessor-version":[{"id":9015,"href":"https:\/\/autosdelpodio.com\/autos\/wp-json\/wp\/v2\/posts\/9011\/revisions\/9015"}],"wp:featuredmedia":[{"embeddable":true,"href":"https:\/\/autosdelpodio.com\/autos\/wp-json\/wp\/v2\/media\/8928"}],"wp:attachment":[{"href":"https:\/\/autosdelpodio.com\/autos\/wp-json\/wp\/v2\/media?parent=9011"}],"wp:term":[{"taxonomy":"category","embeddable":true,"href":"https:\/\/autosdelpodio.com\/autos\/wp-json\/wp\/v2\/categories?post=9011"},{"taxonomy":"post_tag","embeddable":true,"href":"https:\/\/autosdelpodio.com\/autos\/wp-json\/wp\/v2\/tags?post=9011"}],"curies":[{"name":"wp","href":"https:\/\/api.w.org\/{rel}","templated":true}]}}